{"id":81851,"date":"2025-11-11T17:32:27","date_gmt":"2025-11-11T17:32:27","guid":{"rendered":"https:\/\/www.ecoitaliano.com.ar\/?p=81851"},"modified":"2025-11-11T17:32:51","modified_gmt":"2025-11-11T17:32:51","slug":"gioiello-cerimonia","status":"publish","type":"post","link":"https:\/\/www.ecoitaliano.com.ar\/?p=81851","title":{"rendered":"Gioiello cerimonia"},"content":{"rendered":"\n<figure class=\"wp-block-gallery has-nested-images columns-default is-cropped wp-block-gallery-1 is-layout-flex wp-block-gallery-is-layout-flex\">\n<figure class=\"wp-block-image size-large\"><a href=\"https:\/\/www.ecoitaliano.com.ar\/wp-content\/uploads\/2025\/11\/gioie.jpg\"><img decoding=\"async\" width=\"1024\" height=\"620\" data-id=\"81852\" src=\"https:\/\/www.ecoitaliano.com.ar\/wp-content\/uploads\/2025\/11\/gioie-1024x620.jpg\" alt=\"\" class=\"wp-image-81852\" srcset=\"https:\/\/www.ecoitaliano.com.ar\/wp-content\/uploads\/2025\/11\/gioie-1024x620.jpg 1024w, https:\/\/www.ecoitaliano.com.ar\/wp-content\/uploads\/2025\/11\/gioie-300x182.jpg 300w, https:\/\/www.ecoitaliano.com.ar\/wp-content\/uploads\/2025\/11\/gioie-768x465.jpg 768w, https:\/\/www.ecoitaliano.com.ar\/wp-content\/uploads\/2025\/11\/gioie-1536x930.jpg 1536w, https:\/\/www.ecoitaliano.com.ar\/wp-content\/uploads\/2025\/11\/gioie-150x91.jpg 150w, https:\/\/www.ecoitaliano.com.ar\/wp-content\/uploads\/2025\/11\/gioie-250x150.jpg 250w, https:\/\/www.ecoitaliano.com.ar\/wp-content\/uploads\/2025\/11\/gioie.jpg 2048w\" sizes=\"(max-width: 1024px) 100vw, 1024px\" \/><\/a><\/figure>\n\n\n\n<figure class=\"wp-block-image size-large\"><a href=\"https:\/\/www.ecoitaliano.com.ar\/wp-content\/uploads\/2025\/11\/gi8.jpg\"><img decoding=\"async\" width=\"1024\" height=\"776\" data-id=\"81853\" src=\"https:\/\/www.ecoitaliano.com.ar\/wp-content\/uploads\/2025\/11\/gi8-1024x776.jpg\" alt=\"\" class=\"wp-image-81853\" srcset=\"https:\/\/www.ecoitaliano.com.ar\/wp-content\/uploads\/2025\/11\/gi8-1024x776.jpg 1024w, https:\/\/www.ecoitaliano.com.ar\/wp-content\/uploads\/2025\/11\/gi8-300x227.jpg 300w, https:\/\/www.ecoitaliano.com.ar\/wp-content\/uploads\/2025\/11\/gi8-768x582.jpg 768w, https:\/\/www.ecoitaliano.com.ar\/wp-content\/uploads\/2025\/11\/gi8-1536x1164.jpg 1536w, https:\/\/www.ecoitaliano.com.ar\/wp-content\/uploads\/2025\/11\/gi8-2048x1552.jpg 2048w, https:\/\/www.ecoitaliano.com.ar\/wp-content\/uploads\/2025\/11\/gi8-150x114.jpg 150w\" sizes=\"(max-width: 1024px) 100vw, 1024px\" \/><\/a><\/figure>\n\n\n\n<figure class=\"wp-block-image size-large\"><a href=\"https:\/\/www.ecoitaliano.com.ar\/wp-content\/uploads\/2025\/11\/gi7.jpg\"><img decoding=\"async\" width=\"1024\" height=\"776\" data-id=\"81854\" src=\"https:\/\/www.ecoitaliano.com.ar\/wp-content\/uploads\/2025\/11\/gi7-1024x776.jpg\" alt=\"\" class=\"wp-image-81854\" srcset=\"https:\/\/www.ecoitaliano.com.ar\/wp-content\/uploads\/2025\/11\/gi7-1024x776.jpg 1024w, https:\/\/www.ecoitaliano.com.ar\/wp-content\/uploads\/2025\/11\/gi7-300x227.jpg 300w, https:\/\/www.ecoitaliano.com.ar\/wp-content\/uploads\/2025\/11\/gi7-768x582.jpg 768w, https:\/\/www.ecoitaliano.com.ar\/wp-content\/uploads\/2025\/11\/gi7-1536x1164.jpg 1536w, https:\/\/www.ecoitaliano.com.ar\/wp-content\/uploads\/2025\/11\/gi7-2048x1552.jpg 2048w, https:\/\/www.ecoitaliano.com.ar\/wp-content\/uploads\/2025\/11\/gi7-150x114.jpg 150w\" sizes=\"(max-width: 1024px) 100vw, 1024px\" \/><\/a><\/figure>\n\n\n\n<figure class=\"wp-block-image size-large\"><a href=\"https:\/\/www.ecoitaliano.com.ar\/wp-content\/uploads\/2025\/11\/ccIMG_8390.jpg\"><img decoding=\"async\" width=\"1024\" height=\"776\" data-id=\"81855\" src=\"https:\/\/www.ecoitaliano.com.ar\/wp-content\/uploads\/2025\/11\/ccIMG_8390-1024x776.jpg\" alt=\"\" class=\"wp-image-81855\" srcset=\"https:\/\/www.ecoitaliano.com.ar\/wp-content\/uploads\/2025\/11\/ccIMG_8390-1024x776.jpg 1024w, https:\/\/www.ecoitaliano.com.ar\/wp-content\/uploads\/2025\/11\/ccIMG_8390-300x227.jpg 300w, https:\/\/www.ecoitaliano.com.ar\/wp-content\/uploads\/2025\/11\/ccIMG_8390-768x582.jpg 768w, https:\/\/www.ecoitaliano.com.ar\/wp-content\/uploads\/2025\/11\/ccIMG_8390-1536x1164.jpg 1536w, https:\/\/www.ecoitaliano.com.ar\/wp-content\/uploads\/2025\/11\/ccIMG_8390-2048x1552.jpg 2048w, https:\/\/www.ecoitaliano.com.ar\/wp-content\/uploads\/2025\/11\/ccIMG_8390-150x114.jpg 150w\" sizes=\"(max-width: 1024px) 100vw, 1024px\" \/><\/a><\/figure>\n\n\n\n<figure class=\"wp-block-image size-large\"><a href=\"https:\/\/www.ecoitaliano.com.ar\/wp-content\/uploads\/2025\/11\/ccIMG_8371.jpg\"><img decoding=\"async\" width=\"1024\" height=\"776\" data-id=\"81856\" src=\"https:\/\/www.ecoitaliano.com.ar\/wp-content\/uploads\/2025\/11\/ccIMG_8371-1024x776.jpg\" alt=\"\" class=\"wp-image-81856\" srcset=\"https:\/\/www.ecoitaliano.com.ar\/wp-content\/uploads\/2025\/11\/ccIMG_8371-1024x776.jpg 1024w, https:\/\/www.ecoitaliano.com.ar\/wp-content\/uploads\/2025\/11\/ccIMG_8371-300x227.jpg 300w, https:\/\/www.ecoitaliano.com.ar\/wp-content\/uploads\/2025\/11\/ccIMG_8371-768x582.jpg 768w, https:\/\/www.ecoitaliano.com.ar\/wp-content\/uploads\/2025\/11\/ccIMG_8371-1536x1164.jpg 1536w, https:\/\/www.ecoitaliano.com.ar\/wp-content\/uploads\/2025\/11\/ccIMG_8371-2048x1552.jpg 2048w, https:\/\/www.ecoitaliano.com.ar\/wp-content\/uploads\/2025\/11\/ccIMG_8371-150x114.jpg 150w\" sizes=\"(max-width: 1024px) 100vw, 1024px\" \/><\/a><\/figure>\n<\/figure>\n\n\n\n<p><br>Al Gioiello una cerimonia preziosa. Una giornata di festa, celebrata con circa un centinaio di poeti provenienti da diverse localit\u00e0 del territorio nazionale. Il premio letterario Candia Il Gioiello si celebra proprio a novembre, in occasione della festa del vino (San Martino)per onorare l\u2019antico mestiere della viticoltura che, nelle colline del Candia, come alle Cinque Terre, si definisce \u201ceroica\u201d: si vendemmia negli irti terrazzamenti che si aggrappano alle colline di fronte al mare. E tra quelle colline spunta il \u201cGioiello\u201d , un premio poetico che prende il nome dall\u2019omonimo ristorante. Elogio alla poesia e alla cultura del vino, dunque, per una domenica che ha visto la presenza di tanti poeti e poetesse. Presenti anche le autorit\u00e0 tra cui Giacomo Bugliani, nel suo ultimo giorno in veste di consigliere regionale. \u201cQuesto \u00e8 il mio ultimo giorno da consigliere regionale \u2013 ha detto \u2013 e sono contento di condividerlo qua con tutti voi, in questo clima di festa e di serenit\u00e0. Q<br>uesto per me \u00e8 un momento di bilanci, ma soprattutto di consapevolezza, di riflessione su ci\u00f2 che \u00e8 stato e di apertura verso ci\u00f2 che potr\u00e0 essere. E oggi sento il bisogno profondo di dire grazie\u201d. E con orgoglio ha consegnato a Giulia Manfredi (premio speciale del presidente) la prestigiosa coppa che la Regione Toscana ha destinato al premio. Ha portato il saluto dell\u2019amministrazione comunale l\u2019assessora alla cultura, Monica Bertoneri, la quale ha premiato con le due targhe del Comune di Massa le vincitrici assolute delle due sezioni: poesia a tema libero Rita Muscardin di Savona e poesia Uva e vino, Maria Colombini di Grosseto. La consigliera provinciale Dina Dell\u2019Ertole ha portato il saluto della Provincia di Massa Carrara elogiando il premio, uno dei pi\u00f9 longevi d\u2019Italia con i suoi 41 anni compiuti.<br>Un plauso alla famiglia Lorieri, che ha fondato il premio, e alle associazioni Eventi sul Frigido e Insieme che, con il Club Culturale Il Giovello Mario Cagetti, hanno condotto questa brillante edizione.<br>Nella sezione A premiati anche Luciano Giovannini di Roma al secondo posto, terzo Vittorio Di Ruocco di Salerno. Premi Speciale Critica: Tiziana Monari e Dino Eschini; Speciale Giuria: Maria Renata Paolinelli e Daniele Cristiano Callegari; Speciale Presidente: Giulia Manfredi . Nella sezione B Uva e Vino 2\u00b0 classificato Stefano Baldinu di Bologna, 3\u00b0 ex aequo Giulio Redaelli di Monza e Tonina Tessa di Carrara. Premi Speciale Giuria: Myriam Chiappini; Speciale Critica: Maria Antonietta di Maria Bonaldi, Giovanna Capovani; Speciale Presidente: Stefano Carloni. Assegnati anche i premi Eccellenza, Gioiello e diplomi di merito (info pagina facebook Il Gioiello).<br>Un saluto finale della giuria e di tutta la squadra e un arrivederci alla prossima edizione, magari con ruoli diversi ma sempre insieme.<br><br><br><br><br><\/p>\n","protected":false},"excerpt":{"rendered":"<p>Al Gioiello una cerimonia preziosa. Una giornata di festa, celebrata con circa un centinaio di poeti provenienti da diverse localit\u00e0 [&hellip;]<\/p>\n","protected":false},"author":1,"featured_media":0,"comment_status":"open","ping_status":"open","sticky":false,"template":"","format":"standard","meta":{"footnotes":""},"categories":[10,22],"tags":[],"class_list":["post-81851","post","type-post","status-publish","format-standard","hentry","category-italiano","category-libros-y-revistas-literatura"],"_links":{"self":[{"href":"https:\/\/www.ecoitaliano.com.ar\/index.php?rest_route=\/wp\/v2\/posts\/81851","targetHints":{"allow":["GET"]}}],"collection":[{"href":"https:\/\/www.ecoitaliano.com.ar\/index.php?rest_route=\/wp\/v2\/posts"}],"about":[{"href":"https:\/\/www.ecoitaliano.com.ar\/index.php?rest_route=\/wp\/v2\/types\/post"}],"author":[{"embeddable":true,"href":"https:\/\/www.ecoitaliano.com.ar\/index.php?rest_route=\/wp\/v2\/users\/1"}],"replies":[{"embeddable":true,"href":"https:\/\/www.ecoitaliano.com.ar\/index.php?rest_route=%2Fwp%2Fv2%2Fcomments&post=81851"}],"version-history":[{"count":1,"href":"https:\/\/www.ecoitaliano.com.ar\/index.php?rest_route=\/wp\/v2\/posts\/81851\/revisions"}],"predecessor-version":[{"id":81857,"href":"https:\/\/www.ecoitaliano.com.ar\/index.php?rest_route=\/wp\/v2\/posts\/81851\/revisions\/81857"}],"wp:attachment":[{"href":"https:\/\/www.ecoitaliano.com.ar\/index.php?rest_route=%2Fwp%2Fv2%2Fmedia&parent=81851"}],"wp:term":[{"taxonomy":"category","embeddable":true,"href":"https:\/\/www.ecoitaliano.com.ar\/index.php?rest_route=%2Fwp%2Fv2%2Fcategories&post=81851"},{"taxonomy":"post_tag","embeddable":true,"href":"https:\/\/www.ecoitaliano.com.ar\/index.php?rest_route=%2Fwp%2Fv2%2Ftags&post=81851"}],"curies":[{"name":"wp","href":"https:\/\/api.w.org\/{rel}","templated":true}]}}