{"id":81931,"date":"2025-11-13T00:33:24","date_gmt":"2025-11-13T00:33:24","guid":{"rendered":"https:\/\/www.ecoitaliano.com.ar\/?p=81931"},"modified":"2025-11-13T00:33:24","modified_gmt":"2025-11-13T00:33:24","slug":"serena-conduce-operaclassica-eco-italiano-4740","status":"publish","type":"post","link":"https:\/\/www.ecoitaliano.com.ar\/?p=81931","title":{"rendered":"Serena conduce operaclassica eco italiano"},"content":{"rendered":"<div class=\"wp-block-image\">\n<figure class=\"aligncenter size-full\"><a href=\"https:\/\/www.ecoitaliano.com.ar\/wp-content\/uploads\/2025\/11\/image-16.png\"><img decoding=\"async\" width=\"265\" height=\"97\" src=\"https:\/\/www.ecoitaliano.com.ar\/wp-content\/uploads\/2025\/11\/image-16.png\" alt=\"\" class=\"wp-image-81932\" srcset=\"https:\/\/www.ecoitaliano.com.ar\/wp-content\/uploads\/2025\/11\/image-16.png 265w, https:\/\/www.ecoitaliano.com.ar\/wp-content\/uploads\/2025\/11\/image-16-150x55.png 150w\" sizes=\"(max-width: 265px) 100vw, 265px\" \/><\/a><\/figure><\/div>\n\n\n<p>comunicato stampa<\/p>\n\n\n\n<h3 class=\"wp-block-heading\"><strong>Il 55\u00b0 Premio Puccini 2025 a Pl\u00e1cido Domingo<\/strong><\/h3>\n\n\n\n<p><strong>La cerimonia di consegna si svolger\u00e0 marted\u00ec 18 novembre alle ore 18.30 a Torre del Lago-Viareggio, nell\u2019Auditorium Caruso del Gran Teatro Giacomo Puccini<\/strong><br><br>&nbsp;<\/p>\n\n\n\n<p><\/p>\n\n\n\n<p><br>Il&nbsp;<strong>Premio Puccini<\/strong>, giunto alla sua 55\u00aa edizione, sar\u00e0 assegnato quest\u2019anno&nbsp;<strong>a Pl\u00e1cido Domingo<\/strong>, protagonista assoluto della scena operistica internazionale, musicista e interprete tra i pi\u00f9 amati del repertorio pucciniano.<br><br>La cerimonia di consegna si terr\u00e0&nbsp;<strong>marted\u00ec 18 novembre alle ore 18.30 nell\u2019Auditorium Caruso del Gran Teatro Giacomo Puccini di Torre del Lago-Viareggio<\/strong>, nell\u2019ambito del \u201cMese Pucciniano\u201d, rassegna invernale promossa dalla Fondazione Festival Pucciniano per celebrare le ricorrenze di nascita (22 dicembre) e scomparsa (29 novembre) del Maestro toscano. L\u2019ingresso \u00e8 libero su prenotazione (posti limitati) al numero tel.&nbsp;<a href=\"tel:0584359322\" rel=\"noreferrer noopener\" target=\"_blank\">0584359322<\/a>.<br><br>Il Premio Puccini, istituito nel 1971, \u00e8 uno dei riconoscimenti pi\u00f9 prestigiosi del panorama musicale internazionale. Nato per onorare le grandi voci femminili del repertorio pucciniano, nel tempo \u00e8 stato assegnato a diverse personalit\u00e0 del mondo dell\u2019opera, della direzione d\u2019orchestra, dell\u2019editoria e della cultura che abbiano contribuito alla conoscenza, alla tutela e alla diffusione del teatro del compositore. Il premio consiste in una statuetta in bronzo raffigurante Giacomo Puccini \u2013 col cappello a larghe tese un po\u2019inclinato, il bavero del cappotto alzato e un\u2019immancabile sigaretta stretta in un angolo delle labbra \u2013 modellata da Paolo Trubetzkoy e collocata dal 1949 nel piazzale antistante la Villa del Maestro a Torre del Lago. Nel corso degli anni il riconoscimento \u00e8 stato assegnato a interpreti come Renata Tebaldi, Mirella Freni, Luciano Pavarotti, Riccardo Muti, Angela Gheorghiu, Jonas Kaufmann, Anna Netrebko.<br><br>Con l\u2019edizione 2025 il Premio torna a celebrare un artista che ha segnato la storia dell\u2019opera degli ultimi cinquant\u2019anni: Pl\u00e1cido Domingo, capace di attraversare repertori, lingue e generazioni, ha interpretato tutti i principali personaggi pucciniani \u2013 da Cavaradossi a Calaf, da Des Grieux a Dick Johnson \u2013 portando sulle scene di tutto il mondo la forza teatrale e la modernit\u00e0 della musica di Puccini. Al Festival \u00e8 stato Cavaradossi nella&nbsp;<em>Tosca<\/em>&nbsp;del 1974, ha diretto&nbsp;<em>Madama Butterfly<\/em>&nbsp;nel 2004 , quando ha interpretato come attore lo stesso compositore nello spettacolo&nbsp;<em>Le donne di Puccini.<\/em><br><br>La cerimonia del 18 novembre si aprir\u00e0 con una&nbsp;<em>laudatio<\/em>&nbsp;del critico musicale Giancarlo Landini che traccer\u00e0, insieme allo stesso Domingo, i momenti fondamentali della carriera del grande tenore grazie alla proiezione di contributi video e fotografici e all\u2019ascolto di alcune interpretazioni storiche. Quindi il sindaco di Viareggio Giorgio Del Ghingaro e il presidente della Fondazione Festival Pucciniano Fabrizio Miracolo consegneranno al Maestro Domingo la statuetta del Premio Puccini 2025.<br><br>Il foyer del Gran Teatro sar\u00e0 allestito come spazio espositivo dedicato alla carriera dell\u2019artista, con costumi, fotografie e materiali scenici provenienti dalle sue interpretazioni pi\u00f9 celebri, accompagnati da una playlist di brani scelti personalmente da Domingo. Il Bar Momus sar\u00e0 aperto al pubblico dalle ore 17.00.<br><br>\u00abCon il Premio Puccini a Pl\u00e1cido Domingo \u2013 dichiara il Presidente Fabrizio Miracolo \u2013 la Fondazione celebra un artista che ha contribuito come pochi alla diffusione del nome e della musica di Puccini nel mondo. Dopo una stagione estiva 2025 di grandi successi, questo riconoscimento conferma il percorso di rilancio e di apertura internazionale intrapreso dalla Fondazione, nel segno del nostro principio guida:&nbsp;<em>Tutto comincia da qui<\/em>, da Torre del Lago, dove la musica di Puccini continua a risuonare come patrimonio universale\u00bb.<br><br>\u00abIl Maestro Domingo \u2013 sottolinea il Direttore Artistico Angelo Taddeo \u2013 \u00e8 un interprete che incarna l\u2019essenza del teatro pucciniano: passione, umanit\u00e0, intensit\u00e0. La sua presenza a Torre del Lago, in occasione del \u201cMese Pucciniano\u201d e nel cammino verso il centenario di&nbsp;<em>Turandot<\/em>&nbsp;del 2026, rappresenta un segno di prestigio e continuit\u00e0 per il Festival e per la sua storia\u00bb.<br><br>Dal 1971 il Premio Puccini rappresenta uno dei simboli della memoria e dell\u2019eredit\u00e0 culturale di Torre del Lago, luogo del cuore di Giacomo Puccini. Nel solco di una tradizione che unisce passato e futuro, il riconoscimento conferito a Pl\u00e1cido Domingo rafforza l\u2019immagine del Festival come centro propulsore della cultura musicale e come punto di incontro tra i grandi protagonisti dell\u2019opera di ieri e di oggi.<br><br><a href=\"https:\/\/florianatessitore.us12.list-manage.com\/track\/click?u=9aecf99759cc1d6c0a0ef9c1d&amp;id=e3c935d887&amp;e=cceb3c1a2f\" target=\"_blank\" rel=\"noreferrer noopener\">www.puccinifestival.it<\/a><br>&nbsp;<br>Fondazione Festival Pucciniano<br><em>Ufficio stampa<\/em><br>Floriana Tessitore&nbsp;<a href=\"tel:+393387339981\" rel=\"noreferrer noopener\" target=\"_blank\">+393387339981<\/a><br><a href=\"mailto:press@puccinifestival.it\" target=\"_blank\" rel=\"noreferrer noopener\">press@puccinifestival.it<\/a><br>&nbsp;<br>&nbsp;<\/p>\n\n\n\n<p>Torre del Lago &#8211; Viareggio, 12 novembre&nbsp;2025 (f.t.)<\/p>\n\n\n\n<p>foto<\/p>\n\n\n\n<figure class=\"wp-block-gallery has-nested-images columns-default is-cropped wp-block-gallery-1 is-layout-flex wp-block-gallery-is-layout-flex\">\n<figure class=\"wp-block-image size-large\"><a href=\"https:\/\/www.ecoitaliano.com.ar\/wp-content\/uploads\/2025\/11\/Domingo-Placido-ph-Niccoli-Fiorenzo-CTM_2455.jpg\"><img decoding=\"async\" width=\"683\" height=\"1024\" data-id=\"81933\" src=\"https:\/\/www.ecoitaliano.com.ar\/wp-content\/uploads\/2025\/11\/Domingo-Placido-ph-Niccoli-Fiorenzo-CTM_2455-683x1024.jpg\" alt=\"\" class=\"wp-image-81933\" srcset=\"https:\/\/www.ecoitaliano.com.ar\/wp-content\/uploads\/2025\/11\/Domingo-Placido-ph-Niccoli-Fiorenzo-CTM_2455-683x1024.jpg 683w, https:\/\/www.ecoitaliano.com.ar\/wp-content\/uploads\/2025\/11\/Domingo-Placido-ph-Niccoli-Fiorenzo-CTM_2455-200x300.jpg 200w, https:\/\/www.ecoitaliano.com.ar\/wp-content\/uploads\/2025\/11\/Domingo-Placido-ph-Niccoli-Fiorenzo-CTM_2455-768x1152.jpg 768w, https:\/\/www.ecoitaliano.com.ar\/wp-content\/uploads\/2025\/11\/Domingo-Placido-ph-Niccoli-Fiorenzo-CTM_2455-1024x1536.jpg 1024w, https:\/\/www.ecoitaliano.com.ar\/wp-content\/uploads\/2025\/11\/Domingo-Placido-ph-Niccoli-Fiorenzo-CTM_2455-1366x2048.jpg 1366w, https:\/\/www.ecoitaliano.com.ar\/wp-content\/uploads\/2025\/11\/Domingo-Placido-ph-Niccoli-Fiorenzo-CTM_2455-100x150.jpg 100w, https:\/\/www.ecoitaliano.com.ar\/wp-content\/uploads\/2025\/11\/Domingo-Placido-ph-Niccoli-Fiorenzo-CTM_2455.jpg 1707w\" sizes=\"(max-width: 683px) 100vw, 683px\" \/><\/a><\/figure>\n<\/figure>\n","protected":false},"excerpt":{"rendered":"<p>comunicato stampa Il 55\u00b0 Premio Puccini 2025 a Pl\u00e1cido Domingo La cerimonia di consegna si svolger\u00e0 marted\u00ec 18 novembre alle [&hellip;]<\/p>\n","protected":false},"author":1,"featured_media":0,"comment_status":"open","ping_status":"open","sticky":false,"template":"","format":"standard","meta":{"footnotes":""},"categories":[1],"tags":[],"class_list":["post-81931","post","type-post","status-publish","format-standard","hentry","category-sin-categoria"],"_links":{"self":[{"href":"https:\/\/www.ecoitaliano.com.ar\/index.php?rest_route=\/wp\/v2\/posts\/81931","targetHints":{"allow":["GET"]}}],"collection":[{"href":"https:\/\/www.ecoitaliano.com.ar\/index.php?rest_route=\/wp\/v2\/posts"}],"about":[{"href":"https:\/\/www.ecoitaliano.com.ar\/index.php?rest_route=\/wp\/v2\/types\/post"}],"author":[{"embeddable":true,"href":"https:\/\/www.ecoitaliano.com.ar\/index.php?rest_route=\/wp\/v2\/users\/1"}],"replies":[{"embeddable":true,"href":"https:\/\/www.ecoitaliano.com.ar\/index.php?rest_route=%2Fwp%2Fv2%2Fcomments&post=81931"}],"version-history":[{"count":1,"href":"https:\/\/www.ecoitaliano.com.ar\/index.php?rest_route=\/wp\/v2\/posts\/81931\/revisions"}],"predecessor-version":[{"id":81934,"href":"https:\/\/www.ecoitaliano.com.ar\/index.php?rest_route=\/wp\/v2\/posts\/81931\/revisions\/81934"}],"wp:attachment":[{"href":"https:\/\/www.ecoitaliano.com.ar\/index.php?rest_route=%2Fwp%2Fv2%2Fmedia&parent=81931"}],"wp:term":[{"taxonomy":"category","embeddable":true,"href":"https:\/\/www.ecoitaliano.com.ar\/index.php?rest_route=%2Fwp%2Fv2%2Fcategories&post=81931"},{"taxonomy":"post_tag","embeddable":true,"href":"https:\/\/www.ecoitaliano.com.ar\/index.php?rest_route=%2Fwp%2Fv2%2Ftags&post=81931"}],"curies":[{"name":"wp","href":"https:\/\/api.w.org\/{rel}","templated":true}]}}