{"id":81944,"date":"2025-11-13T15:52:32","date_gmt":"2025-11-13T15:52:32","guid":{"rendered":"https:\/\/www.ecoitaliano.com.ar\/?p=81944"},"modified":"2025-11-13T15:52:56","modified_gmt":"2025-11-13T15:52:56","slug":"la-stilista-grazia-urbano-approda-in-francia","status":"publish","type":"post","link":"https:\/\/www.ecoitaliano.com.ar\/?p=81944","title":{"rendered":"La stilista Grazia Urbano approda in Francia\u00a0"},"content":{"rendered":"\n<figure class=\"wp-block-gallery has-nested-images columns-default is-cropped wp-block-gallery-1 is-layout-flex wp-block-gallery-is-layout-flex\">\n<figure class=\"wp-block-image size-large\"><a href=\"https:\/\/www.ecoitaliano.com.ar\/wp-content\/uploads\/2025\/11\/1000021966.jpg\"><img decoding=\"async\" width=\"461\" height=\"1024\" data-id=\"81945\" src=\"https:\/\/www.ecoitaliano.com.ar\/wp-content\/uploads\/2025\/11\/1000021966-461x1024.jpg\" alt=\"\" class=\"wp-image-81945\" srcset=\"https:\/\/www.ecoitaliano.com.ar\/wp-content\/uploads\/2025\/11\/1000021966-461x1024.jpg 461w, https:\/\/www.ecoitaliano.com.ar\/wp-content\/uploads\/2025\/11\/1000021966-135x300.jpg 135w, https:\/\/www.ecoitaliano.com.ar\/wp-content\/uploads\/2025\/11\/1000021966-691x1536.jpg 691w, https:\/\/www.ecoitaliano.com.ar\/wp-content\/uploads\/2025\/11\/1000021966-68x150.jpg 68w, https:\/\/www.ecoitaliano.com.ar\/wp-content\/uploads\/2025\/11\/1000021966.jpg 720w\" sizes=\"(max-width: 461px) 100vw, 461px\" \/><\/a><\/figure>\n\n\n\n<figure class=\"wp-block-image size-large\"><a href=\"https:\/\/www.ecoitaliano.com.ar\/wp-content\/uploads\/2025\/11\/1000019464.jpg\"><img decoding=\"async\" width=\"720\" height=\"688\" data-id=\"81946\" src=\"https:\/\/www.ecoitaliano.com.ar\/wp-content\/uploads\/2025\/11\/1000019464.jpg\" alt=\"\" class=\"wp-image-81946\" srcset=\"https:\/\/www.ecoitaliano.com.ar\/wp-content\/uploads\/2025\/11\/1000019464.jpg 720w, https:\/\/www.ecoitaliano.com.ar\/wp-content\/uploads\/2025\/11\/1000019464-300x287.jpg 300w, https:\/\/www.ecoitaliano.com.ar\/wp-content\/uploads\/2025\/11\/1000019464-150x143.jpg 150w\" sizes=\"(max-width: 720px) 100vw, 720px\" \/><\/a><\/figure>\n\n\n\n<figure class=\"wp-block-image size-large\"><a href=\"https:\/\/www.ecoitaliano.com.ar\/wp-content\/uploads\/2025\/11\/1000004781.jpg\"><img decoding=\"async\" width=\"1024\" height=\"1022\" data-id=\"81947\" src=\"https:\/\/www.ecoitaliano.com.ar\/wp-content\/uploads\/2025\/11\/1000004781-1024x1022.jpg\" alt=\"\" class=\"wp-image-81947\" srcset=\"https:\/\/www.ecoitaliano.com.ar\/wp-content\/uploads\/2025\/11\/1000004781-1024x1022.jpg 1024w, https:\/\/www.ecoitaliano.com.ar\/wp-content\/uploads\/2025\/11\/1000004781-300x300.jpg 300w, https:\/\/www.ecoitaliano.com.ar\/wp-content\/uploads\/2025\/11\/1000004781-150x150.jpg 150w, https:\/\/www.ecoitaliano.com.ar\/wp-content\/uploads\/2025\/11\/1000004781-768x766.jpg 768w, https:\/\/www.ecoitaliano.com.ar\/wp-content\/uploads\/2025\/11\/1000004781.jpg 1440w\" sizes=\"(max-width: 1024px) 100vw, 1024px\" \/><\/a><\/figure>\n\n\n\n<figure class=\"wp-block-image size-large\"><a href=\"https:\/\/www.ecoitaliano.com.ar\/wp-content\/uploads\/2025\/11\/1000004568.jpg\"><img decoding=\"async\" width=\"768\" height=\"1024\" data-id=\"81948\" src=\"https:\/\/www.ecoitaliano.com.ar\/wp-content\/uploads\/2025\/11\/1000004568-768x1024.jpg\" alt=\"\" class=\"wp-image-81948\" srcset=\"https:\/\/www.ecoitaliano.com.ar\/wp-content\/uploads\/2025\/11\/1000004568-768x1024.jpg 768w, https:\/\/www.ecoitaliano.com.ar\/wp-content\/uploads\/2025\/11\/1000004568-225x300.jpg 225w, https:\/\/www.ecoitaliano.com.ar\/wp-content\/uploads\/2025\/11\/1000004568-1152x1536.jpg 1152w, https:\/\/www.ecoitaliano.com.ar\/wp-content\/uploads\/2025\/11\/1000004568-1536x2048.jpg 1536w, https:\/\/www.ecoitaliano.com.ar\/wp-content\/uploads\/2025\/11\/1000004568-113x150.jpg 113w, https:\/\/www.ecoitaliano.com.ar\/wp-content\/uploads\/2025\/11\/1000004568.jpg 1920w\" sizes=\"(max-width: 768px) 100vw, 768px\" \/><\/a><\/figure>\n\n\n\n<figure class=\"wp-block-image size-large\"><a href=\"https:\/\/www.ecoitaliano.com.ar\/wp-content\/uploads\/2025\/11\/1000004482.jpg\"><img decoding=\"async\" width=\"683\" height=\"1024\" data-id=\"81949\" src=\"https:\/\/www.ecoitaliano.com.ar\/wp-content\/uploads\/2025\/11\/1000004482-683x1024.jpg\" alt=\"\" class=\"wp-image-81949\" srcset=\"https:\/\/www.ecoitaliano.com.ar\/wp-content\/uploads\/2025\/11\/1000004482-683x1024.jpg 683w, https:\/\/www.ecoitaliano.com.ar\/wp-content\/uploads\/2025\/11\/1000004482-200x300.jpg 200w, https:\/\/www.ecoitaliano.com.ar\/wp-content\/uploads\/2025\/11\/1000004482-768x1152.jpg 768w, https:\/\/www.ecoitaliano.com.ar\/wp-content\/uploads\/2025\/11\/1000004482-1024x1536.jpg 1024w, https:\/\/www.ecoitaliano.com.ar\/wp-content\/uploads\/2025\/11\/1000004482-1366x2048.jpg 1366w, https:\/\/www.ecoitaliano.com.ar\/wp-content\/uploads\/2025\/11\/1000004482-100x150.jpg 100w, https:\/\/www.ecoitaliano.com.ar\/wp-content\/uploads\/2025\/11\/1000004482.jpg 1707w\" sizes=\"(max-width: 683px) 100vw, 683px\" \/><\/a><\/figure>\n\n\n\n<figure class=\"wp-block-image size-large\"><a href=\"https:\/\/www.ecoitaliano.com.ar\/wp-content\/uploads\/2025\/11\/1000004435.jpg\"><img decoding=\"async\" width=\"682\" height=\"1024\" data-id=\"81950\" src=\"https:\/\/www.ecoitaliano.com.ar\/wp-content\/uploads\/2025\/11\/1000004435-682x1024.jpg\" alt=\"\" class=\"wp-image-81950\" srcset=\"https:\/\/www.ecoitaliano.com.ar\/wp-content\/uploads\/2025\/11\/1000004435-682x1024.jpg 682w, https:\/\/www.ecoitaliano.com.ar\/wp-content\/uploads\/2025\/11\/1000004435-200x300.jpg 200w, https:\/\/www.ecoitaliano.com.ar\/wp-content\/uploads\/2025\/11\/1000004435-768x1153.jpg 768w, https:\/\/www.ecoitaliano.com.ar\/wp-content\/uploads\/2025\/11\/1000004435-1023x1536.jpg 1023w, https:\/\/www.ecoitaliano.com.ar\/wp-content\/uploads\/2025\/11\/1000004435-100x150.jpg 100w, https:\/\/www.ecoitaliano.com.ar\/wp-content\/uploads\/2025\/11\/1000004435.jpg 1066w\" sizes=\"(max-width: 682px) 100vw, 682px\" \/><\/a><\/figure>\n<\/figure>\n\n\n\n<p>Una carriera costellata di successi. Ti saresti mai aspettata l&#8217;attenzione della Francia nella tua carriera?<\/p>\n\n\n\n<p>Ad essere sincera, no non avrei mai pensato di arrivare in Francia, per\u00f2 devo confessare che era nei miei sogni, sfido chiunque a non sognare Parigi poi, certo essere riconosciuta e vista anche fuori dalla propria nazione e il massimo del successo per me.&nbsp;<\/p>\n\n\n\n<p>Non \u00e8 la prima esperienza all&#8217;estero. Hai ottenuto un&#8217;altro grande traguardo in Spagna.<\/p>\n\n\n\n<p>In Spagna ho avuto una bellissima esperienza,&nbsp; la trovo una nazione molto accogliente e adoro le donne spagnole che le ritengo, sempre molto attente ad apprezzare la moda Made in Italy .<\/p>\n\n\n\n<p>Nella tua recente intervista hai dichiarato un messaggio fortissimo, legato al tuo passato.<\/p>\n\n\n\n<p>Si purtroppo ho sofferto in passato anch&#8217;io del male del secondo e parlo della depressione.&nbsp;<\/p>\n\n\n\n<p>\u00c8 una malattia che ti toglie la speranza nel futuro e non \u00e8 sempre molto facile uscirne, per prima cosa bisogna riconoscerlo a se stessi di stare male e che da soli non se ne pu\u00f2 uscire, di conseguenza consiglio di affidarsi a degli esperti nel settore,<\/p>\n\n\n\n<p>per fortuna oggi ci sono molti bravi psico-terapisti, che possono salvarti la vita.&nbsp;<\/p>\n\n\n\n<p>La moda \u00e8 la tua rivincita..<\/p>\n\n\n\n<p>Verissimo, la moda \u00e8 la mia rivincita e il mio riscatto.<\/p>\n\n\n\n<p>Sono entrata in punta di piedi in questo mondo, quasi per caso, ma penso anzi affermo, che niente arriva per caso.<\/p>\n\n\n\n<p>Se guardo indietro e rivedo il percorso fino ad oggi, mi sembra che tutto sia stato scritto per me, ho scoperto di avere molte attitudini all&#8217;arte e ad oggi riconosco io stessa il mio talento, soprattutto \u00e8 un dono, quello di trasformare un&nbsp; pezzo di stoffa in capolavoro. Questo lavoro mi d\u00e0 molte soddisfazioni e mi ha insegnato soprattutto a credere in me stessa.<\/p>\n\n\n\n<p>Cosa dobbiamo aspettarci da Grazia Urbano nei prossimi mesei?<\/p>\n\n\n\n<p>&nbsp;Oggi Grazia Urbano \u00e8 una donna molto diversa da quella del passato, non sono una che pianifica in molto anticipo, di conseguenza non sono molto prevedibile, solitamente mi basta poco tempo per decidere le cose da farsi, sto comunque lavorando ad una prossima collezione in uscita dove potrete vedere un&#8217;anticipazione a fine mese, con la presentazione di alcuni dei miei abiti di alta moda in posto magico della mia bellissima Puglia.&nbsp;<\/p>\n","protected":false},"excerpt":{"rendered":"<p>Una carriera costellata di successi. Ti saresti mai aspettata l&#8217;attenzione della Francia nella tua carriera? Ad essere sincera, no non [&hellip;]<\/p>\n","protected":false},"author":1,"featured_media":0,"comment_status":"open","ping_status":"open","sticky":false,"template":"","format":"standard","meta":{"footnotes":""},"categories":[44,10],"tags":[],"class_list":["post-81944","post","type-post","status-publish","format-standard","hentry","category-entrevistas","category-italiano"],"_links":{"self":[{"href":"https:\/\/www.ecoitaliano.com.ar\/index.php?rest_route=\/wp\/v2\/posts\/81944","targetHints":{"allow":["GET"]}}],"collection":[{"href":"https:\/\/www.ecoitaliano.com.ar\/index.php?rest_route=\/wp\/v2\/posts"}],"about":[{"href":"https:\/\/www.ecoitaliano.com.ar\/index.php?rest_route=\/wp\/v2\/types\/post"}],"author":[{"embeddable":true,"href":"https:\/\/www.ecoitaliano.com.ar\/index.php?rest_route=\/wp\/v2\/users\/1"}],"replies":[{"embeddable":true,"href":"https:\/\/www.ecoitaliano.com.ar\/index.php?rest_route=%2Fwp%2Fv2%2Fcomments&post=81944"}],"version-history":[{"count":1,"href":"https:\/\/www.ecoitaliano.com.ar\/index.php?rest_route=\/wp\/v2\/posts\/81944\/revisions"}],"predecessor-version":[{"id":81951,"href":"https:\/\/www.ecoitaliano.com.ar\/index.php?rest_route=\/wp\/v2\/posts\/81944\/revisions\/81951"}],"wp:attachment":[{"href":"https:\/\/www.ecoitaliano.com.ar\/index.php?rest_route=%2Fwp%2Fv2%2Fmedia&parent=81944"}],"wp:term":[{"taxonomy":"category","embeddable":true,"href":"https:\/\/www.ecoitaliano.com.ar\/index.php?rest_route=%2Fwp%2Fv2%2Fcategories&post=81944"},{"taxonomy":"post_tag","embeddable":true,"href":"https:\/\/www.ecoitaliano.com.ar\/index.php?rest_route=%2Fwp%2Fv2%2Ftags&post=81944"}],"curies":[{"name":"wp","href":"https:\/\/api.w.org\/{rel}","templated":true}]}}