{"id":81960,"date":"2025-11-13T18:00:25","date_gmt":"2025-11-13T18:00:25","guid":{"rendered":"https:\/\/www.ecoitaliano.com.ar\/?p=81960"},"modified":"2025-11-13T18:00:25","modified_gmt":"2025-11-13T18:00:25","slug":"serena-conduce-operaclassica-eco-italiano-4742","status":"publish","type":"post","link":"https:\/\/www.ecoitaliano.com.ar\/?p=81960","title":{"rendered":"Serena conduce operaclassica eco italiano"},"content":{"rendered":"<div class=\"wp-block-image\">\n<figure class=\"aligncenter size-full\"><a href=\"http:\/\/www.ecoitaliano.com.ar\/wp-content\/uploads\/2025\/11\/Screenshot-2091-1.png\"><img decoding=\"async\" width=\"355\" height=\"159\" src=\"http:\/\/www.ecoitaliano.com.ar\/wp-content\/uploads\/2025\/11\/Screenshot-2091-1.png\" alt=\"\" class=\"wp-image-81961\" srcset=\"https:\/\/www.ecoitaliano.com.ar\/wp-content\/uploads\/2025\/11\/Screenshot-2091-1.png 355w, https:\/\/www.ecoitaliano.com.ar\/wp-content\/uploads\/2025\/11\/Screenshot-2091-1-300x134.png 300w, https:\/\/www.ecoitaliano.com.ar\/wp-content\/uploads\/2025\/11\/Screenshot-2091-1-150x67.png 150w\" sizes=\"(max-width: 355px) 100vw, 355px\" \/><\/a><\/figure><\/div>\n\n\n<figure class=\"wp-block-table\"><table class=\"has-fixed-layout\"><tbody><tr><td><strong>LA CULTURA COME VALORE<\/strong><strong>MARTED\u00cc 18 NOVEMBRE, EVENTO PUBBLICO AL TEATRO FILARMONICO<\/strong><strong>Categorie economiche e istituzioni si confrontano sulla ricerca Nomisma e sulla cultura come motore dell&#8217;economia&nbsp;<\/strong>&nbsp;<\/td><\/tr><\/tbody><\/table><\/figure>\n\n\n\n<figure class=\"wp-block-table\"><table class=\"has-fixed-layout\"><tbody><tr><td><img decoding=\"async\" width=\"570\" src=\"https:\/\/arenadiverona.invionews.net\/rsp\/pd4p8d\/if\/resizex\/1140,null\/rs\/content\/arena_di_verona_251110_digitales_3657_rid.jpg?_d=AAC&amp;_c=455636fd\"><\/td><\/tr><\/tbody><\/table><\/figure>\n\n\n\n<figure class=\"wp-block-table\"><table class=\"has-fixed-layout\"><tbody><tr><td>&nbsp;Come un eco che si propaga, attivando nuove riflessioni e coinvolgendo la cittadinanza e il tessuto economico e sociale scaligero. Dopo la presentazione dello studio Nomisma a Milano,&nbsp;<strong>Fondazione Arena<\/strong>&nbsp;e&nbsp;<strong>Gruppo Athesis<\/strong>&nbsp;promuovono l&#8217;evento&nbsp;<em><strong>\u201cLa cultura come valore<\/strong>\u201d,&nbsp;<\/em><strong>marted\u00ec 18 novembre<\/strong>, alle&nbsp;<strong>ore 17.45<\/strong>, al&nbsp;<strong>Teatro Filarmonico di Verona<\/strong>.&nbsp;Un pomeriggio di approfondimento, aperto a tutti, durante il quale sar\u00e0 presentato lo<strong>&nbsp;studio<\/strong>&nbsp;realizzato da&nbsp;<strong>Nomisma<\/strong>&nbsp;sull\u2019impatto economico, sociale e turistico dell\u2019<strong><em>Arena di Verona Opera Festival.&nbsp;<\/em><\/strong>Rappresentanti del mondo economico e istituzionale si confronteranno sui risultati dell&#8217;indagine per definire ruolo, sfide e responsabilit\u00e0 della cultura come motore dell\u2019economia e dello sviluppo del territorio. Il pomeriggio proseguir\u00e0 con un dialogo a due tra Massimo Mamoli, direttore de L&#8217;Arena e Bresciaoggi e direttore editoriale di Gazzetta di Mantova, e il giornalista Nicola Saldutti, caporedattore dell&#8217;economia del Corriere della Sera.Tutti i dati della ricerca saranno pubblicati luned\u00ec 17 novembre, all&#8217;interno di un inserto che sar\u00e0 distribuito con il giornale L&#8217;Arena.&nbsp;L&#8217;ingresso all&#8217;evento \u00e8 libero fino ad esaurimento posti.<strong>Informazioni<\/strong><strong>Ufficio Stampa Fondazione Arena di Verona<\/strong>Via Roma, 7\/D, 37121 Veronatel. 045805.1861 \/.1905 \/.1891 \/.1939 \/.1847<a href=\"https:\/\/arenadiverona.invionews.net\/nl\/pd4p8d\/jl0byni\/jvuvytu\/uf\/2\/bWFpbHRvOnVmZmljaW8uc3RhbXBhQGFyZW5hZGl2ZXJvbmEuaXQ?_d=AAC&amp;_c=96bffe29\" target=\"_blank\" rel=\"noreferrer noopener\">ufficio.stampa@arenadiverona.it<\/a><\/td><\/tr><\/tbody><\/table><\/figure>\n\n\n\n<figure class=\"wp-block-image size-full\"><a href=\"https:\/\/www.ecoitaliano.com.ar\/wp-content\/uploads\/2025\/11\/image-18.jpg\"><img decoding=\"async\" width=\"1013\" height=\"570\" src=\"https:\/\/www.ecoitaliano.com.ar\/wp-content\/uploads\/2025\/11\/image-18.jpg\" alt=\"\" class=\"wp-image-81962\" srcset=\"https:\/\/www.ecoitaliano.com.ar\/wp-content\/uploads\/2025\/11\/image-18.jpg 1013w, https:\/\/www.ecoitaliano.com.ar\/wp-content\/uploads\/2025\/11\/image-18-300x169.jpg 300w, https:\/\/www.ecoitaliano.com.ar\/wp-content\/uploads\/2025\/11\/image-18-768x432.jpg 768w, https:\/\/www.ecoitaliano.com.ar\/wp-content\/uploads\/2025\/11\/image-18-150x84.jpg 150w\" sizes=\"(max-width: 1013px) 100vw, 1013px\" \/><\/a><\/figure>\n","protected":false},"excerpt":{"rendered":"<p>LA CULTURA COME VALOREMARTED\u00cc 18 NOVEMBRE, EVENTO PUBBLICO AL TEATRO FILARMONICOCategorie economiche e istituzioni si confrontano sulla ricerca Nomisma e [&hellip;]<\/p>\n","protected":false},"author":1,"featured_media":0,"comment_status":"open","ping_status":"open","sticky":false,"template":"","format":"standard","meta":{"footnotes":""},"categories":[1],"tags":[],"class_list":["post-81960","post","type-post","status-publish","format-standard","hentry","category-sin-categoria"],"_links":{"self":[{"href":"https:\/\/www.ecoitaliano.com.ar\/index.php?rest_route=\/wp\/v2\/posts\/81960","targetHints":{"allow":["GET"]}}],"collection":[{"href":"https:\/\/www.ecoitaliano.com.ar\/index.php?rest_route=\/wp\/v2\/posts"}],"about":[{"href":"https:\/\/www.ecoitaliano.com.ar\/index.php?rest_route=\/wp\/v2\/types\/post"}],"author":[{"embeddable":true,"href":"https:\/\/www.ecoitaliano.com.ar\/index.php?rest_route=\/wp\/v2\/users\/1"}],"replies":[{"embeddable":true,"href":"https:\/\/www.ecoitaliano.com.ar\/index.php?rest_route=%2Fwp%2Fv2%2Fcomments&post=81960"}],"version-history":[{"count":1,"href":"https:\/\/www.ecoitaliano.com.ar\/index.php?rest_route=\/wp\/v2\/posts\/81960\/revisions"}],"predecessor-version":[{"id":81963,"href":"https:\/\/www.ecoitaliano.com.ar\/index.php?rest_route=\/wp\/v2\/posts\/81960\/revisions\/81963"}],"wp:attachment":[{"href":"https:\/\/www.ecoitaliano.com.ar\/index.php?rest_route=%2Fwp%2Fv2%2Fmedia&parent=81960"}],"wp:term":[{"taxonomy":"category","embeddable":true,"href":"https:\/\/www.ecoitaliano.com.ar\/index.php?rest_route=%2Fwp%2Fv2%2Fcategories&post=81960"},{"taxonomy":"post_tag","embeddable":true,"href":"https:\/\/www.ecoitaliano.com.ar\/index.php?rest_route=%2Fwp%2Fv2%2Ftags&post=81960"}],"curies":[{"name":"wp","href":"https:\/\/api.w.org\/{rel}","templated":true}]}}