{"id":81964,"date":"2025-11-13T18:06:31","date_gmt":"2025-11-13T18:06:31","guid":{"rendered":"https:\/\/www.ecoitaliano.com.ar\/?p=81964"},"modified":"2025-11-13T18:06:31","modified_gmt":"2025-11-13T18:06:31","slug":"serena-conduce-operaclassica-eco-italiano-4743","status":"publish","type":"post","link":"https:\/\/www.ecoitaliano.com.ar\/?p=81964","title":{"rendered":"Serena conduce operaclassica eco italiano"},"content":{"rendered":"\n<figure class=\"wp-block-image size-full\"><a href=\"https:\/\/www.ecoitaliano.com.ar\/wp-content\/uploads\/2025\/11\/image-18.png\"><img decoding=\"async\" width=\"600\" height=\"337\" src=\"https:\/\/www.ecoitaliano.com.ar\/wp-content\/uploads\/2025\/11\/image-18.png\" alt=\"\" class=\"wp-image-81965\" srcset=\"https:\/\/www.ecoitaliano.com.ar\/wp-content\/uploads\/2025\/11\/image-18.png 600w, https:\/\/www.ecoitaliano.com.ar\/wp-content\/uploads\/2025\/11\/image-18-300x169.png 300w, https:\/\/www.ecoitaliano.com.ar\/wp-content\/uploads\/2025\/11\/image-18-150x84.png 150w\" sizes=\"(max-width: 600px) 100vw, 600px\" \/><\/a><\/figure>\n\n\n\n<p><strong>DONIZETTI OPERA 2026<\/strong><\/p>\n\n\n\n<p><strong><em>L\u2019ESULE DI ROMA, ALAHOR IN GRANATA,<br>LE CONVENIENZE ED <\/em><\/strong><strong><em>INCONVENIENZE TEATRALI<\/em><\/strong><strong><br>SONO I TITOLI DELLA PROSSIMA EDIZIONE<\/strong><\/p>\n\n\n\n<p><strong><em>Le bacchette saranno quelle di Antonino Fogliani, Chiara Cattani e<br>Alberto Zanardi, mentre i registi che firmeranno gli allestimenti saranno<br>Katharina Thoma, Benedetto Sicca e Silvia Paoli<\/em><\/strong><\/p>\n\n\n\n<p><strong><em>Il festival si svolger\u00e0 dal 13 al 29 novembre 2026,<br>giorno del compleanno di Gaetano Donizetti<\/em><\/strong><\/p>\n\n\n\n<p><strong><em>I Carnet per il Donizetti Opera 2026 saranno acquistabili durante il festival<br>in corso presso <\/em><\/strong><strong><em>la Biglietteria del Teatro Donizetti o prenotabili online<\/em><\/strong><\/p>\n\n\n\n<p>Comunicato stampa, 13.11.2025<\/p>\n\n\n\n<p>Alla vigilia del debutto del Donizetti Opera 2025 si guarda gi\u00e0 avanti ed \u00e8 tutto pronto anche per l\u2019<strong>edizione 2026 <\/strong>del festival internazionale dedicato al compositore bergamasco Gaetano Donizetti: <strong><em>L\u2019esule di Roma, Alahor in Granata <\/em><\/strong>e <strong><em>Le convenienze ed inconvenienze teatrali<\/em><\/strong> sono i tre titoli del cartellone del prossimo Donizetti Opera, organizzato dalla <strong>Fondazione Teatro Donizetti di Bergamo<\/strong>, presieduta da <strong>Giorgio Berta<\/strong> con la direzione generale di <strong>Massimo Boffelli<\/strong>, e sostenuta dal <strong>Comune di Bergamo<\/strong>.<\/p>\n\n\n\n<p>\u00abOggi presentiamo un\u2019edizione in cui le rarit\u00e0 donizettiane sono protagoniste assolute \u2013 dichiara il direttore artistico e musicale <strong>Riccardo Frizza <\/strong>\u2013. Il Donizetti Opera 2026, infatti, andr\u00e0 a valorizzare la riscoperta di titoli meno frequentati di Donizetti, a partire dall\u2019esecuzione della partitura autografa di <em>Alahor in Granata<\/em>,ritrovata nel 2023 alla biblioteca del Conservatorio di Palermo. Inoltre, per la prossima edizione del festival ho deciso di affidare il podio a colleghi specialisti del repertorio, focalizzando il mio ruolo pienamente sulla direzione artistica e musicale, curando in particolare la realizzazione di nuovi progetti che vedranno la luce nei prossimi anni\u00bb.<\/p>\n\n\n\n<p>A inaugurare il festival al Teatro Donizetti di Bergamo sar\u00e0 il melodramma <strong><em>L\u2019esule di Roma<\/em><\/strong>, titolo composto nel 1828 per il Teatro di San Carlo di Napoli, in scena il 13, 21 e 29 novembre 2026. L\u2019esecuzione sar\u00e0 affidata alla bacchetta di <strong>Antonino Fogliani<\/strong>, direttore d\u2019orchestra dal profilo internazionale che nei prossimi giorni sar\u00e0 sul podio della Bayerische Staatsoper di Monaco per eseguire <em>La fille du r\u00e9giment<\/em>, e alla regista tedesca <strong>Katharina Thoma<\/strong>, che ha firmato produzioni al Glyndebourne Festival, alla Royal Opera House di Londra, nei teatri di Francoforte, Colonia, Lipsia e Malm\u00f6 ed \u00e8 responsabile del dipartimento di arte scenica alla Hochschule f\u00fcr Musik di W\u00fcrzburg. Entrambi sono al loro debutto al Donizetti Opera.<\/p>\n\n\n\n<p>Assoluta occasione di riscoperta la messa in scena del titolo del progetto \u201cDonizetti 200\u201d, che prevede al Teatro Sociale di Bergamo il 14, 22 e 27 novembre 2026 un lavoro composto esattamente duecento anni prima dal compositore bergamasco: si tratta di <strong><em>Alahor in Granata<\/em><\/strong>, opera proposta nella <strong>nuova edizione <\/strong>curata da Edoardo Cavalli, redatta a seguito dell\u2019identificazione della partitura autografa alla biblioteca del Conservatorio \u201cA. Scarlatti\u201d di Palermo, avvenuta nel 2023. \u00abGaetano Donizetti trascorse un lungo periodo di lavoro a Palermo, al Teatro Carolino, dall\u2019aprile 1825 al febbraio 1826 \u2013 racconta <strong>Paolo Fabbri, direttore scientifico del Centro Studi Donizettiani<\/strong> \u2013: questo soggiorno \u00e8 stato a suo tempo studiato dal musicologo palermitano Ottavio Tiby (1891-1955) che ha ricostruito la storia di quella sala. La scoperta di Cavalli ha permesso di avere una partitura pienamente attendibile di quanto Donizetti scrisse nel 1826 e, a distanza di pochi anni, siamo gi\u00e0 in grado di portare in scena il risultato della ricerca scientifica portata avanti dal Centro Studi Donizettiani\u00bb.<\/p>\n\n\n\n<p>A Bergamo l\u2019opera sar\u00e0, quindi, <strong>rappresenta per la prima volta in tempi moderni<\/strong> cos\u00ec come l\u2019aveva concepita Donizetti nel 1826, dato che le riprese del 1998 al Teatro de la Maestranza di Siviglia (di cui \u00e8 stata realizzata un\u2019incisione su cd) e del 1999 al Teatro Massimo di Palermo si basavano sulla partitura della messa in scena nel 1830 sempre al Teatro Carolino del capoluogo siciliano. Anche per questo titolo due nuovi debutti al festival: la direzione d\u2019orchestra sar\u00e0 affidata ad una specialista di esecuzioni filologiche su strumenti storici come <strong>Chiara Cattani<\/strong>, direttrice musicale dell\u2019Accademia Montis Regalis, mentre la regia sar\u00e0 firmata da <strong>Benedetto Sicca<\/strong>.<\/p>\n\n\n\n<p>La terza nuova produzione sar\u00e0 <strong><em>Le convenienze ed inconvenienze <\/em><\/strong><strong><em>teatrali<\/em><\/strong><em>, <\/em>al Teatro Donizetti il 15, 20 e 28 novembre 2026. Opera composta per il Teatro Nuovo di Napoli nel 1827 e poi presentata al Milano nel 1831, \u00e8 in quest\u2019ultima versione che sar\u00e0 sui leggii del Donizetti Opera, nell\u2019edizione critica a cura di Roger Parker e Anders Wiklund per Casa Ricordi. Sul podio salir\u00e0 <strong>Alberto Zanardi<\/strong>, che si \u00e8 distinto nell\u2019edizione 2024 del festival per la direzione musicale di <em>Zoraida di Granata<\/em>, e la messa in scena sar\u00e0 curata da <strong>Silvia Paoli<\/strong>, che ritorna al Donizetti Opera dopo aver firmato la regia per l\u2019allestimento di <em>Enrico di <\/em><em>Borgogna <\/em>nel 2018.<\/p>\n\n\n\n<p>Una <strong>novit\u00e0 <\/strong>per il pubblico del festival: dal 14 al 30 novembre 2025 saranno gi\u00e0 disponibili i <strong>Carnet weekend<\/strong> e i <strong>Carnet sabato<\/strong> del <strong>Donizetti Opera 2026<\/strong>, acquistabili alla biglietteria del Teatro Donizetti e prenotabili online sul sito <a href=\"http:\/\/donizettiopera.org\">donizettiopera.org<\/a> con lo sconto del 30% sul prezzo intero.<\/p>\n\n\n\n<p><br>Un grazie speciale \u00e8 rivolto, inoltre, a tutti i partner e agli sponsor del festival Donizetti Opera 2025.<\/p>\n\n\n\n<p>Partner istituzionali <strong>Ministero della Cultura, Regione Lombardia, Camera di Commercio di Bergamo<\/strong>.Main Partner<strong> Allianz<\/strong>, con il sostegno di<strong> SIAD, Fondazione Cariplo, KPMG <\/strong>e<strong> Curnis \u2013 Rolex<\/strong>.Partner tecnici<strong> ATB <\/strong>e<strong> Claypaky<\/strong> eCommunication partner<strong> NT Next<\/strong>; Media partner <strong>Eppen<\/strong>. In collaborazione con<strong> Politecnico delle Arti \u201cG. Donizetti \u2013 G. Carrara\u201d, Fondazione Mia e Rotary Club Bergamo Terra di San Marco<\/strong>.<\/p>\n\n\n\n<p>Un ringraziamento particolare va anche a tutti coloro che sostengono l\u2019attivit\u00e0 della Fondazione Teatro Donizetti tramite <strong>Art Bonus<\/strong>: <strong>Intesa Sanpaolo, A2A, ATB Mobilit\u00e0, Sacbo, Uniacque <\/strong>e agli<strong> Ambasciatori di Donizetti<\/strong>:<\/p>\n\n\n\n<p>IL<em> MAESTRO<\/em><strong> Siad<\/strong><\/p>\n\n\n\n<p>LE<em> PIETRE MILIARI<\/em><strong> Alfaparf Group, Calfin, Curnis Gioielli 3C, Fidelitas, Legami, Nuova Demi, Tenaris Dalmine<\/strong><\/p>\n\n\n\n<p>LE<em> RARIT\u00c0<\/em><strong> 3V Green Eagle \u2022 Allegrini \u2022 Arva \u2022 Beltrami Linen \u2022 Bodega G. &amp; C. \u2022 Brembomatic Pedrali \u2022 Carba \u2022 Caseificio Defendi Luigi \u2022 Catellani &amp; Smith \u2022 Confindustria Bergamo \u2022 CX Centax \u2022 Diachem \u2022 Dufrital \u2022 Effegi \u2022 Fecs \u2022 Fratelli Pellegrini \u2022 Gemels \u2022 Impresa Edile Stradale Artifoni \u2022 Intertrasport \u2022 Iterchimica \u2022 LVF Valve Solutions \u2022 MA.BO. \u2022 Milestone \u2022 Montello \u2022 OMB Valves \u2022 Persico \u2022 Qintesi \u2022 Revi4 \u2022 Stucchi \u2022 Studio Berta Nembrini Colombini &amp; Associati<\/strong><\/p>\n\n\n\n<p>Hanno inoltre donato<strong> Assolari Luigi &amp; C. \u2022 Rota Fumagalli Gioielleria<\/strong>.<\/p>\n\n\n\n<p><br>Per il programma completo e ulteriori informazioni: <a href=\"http:\/\/www.donizettiopera.org\">donizettiopera.org<\/a><\/p>\n\n\n\n<p><br><em>Ufficio stampa nazionale Donizetti Opera<\/em><\/p>\n\n\n\n<p>Walter Vitale +39 3335243419 <a href=\"mailto:pressopera@fondazioneteatrodonizetti.org\">pressopera@fondazioneteatrodonizetti.org<\/a><\/p>\n\n\n\n<p><em>Ufficio stampa internazionale Donizetti Opera<\/em><\/p>\n\n\n\n<p>Irene Sala +39 3391010571 <a href=\"mailto:internationalpress@fondazioneteatrodonizetti.org\">internationalpress@fondazioneteatrodonizetti.org<\/a><\/p>\n\n\n\n<p><em>Responsabile Comunicazione e Marketing Donizetti Opera<\/em><\/p>\n\n\n\n<p>Tania Cefis +39 3384022158 <a href=\"mailto:cefis@fondazioneteatrodonizetti.org\">cefis@fondazioneteatrodonizetti.org<\/a><\/p>\n\n\n\n<p><strong>DONIZETTI OPERA 2026<\/strong><\/p>\n\n\n\n<p><strong>dal 13 al 29 novembre<\/strong><\/p>\n\n\n\n<p><strong>Teatro Donizetti, Bergamo<\/strong><\/p>\n\n\n\n<p>venerd\u00ec 13 novembre 2026, ore 20.00<\/p>\n\n\n\n<p>sabato 21 novembre 2026, ore 20.00<\/p>\n\n\n\n<p>domenica 29 novembre 2026, ore 15.30<\/p>\n\n\n\n<p><strong>L\u2019ESULE DI ROMA<\/strong><\/p>\n\n\n\n<p>Melodramma eroico in due atti di <strong>Domenico Gilardoni<\/strong><\/p>\n\n\n\n<p>Musica di <strong>Gaetano Donizetti<\/strong><\/p>\n\n\n\n<p>Prima rappresentazione: Napoli, Teatro di San Carlo, 1 gennaio 1828<\/p>\n\n\n\n<p>Edizione critica a cura di Roger Parker e Ian Schofield \u00a9 Casa Ricordi, Milano<\/p>\n\n\n\n<p>con la collaborazione e il contributo della Fondazione Teatro Donizetti di Bergamo<\/p>\n\n\n\n<p>Direttore <strong>Antonino Fogliani<\/strong><\/p>\n\n\n\n<p>Regia <strong>Katharina Thoma<\/strong><\/p>\n\n\n\n<p><strong>___________<\/strong><\/p>\n\n\n\n<p><strong>Teatro Sociale, Bergamo<\/strong><\/p>\n\n\n\n<p>sabato 14 novembre 2026, ore 20.00<\/p>\n\n\n\n<p>domenica 22 novembre 2026, ore 15.30<\/p>\n\n\n\n<p>venerd\u00ec 27 novembre 2026, ore 20.00<\/p>\n\n\n\n<p><strong>ALAHOR IN GRANATA<\/strong><\/p>\n\n\n\n<p>Melo-dramma in due atti di <strong>M.A.<\/strong><\/p>\n\n\n\n<p>Musica di <strong>Gaetano Donizetti<\/strong><\/p>\n\n\n\n<p>Prima rappresentazione: Palermo, Teatro Carolino, 7 gennaio 1826<\/p>\n\n\n\n<p>Edizione critica a cura di Edoardo Cavalli, Fondazione Teatro Donizetti di Bergamo<\/p>\n\n\n\n<p>Direttrice <strong>Chiara Cattani<\/strong><\/p>\n\n\n\n<p>Regia <strong>Benedetto Sicca<\/strong><\/p>\n\n\n\n<p><strong>Teatro Donizetti, Bergamo<\/strong><\/p>\n\n\n\n<p>domenica 15 novembre 2026, ore 15.30<\/p>\n\n\n\n<p>venerd\u00ec 20 novembre 2026, ore 20.00<\/p>\n\n\n\n<p>sabato 28 novembre 2026, ore 20.00<\/p>\n\n\n\n<p><strong>LE CONVENIENZE ED INCONVENIENZE TEATRALI<\/strong><\/p>\n\n\n\n<p>Dramma giocoso in due atti di <strong>Domenico Gilardoni<\/strong><\/p>\n\n\n\n<p>Musiche di <strong>Gaetano Donizetti<\/strong><\/p>\n\n\n\n<p>Prima rappresentazione della versione ampliata: Milano, Teatro della Canobbiana, 20 aprile 1831<\/p>\n\n\n\n<p>Edizione critica a cura di Roger Parker e Anders Wiklund \u00a9 Casa Ricordi, Milano<\/p>\n\n\n\n<p>Direttore <strong>Alberto Zanardi<\/strong><\/p>\n\n\n\n<p>Regia <strong>Silvia Paoli<\/strong><\/p>\n\n\n\n<p><strong>DONIZETTI OPERA 2026<\/strong><\/p>\n\n\n\n<p><strong>LE OPERE<\/strong><\/p>\n\n\n\n<p><strong><em>L\u2019esule di Roma<\/em><\/strong><strong><\/strong><\/p>\n\n\n\n<p>L\u2019azione si svolge nella Roma imperiale, ai tempi di Tiberio. Il generale Publio torna vittorioso dalla campagna militare contro i Sarmati. Tutti pensano che coroner\u00e0 il suo trionfo sposando Argelia, figlia del potente senatore Murena. Questi \u00e8 angustiato al pensiero di Settimio, il tribuno della plebe che ha tradito e fatto esiliare, e che invece Argelia amava: ragion per cui lei gli \u00e8 ostile e lo evita. Nel frattempo anche Settimio \u00e8 tornato a Roma, in incognito, e si accosta alla casa di Murena per avere notizie di Argelia. Vedendola sola, rassegnata alle imminenti nozze con Publio, Settimio le si rivela dichiarandosi innocente e sempre innamorato di lei. Sorpresi dai soldati, Settimio viene arrestato. Giunge intanto Publio, che si rivela d\u2019animo nobile: intende rispettare i sentimenti di Argelia, nel caso lei amasse un altro, e addirittura s\u2019impegna a salvare l\u2019amico d\u2019infanzia Settimio. Informato degli eventi, Murena impallidisce: il suo tradimento verr\u00e0 presto scoperto. Mentre il senato si riunisce, a Settimio \u00e8 concesso di dare un ultimo addio ad Argelia. Si proclama vittima di una congiura, e ne ha le prove scritte: Argelia intende sottoporle all\u2019imperatore, ma scopre che chi ha realizzato tutta la macchinazione a danno di Settimio \u00e8 suo padre Murena che, insieme agli altri senatori, ha appena votato la sua condanna a morte. Tornato a casa, sconvolto, Murena affronta Settimio che sta per tornare in prigione, e Argelia disperata. Propone loro di fuggire, ma Settimio rifiuta per non disonorarsi.<\/p>\n\n\n\n<p>Murena ha la mente sconvolta, e si aggira per casa delirando, gi\u00e0 immaginando il supplizio di Settimio. Mentre Publio promette di cercare di salvare Settimio, Murena \u00e8 rientrato in s\u00e9 e, oppresso dal rimorso, si confessa colpevole, e intenzionato a suicidarsi. Argelia tenta di dissuaderlo, e distrugge i documenti che lo accusano e che salverebbero l\u2019amato Settimio. Poi disperata, si augura la morte. Ma Settimio, dato in pasto a un leone nel circo, non \u00e8 stato sbranato in quanto la belva ha riconosciuto in lui l\u2019uomo che gli aveva a suo tempo curato una ferita, e il pentito Murena \u00e8 stato punito dall\u2019imperatore solo con l\u2019espulsione dal senato. Argelia e Settimio possono sposarsi, e tutti gioiscono del lieto fine (perfino Publio).<\/p>\n\n\n\n<p><strong><em>Alahor in Granata<\/em><\/strong><\/p>\n\n\n\n<p>La vicenda, d\u2019invenzione ma su base storica, si svolge a Granata nel tardo Quattrocento. La citt\u00e0, ultimo regno arabo nella penisola iberica, \u00e8 assediata dalle truppe spagnole. Ci\u00f2 non impedisce che al suo interno si combattano aspramente due fazioni, il clan degli Abenceraghi e quello dei Zegri. Questi ultimi hanno preso il potere facendo strage dei rivali, e assassinando re Mohamed per sostituirlo con Muley-Hassem. Pur essendo zegro, quest\u2019ultimo per\u00f2 si rivela non di parte, n\u00e9 fanatico: ama (riamato) Zobeida, figlia di Mohamed, e tratta con gli Spagnoli per arrivare a una pace. Tutto ci\u00f2 gli attira l\u2019odio di Alamar capo dei Zegri, che intendeva fargli sposare sua figlia, e di tutta la bellicosa trib\u00f9 che vorrebbe continuare a combattere. Ma contro Muley-Hassem trama anche Alahor, fratello di Zobeida, tornato in incognito per impedire il matrimonio della sorella, e per vendicare il padre uccidendo il nuovo re. Forzata da Alahor, Zobeida si nega pubblicamente alle nozze, lasciando Muley-Hassem sconcertato. Alamar coinvolge Alahor nella congiura per assassinare Muley-Hassem, che per\u00f2 fallisce. Il re non solo non lo punisce, ma a malincuore rinuncia a Zobeida. Colpito da tanta magnanimit\u00e0, Alahor acconsente alle loro nozze: anzi, quando Alamar e gli Zegri irrompono pensando che Muley-Hassem sia stato ucciso da Alahor, \u00e8 proprio quest\u2019ultimo a difenderlo. Anche Alamar, sconfitto, \u00e8 perdonato dal re. Zobeida pu\u00f2 ora diventare sposa dell\u2019amato e saggio Muley-Hassem.<\/p>\n\n\n\n<p><strong><em>Le convenienze ed inconvenienze teatrali<\/em><\/strong><\/p>\n\n\n\n<p>Una compagnia d\u2019opera si riunisce nel teatro di un piccolo paese italiano per provare il melodramma serio programmato per la locale stagione di fiera. Il libretto, nientemeno che di Metastasio, \u00e8 adattato da un poetastro del posto, e intonato da un musicista ancor pi\u00f9 provinciale. Quanto ai cantanti, sono mezze calzette che per\u00f2 hanno le stesse pretese dei divi. Ecco allora battibecchi fra primedonne, mugugni degli scontenti, poeta e compositore a fronteggiare le pretese di questo e quell\u2019altro, nonch\u00e9 le ingerenze di madri impiccione e mariti invadenti.<\/p>\n\n\n\n<p>Donizetti scrisse questa farsa nel 1827, in un atto e per Napoli, con dialoghi parlati e un ruolo dialettale. Per consentirne la circolazione anche altrove, nel 1831 la rivide e la port\u00f2 a 2 atti, coi recitativi cantati e tutta in italiano.<\/p>\n\n\n\n<p>foto<\/p>\n\n\n\n<figure class=\"wp-block-gallery has-nested-images columns-default is-cropped wp-block-gallery-1 is-layout-flex wp-block-gallery-is-layout-flex\">\n<figure class=\"wp-block-image size-large\"><a href=\"https:\/\/www.ecoitaliano.com.ar\/wp-content\/uploads\/2025\/11\/GFR_8001.jpg\"><img decoding=\"async\" width=\"1024\" height=\"681\" data-id=\"81966\" src=\"https:\/\/www.ecoitaliano.com.ar\/wp-content\/uploads\/2025\/11\/GFR_8001-1024x681.jpg\" alt=\"\" class=\"wp-image-81966\" srcset=\"https:\/\/www.ecoitaliano.com.ar\/wp-content\/uploads\/2025\/11\/GFR_8001-1024x681.jpg 1024w, https:\/\/www.ecoitaliano.com.ar\/wp-content\/uploads\/2025\/11\/GFR_8001-300x200.jpg 300w, https:\/\/www.ecoitaliano.com.ar\/wp-content\/uploads\/2025\/11\/GFR_8001-768x511.jpg 768w, https:\/\/www.ecoitaliano.com.ar\/wp-content\/uploads\/2025\/11\/GFR_8001-1536x1022.jpg 1536w, https:\/\/www.ecoitaliano.com.ar\/wp-content\/uploads\/2025\/11\/GFR_8001-2048x1362.jpg 2048w, https:\/\/www.ecoitaliano.com.ar\/wp-content\/uploads\/2025\/11\/GFR_8001-150x100.jpg 150w\" sizes=\"(max-width: 1024px) 100vw, 1024px\" \/><\/a><\/figure>\n\n\n\n<figure class=\"wp-block-image size-large\"><a href=\"https:\/\/www.ecoitaliano.com.ar\/wp-content\/uploads\/2025\/11\/GFR_8012.jpg\"><img decoding=\"async\" width=\"1024\" height=\"681\" data-id=\"81967\" src=\"https:\/\/www.ecoitaliano.com.ar\/wp-content\/uploads\/2025\/11\/GFR_8012-1024x681.jpg\" alt=\"\" class=\"wp-image-81967\" srcset=\"https:\/\/www.ecoitaliano.com.ar\/wp-content\/uploads\/2025\/11\/GFR_8012-1024x681.jpg 1024w, https:\/\/www.ecoitaliano.com.ar\/wp-content\/uploads\/2025\/11\/GFR_8012-300x200.jpg 300w, https:\/\/www.ecoitaliano.com.ar\/wp-content\/uploads\/2025\/11\/GFR_8012-768x511.jpg 768w, https:\/\/www.ecoitaliano.com.ar\/wp-content\/uploads\/2025\/11\/GFR_8012-1536x1022.jpg 1536w, https:\/\/www.ecoitaliano.com.ar\/wp-content\/uploads\/2025\/11\/GFR_8012-2048x1362.jpg 2048w, https:\/\/www.ecoitaliano.com.ar\/wp-content\/uploads\/2025\/11\/GFR_8012-150x100.jpg 150w\" sizes=\"(max-width: 1024px) 100vw, 1024px\" \/><\/a><\/figure>\n\n\n\n<figure class=\"wp-block-image size-large\"><a href=\"https:\/\/www.ecoitaliano.com.ar\/wp-content\/uploads\/2025\/11\/GFR_8014.jpg\"><img decoding=\"async\" width=\"1024\" height=\"681\" data-id=\"81968\" src=\"https:\/\/www.ecoitaliano.com.ar\/wp-content\/uploads\/2025\/11\/GFR_8014-1024x681.jpg\" alt=\"\" class=\"wp-image-81968\" srcset=\"https:\/\/www.ecoitaliano.com.ar\/wp-content\/uploads\/2025\/11\/GFR_8014-1024x681.jpg 1024w, https:\/\/www.ecoitaliano.com.ar\/wp-content\/uploads\/2025\/11\/GFR_8014-300x200.jpg 300w, https:\/\/www.ecoitaliano.com.ar\/wp-content\/uploads\/2025\/11\/GFR_8014-768x511.jpg 768w, https:\/\/www.ecoitaliano.com.ar\/wp-content\/uploads\/2025\/11\/GFR_8014-1536x1022.jpg 1536w, https:\/\/www.ecoitaliano.com.ar\/wp-content\/uploads\/2025\/11\/GFR_8014-2048x1362.jpg 2048w, https:\/\/www.ecoitaliano.com.ar\/wp-content\/uploads\/2025\/11\/GFR_8014-150x100.jpg 150w\" sizes=\"(max-width: 1024px) 100vw, 1024px\" \/><\/a><\/figure>\n\n\n\n<figure class=\"wp-block-image size-large\"><a href=\"https:\/\/www.ecoitaliano.com.ar\/wp-content\/uploads\/2025\/11\/GFR_8025.jpg\"><img decoding=\"async\" width=\"1024\" height=\"681\" data-id=\"81969\" src=\"https:\/\/www.ecoitaliano.com.ar\/wp-content\/uploads\/2025\/11\/GFR_8025-1024x681.jpg\" alt=\"\" class=\"wp-image-81969\" srcset=\"https:\/\/www.ecoitaliano.com.ar\/wp-content\/uploads\/2025\/11\/GFR_8025-1024x681.jpg 1024w, https:\/\/www.ecoitaliano.com.ar\/wp-content\/uploads\/2025\/11\/GFR_8025-300x200.jpg 300w, https:\/\/www.ecoitaliano.com.ar\/wp-content\/uploads\/2025\/11\/GFR_8025-768x511.jpg 768w, https:\/\/www.ecoitaliano.com.ar\/wp-content\/uploads\/2025\/11\/GFR_8025-1536x1022.jpg 1536w, https:\/\/www.ecoitaliano.com.ar\/wp-content\/uploads\/2025\/11\/GFR_8025-2048x1362.jpg 2048w, https:\/\/www.ecoitaliano.com.ar\/wp-content\/uploads\/2025\/11\/GFR_8025-150x100.jpg 150w\" sizes=\"(max-width: 1024px) 100vw, 1024px\" \/><\/a><\/figure>\n\n\n\n<figure class=\"wp-block-image size-large\"><a href=\"https:\/\/www.ecoitaliano.com.ar\/wp-content\/uploads\/2025\/11\/GFR_8165.jpg\"><img decoding=\"async\" width=\"1024\" height=\"681\" data-id=\"81970\" src=\"https:\/\/www.ecoitaliano.com.ar\/wp-content\/uploads\/2025\/11\/GFR_8165-1024x681.jpg\" alt=\"\" class=\"wp-image-81970\" srcset=\"https:\/\/www.ecoitaliano.com.ar\/wp-content\/uploads\/2025\/11\/GFR_8165-1024x681.jpg 1024w, https:\/\/www.ecoitaliano.com.ar\/wp-content\/uploads\/2025\/11\/GFR_8165-300x200.jpg 300w, https:\/\/www.ecoitaliano.com.ar\/wp-content\/uploads\/2025\/11\/GFR_8165-768x511.jpg 768w, https:\/\/www.ecoitaliano.com.ar\/wp-content\/uploads\/2025\/11\/GFR_8165-1536x1022.jpg 1536w, https:\/\/www.ecoitaliano.com.ar\/wp-content\/uploads\/2025\/11\/GFR_8165-2048x1362.jpg 2048w, https:\/\/www.ecoitaliano.com.ar\/wp-content\/uploads\/2025\/11\/GFR_8165-150x100.jpg 150w\" sizes=\"(max-width: 1024px) 100vw, 1024px\" \/><\/a><\/figure>\n\n\n\n<figure class=\"wp-block-image size-large\"><a href=\"https:\/\/www.ecoitaliano.com.ar\/wp-content\/uploads\/2025\/11\/Pubblico-al-Teatro-Donizetti-GFR_3809.jpg\"><img decoding=\"async\" width=\"1024\" height=\"681\" data-id=\"81971\" src=\"https:\/\/www.ecoitaliano.com.ar\/wp-content\/uploads\/2025\/11\/Pubblico-al-Teatro-Donizetti-GFR_3809-1024x681.jpg\" alt=\"\" class=\"wp-image-81971\" srcset=\"https:\/\/www.ecoitaliano.com.ar\/wp-content\/uploads\/2025\/11\/Pubblico-al-Teatro-Donizetti-GFR_3809-1024x681.jpg 1024w, https:\/\/www.ecoitaliano.com.ar\/wp-content\/uploads\/2025\/11\/Pubblico-al-Teatro-Donizetti-GFR_3809-300x200.jpg 300w, https:\/\/www.ecoitaliano.com.ar\/wp-content\/uploads\/2025\/11\/Pubblico-al-Teatro-Donizetti-GFR_3809-768x511.jpg 768w, https:\/\/www.ecoitaliano.com.ar\/wp-content\/uploads\/2025\/11\/Pubblico-al-Teatro-Donizetti-GFR_3809-1536x1022.jpg 1536w, https:\/\/www.ecoitaliano.com.ar\/wp-content\/uploads\/2025\/11\/Pubblico-al-Teatro-Donizetti-GFR_3809-2048x1362.jpg 2048w, https:\/\/www.ecoitaliano.com.ar\/wp-content\/uploads\/2025\/11\/Pubblico-al-Teatro-Donizetti-GFR_3809-150x100.jpg 150w\" sizes=\"(max-width: 1024px) 100vw, 1024px\" \/><\/a><\/figure>\n<\/figure>\n","protected":false},"excerpt":{"rendered":"<p>DONIZETTI OPERA 2026 L\u2019ESULE DI ROMA, ALAHOR IN GRANATA,LE CONVENIENZE ED INCONVENIENZE TEATRALISONO I TITOLI DELLA PROSSIMA EDIZIONE Le bacchette [&hellip;]<\/p>\n","protected":false},"author":1,"featured_media":0,"comment_status":"open","ping_status":"open","sticky":false,"template":"","format":"standard","meta":{"footnotes":""},"categories":[1],"tags":[],"class_list":["post-81964","post","type-post","status-publish","format-standard","hentry","category-sin-categoria"],"_links":{"self":[{"href":"https:\/\/www.ecoitaliano.com.ar\/index.php?rest_route=\/wp\/v2\/posts\/81964","targetHints":{"allow":["GET"]}}],"collection":[{"href":"https:\/\/www.ecoitaliano.com.ar\/index.php?rest_route=\/wp\/v2\/posts"}],"about":[{"href":"https:\/\/www.ecoitaliano.com.ar\/index.php?rest_route=\/wp\/v2\/types\/post"}],"author":[{"embeddable":true,"href":"https:\/\/www.ecoitaliano.com.ar\/index.php?rest_route=\/wp\/v2\/users\/1"}],"replies":[{"embeddable":true,"href":"https:\/\/www.ecoitaliano.com.ar\/index.php?rest_route=%2Fwp%2Fv2%2Fcomments&post=81964"}],"version-history":[{"count":1,"href":"https:\/\/www.ecoitaliano.com.ar\/index.php?rest_route=\/wp\/v2\/posts\/81964\/revisions"}],"predecessor-version":[{"id":81972,"href":"https:\/\/www.ecoitaliano.com.ar\/index.php?rest_route=\/wp\/v2\/posts\/81964\/revisions\/81972"}],"wp:attachment":[{"href":"https:\/\/www.ecoitaliano.com.ar\/index.php?rest_route=%2Fwp%2Fv2%2Fmedia&parent=81964"}],"wp:term":[{"taxonomy":"category","embeddable":true,"href":"https:\/\/www.ecoitaliano.com.ar\/index.php?rest_route=%2Fwp%2Fv2%2Fcategories&post=81964"},{"taxonomy":"post_tag","embeddable":true,"href":"https:\/\/www.ecoitaliano.com.ar\/index.php?rest_route=%2Fwp%2Fv2%2Ftags&post=81964"}],"curies":[{"name":"wp","href":"https:\/\/api.w.org\/{rel}","templated":true}]}}