{"id":82007,"date":"2025-11-16T09:17:49","date_gmt":"2025-11-16T09:17:49","guid":{"rendered":"https:\/\/www.ecoitaliano.com.ar\/?p=82007"},"modified":"2025-11-16T09:18:06","modified_gmt":"2025-11-16T09:18:06","slug":"perche-poeti-in-tempo-di-liberta-dal-17-novembre-2025-al-via-a-firenze-il-ciclo-di-poesia-e-critica-letteraria","status":"publish","type":"post","link":"https:\/\/www.ecoitaliano.com.ar\/?p=82007","title":{"rendered":"PERCH\u00c9 POETI IN TEMPO DI LIBERT\u00c0\u00a0 ?\u00a0 DAL 17 NOVEMBRE 2025 AL VIA A\u00a0 FIRENZE IL CICLO DI POESIA E CRITICA LETTERARIA\u00a0"},"content":{"rendered":"\n<p><em>CRISTINA FONTANELLI\u00a0<\/em><\/p>\n\n\n\n<figure class=\"wp-block-image\"><img decoding=\"async\" src=\"https:\/\/mail.google.com\/mail\/u\/2?ui=2&amp;ik=a91c2962d6&amp;attid=0.0.1&amp;permmsgid=msg-f:1848917790520442660&amp;th=19a8acef3adeff24&amp;view=fimg&amp;fur=ip&amp;permmsgid=msg-f:1848917790520442660&amp;sz=s0-l75-ft&amp;attbid=ANGjdJ_jhkIw_n3dYPHylXtgUKGiHpLhrW5ocTImlRDo7vkmZxTWxMAlNoY_JP2OWzK6xxZ26Tde2FAFzSS_rkz5cltJXu8gNz_MAHRqPQvQZz2iGnDG8YUVbInuxAo&amp;disp=emb&amp;zw\" alt=\"\"\/><\/figure>\n\n\n\n<figure class=\"wp-block-gallery has-nested-images columns-default is-cropped wp-block-gallery-1 is-layout-flex wp-block-gallery-is-layout-flex\">\n<figure class=\"wp-block-image size-large\"><a href=\"https:\/\/www.ecoitaliano.com.ar\/wp-content\/uploads\/2025\/11\/Rimbaud.png\"><img decoding=\"async\" width=\"500\" height=\"658\" data-id=\"82008\" src=\"https:\/\/www.ecoitaliano.com.ar\/wp-content\/uploads\/2025\/11\/Rimbaud.png\" alt=\"\" class=\"wp-image-82008\" srcset=\"https:\/\/www.ecoitaliano.com.ar\/wp-content\/uploads\/2025\/11\/Rimbaud.png 500w, https:\/\/www.ecoitaliano.com.ar\/wp-content\/uploads\/2025\/11\/Rimbaud-228x300.png 228w, https:\/\/www.ecoitaliano.com.ar\/wp-content\/uploads\/2025\/11\/Rimbaud-114x150.png 114w\" sizes=\"(max-width: 500px) 100vw, 500px\" \/><\/a><\/figure>\n\n\n\n<figure class=\"wp-block-image size-large\"><a href=\"https:\/\/www.ecoitaliano.com.ar\/wp-content\/uploads\/2025\/11\/CieloDante_600x398.jpg\"><img decoding=\"async\" width=\"600\" height=\"398\" data-id=\"82009\" src=\"https:\/\/www.ecoitaliano.com.ar\/wp-content\/uploads\/2025\/11\/CieloDante_600x398.jpg\" alt=\"\" class=\"wp-image-82009\" srcset=\"https:\/\/www.ecoitaliano.com.ar\/wp-content\/uploads\/2025\/11\/CieloDante_600x398.jpg 600w, https:\/\/www.ecoitaliano.com.ar\/wp-content\/uploads\/2025\/11\/CieloDante_600x398-300x199.jpg 300w, https:\/\/www.ecoitaliano.com.ar\/wp-content\/uploads\/2025\/11\/CieloDante_600x398-150x100.jpg 150w\" sizes=\"(max-width: 600px) 100vw, 600px\" \/><\/a><\/figure>\n\n\n\n<figure class=\"wp-block-image size-large\"><a href=\"https:\/\/www.ecoitaliano.com.ar\/wp-content\/uploads\/2025\/11\/500px-Leopardi_Giacomo_1798-1837_-_ritr._A_Ferrazzi_Recanati_casa_Leopardi-1.jpg\"><img decoding=\"async\" width=\"500\" height=\"520\" data-id=\"82010\" src=\"https:\/\/www.ecoitaliano.com.ar\/wp-content\/uploads\/2025\/11\/500px-Leopardi_Giacomo_1798-1837_-_ritr._A_Ferrazzi_Recanati_casa_Leopardi-1.jpg\" alt=\"\" class=\"wp-image-82010\" srcset=\"https:\/\/www.ecoitaliano.com.ar\/wp-content\/uploads\/2025\/11\/500px-Leopardi_Giacomo_1798-1837_-_ritr._A_Ferrazzi_Recanati_casa_Leopardi-1.jpg 500w, https:\/\/www.ecoitaliano.com.ar\/wp-content\/uploads\/2025\/11\/500px-Leopardi_Giacomo_1798-1837_-_ritr._A_Ferrazzi_Recanati_casa_Leopardi-1-288x300.jpg 288w, https:\/\/www.ecoitaliano.com.ar\/wp-content\/uploads\/2025\/11\/500px-Leopardi_Giacomo_1798-1837_-_ritr._A_Ferrazzi_Recanati_casa_Leopardi-1-144x150.jpg 144w\" sizes=\"(max-width: 500px) 100vw, 500px\" \/><\/a><figcaption class=\"wp-element-caption\">File source: http:\/\/commons.wikimedia.org\/wiki\/File:Leopardi,_Giacomo_(1798-1837)_-_ritr._A_Ferrazzi,_Recanati,_casa_Leopardi.jpg<\/figcaption><\/figure>\n<\/figure>\n\n\n\n<p>by CRISTINA FONTANELLI<\/p>\n\n\n\n<p>Alla biblioteca fiorentina delle Oblate riprende il ciclo annuale di poesia \u00abPerch\u00e9 poeti in tempo di povert\u00e0?\u00bb dal prossimo 17 Novembre 2025. Giunto con successo alla diciottesima edizione,&nbsp; questo interessante percorso culturale d&#8217;avvicinamento alla poesia moderna e contemporanea mira ad avvicinare il pubblico d&#8217;ogni et\u00e0 all&#8217;arte poetica, alla critica ed alla letteratura comparata. Con i preziosi contributi offerti da studiosi ed esperti in materia di poetica letteraria e tramite un confronto di carattere divulgativo, sono presi in esame alcuni paradigmatici testi d&#8217;autori, sia italiani che stranieri, analizzando in dettaglio opere significative elaborate nel periodo storico che intercorre dalla fine del diciottesimo secoli ai tempi nostri. Proposta&nbsp;all&#8217;interno della suddetta location, l&#8217;iniziativa ha luogo dal 17 novembre 2025 fino al mese di maggio 2026. In questa occasione, il pubblico partecipante potr\u00e0 apprezzare al meglio opere e testi letterari di autori pi\u00f9 o meno noti dell&#8217;et\u00e0 moderna e contemporanea. Per gli&nbsp;studenti delle scuole secondarie \u00e8 previsto anche uno speciale programma formativo inserito in uno specifico progetto di alternanza scuola-lavoro (PCTO). A tutti gli interessati segnaliamo che \u00e8 anche possibile seguire il corso on line, a distanza. Quest&#8217;anno l&#8217;introduzione del ciclo formativo culturale \u00e8 a cura di Vittorio Biagini, esponente di spicco del \u00abLaboratorio Nuova Buonarroti\u00bb. Per iscriversi al corso di poesia \u00e8 opportuno inviare le proprie richieste con una email al seguente indirizzo :&nbsp;&nbsp;<a href=\"mailto:perchepoeti@gmail.com\" target=\"_blank\" rel=\"noreferrer noopener\">perchepoeti@gmail.com<\/a><\/p>\n\n\n\n<p>Qua di seguito pubblichiamo il Programma 2025-2026 :&nbsp;<\/p>\n\n\n\n<p>Luned\u00ec 17 Novembre 2025 (ore 17) :&nbsp;Introduzione al percorso, a cura di Vittorio Biagini.<\/p>\n\n\n\n<p>Luned\u00ec 1\u00b0 Dicembre 2025 (ore 17) :&nbsp; &nbsp;Friedrich H\u00f6lderlin, a cura di Andrea Mecacci&nbsp;(Docente di Estetica all\u2019universit\u00e0 di firenze).<\/p>\n\n\n\n<p>Luned\u00ec 15 Dicembre 2025 (ore 17) :&nbsp; &nbsp;George Gordon Byron, a cura di Franco&nbsp;<br>Marucci Franco Marucci, scrittore ed esperto di letteratura inglese, gi\u00e0 docente in varie Universit\u00e0).&nbsp;<\/p>\n\n\n\n<p>Luned\u00ec 12 Gennaio 2026 (ore 17) :&nbsp;&nbsp;Giacomo Leopardi, a cura di Antonio Prete&nbsp;<br>Antonio Prete (Poeta, gi\u00e0&nbsp; docente di Letterature comparate all\u2019Universit\u00e0 di Siena).<\/p>\n\n\n\n<p>Luned\u00ec 26 Gennaio 2026 (ore 17) :&nbsp;&nbsp;Charles Pierre Baudelaire e Arthur Rimbaud, a cura di Michela Landi (docente di&nbsp;Letteratura francese all\u2019universit\u00e0 di firenze).&nbsp;<\/p>\n\n\n\n<p>Luned\u00ec 9 Febbraio 2026 (ore 17) :&nbsp;&nbsp;William Blake, a cura di Brenda Porster; oltre a&nbsp;&nbsp;<br>Emily Dickinson, a cura di Elisa Biagini.&nbsp;&nbsp;La prof.ssa Brenda Porster, Poetessa bilingue, ha insegnato Letteratura Inglese mentre&nbsp;<br>Elisa Biagini, Poetessa,&nbsp; sta attualmente insegnando Creative Writing presso la New York University Florence.&nbsp;<\/p>\n\n\n\n<p>Luned\u00ec 23 Febbraio 2026 (ore 17) :&nbsp;&nbsp;Poesia e Musica, a cura di Paola Trotter.<\/p>\n\n\n\n<p>Luned\u00ec 16 Marzo 2026 (ore 17) :&nbsp; Giovanni Pascoli, a cura di Cecilia Bello Minciacchi (Docente di Letteratura Italiana Contemporanea all\u2019Universit\u00e0 di Roma La Sapienza).<\/p>\n\n\n\n<p>Luned\u00ec 30 Marzo 2026 (ore 17) :&nbsp; Rainer Maria Rilke, lezione a cura di Liliana Giacoponi, Docente&nbsp;di&nbsp; Letteratura Tedesca all\u2019universit\u00e0 di Firenze<\/p>\n\n\n\n<p>Luned\u00ec 13 Aprile 2026 (ore 17) Poeti italiani contemporanei, lezioni di letteratura svolte a cura del prof. Stefano Giovannuzzi (Universit\u00e0 di Perugia) e del prof. Riccardo Donati (Universit\u00e0&nbsp; di Napoli). Ancora presso la biblioteca delle Oblate, nel meriggio di Luned\u00ec 4 maggio 2026 (dalle ore 16) avranno luogo le presentazioni di alcuni testi di autori moderni ad opera dei partecipanti all&#8217;intero iter formativo culturale.<\/p>\n\n\n\n<p>ARTICOLO by CRISTINA FONTANELLI&nbsp;<\/p>\n\n\n\n<p>Giornalista, Fotografa, Critica d&#8217;Arte.&nbsp;<\/p>\n","protected":false},"excerpt":{"rendered":"<p>CRISTINA FONTANELLI\u00a0 by CRISTINA FONTANELLI Alla biblioteca fiorentina delle Oblate riprende il ciclo annuale di poesia \u00abPerch\u00e9 poeti in tempo [&hellip;]<\/p>\n","protected":false},"author":1,"featured_media":0,"comment_status":"open","ping_status":"open","sticky":false,"template":"","format":"standard","meta":{"footnotes":""},"categories":[4,10,22],"tags":[],"class_list":["post-82007","post","type-post","status-publish","format-standard","hentry","category-cultura","category-italiano","category-libros-y-revistas-literatura"],"_links":{"self":[{"href":"https:\/\/www.ecoitaliano.com.ar\/index.php?rest_route=\/wp\/v2\/posts\/82007","targetHints":{"allow":["GET"]}}],"collection":[{"href":"https:\/\/www.ecoitaliano.com.ar\/index.php?rest_route=\/wp\/v2\/posts"}],"about":[{"href":"https:\/\/www.ecoitaliano.com.ar\/index.php?rest_route=\/wp\/v2\/types\/post"}],"author":[{"embeddable":true,"href":"https:\/\/www.ecoitaliano.com.ar\/index.php?rest_route=\/wp\/v2\/users\/1"}],"replies":[{"embeddable":true,"href":"https:\/\/www.ecoitaliano.com.ar\/index.php?rest_route=%2Fwp%2Fv2%2Fcomments&post=82007"}],"version-history":[{"count":1,"href":"https:\/\/www.ecoitaliano.com.ar\/index.php?rest_route=\/wp\/v2\/posts\/82007\/revisions"}],"predecessor-version":[{"id":82011,"href":"https:\/\/www.ecoitaliano.com.ar\/index.php?rest_route=\/wp\/v2\/posts\/82007\/revisions\/82011"}],"wp:attachment":[{"href":"https:\/\/www.ecoitaliano.com.ar\/index.php?rest_route=%2Fwp%2Fv2%2Fmedia&parent=82007"}],"wp:term":[{"taxonomy":"category","embeddable":true,"href":"https:\/\/www.ecoitaliano.com.ar\/index.php?rest_route=%2Fwp%2Fv2%2Fcategories&post=82007"},{"taxonomy":"post_tag","embeddable":true,"href":"https:\/\/www.ecoitaliano.com.ar\/index.php?rest_route=%2Fwp%2Fv2%2Ftags&post=82007"}],"curies":[{"name":"wp","href":"https:\/\/api.w.org\/{rel}","templated":true}]}}