{"id":82012,"date":"2025-11-16T14:22:10","date_gmt":"2025-11-16T14:22:10","guid":{"rendered":"https:\/\/www.ecoitaliano.com.ar\/?p=82012"},"modified":"2025-11-16T15:28:04","modified_gmt":"2025-11-16T15:28:04","slug":"nellisola-della-maga-alcina","status":"publish","type":"post","link":"https:\/\/www.ecoitaliano.com.ar\/?p=82012","title":{"rendered":"Nell\u2019isola della maga Alcina"},"content":{"rendered":"\n<p><strong>(Trilogia d\u2019autunno, Ravenna Festival 2025)<\/strong><\/p>\n\n\n\n<figure class=\"wp-block-gallery has-nested-images columns-default is-cropped wp-block-gallery-1 is-layout-flex wp-block-gallery-is-layout-flex\">\n<figure class=\"wp-block-image size-large\"><a href=\"https:\/\/www.ecoitaliano.com.ar\/wp-content\/uploads\/2025\/11\/Prove_Alcina\u00a9Zani-Casadio-_KEZ7586ok.jpg\"><img decoding=\"async\" width=\"1024\" height=\"638\" data-id=\"82013\" src=\"https:\/\/www.ecoitaliano.com.ar\/wp-content\/uploads\/2025\/11\/Prove_Alcina\u00a9Zani-Casadio-_KEZ7586ok-1024x638.jpg\" alt=\"\" class=\"wp-image-82013\" srcset=\"https:\/\/www.ecoitaliano.com.ar\/wp-content\/uploads\/2025\/11\/Prove_Alcina\u00a9Zani-Casadio-_KEZ7586ok-1024x638.jpg 1024w, https:\/\/www.ecoitaliano.com.ar\/wp-content\/uploads\/2025\/11\/Prove_Alcina\u00a9Zani-Casadio-_KEZ7586ok-300x187.jpg 300w, https:\/\/www.ecoitaliano.com.ar\/wp-content\/uploads\/2025\/11\/Prove_Alcina\u00a9Zani-Casadio-_KEZ7586ok-768x479.jpg 768w, https:\/\/www.ecoitaliano.com.ar\/wp-content\/uploads\/2025\/11\/Prove_Alcina\u00a9Zani-Casadio-_KEZ7586ok-1536x957.jpg 1536w, https:\/\/www.ecoitaliano.com.ar\/wp-content\/uploads\/2025\/11\/Prove_Alcina\u00a9Zani-Casadio-_KEZ7586ok-150x93.jpg 150w, https:\/\/www.ecoitaliano.com.ar\/wp-content\/uploads\/2025\/11\/Prove_Alcina\u00a9Zani-Casadio-_KEZ7586ok.jpg 1738w\" sizes=\"(max-width: 1024px) 100vw, 1024px\" \/><\/a><\/figure>\n\n\n\n<figure class=\"wp-block-image size-large\"><a href=\"https:\/\/www.ecoitaliano.com.ar\/wp-content\/uploads\/2025\/11\/4PIZZIProve_Alcina\u00a9Zani-Casadio-ZAN_5297.jpg\"><img decoding=\"async\" width=\"1024\" height=\"798\" data-id=\"82014\" src=\"https:\/\/www.ecoitaliano.com.ar\/wp-content\/uploads\/2025\/11\/4PIZZIProve_Alcina\u00a9Zani-Casadio-ZAN_5297-1024x798.jpg\" alt=\"\" class=\"wp-image-82014\" srcset=\"https:\/\/www.ecoitaliano.com.ar\/wp-content\/uploads\/2025\/11\/4PIZZIProve_Alcina\u00a9Zani-Casadio-ZAN_5297-1024x798.jpg 1024w, https:\/\/www.ecoitaliano.com.ar\/wp-content\/uploads\/2025\/11\/4PIZZIProve_Alcina\u00a9Zani-Casadio-ZAN_5297-300x234.jpg 300w, https:\/\/www.ecoitaliano.com.ar\/wp-content\/uploads\/2025\/11\/4PIZZIProve_Alcina\u00a9Zani-Casadio-ZAN_5297-768x599.jpg 768w, https:\/\/www.ecoitaliano.com.ar\/wp-content\/uploads\/2025\/11\/4PIZZIProve_Alcina\u00a9Zani-Casadio-ZAN_5297-150x117.jpg 150w, https:\/\/www.ecoitaliano.com.ar\/wp-content\/uploads\/2025\/11\/4PIZZIProve_Alcina\u00a9Zani-Casadio-ZAN_5297-400x311.jpg 400w, https:\/\/www.ecoitaliano.com.ar\/wp-content\/uploads\/2025\/11\/4PIZZIProve_Alcina\u00a9Zani-Casadio-ZAN_5297.jpg 1459w\" sizes=\"(max-width: 1024px) 100vw, 1024px\" \/><\/a><\/figure>\n\n\n\n<figure class=\"wp-block-image size-large\"><a href=\"https:\/\/www.ecoitaliano.com.ar\/wp-content\/uploads\/2025\/11\/2Prove_Alcina\u00a9Zani-Casadio-_KEZ7614ok.jpg\"><img decoding=\"async\" width=\"1024\" height=\"563\" data-id=\"82015\" src=\"https:\/\/www.ecoitaliano.com.ar\/wp-content\/uploads\/2025\/11\/2Prove_Alcina\u00a9Zani-Casadio-_KEZ7614ok-1024x563.jpg\" alt=\"\" class=\"wp-image-82015\" srcset=\"https:\/\/www.ecoitaliano.com.ar\/wp-content\/uploads\/2025\/11\/2Prove_Alcina\u00a9Zani-Casadio-_KEZ7614ok-1024x563.jpg 1024w, https:\/\/www.ecoitaliano.com.ar\/wp-content\/uploads\/2025\/11\/2Prove_Alcina\u00a9Zani-Casadio-_KEZ7614ok-300x165.jpg 300w, https:\/\/www.ecoitaliano.com.ar\/wp-content\/uploads\/2025\/11\/2Prove_Alcina\u00a9Zani-Casadio-_KEZ7614ok-768x422.jpg 768w, https:\/\/www.ecoitaliano.com.ar\/wp-content\/uploads\/2025\/11\/2Prove_Alcina\u00a9Zani-Casadio-_KEZ7614ok-1536x845.jpg 1536w, https:\/\/www.ecoitaliano.com.ar\/wp-content\/uploads\/2025\/11\/2Prove_Alcina\u00a9Zani-Casadio-_KEZ7614ok-150x83.jpg 150w, https:\/\/www.ecoitaliano.com.ar\/wp-content\/uploads\/2025\/11\/2Prove_Alcina\u00a9Zani-Casadio-_KEZ7614ok.jpg 1738w\" sizes=\"(max-width: 1024px) 100vw, 1024px\" \/><\/a><\/figure>\n<\/figure>\n\n\n\n<p>Al genio musicale di Georg Friedrich H\u00e4ndel (Halle,1685 &#8211; Londra,1759), uno dei pi\u00f9 grandi compositori del tardo barocco e in assoluto della storia della musica, \u00e8 dedicata la Trilogia d\u2019autunno del Ravenna Festival 2025 che ha messo in scena &#8211; presso il locale Teatro&nbsp;<em>Alighieri<\/em>&nbsp;&#8211; tre delle sue opere maggiori:&nbsp;<em>Orlando<\/em>&nbsp;(12 e 14 novembre ore 20),&nbsp;<em>Alcina<\/em>&nbsp;(13 e 15 novembre ore 20) e&nbsp;<em>Messiah<\/em>&nbsp;(16 novembre ore 17).<\/p>\n\n\n\n<p><em>Quel che l&#8217;uom vede, Amor gli fa invisibile, e l&#8217;invisibil fa vedere Amore-<\/em>&nbsp;recita il titolo della Trilogia: com\u2019\u00e8 noto a tutti, l&#8217;amore ha il potere, talvolta, di distorcere la percezione della realt\u00e0, rendendo invisibile ci\u00f2 che \u00e8 davanti ai nostri occhi e al contrario, facendoci apparire davanti agli stessi, cose e situazioni inesistenti.<\/p>\n\n\n\n<p>Mentre l\u2019anno scorso l\u2019attenzione \u00e8 stata rivolta agli&nbsp;<em>eroi erranti in cerca di pace&nbsp;<\/em>(in particolare Ulisse e Enea, protagonisti&nbsp;<em>di due tra i pi\u00f9 famosi poemi epici della storia<\/em>), quest\u2019anno la scena \u00e8 stata riservata agli eroi \u2018<em>colti nel lato pi\u00f9 fragile della loro umanit\u00e0, esposti al potere dell\u2019amore che toglie il lume della ragione, e a quello della magia che ne sconvolge gli intenti. Si tratta di eroi che nella follia riescono ad andare oltre il peso materiale del vivere, a trascendere il reale fino a comprenderlo nella sua essenza e ad immaginare quel mondo ideale, forse irraggiungibile ma motore di ogni progresso,<\/em>&nbsp;come riportano le note illustrative della manifestazione musicale.<\/p>\n\n\n\n<p>Dopo aver affrontato Monteverdi (<em>Il ritorno di Ulisse in patria)&nbsp;<\/em>e Purcell (<em>Dido and Aeneas)<\/em>, Pier Luigi Pizzi e Ottavio Dantone firmano questa nuova impresa: Pizzi per quanto concerne regia, scene, costumi (con l\u2019assistenza di Marco Berriel, Serena Rocco e Lorena Marin<strong>,&nbsp;<\/strong>progetto luci di Oscar Frosio e editing video di Matteo Letizi) e Dantone (solista al clavicembalo) sul podio dell\u2019Accademia Bizantina,&nbsp;<em>ensemble specializzato nell&#8217;esecuzione del repertorio musicale del XVII e XVIII secolo<\/em><em>,&nbsp;<\/em>su strumenti originali, capace di&nbsp;<em>\u2018leggere la partitura con gli occhi di chi sa cogliere e riconoscere&nbsp;le suggestioni che il compositore aveva immaginato e voleva lasciarci.<\/em><\/p>\n\n\n\n<p><em>Quando si dice barocco, vengono subito in mente capricci, estasi, deliqui, delirio, follia. In realt\u00e0 non esiste barocco senza il rigore e l&#8217;ordine&nbsp;<\/em>&#8211; avverte Pizzi che ha puntato sulla forza della musica e sul potere della parola per trasmettere al pubblico tutta la meraviglia e l\u2019emozione del teatro h\u00e4ndeliano.<\/p>\n\n\n\n<p>Il regista (che incontr\u00f2&nbsp; l\u2019opera barocca nel 1959, allorch\u00e9 fu chiamato al Maggio Fiorentino ad ideare le scenografie dello spettacolo diretto da Mario Ferrero) ha ricordato alla stampa che per l\u2019ambientazione delle opere si \u00e8 ispirato a Giacomo Torelli (il grande protagonista della scenografia dell\u2019epoca<em>): Tutto quello che si vedr\u00e0 \u00e8 parte della natura, alberi, prati, boschi, architetture arborescenti e un labirinto di siepi, dove ci si perde. In<\/em><em>Alcina&nbsp;<\/em><em>si respira un clima diverso, dominato dalla magia.<\/em><\/p>\n\n\n\n<p>Ha raccontato di aver immaginato i due allestimenti come un progetto unico, utilizzando lo stesso dispositivo scenico con varianti per ogni singola opera, ma mantenendo la stessa linea interpretativa:&nbsp;<em>La coerenza \u00e8 ancor pi\u00f9 necessaria quest\u2019anno, perch\u00e9 le due opere provengono dalla stessa fonte, il poema cavalleresco di Ludovico Ariosto, in stretta parentela di linguaggio poetico. Nei due episodi la storia \u00e8 piuttosto scarna e l&#8217;azione ridotta al minimo, ma attraverso la musica di H\u00e4ndel la narrazione si arricchisce di continue seducenti proposte<\/em>&#8211; ha precisato, sempre sorridente e in gran forma, nonostante i suoi 95 anni (75 di carriera).<\/p>\n\n\n\n<p>Il dramma in tre atti che fa capo all\u2019affascinante maga (Alcina attira nell\u2019isola incantata il paladino Ruggiero che si invaghisce di lei, dimenticando la promessa sposa Bradamante che accorrer\u00e0 a riprenderlo) \u00e8 tratto dai canti VI e VII de&nbsp;<em>L\u2019Orlando Furioso,<\/em>&nbsp;anche se la fonte pi\u00f9 diretta \u00e8 attribuibile a&nbsp;<em>L\u2019isola di Alcina&nbsp;<\/em>di Antonio Fanzaglia per la musica di Riccardo Broschi (Roma, 1728).<\/p>\n\n\n\n<p>L\u2019onere e l\u2019onore di dar voce al dramma spetta all\u2019agguerrita compagnia di canto: il mezzosoprano Giuseppina Bridelli (nel ruolo del titolo), il controtenore&nbsp;Elmar Hauser (Ruggiero), il sopranoMartina Licari (Morgana)<em>,&nbsp;<\/em>il contralto Delphine Galou (Bradamante), Il tenore \u017diga \u010copi (Oronte) eil baritono Christian Senn (Melisso), mentre un Amore malizioso (Giacomo Decol) occhieggia divertito tra gli alberi,&nbsp;<em>fil rouge<\/em>&nbsp;tra le due opere.<\/p>\n\n\n\n<p>Lo spettacolo \u00e8 stato molto gradito dal pubblico che non ha lesinato applausi a scena aperta. Molti gli stranieri presenti in sala (circa il 20%) tra cui francesi, inglesi, austriaci e giapponesi,&nbsp;<em>confermando ancora una volta come l\u2019appendice autunnale del Ravenna Festival rappresenti un potente motivo di attrazione per il turismo culturale nazionale e non-&nbsp;<\/em>ha commentato il Sovrintendente Antonio De Rosa.<\/p>\n\n\n\n<p>Nato nello stesso anno di Johann Sebastian Bach e Domenico Scarlatti, H\u00e4ndel fu una figura centrale della storia musicale di Londra dove giunse nel 1712, dopo una significativa esperienza professionale in Italia (1706-1710) dove ebbe modo di affinare le proprie abilit\u00e0 compositive, adattarsi ai testi classici italiani e collaborare con molti musicisti del tempo tra cui Scarlatti, Corelli e Marcello.<\/p>\n\n\n\n<p>Dal 1723 alla morte (1759) visse nella casa sita al n. 25 di Brook Street, oggi visitabile come parte del Museo&nbsp;<em>H\u00e4ndel<\/em><em>&nbsp;&amp; Hendrix<\/em>: la struttura museale (che racchiude anche la casa sita al n. 23 dove visse per anni Jimi Hendrix) \u00e8 ovviamente dedicata ad entrambi i musicisti e offre ai visitatori un\u2019esperienza culturale che spazia dal barocco al rock.<\/p>\n\n\n\n<p>Nel 1733 H\u00e4ndel mise in scena&nbsp;<em>Orlando&nbsp;<\/em>presso il King\u2019s Theatre, sede della Royal Academy, la compagnia teatrale da lui diretta e patrocinata da Giorgio II.&nbsp; A<em>lcina&nbsp;<\/em>fu invece rappresentata, il 16 aprile 1735, al nuovo Covent Garden, gestito dall\u2019impresario John Rich (figura chiave nello sviluppo di forme d&#8217;intrattenimento che combinavano recitazione, danza e commedia) che aveva scritturato stabilmente in teatro una troupe di danzatori sotto la direzione della coreografa Marie Sall\u00e9.<\/p>\n\n\n\n<p>Il Compositore pot\u00e9 cos\u00ec disporre, oltre che di un coro, di un corpo di ballo. A tali risorse si deve la presenza nella partitura di numeri di danza ed episodi corali integrati nell\u2019azione drammatica, sull\u2019esempio dell\u2019opera francese di cui&nbsp;<em>Alcina<\/em>&nbsp;riflette l\u2019influenza.<\/p>\n\n\n\n<p>La prima rappresentazione fu apprezzata da pubblico e critica. In versione ridimensionata (senza i numeri di danza) fu riproposta dal Musicista l\u2019anno successivo ed allestita nel 1736 a Braunschweig, in Germania.<\/p>\n\n\n\n<p>La prima ripresa in epoca moderna ebbe luogo a Lipsia, il 14 giugno 1928, in un&#8217;edizione tradotta e rimaneggiata da Hermann Roth, ma occorrer\u00e0 attendere il&nbsp;<em>revival<\/em>&nbsp;promosso dalla H\u00e4ndel Opera Society a Londra, il 19 marzo 1957, affinch\u00e9 l&#8217;opera potesse essere rappresentata regolarmente.<\/p>\n\n\n\n<p>Non \u00e8 un caso se in quell&#8217;occasione il ruolo di Alcina fu ricoperto dalla grande Joan Sutherland che nel 1960 sar\u00e0 nuovamente protagonista dello spettacolo allestito da Franco Zeffirelli a Venezia, poi ripreso a Dallas (1960) e quindi a Londra (1962), come ci ricorda il critico musicale Cesare Fertonani, esperto del Settecento italiano.<\/p>\n\n\n\n<p>Paola Cecchini<\/p>\n\n\n\n<p>&nbsp;Immagini: Ravenna Festival 2025<\/p>\n\n\n\n<p><\/p>\n","protected":false},"excerpt":{"rendered":"<p>(Trilogia d\u2019autunno, Ravenna Festival 2025) Al genio musicale di Georg Friedrich H\u00e4ndel (Halle,1685 &#8211; Londra,1759), uno dei pi\u00f9 grandi compositori [&hellip;]<\/p>\n","protected":false},"author":1,"featured_media":0,"comment_status":"open","ping_status":"open","sticky":false,"template":"","format":"standard","meta":{"footnotes":""},"categories":[33,10],"tags":[],"class_list":["post-82012","post","type-post","status-publish","format-standard","hentry","category-espectaculo","category-italiano"],"_links":{"self":[{"href":"https:\/\/www.ecoitaliano.com.ar\/index.php?rest_route=\/wp\/v2\/posts\/82012","targetHints":{"allow":["GET"]}}],"collection":[{"href":"https:\/\/www.ecoitaliano.com.ar\/index.php?rest_route=\/wp\/v2\/posts"}],"about":[{"href":"https:\/\/www.ecoitaliano.com.ar\/index.php?rest_route=\/wp\/v2\/types\/post"}],"author":[{"embeddable":true,"href":"https:\/\/www.ecoitaliano.com.ar\/index.php?rest_route=\/wp\/v2\/users\/1"}],"replies":[{"embeddable":true,"href":"https:\/\/www.ecoitaliano.com.ar\/index.php?rest_route=%2Fwp%2Fv2%2Fcomments&post=82012"}],"version-history":[{"count":2,"href":"https:\/\/www.ecoitaliano.com.ar\/index.php?rest_route=\/wp\/v2\/posts\/82012\/revisions"}],"predecessor-version":[{"id":82017,"href":"https:\/\/www.ecoitaliano.com.ar\/index.php?rest_route=\/wp\/v2\/posts\/82012\/revisions\/82017"}],"wp:attachment":[{"href":"https:\/\/www.ecoitaliano.com.ar\/index.php?rest_route=%2Fwp%2Fv2%2Fmedia&parent=82012"}],"wp:term":[{"taxonomy":"category","embeddable":true,"href":"https:\/\/www.ecoitaliano.com.ar\/index.php?rest_route=%2Fwp%2Fv2%2Fcategories&post=82012"},{"taxonomy":"post_tag","embeddable":true,"href":"https:\/\/www.ecoitaliano.com.ar\/index.php?rest_route=%2Fwp%2Fv2%2Ftags&post=82012"}],"curies":[{"name":"wp","href":"https:\/\/api.w.org\/{rel}","templated":true}]}}