{"id":82056,"date":"2025-11-18T01:18:00","date_gmt":"2025-11-18T01:18:00","guid":{"rendered":"https:\/\/www.ecoitaliano.com.ar\/?p=82056"},"modified":"2025-11-18T01:18:00","modified_gmt":"2025-11-18T01:18:00","slug":"serena-conduce-operaclassica-eco-italiano-4745","status":"publish","type":"post","link":"https:\/\/www.ecoitaliano.com.ar\/?p=82056","title":{"rendered":"Serena conduce operaclassica eco italiano"},"content":{"rendered":"<div class=\"wp-block-image\">\n<figure class=\"aligncenter size-full is-resized\"><a href=\"https:\/\/www.ecoitaliano.com.ar\/wp-content\/uploads\/2025\/11\/image-19.png\"><img decoding=\"async\" width=\"131\" height=\"78\" src=\"https:\/\/www.ecoitaliano.com.ar\/wp-content\/uploads\/2025\/11\/image-19.png\" alt=\"\" class=\"wp-image-82057\" style=\"width:148px;height:auto\"\/><\/a><\/figure><\/div>\n\n\n<p>Comunicato stampa<\/p>\n\n\n\n<p><strong>TCBO: TRA ARTE E RIVOLUZIONE, \u201cLA BOH\u00c8ME\u201d DI PUCCINI ESPLORATA NELLA RASSEGNA \u201cIN CONTROLUCE\u201d<\/strong><\/p>\n\n\n\n<p><em>Marted\u00ec 18 novembre, ore 20, Auditorium Manzoni<\/em><\/p>\n\n\n\n<p>C\u2019\u00e8 il capolavoro senza tempo di Giacomo Puccini che ci riporta nell\u2019atmosfera boh\u00e9mien della Parigi dell\u2019Ottocento al centro del prossimo appuntamento della rassegna&nbsp;<strong>\u201cIn Controluce &#8211; Percorsi d\u2019Opera tra Arte e Storia\u201d \u2013&nbsp;<\/strong>dal titolo&nbsp;<strong>\u201cLa boh\u00e8me. Nella rivoluzione una \u2018gelida manina\u2019\u201d \u2013&nbsp;<\/strong>che vede in questa occasione protagonisti il docente e divulgatore musicale&nbsp;<strong>Fabio Sartorelli<\/strong>&nbsp;e lo storico dell\u2019arte&nbsp;<strong>Giovanni Carlo Federico Villa<\/strong>. L\u2019incontro \u2013 in programma&nbsp;<strong>marted\u00ec 18 novembre alle ore 20 presso l\u2019Auditorium Manzoni&nbsp;<\/strong>\u2013 precede le rappresentazioni dell\u2019opera pucciniana, in scena al Comunale Nouveau dal 23 al 30 novembre nell\u2019allestimento di Graham Vick vincitore del Premio \u201cAbbiati\u201d come miglior spettacolo del 2018 e diretto da Martijn Dendievel.<\/p>\n\n\n\n<p>\u00c8 sullo sfondo di una Parigi in pieno clima rivoluzionario che scorrono le vicende degli squattrinati protagonisti della&nbsp;<em>Boh\u00e8me<\/em>: la Parigi della Rivoluzione di luglio del 1830, immortalata in lavori come&nbsp;<em>La Libert\u00e0 che guida il popolo<\/em>&nbsp;di Eug\u00e8ne Delacroix o nel prologo di&nbsp;<em>Hernani&nbsp;<\/em>di Victor Hugo con la frase \u201cla libert\u00e0 nell\u2019arte, la libert\u00e0 nella societ\u00e0, ecco il duplice fine cui devono tendere tutti gli spiriti logici e coerenti\u201d. Non \u00e8 solo il periodo storico di ribellione a segnare la produzione artistica successiva nel segno di pittura, scultura, poesia e musica: l\u2019intimit\u00e0 e la vicinanza dei quattro amici nella fredda soffitta \u00e8 stata infatti riproposta \u2013 anche in chiave ironica \u2013 in contenuti cinematografici e in serie televisive fino ai nostri giorni.<\/p>\n\n\n\n<p>A \u201cIn Controluce\u201d ne parla Fabio Sartorelli, che ha tenuto conferenze \u2013 fra gli altri \u2013 al Teatro alla Scala, al Teatro La Fenice di Venezia e al Teatro Regio di Parma. Collaboratore di istituzioni come l\u2019Universit\u00e0 Bocconi, l\u2019Universit\u00e0 Ca\u2019 Foscari di Venezia e l\u2019Accademia di Brera, ha curato cataloghi, saggi e volumi dedicati a Puccini, Verdi e alla storia del Conservatorio di Milano. In dialogo con lui c\u2019\u00e8 Giovanni Carlo Federico Villa, storico dell\u2019arte e docente universitario, attualmente direttore di Palazzo Madama di Torino e presidente dell\u2019Ateneo di Scienze Lettere ed Arti di Bergamo.<\/p>\n\n\n\n<p>La serata \u00e8 completata da un momento musicale nel quale il soprano Yujing Chen canter\u00e0 le arie di Mim\u00ec&nbsp;<em>S\u00ec. Mi chiamano Mim\u00ec&nbsp;<\/em>e&nbsp;<em>Donde lieta usc\u00ec<\/em>, mentre il soprano Gaia Cerri interpreter\u00e0 la romanza di Musetta&nbsp;<em>Quando me&#8217;n vo<\/em>. L&#8217;accompagnamento al pianoforte sar\u00e0 di Claudia Foresi.<\/p>\n\n\n\n<p>La rassegna \u201cIn Controluce\u201d si chiuder\u00e0 domenica 14 dicembre con l\u2019appuntamento dedicato al&nbsp;<em>Barbiere di Siviglia<\/em>&nbsp;di Gioachino Rossini, dal titolo \u201cLa pi\u00f9 bella opera buffa che esista\u201d, che vedr\u00e0 protagonista, oltre a Giovanni Carlo Federico Villa, il musicologo, divulgatore, pianista e compositore Giovanni Bietti.<\/p>\n\n\n\n<p>Il racconto di immagini, suoni, parole e le elaborazioni video sono del team creativo Innovio ARTS; le scelte musicali e i montaggi cinematografici sono di Valentino Corvino. La rassegna \u201cIn Controluce\u201d, a cura di Barbara Abbondanza, \u00e8 realizzata dal&nbsp;<strong>Teatro Comunale di Bologna<\/strong>&nbsp;in collaborazione con&nbsp;<strong>Innovio<\/strong>.<\/p>\n\n\n\n<p>Questo appuntamento vede la partnership di Illumia, BPER, Pelliconi, Engel&amp;V\u00f6lkers, Balestra &amp; Partners, Penske Cars, Valsoia e GVS.<\/p>\n\n\n\n<p>I biglietti \u2013 da 5 a 15 euro \u2013 sono in vendita su&nbsp;<a target=\"_blank\" href=\"https:\/\/tcbo.vivaticket.it\/it\/event\/in-controluce-la-boheme\/257784?_gl=1*1ut2czr*_ga*MTUzMDk2MzM1NC4xNzYzMDMyOTky*_ga_31YPVLC8YJ*czE3NjMwMzc3NDckbzIkZzEkdDE3NjMwMzgwMDEkajU2JGwwJGgw\" rel=\"noreferrer noopener\">Vivaticket<\/a>. Gli abbonati alla Stagione d&#8217;Opera 2025 hanno accesso gratuito fino a esaurimento disponibilit\u00e0 dei posti assegnati alla categoria; potranno ritirare i biglietti, presentando il proprio abbonamento, presso gli sportelli della biglietteria del Teatro (Largo Respighi, 1) secondo gli&nbsp;<a target=\"_blank\" href=\"https:\/\/www.tcbo.it\/biglietteria-3\/\" rel=\"noreferrer noopener\">orari<\/a>&nbsp;di apertura.<\/p>\n\n\n\n<p>Info:&nbsp;<a target=\"_blank\" href=\"https:\/\/www.tcbo.it\/eventi\/nella-rivoluzione-una-gelida-manina\/\" rel=\"noreferrer noopener\">https:\/\/www.tcbo.it\/eventi\/nella-rivoluzione-una-gelida-manina\/<\/a><\/p>\n\n\n\n<p>15.11.2025<\/p>\n\n\n\n<p><\/p>\n\n\n\n<p><strong>Skill&amp;Music<\/strong><\/p>\n\n\n\n<p>Irene Sala \u2013 referente ufficio stampa<\/p>\n\n\n\n<p>Alice Castelnuovo \u2013 assistente ufficio stampa<\/p>\n\n\n\n<p>Fondazione Teatro Comunale di Bologna<\/p>\n\n\n\n<p>Largo Respighi, 1 &#8211; 40126 Bologna<\/p>\n\n\n\n<p>T. +39 051 529947<\/p>\n\n\n\n<p>e-mail:&nbsp;<strong><u><a href=\"mailto:ufficiostampa@comunalebologna.it\" target=\"_blank\" rel=\"noreferrer noopener\">ufficiostampa@comunalebologna.it<\/a><\/u><\/strong><\/p>\n\n\n\n<p><strong><u><a target=\"_blank\" href=\"http:\/\/www.tcbo.it\/\" rel=\"noreferrer noopener\">www.tcbo.it<\/a><\/u><\/strong><\/p>\n\n\n\n<p><strong>Fabio Sartorelli<\/strong><\/p>\n\n\n\n<p>Docente di Storia della Musica al Conservatorio \u201cG. Verdi\u201d di Milano e di Guida all\u2019ascolto all\u2019Accademia del Teatro alla Scala, si \u00e8 diplomato in pianoforte e laureato con lode in Discipline della Musica all\u2019Universit\u00e0 di Bologna. Da oltre trent\u2019anni svolge un\u2019intensa attivit\u00e0 di divulgatore musicale in Italia e all\u2019estero, con conferenze dedicate all\u2019opera, al balletto e alla musica sinfonica presso teatri e istituzioni come la Scala, la Fenice, il Regio di Parma, il Petruzzelli, il LAC di Lugano e lo Sferisterio di Macerata. Collabora con universit\u00e0 e fondazioni tra cui Bocconi, Ca\u2019 Foscari, Accademia di Brera, Fondazione Bracco e Bologna Festival, e ha curato progetti editoriali per Mondadori e Rubbettino. Autore di saggi e conferenze multimediali dedicate a Puccini, Verdi e alla storia del Conservatorio di Milano, dirige da ventisei anni la Stagione Musicale Comunale di Varese.<\/p>\n\n\n\n<p><strong>Giovanni Carlo Federico Villa<\/strong><\/p>\n\n\n\n<p>Docente universitario, \u00e8 direttore di Palazzo Madama di Torino e presidente dell\u2019Ateneo di Scienze Lettere ed Arti di Bergamo. Gi\u00e0 componente del Consiglio Superiore per i Beni culturali e Paesaggistici del Ministero della Cultura (2019-2022), \u00e8 stato direttore onorario dei Musei Civici di Vicenza (2015-2018) e per le Scuderie del Quirinale di Roma ha curato le mostre Antonello da Messina (2006), Giovanni Bellini (2008), Lorenzo Lotto (2011), Tintoretto (2012) e Tiziano (2013), oltre a numerosi progetti espositivi in Italia, Europa e Cina. \u00c8 autore di oltre trecento pubblicazioni e importanti monografie. Numerose le sue presenze divulgative relative al patrimonio artistico nazionale sui principali canali radiotelevisivi italiani e stranieri.<\/p>\n\n\n\n<figure class=\"wp-block-table\"><table class=\"has-fixed-layout\"><tbody><tr><td colspan=\"3\"><strong>Ufficio Stampa Teatro Comunale di Bologna<\/strong><\/td><\/tr><tr><td rowspan=\"2\"><\/td><td rowspan=\"2\"><\/td><td><strong>Fondazione Teatro Comunale di Bologna<\/strong><br>Largo Respighi,1 &#8211; 40126 Bologna<br>Telefono:&nbsp;<a target=\"_blank\" href=\"tel:051529947\" rel=\"noreferrer noopener\">051529947<\/a><br>Fax: 051529995<br><a target=\"_blank\" href=\"http:\/\/www.tcbo.it\/\" rel=\"noreferrer noopener\">www.tcbo.it<\/a><\/td><\/tr><\/tbody><\/table><\/figure>\n\n\n\n<p>foto<\/p>\n\n\n\n<figure class=\"wp-block-gallery has-nested-images columns-default is-cropped wp-block-gallery-1 is-layout-flex wp-block-gallery-is-layout-flex\">\n<figure class=\"wp-block-image size-large\"><a href=\"https:\/\/www.ecoitaliano.com.ar\/wp-content\/uploads\/2025\/11\/Giovanni-Carlo-Federico-Villa.jpeg\"><img decoding=\"async\" width=\"683\" height=\"1024\" data-id=\"82058\" src=\"https:\/\/www.ecoitaliano.com.ar\/wp-content\/uploads\/2025\/11\/Giovanni-Carlo-Federico-Villa-683x1024.jpeg\" alt=\"\" class=\"wp-image-82058\" srcset=\"https:\/\/www.ecoitaliano.com.ar\/wp-content\/uploads\/2025\/11\/Giovanni-Carlo-Federico-Villa-683x1024.jpeg 683w, https:\/\/www.ecoitaliano.com.ar\/wp-content\/uploads\/2025\/11\/Giovanni-Carlo-Federico-Villa-200x300.jpeg 200w, https:\/\/www.ecoitaliano.com.ar\/wp-content\/uploads\/2025\/11\/Giovanni-Carlo-Federico-Villa-768x1152.jpeg 768w, https:\/\/www.ecoitaliano.com.ar\/wp-content\/uploads\/2025\/11\/Giovanni-Carlo-Federico-Villa-1024x1536.jpeg 1024w, https:\/\/www.ecoitaliano.com.ar\/wp-content\/uploads\/2025\/11\/Giovanni-Carlo-Federico-Villa-1366x2048.jpeg 1366w, https:\/\/www.ecoitaliano.com.ar\/wp-content\/uploads\/2025\/11\/Giovanni-Carlo-Federico-Villa-100x150.jpeg 100w, https:\/\/www.ecoitaliano.com.ar\/wp-content\/uploads\/2025\/11\/Giovanni-Carlo-Federico-Villa.jpeg 1707w\" sizes=\"(max-width: 683px) 100vw, 683px\" \/><\/a><\/figure>\n\n\n\n<figure class=\"wp-block-image size-large\"><a href=\"https:\/\/www.ecoitaliano.com.ar\/wp-content\/uploads\/2025\/11\/Fabio-Sartorelli.jpg\"><img decoding=\"async\" width=\"683\" height=\"1024\" data-id=\"82059\" src=\"https:\/\/www.ecoitaliano.com.ar\/wp-content\/uploads\/2025\/11\/Fabio-Sartorelli-683x1024.jpg\" alt=\"\" class=\"wp-image-82059\" srcset=\"https:\/\/www.ecoitaliano.com.ar\/wp-content\/uploads\/2025\/11\/Fabio-Sartorelli-683x1024.jpg 683w, https:\/\/www.ecoitaliano.com.ar\/wp-content\/uploads\/2025\/11\/Fabio-Sartorelli-200x300.jpg 200w, https:\/\/www.ecoitaliano.com.ar\/wp-content\/uploads\/2025\/11\/Fabio-Sartorelli-768x1152.jpg 768w, https:\/\/www.ecoitaliano.com.ar\/wp-content\/uploads\/2025\/11\/Fabio-Sartorelli-100x150.jpg 100w, https:\/\/www.ecoitaliano.com.ar\/wp-content\/uploads\/2025\/11\/Fabio-Sartorelli.jpg 1024w\" sizes=\"(max-width: 683px) 100vw, 683px\" \/><\/a><\/figure>\n<\/figure>\n","protected":false},"excerpt":{"rendered":"<p>Comunicato stampa TCBO: TRA ARTE E RIVOLUZIONE, \u201cLA BOH\u00c8ME\u201d DI PUCCINI ESPLORATA NELLA RASSEGNA \u201cIN CONTROLUCE\u201d Marted\u00ec 18 novembre, ore [&hellip;]<\/p>\n","protected":false},"author":1,"featured_media":0,"comment_status":"open","ping_status":"open","sticky":false,"template":"","format":"standard","meta":{"footnotes":""},"categories":[1],"tags":[],"class_list":["post-82056","post","type-post","status-publish","format-standard","hentry","category-sin-categoria"],"_links":{"self":[{"href":"https:\/\/www.ecoitaliano.com.ar\/index.php?rest_route=\/wp\/v2\/posts\/82056","targetHints":{"allow":["GET"]}}],"collection":[{"href":"https:\/\/www.ecoitaliano.com.ar\/index.php?rest_route=\/wp\/v2\/posts"}],"about":[{"href":"https:\/\/www.ecoitaliano.com.ar\/index.php?rest_route=\/wp\/v2\/types\/post"}],"author":[{"embeddable":true,"href":"https:\/\/www.ecoitaliano.com.ar\/index.php?rest_route=\/wp\/v2\/users\/1"}],"replies":[{"embeddable":true,"href":"https:\/\/www.ecoitaliano.com.ar\/index.php?rest_route=%2Fwp%2Fv2%2Fcomments&post=82056"}],"version-history":[{"count":1,"href":"https:\/\/www.ecoitaliano.com.ar\/index.php?rest_route=\/wp\/v2\/posts\/82056\/revisions"}],"predecessor-version":[{"id":82060,"href":"https:\/\/www.ecoitaliano.com.ar\/index.php?rest_route=\/wp\/v2\/posts\/82056\/revisions\/82060"}],"wp:attachment":[{"href":"https:\/\/www.ecoitaliano.com.ar\/index.php?rest_route=%2Fwp%2Fv2%2Fmedia&parent=82056"}],"wp:term":[{"taxonomy":"category","embeddable":true,"href":"https:\/\/www.ecoitaliano.com.ar\/index.php?rest_route=%2Fwp%2Fv2%2Fcategories&post=82056"},{"taxonomy":"post_tag","embeddable":true,"href":"https:\/\/www.ecoitaliano.com.ar\/index.php?rest_route=%2Fwp%2Fv2%2Ftags&post=82056"}],"curies":[{"name":"wp","href":"https:\/\/api.w.org\/{rel}","templated":true}]}}