{"id":82061,"date":"2025-11-18T01:25:49","date_gmt":"2025-11-18T01:25:49","guid":{"rendered":"https:\/\/www.ecoitaliano.com.ar\/?p=82061"},"modified":"2025-11-18T01:25:49","modified_gmt":"2025-11-18T01:25:49","slug":"serena-conduce-operaclassica-eco-italiano-4746","status":"publish","type":"post","link":"https:\/\/www.ecoitaliano.com.ar\/?p=82061","title":{"rendered":"Serena conduce operaclassica eco italiano"},"content":{"rendered":"<div class=\"wp-block-image\">\n<figure class=\"aligncenter size-full\"><a href=\"https:\/\/www.ecoitaliano.com.ar\/wp-content\/uploads\/2025\/11\/image-20.png\"><img decoding=\"async\" width=\"306\" height=\"138\" src=\"https:\/\/www.ecoitaliano.com.ar\/wp-content\/uploads\/2025\/11\/image-20.png\" alt=\"\" class=\"wp-image-82062\" srcset=\"https:\/\/www.ecoitaliano.com.ar\/wp-content\/uploads\/2025\/11\/image-20.png 306w, https:\/\/www.ecoitaliano.com.ar\/wp-content\/uploads\/2025\/11\/image-20-300x135.png 300w, https:\/\/www.ecoitaliano.com.ar\/wp-content\/uploads\/2025\/11\/image-20-150x68.png 150w\" sizes=\"(max-width: 306px) 100vw, 306px\" \/><\/a><\/figure><\/div>\n\n\n<p>Ufficio Stampa&nbsp;&nbsp;&nbsp;&nbsp;&nbsp;&nbsp;&nbsp;&nbsp;&nbsp;&nbsp;&nbsp;&nbsp;&nbsp;&nbsp;&nbsp;&nbsp;&nbsp;&nbsp;&nbsp;&nbsp;&nbsp;&nbsp;&nbsp;&nbsp;&nbsp;&nbsp;&nbsp;&nbsp;&nbsp;&nbsp;&nbsp;&nbsp;&nbsp;&nbsp;&nbsp;&nbsp;&nbsp;&nbsp;&nbsp;&nbsp;&nbsp;&nbsp;&nbsp;&nbsp;&nbsp;&nbsp;&nbsp;&nbsp;&nbsp;&nbsp;&nbsp;&nbsp;&nbsp;&nbsp;&nbsp;&nbsp;&nbsp;&nbsp;&nbsp;&nbsp;&nbsp;&nbsp;&nbsp;&nbsp;&nbsp;&nbsp;&nbsp;&nbsp;&nbsp;&nbsp;&nbsp;&nbsp;&nbsp;&nbsp;&nbsp;&nbsp;&nbsp;&nbsp;&nbsp;&nbsp;&nbsp;&nbsp;&nbsp;&nbsp;&nbsp;&nbsp;&nbsp;&nbsp;&nbsp;&nbsp;&nbsp;&nbsp;&nbsp;&nbsp;&nbsp;&nbsp;&nbsp;&nbsp;&nbsp;&nbsp;&nbsp;&nbsp;&nbsp;&nbsp;&nbsp;&nbsp;&nbsp;&nbsp;&nbsp;&nbsp;&nbsp;&nbsp;&nbsp;&nbsp;&nbsp;&nbsp;&nbsp;&nbsp;&nbsp;&nbsp;&nbsp;&nbsp;&nbsp;&nbsp;&nbsp;&nbsp;&nbsp;&nbsp;&nbsp;&nbsp;&nbsp;&nbsp;&nbsp;&nbsp;&nbsp;&nbsp;&nbsp;&nbsp;&nbsp;&nbsp;&nbsp;&nbsp;&nbsp;&nbsp;&nbsp;&nbsp;&nbsp;&nbsp;&nbsp;&nbsp;&nbsp;&nbsp; &nbsp;&nbsp;&nbsp;&nbsp;&nbsp;&nbsp;&nbsp;&nbsp;&nbsp;&nbsp;&nbsp;&nbsp;&nbsp; 17\/11\/2025<\/p>\n\n\n\n<p><strong>Altre tre recite il 19, 21 e 23 novembre per il debutto dell&#8217;opera al Filarmonico<\/strong><\/p>\n\n\n\n<p><strong><br><\/strong><strong><em>IL TURCO IN ITALIA<\/em><\/strong><strong>&nbsp;IN SCENA FINO AL 23 NOVEMBRE<\/strong><\/p>\n\n\n\n<p><br>Il vivace dramma buffo, accolto con calore alla prima di ieri, replicher\u00e0 mercoled\u00ec 19 novembre alle 19, venerd\u00ec 21 alle 20 e domenica 23 alle 15.30. Uno spettacolo movimentato e colorato che rivela tutta la modernit\u00e0 della commedia umana musicata da Rossini.<\/p>\n\n\n\n<p>E sabato 22 novembre recita pomeridiana straordinaria in forma ridotta per bambini e famiglie.<\/p>\n\n\n\n<p><strong>IL TURCO IN ITALIA<\/strong><\/p>\n\n\n\n<p>di Gioachino Rossini<strong><\/strong><\/p>\n\n\n\n<p><strong>mercoled\u00ec 19 novembre <\/strong>ore 19.00<strong><\/strong><\/p>\n\n\n\n<p><strong>venerd\u00ec 21 novembre <\/strong>ore 20.00<strong><\/strong><\/p>\n\n\n\n<p><strong>domenica 23 novembre <\/strong>ore 15.30<\/p>\n\n\n\n<p>Teatro Filarmonico di Verona<\/p>\n\n\n\n<p><strong>\u00c8 finita un&#8217;attesa lunga oltre duecento anni. Ieri, Il Turco in Italia ha conquistato il Filarmonico, teatro affollato e attento per la prima messa in scena scaligera del dramma buffo di Rossini, diretto per l&#8217;occasione da L\u00fc Jia. Lo spettacolo di Roberto Catalano ha schierato un cast di raffinati belcantisti e attori spigliati, Orchestra, Coro e Tecnici di Fondazione Arena. Oltre alle repliche del 19, 21 e 23 novembre, anche una recita straordinaria in forma ridotta e adattata per bambini e famiglie il 22 novembre.&nbsp;<\/strong><\/p>\n\n\n\n<p>Il \u201cdramma buffo\u201d di Felice Romani per la musica di Gioachino Rossini, vide la luce alla Scala di Milano nel 1814, quando il compositore aveva solo 22 anni, <strong>mescolando con originalit\u00e0 i temi dell\u2019opera comica italiana, la modernit\u00e0 della commedia borghese e del meta-teatro.<\/strong><\/p>\n\n\n\n<p>Un Poeta cerca ispirazione per il suo nuovo dramma e la trova nei buffi personaggi che incontra: Geronio, marito rassegnato e credulone, la sua giovane moglie Fiorilla, \u201ccapricciosa ma onesta\u201d perennemente in cerca di novit\u00e0 e ammiratori. Tra questi l\u2019invadente ma innocuo Narciso e il seducente Selim, principe turco in cerca di svago dopo amori tormentati in patria. Fiorilla e Selim si invaghiscono l\u2019una dell\u2019altro ma vicinissimi a loro sono Zaida e Albazar, approdati a Napoli come il Turco, decisi a trovarlo e ripristinare l\u2019ordine. E succeder\u00e0: Fiorilla si pentir\u00e0 e si riunir\u00e0 a Geronio, cos\u00ec come Zaida a Selim, ma solo dopo inseguimenti ed equivoci, e una curiosa festa in maschera in cui nessuno riconosce pi\u00f9 l\u2019altro.<\/p>\n\n\n\n<p><em>Il Turco in Italia<\/em> \u00e8 forse la pi\u00f9 mozartiana delle commedie di Rossini: <strong>libertini e turcherie vi acquisiscono uno spessore umano cos\u00ec moderno da sembrare pi\u00f9 cinico che giocoso.<\/strong> L\u2019opera sarebbe stata recuperata solo a met\u00e0 \u2018900, prima di altri titoli del belcanto e della Rossini Renaissance, da Gavazzeni, Maria Callas, Zeffirelli. L\u2019edizione critica \u00e8 solo del 1998: in questa forma <em>Il Turco in Italia <\/em>ha debuttato domenica a Verona a distanza di oltre 200 anni dalle sue uniche apparizioni in citt\u00e0 (1817 e 1822). &nbsp;<\/p>\n\n\n\n<p>Per dare vita a questi personaggi rossiniani servono attori impegnati e raffinati belcantisti, caratteristiche del cast guidato dal basso <strong>Carlo Lepore<\/strong>, gi\u00e0 protagonista rossiniano nelle ultime produzioni veronesi, qui nel ruolo del titolo, il principe Selim. La volubile Donna Fiorilla \u00e8 l\u2019applaudito soprano <strong>Sara<\/strong> <strong>Blanch<\/strong>, il marito tradito l\u2019esperto baritono <strong>Fabio<\/strong> <strong>Previati<\/strong>, il di lei spasimante Narciso il tenore <strong>Dave<\/strong> <strong>Monaco<\/strong> (tra i pi\u00f9 recenti vincitori del concorso Operalia), Zaida \u00e8 il soprano <strong>Marianna<\/strong> <strong>Mappa<\/strong>, Albazar il tenore <strong>Matteo<\/strong> <strong>Macchioni<\/strong>, mentre il poeta Prosdocimo \u00e8 il giovane baritono <strong>Michele<\/strong> <strong>Patti<\/strong>. Sul podio, alla guida dell\u2019<strong>Orchestra di Fondazione <\/strong>Arena e del <strong>Coro<\/strong> preparato da Roberto Gabbiani, torna al Teatro Filarmonico il Maestro <strong>L\u00fc<\/strong> <strong>Jia<\/strong>, gi\u00e0 direttore musicale a Verona.<\/p>\n\n\n\n<p><strong>L\u2019allestimento \u00e8 firmato dal regista Roberto Catalano <\/strong>con scene di Guido Buganza, costumi di Ilaria Ariemme, luci di Oscar Frosio, coprodotto dai teatri di Rovigo, Ravenna, Jesi, Novara, Rimini, Pisa. Qui lo sfondo napoletano e l\u2019orientalismo sono meno rilevanti dell\u2019approfondimento psicologico dei personaggi: figure contemporanee, portate dal contesto consumistico \u2013pur buffo e colorato\u2013 a trattare le persone intorno a loro come oggetti sostituibili, per (ri)scoprire solo alla fine l\u2019autenticit\u00e0 e l\u2019unicit\u00e0 dell\u2019amore vero.<\/p>\n\n\n\n<p><strong>L\u2019opera replica mercoled\u00ec 19 novembre alle 19, venerd\u00ec 21 alle 21 e domenica 23 novembre alle 15.30<\/strong>, con una durata di 3 ore circa, compreso un intervallo.<strong> Una replica straordinaria in forma ridotta a 70 minuti e adattata per un pubblico di bimbi e famiglie, andr\u00e0 in scena sabato 22 novembre alle 15.30 <\/strong>con lo stesso cast e il soprano Vittoriana De Amicis nella parte di Fiorilla.<\/p>\n\n\n\n<p><strong><em>Il Turco in Italia <\/em><\/strong><strong>\u00e8 il penultimo titolo della Stagione Lirica 2025, ricca di capolavori rari e prime esecuzioni al Teatro Filarmonico: \u00e8 ancora possibile acquistare i biglietti sul sito <\/strong><a href=\"https:\/\/www.arena.it\/it\/teatro-filarmonico\">https:\/\/www.arena.it\/it\/teatro-filarmonico<\/a>, alle biglietterie dell\u2019Arena \u2013 sia in quella centrale di via Dietro Anfiteatro sia nella nuova sede di via Roma. \u00c8 inoltre gi\u00e0 possibile abbonarsi alle nuove stagioni 2026.<\/p>\n\n\n\n<p><strong>BCC Veneta<\/strong> si conferma <em>main sponsor<\/em> della Stagione Artistica di Fondazione Arena al Teatro Filarmonico.<\/p>\n\n\n\n<p><strong>APPUNTAMENTI PER GIOVANI E STUDENTI<\/strong><\/p>\n\n\n\n<p>La programmazione 2025 di <strong>Arena Young<\/strong> comprende spettacoli, incontri e iniziative per bambini, studenti, famiglie, personale di scuole, universit\u00e0, accademie. Per la rassegna<strong> Andiamo a teatro, <\/strong>il mondo della scuola potr\u00e0 partecipare alla rappresentazione di venerd\u00ec 21 novembre alle 19 al Filarmonico con uno speciale <strong>Preludio<\/strong> un\u2019ora prima dello spettacolo: un\u2019introduzione alla trama, ai personaggi e al linguaggio del teatro in musica, a cura di Fondazione Arena, nella prestigiosa Sala Maffeiana. Info e prenotazioni: Area Formazione e Promozione Scuole <a href=\"mailto:scuola@arenadiverona.it\">scuola@arenadiverona.it<\/a> \u2013 tel. 045 8051933.<\/p>\n\n\n\n<p><strong>BIGLIETTERIE ARENA DI VERONA<\/strong><\/p>\n\n\n\n<p>Via Dietro Anfiteatro 6\/b&nbsp;<\/p>\n\n\n\n<p>Aperta da luned\u00ec a venerd\u00ec (10.30 &#8211; 16.00)<\/p>\n\n\n\n<p>sabato (09.15 &#8211; 12.45)<\/p>\n\n\n\n<p>chiusa&nbsp;la&nbsp;domenica<\/p>\n\n\n\n<p>Via Roma 1&nbsp;<\/p>\n\n\n\n<p>Aperta marted\u00ec, gioved\u00ec e sabato (10.00 &#8211; 18.00)<\/p>\n\n\n\n<p>mercoled\u00ec e venerd\u00ec (13.00 &#8211; 20.00)<\/p>\n\n\n\n<p>domenica&nbsp;(12.00 &#8211; 15.30)<\/p>\n\n\n\n<p>&nbsp;&nbsp;&nbsp;&nbsp;&nbsp;&nbsp;&nbsp;&nbsp;&nbsp;&nbsp;&nbsp;&nbsp;&nbsp;chiusa&nbsp;il luned\u00ec<\/p>\n\n\n\n<p><a href=\"mailto:biglietteria@arenadiverona.it\">biglietteria@arenadiverona.it<\/a><\/p>\n\n\n\n<p>Call center (+39) 045 8005151<\/p>\n\n\n\n<p><a href=\"http:\/\/www.arena.it\">www.arena.it<\/a><\/p>\n\n\n\n<p>Punti vendita <a href=\"http:\/\/www.Ticketone.it\">TicketOne.it<\/a><\/p>\n\n\n\n<p><strong>informazioni<\/strong><\/p>\n\n\n\n<p><strong>Ufficio Stampa Fondazione Arena di Verona<\/strong><\/p>\n\n\n\n<p>Via Roma 7\/D, 37121 Verona<\/p>\n\n\n\n<p>tel. (+39) 045 805.1861-1905-1891-1939<\/p>\n\n\n\n<p><a href=\"mailto:ufficio.stampa@arenadiverona.it\">ufficio.stampa@arenadiverona.it<\/a> \u2013 <a href=\"http:\/\/www.arena.it\">www.arena.it<\/a><\/p>\n\n\n\n<p>foto<\/p>\n\n\n\n<figure class=\"wp-block-gallery has-nested-images columns-default is-cropped wp-block-gallery-1 is-layout-flex wp-block-gallery-is-layout-flex\">\n<figure class=\"wp-block-image size-large\"><a href=\"https:\/\/www.ecoitaliano.com.ar\/wp-content\/uploads\/2025\/11\/IlTurcoinItalia_161125_EnneviFoto_DSCF1340.jpg\"><img decoding=\"async\" width=\"1024\" height=\"683\" data-id=\"82063\" src=\"https:\/\/www.ecoitaliano.com.ar\/wp-content\/uploads\/2025\/11\/IlTurcoinItalia_161125_EnneviFoto_DSCF1340-1024x683.jpg\" alt=\"\" class=\"wp-image-82063\" srcset=\"https:\/\/www.ecoitaliano.com.ar\/wp-content\/uploads\/2025\/11\/IlTurcoinItalia_161125_EnneviFoto_DSCF1340-1024x683.jpg 1024w, https:\/\/www.ecoitaliano.com.ar\/wp-content\/uploads\/2025\/11\/IlTurcoinItalia_161125_EnneviFoto_DSCF1340-300x200.jpg 300w, https:\/\/www.ecoitaliano.com.ar\/wp-content\/uploads\/2025\/11\/IlTurcoinItalia_161125_EnneviFoto_DSCF1340-768x512.jpg 768w, https:\/\/www.ecoitaliano.com.ar\/wp-content\/uploads\/2025\/11\/IlTurcoinItalia_161125_EnneviFoto_DSCF1340-1536x1024.jpg 1536w, https:\/\/www.ecoitaliano.com.ar\/wp-content\/uploads\/2025\/11\/IlTurcoinItalia_161125_EnneviFoto_DSCF1340-2048x1366.jpg 2048w, https:\/\/www.ecoitaliano.com.ar\/wp-content\/uploads\/2025\/11\/IlTurcoinItalia_161125_EnneviFoto_DSCF1340-150x100.jpg 150w\" sizes=\"(max-width: 1024px) 100vw, 1024px\" \/><\/a><\/figure>\n\n\n\n<figure class=\"wp-block-image size-large\"><a href=\"https:\/\/www.ecoitaliano.com.ar\/wp-content\/uploads\/2025\/11\/IlTurcoinItalia_161125_EnneviFoto_DSCF1231.jpg\"><img decoding=\"async\" width=\"1024\" height=\"682\" data-id=\"82064\" src=\"https:\/\/www.ecoitaliano.com.ar\/wp-content\/uploads\/2025\/11\/IlTurcoinItalia_161125_EnneviFoto_DSCF1231-1024x682.jpg\" alt=\"\" class=\"wp-image-82064\" srcset=\"https:\/\/www.ecoitaliano.com.ar\/wp-content\/uploads\/2025\/11\/IlTurcoinItalia_161125_EnneviFoto_DSCF1231-1024x682.jpg 1024w, https:\/\/www.ecoitaliano.com.ar\/wp-content\/uploads\/2025\/11\/IlTurcoinItalia_161125_EnneviFoto_DSCF1231-300x200.jpg 300w, https:\/\/www.ecoitaliano.com.ar\/wp-content\/uploads\/2025\/11\/IlTurcoinItalia_161125_EnneviFoto_DSCF1231-768x512.jpg 768w, https:\/\/www.ecoitaliano.com.ar\/wp-content\/uploads\/2025\/11\/IlTurcoinItalia_161125_EnneviFoto_DSCF1231-1536x1024.jpg 1536w, https:\/\/www.ecoitaliano.com.ar\/wp-content\/uploads\/2025\/11\/IlTurcoinItalia_161125_EnneviFoto_DSCF1231-2048x1365.jpg 2048w, https:\/\/www.ecoitaliano.com.ar\/wp-content\/uploads\/2025\/11\/IlTurcoinItalia_161125_EnneviFoto_DSCF1231-150x100.jpg 150w\" sizes=\"(max-width: 1024px) 100vw, 1024px\" \/><\/a><\/figure>\n\n\n\n<figure class=\"wp-block-image size-large\"><a href=\"https:\/\/www.ecoitaliano.com.ar\/wp-content\/uploads\/2025\/11\/IlTurcoinItalia_161125_EnneviFoto_DSCF1085.jpg\"><img decoding=\"async\" width=\"1024\" height=\"683\" data-id=\"82065\" src=\"https:\/\/www.ecoitaliano.com.ar\/wp-content\/uploads\/2025\/11\/IlTurcoinItalia_161125_EnneviFoto_DSCF1085-1024x683.jpg\" alt=\"\" class=\"wp-image-82065\" srcset=\"https:\/\/www.ecoitaliano.com.ar\/wp-content\/uploads\/2025\/11\/IlTurcoinItalia_161125_EnneviFoto_DSCF1085-1024x683.jpg 1024w, https:\/\/www.ecoitaliano.com.ar\/wp-content\/uploads\/2025\/11\/IlTurcoinItalia_161125_EnneviFoto_DSCF1085-300x200.jpg 300w, https:\/\/www.ecoitaliano.com.ar\/wp-content\/uploads\/2025\/11\/IlTurcoinItalia_161125_EnneviFoto_DSCF1085-768x512.jpg 768w, https:\/\/www.ecoitaliano.com.ar\/wp-content\/uploads\/2025\/11\/IlTurcoinItalia_161125_EnneviFoto_DSCF1085-1536x1024.jpg 1536w, https:\/\/www.ecoitaliano.com.ar\/wp-content\/uploads\/2025\/11\/IlTurcoinItalia_161125_EnneviFoto_DSCF1085-2048x1366.jpg 2048w, https:\/\/www.ecoitaliano.com.ar\/wp-content\/uploads\/2025\/11\/IlTurcoinItalia_161125_EnneviFoto_DSCF1085-150x100.jpg 150w\" sizes=\"(max-width: 1024px) 100vw, 1024px\" \/><\/a><\/figure>\n\n\n\n<figure class=\"wp-block-image size-large\"><a href=\"https:\/\/www.ecoitaliano.com.ar\/wp-content\/uploads\/2025\/11\/IlTurcoinItalia_161125_EnneviFoto_DSCF1058.jpg\"><img decoding=\"async\" width=\"683\" height=\"1024\" data-id=\"82066\" src=\"https:\/\/www.ecoitaliano.com.ar\/wp-content\/uploads\/2025\/11\/IlTurcoinItalia_161125_EnneviFoto_DSCF1058-683x1024.jpg\" alt=\"\" class=\"wp-image-82066\" srcset=\"https:\/\/www.ecoitaliano.com.ar\/wp-content\/uploads\/2025\/11\/IlTurcoinItalia_161125_EnneviFoto_DSCF1058-683x1024.jpg 683w, https:\/\/www.ecoitaliano.com.ar\/wp-content\/uploads\/2025\/11\/IlTurcoinItalia_161125_EnneviFoto_DSCF1058-200x300.jpg 200w, https:\/\/www.ecoitaliano.com.ar\/wp-content\/uploads\/2025\/11\/IlTurcoinItalia_161125_EnneviFoto_DSCF1058-768x1152.jpg 768w, https:\/\/www.ecoitaliano.com.ar\/wp-content\/uploads\/2025\/11\/IlTurcoinItalia_161125_EnneviFoto_DSCF1058-1024x1536.jpg 1024w, https:\/\/www.ecoitaliano.com.ar\/wp-content\/uploads\/2025\/11\/IlTurcoinItalia_161125_EnneviFoto_DSCF1058-1366x2048.jpg 1366w, https:\/\/www.ecoitaliano.com.ar\/wp-content\/uploads\/2025\/11\/IlTurcoinItalia_161125_EnneviFoto_DSCF1058-100x150.jpg 100w, https:\/\/www.ecoitaliano.com.ar\/wp-content\/uploads\/2025\/11\/IlTurcoinItalia_161125_EnneviFoto_DSCF1058.jpg 1707w\" sizes=\"(max-width: 683px) 100vw, 683px\" \/><\/a><\/figure>\n\n\n\n<figure class=\"wp-block-image size-large\"><a href=\"https:\/\/www.ecoitaliano.com.ar\/wp-content\/uploads\/2025\/11\/IlTurcoinItalia_161125_EnneviFoto_DSCF1027.jpg\"><img decoding=\"async\" width=\"1024\" height=\"682\" data-id=\"82067\" src=\"https:\/\/www.ecoitaliano.com.ar\/wp-content\/uploads\/2025\/11\/IlTurcoinItalia_161125_EnneviFoto_DSCF1027-1024x682.jpg\" alt=\"\" class=\"wp-image-82067\" srcset=\"https:\/\/www.ecoitaliano.com.ar\/wp-content\/uploads\/2025\/11\/IlTurcoinItalia_161125_EnneviFoto_DSCF1027-1024x682.jpg 1024w, https:\/\/www.ecoitaliano.com.ar\/wp-content\/uploads\/2025\/11\/IlTurcoinItalia_161125_EnneviFoto_DSCF1027-300x200.jpg 300w, https:\/\/www.ecoitaliano.com.ar\/wp-content\/uploads\/2025\/11\/IlTurcoinItalia_161125_EnneviFoto_DSCF1027-768x512.jpg 768w, https:\/\/www.ecoitaliano.com.ar\/wp-content\/uploads\/2025\/11\/IlTurcoinItalia_161125_EnneviFoto_DSCF1027-1536x1024.jpg 1536w, https:\/\/www.ecoitaliano.com.ar\/wp-content\/uploads\/2025\/11\/IlTurcoinItalia_161125_EnneviFoto_DSCF1027-2048x1365.jpg 2048w, https:\/\/www.ecoitaliano.com.ar\/wp-content\/uploads\/2025\/11\/IlTurcoinItalia_161125_EnneviFoto_DSCF1027-150x100.jpg 150w\" sizes=\"(max-width: 1024px) 100vw, 1024px\" \/><\/a><\/figure>\n\n\n\n<figure class=\"wp-block-image size-large\"><a href=\"https:\/\/www.ecoitaliano.com.ar\/wp-content\/uploads\/2025\/11\/IlTurcoinItalia_161125_EnneviFoto_DSCF1002.jpg\"><img decoding=\"async\" width=\"1024\" height=\"683\" data-id=\"82068\" src=\"https:\/\/www.ecoitaliano.com.ar\/wp-content\/uploads\/2025\/11\/IlTurcoinItalia_161125_EnneviFoto_DSCF1002-1024x683.jpg\" alt=\"\" class=\"wp-image-82068\" srcset=\"https:\/\/www.ecoitaliano.com.ar\/wp-content\/uploads\/2025\/11\/IlTurcoinItalia_161125_EnneviFoto_DSCF1002-1024x683.jpg 1024w, https:\/\/www.ecoitaliano.com.ar\/wp-content\/uploads\/2025\/11\/IlTurcoinItalia_161125_EnneviFoto_DSCF1002-300x200.jpg 300w, https:\/\/www.ecoitaliano.com.ar\/wp-content\/uploads\/2025\/11\/IlTurcoinItalia_161125_EnneviFoto_DSCF1002-768x512.jpg 768w, https:\/\/www.ecoitaliano.com.ar\/wp-content\/uploads\/2025\/11\/IlTurcoinItalia_161125_EnneviFoto_DSCF1002-1536x1024.jpg 1536w, https:\/\/www.ecoitaliano.com.ar\/wp-content\/uploads\/2025\/11\/IlTurcoinItalia_161125_EnneviFoto_DSCF1002-2048x1366.jpg 2048w, https:\/\/www.ecoitaliano.com.ar\/wp-content\/uploads\/2025\/11\/IlTurcoinItalia_161125_EnneviFoto_DSCF1002-150x100.jpg 150w\" sizes=\"(max-width: 1024px) 100vw, 1024px\" \/><\/a><\/figure>\n\n\n\n<figure class=\"wp-block-image size-large\"><a href=\"https:\/\/www.ecoitaliano.com.ar\/wp-content\/uploads\/2025\/11\/IlTurcoinItalia_161125_EnneviFoto_DSCF0927.jpg\"><img decoding=\"async\" width=\"1024\" height=\"683\" data-id=\"82069\" src=\"https:\/\/www.ecoitaliano.com.ar\/wp-content\/uploads\/2025\/11\/IlTurcoinItalia_161125_EnneviFoto_DSCF0927-1024x683.jpg\" alt=\"\" class=\"wp-image-82069\" srcset=\"https:\/\/www.ecoitaliano.com.ar\/wp-content\/uploads\/2025\/11\/IlTurcoinItalia_161125_EnneviFoto_DSCF0927-1024x683.jpg 1024w, https:\/\/www.ecoitaliano.com.ar\/wp-content\/uploads\/2025\/11\/IlTurcoinItalia_161125_EnneviFoto_DSCF0927-300x200.jpg 300w, https:\/\/www.ecoitaliano.com.ar\/wp-content\/uploads\/2025\/11\/IlTurcoinItalia_161125_EnneviFoto_DSCF0927-768x512.jpg 768w, https:\/\/www.ecoitaliano.com.ar\/wp-content\/uploads\/2025\/11\/IlTurcoinItalia_161125_EnneviFoto_DSCF0927-1536x1024.jpg 1536w, https:\/\/www.ecoitaliano.com.ar\/wp-content\/uploads\/2025\/11\/IlTurcoinItalia_161125_EnneviFoto_DSCF0927-2048x1366.jpg 2048w, https:\/\/www.ecoitaliano.com.ar\/wp-content\/uploads\/2025\/11\/IlTurcoinItalia_161125_EnneviFoto_DSCF0927-150x100.jpg 150w\" sizes=\"(max-width: 1024px) 100vw, 1024px\" \/><\/a><\/figure>\n\n\n\n<figure class=\"wp-block-image size-large\"><a href=\"https:\/\/www.ecoitaliano.com.ar\/wp-content\/uploads\/2025\/11\/IlTurcoinItalia_161125_EnneviFoto_DSCF0841.jpg\"><img decoding=\"async\" width=\"1024\" height=\"682\" data-id=\"82070\" src=\"https:\/\/www.ecoitaliano.com.ar\/wp-content\/uploads\/2025\/11\/IlTurcoinItalia_161125_EnneviFoto_DSCF0841-1024x682.jpg\" alt=\"\" class=\"wp-image-82070\" srcset=\"https:\/\/www.ecoitaliano.com.ar\/wp-content\/uploads\/2025\/11\/IlTurcoinItalia_161125_EnneviFoto_DSCF0841-1024x682.jpg 1024w, https:\/\/www.ecoitaliano.com.ar\/wp-content\/uploads\/2025\/11\/IlTurcoinItalia_161125_EnneviFoto_DSCF0841-300x200.jpg 300w, https:\/\/www.ecoitaliano.com.ar\/wp-content\/uploads\/2025\/11\/IlTurcoinItalia_161125_EnneviFoto_DSCF0841-768x512.jpg 768w, https:\/\/www.ecoitaliano.com.ar\/wp-content\/uploads\/2025\/11\/IlTurcoinItalia_161125_EnneviFoto_DSCF0841-1536x1024.jpg 1536w, https:\/\/www.ecoitaliano.com.ar\/wp-content\/uploads\/2025\/11\/IlTurcoinItalia_161125_EnneviFoto_DSCF0841-2048x1365.jpg 2048w, https:\/\/www.ecoitaliano.com.ar\/wp-content\/uploads\/2025\/11\/IlTurcoinItalia_161125_EnneviFoto_DSCF0841-150x100.jpg 150w\" sizes=\"(max-width: 1024px) 100vw, 1024px\" \/><\/a><\/figure>\n\n\n\n<figure class=\"wp-block-image size-large\"><a href=\"https:\/\/www.ecoitaliano.com.ar\/wp-content\/uploads\/2025\/11\/IlTurcoinItalia_161125_EnneviFoto_DSCF0833.jpg\"><img decoding=\"async\" width=\"682\" height=\"1024\" data-id=\"82071\" src=\"https:\/\/www.ecoitaliano.com.ar\/wp-content\/uploads\/2025\/11\/IlTurcoinItalia_161125_EnneviFoto_DSCF0833-682x1024.jpg\" alt=\"\" class=\"wp-image-82071\" srcset=\"https:\/\/www.ecoitaliano.com.ar\/wp-content\/uploads\/2025\/11\/IlTurcoinItalia_161125_EnneviFoto_DSCF0833-682x1024.jpg 682w, https:\/\/www.ecoitaliano.com.ar\/wp-content\/uploads\/2025\/11\/IlTurcoinItalia_161125_EnneviFoto_DSCF0833-200x300.jpg 200w, https:\/\/www.ecoitaliano.com.ar\/wp-content\/uploads\/2025\/11\/IlTurcoinItalia_161125_EnneviFoto_DSCF0833-768x1152.jpg 768w, https:\/\/www.ecoitaliano.com.ar\/wp-content\/uploads\/2025\/11\/IlTurcoinItalia_161125_EnneviFoto_DSCF0833-1024x1536.jpg 1024w, https:\/\/www.ecoitaliano.com.ar\/wp-content\/uploads\/2025\/11\/IlTurcoinItalia_161125_EnneviFoto_DSCF0833-1365x2048.jpg 1365w, https:\/\/www.ecoitaliano.com.ar\/wp-content\/uploads\/2025\/11\/IlTurcoinItalia_161125_EnneviFoto_DSCF0833-100x150.jpg 100w, https:\/\/www.ecoitaliano.com.ar\/wp-content\/uploads\/2025\/11\/IlTurcoinItalia_161125_EnneviFoto_DSCF0833.jpg 1706w\" sizes=\"(max-width: 682px) 100vw, 682px\" \/><\/a><\/figure>\n<\/figure>\n","protected":false},"excerpt":{"rendered":"<p>Ufficio Stampa&nbsp;&nbsp;&nbsp;&nbsp;&nbsp;&nbsp;&nbsp;&nbsp;&nbsp;&nbsp;&nbsp;&nbsp;&nbsp;&nbsp;&nbsp;&nbsp;&nbsp;&nbsp;&nbsp;&nbsp;&nbsp;&nbsp;&nbsp;&nbsp;&nbsp;&nbsp;&nbsp;&nbsp;&nbsp;&nbsp;&nbsp;&nbsp;&nbsp;&nbsp;&nbsp;&nbsp;&nbsp;&nbsp;&nbsp;&nbsp;&nbsp;&nbsp;&nbsp;&nbsp;&nbsp;&nbsp;&nbsp;&nbsp;&nbsp;&nbsp;&nbsp;&nbsp;&nbsp;&nbsp;&nbsp;&nbsp;&nbsp;&nbsp;&nbsp;&nbsp;&nbsp;&nbsp;&nbsp;&nbsp;&nbsp;&nbsp;&nbsp;&nbsp;&nbsp;&nbsp;&nbsp;&nbsp;&nbsp;&nbsp;&nbsp;&nbsp;&nbsp;&nbsp;&nbsp;&nbsp;&nbsp;&nbsp;&nbsp;&nbsp;&nbsp;&nbsp;&nbsp;&nbsp;&nbsp;&nbsp;&nbsp;&nbsp;&nbsp;&nbsp;&nbsp;&nbsp;&nbsp;&nbsp;&nbsp;&nbsp;&nbsp;&nbsp;&nbsp;&nbsp;&nbsp;&nbsp;&nbsp;&nbsp;&nbsp;&nbsp;&nbsp;&nbsp;&nbsp;&nbsp;&nbsp;&nbsp;&nbsp;&nbsp;&nbsp;&nbsp;&nbsp;&nbsp;&nbsp;&nbsp;&nbsp;&nbsp;&nbsp;&nbsp;&nbsp;&nbsp;&nbsp;&nbsp;&nbsp;&nbsp;&nbsp;&nbsp;&nbsp;&nbsp;&nbsp;&nbsp;&nbsp;&nbsp;&nbsp;&nbsp;&nbsp;&nbsp;&nbsp;&nbsp;&nbsp;&nbsp;&nbsp;&nbsp; &nbsp;&nbsp;&nbsp;&nbsp;&nbsp;&nbsp;&nbsp;&nbsp;&nbsp;&nbsp;&nbsp;&nbsp;&nbsp; 17\/11\/2025 Altre tre recite il 19, 21 e 23 novembre per il debutto dell&#8217;opera al Filarmonico IL [&hellip;]<\/p>\n","protected":false},"author":1,"featured_media":0,"comment_status":"open","ping_status":"open","sticky":false,"template":"","format":"standard","meta":{"footnotes":""},"categories":[1],"tags":[],"class_list":["post-82061","post","type-post","status-publish","format-standard","hentry","category-sin-categoria"],"_links":{"self":[{"href":"https:\/\/www.ecoitaliano.com.ar\/index.php?rest_route=\/wp\/v2\/posts\/82061","targetHints":{"allow":["GET"]}}],"collection":[{"href":"https:\/\/www.ecoitaliano.com.ar\/index.php?rest_route=\/wp\/v2\/posts"}],"about":[{"href":"https:\/\/www.ecoitaliano.com.ar\/index.php?rest_route=\/wp\/v2\/types\/post"}],"author":[{"embeddable":true,"href":"https:\/\/www.ecoitaliano.com.ar\/index.php?rest_route=\/wp\/v2\/users\/1"}],"replies":[{"embeddable":true,"href":"https:\/\/www.ecoitaliano.com.ar\/index.php?rest_route=%2Fwp%2Fv2%2Fcomments&post=82061"}],"version-history":[{"count":1,"href":"https:\/\/www.ecoitaliano.com.ar\/index.php?rest_route=\/wp\/v2\/posts\/82061\/revisions"}],"predecessor-version":[{"id":82072,"href":"https:\/\/www.ecoitaliano.com.ar\/index.php?rest_route=\/wp\/v2\/posts\/82061\/revisions\/82072"}],"wp:attachment":[{"href":"https:\/\/www.ecoitaliano.com.ar\/index.php?rest_route=%2Fwp%2Fv2%2Fmedia&parent=82061"}],"wp:term":[{"taxonomy":"category","embeddable":true,"href":"https:\/\/www.ecoitaliano.com.ar\/index.php?rest_route=%2Fwp%2Fv2%2Fcategories&post=82061"},{"taxonomy":"post_tag","embeddable":true,"href":"https:\/\/www.ecoitaliano.com.ar\/index.php?rest_route=%2Fwp%2Fv2%2Ftags&post=82061"}],"curies":[{"name":"wp","href":"https:\/\/api.w.org\/{rel}","templated":true}]}}