{"id":82081,"date":"2025-11-18T03:33:55","date_gmt":"2025-11-18T03:33:55","guid":{"rendered":"https:\/\/www.ecoitaliano.com.ar\/?p=82081"},"modified":"2025-11-18T03:34:02","modified_gmt":"2025-11-18T03:34:02","slug":"serena-conduce-operaclassica-eco-italiano-4749","status":"publish","type":"post","link":"https:\/\/www.ecoitaliano.com.ar\/?p=82081","title":{"rendered":"Serena conduce operaclassica eco italiano"},"content":{"rendered":"\n<figure class=\"wp-block-table\"><table class=\"has-fixed-layout\"><tbody><tr><td><img decoding=\"async\" alt=\"\" src=\"https:\/\/mcusercontent.com\/9aecf99759cc1d6c0a0ef9c1d\/images\/7724f720-d52d-37c7-683c-f64a53bfe74d.jpg\" width=\"220\"><\/td><\/tr><tr><td>comunicato stampa<br><strong>PRESENTATO IL PROGETTO DI CORPORATE MEMBERSHIP DEL TEATRO CARLO FELICE \u201cI CUSTODI DEL FARO\u201d<\/strong><em>Una nuova alleanza a numero chiuso dedicata a 45 imprese che credono nella cultura come motore di valore, lavoro e relazioni attraverso lo strumento fiscale di Art Bonus<\/em>\u00a0<br><br>\u00a0Quando la torre-faro del Teatro Carlo Felice \u00e8 accesa, \u00e8 accesa la cultura a Genova. Per tenere vivo questo fuoco, la Fondazione ha presentato \u201cI custodi del faro\u201d, una membership a numero chiuso dedicata a 45 imprese che credono nella cultura come motore di valore, lavoro e relazioni.A presentarla, venerd\u00ec 14 novembre nel Primo Foyer del Teatro \u2013 accanto proprio alla torre-faro \u2013 la Sindaca di Genova e Presidente della Fondazione Teatro Carlo Felice Silvia Salis con il sovrintendente Michele Galli, il senior consultant per l\u2019internazionalizzazione della Regione Liguria e promotore del concept \u201cRegata Culturale\u201d Davide Falteri e Andrea Compagnucci responsabile progetti di fundraising di ANFOLS \u2013 Associazione Nazionale Fondazioni Lirico-Sinfoniche e ideatore dei Custodi del faro per il teatro ligure. Nel corso dell\u2019incontro la parola \u00e8 andata poi a Monica Dellepiane in rappresentanza della Camera di Commercio di Genova e all\u2019artista Manuela Boni ideatrice di Regata Culturale.In sala, una rappresentanza del mondo economico e produttivo ligure: tra i primi a rispondere all\u2019appello, ci sono gi\u00e0 Banca Passadore e Iren, gi\u00e0 storici sostenitori del Teatro, insieme a numerose aziende interessate ad aderire a questa nuova forma di mecenatismo condiviso.\u00abCrediamo nella cultura \u2013 ha dichiarato la Sindaca Salis \u2013 e vogliamo che le 258 persone del Carlo Felice, lavorino nelle migliori condizioni possibili, con una struttura che gli permetta di farlo e con degli stipendi che siano adeguati al costo della vita. Su questo chiaramente ci impegneremo fino in fondo. Quello che vi chiediamo \u00e8: aiutateci a rendere questo posto un luogo dove le nostre bambine e i nostri bambini possano sognare di lavorare un giorno, possano sognare il proprio futuro nella cultura, nella musica, nel teatro, possano vedere la cultura come il loro lavoro nel futuro. Sosteneteci perch\u00e9 questo \u00e8 un luogo dove si realizzano i sogni di tanti giovani genovesi e vogliamo che continui ad esserlo, vogliamo che sia sempre di pi\u00f9 ad alto livello e sempre di pi\u00f9 aperto a tutta la citt\u00e0, per cui vi ringrazio per quello che farete, per tutte le idee di sviluppo che vorrete condividere e sappiate che le mie porte sono sempre aperte. Grazie\u00bb\u201cI Custodi del Faro\u201d rappresentano un cambio di filosofia profondo nel modo di intendere il ruolo del Teatro in una citt\u00e0: non \u00e8 pi\u00f9\u00a0 un luogo fisico in cui si sommano degli spettacoli, ma un un presidio sociale, economico e civile, un punto di incontro tra arte e comunit\u00e0 locale.\u00abIl teatro non pu\u00f2 pi\u00f9 limitarsi a giustificare la propria esistenza con l\u2019ideazione e la realizzazione di un cartellone \u2013 ha sottolineato il Sovrintendente Michele Galli \u2013 Oggi la nostra missione deve essere pi\u00f9 ampia: il Carlo Felice deve diventare un motore di crescita per la citt\u00e0 e per il territorio, un luogo che genera inclusione, educazione e valore. Allo stesso modo le imprese non sono pi\u00f9 sponsor, ma parte di una comunit\u00e0 che condivide la responsabilit\u00e0 di tenere accesa la luce della cultura\u00bb.Con l\u2019arrivo del Sovrintendente Galli, la Fondazione ha intrapreso un nuovo cammino e una nuova programmazione accolta con favore dal pubblico che ha registrato gi\u00e0 un aumento di abbonamenti del 30%; inoltre ha gi\u00e0 coinvolto oltre 4.000 studenti in nuovi progetti musicali formativi, con un indotto economico significativo e centinaia di famiglie direttamente o indirettamente legate all\u2019attivit\u00e0 del teatro.Il progetto \u2013 come spiegato dal suo ideatore Andrea Compagnucci, scelto dalla rivista musicale \u00abClassic Voice\u00bb tra i dieci personaggi dell\u2019anno nel 2024 per i progetti e i traguardi di fundraising per l\u2019opera portati avanti in Italia \u2013 prende ispirazione dalla celebre torre che svetta dall\u2019interno all\u2019esterno dell\u2019edificio, un gesto verticale, un ponte tra arte e cittadinanza, firmato da Aldo Rossi. \u00abI custodi che cerchiamo \u2013 racconta Compagnucci \u2013 sull\u2019esempio di un altro club di mecenati fondato a Verona da Gianluca Rana (Pastificio Rana) e da Sandro Veronesi (Calzedonia), sono 45 imprese pronte a investire nel valore economico di un\u2019industria culturale e nella forza identitaria dell\u2019opera lirica patrimonio UNESCO, seguendo l\u2019appello del Ministero della Cultura che sempre pi\u00f9 chiama a una responsabilit\u00e0 condivisa tra pubblico e privato grazie al meccanismo virtuoso di Art Bonus. Penso che a Genova questo obiettivo sia raggiungibile perch\u00e9 \u00e8 la citt\u00e0 che gi\u00e0 nel Cinquecento per prima nel mondo ha costruito la propria ricchezza sulla consapevolezza del valore economico di reti, relazioni, compagnie\u00bb.Oggi con questo progetto, la luce simbolica della torre-faro di Aldo Rossi diventa reale e sar\u00e0 affidata a 45 aziende (quante sono le finestre che compongono la struttura) che, tutte insieme, daranno vita a un nuovo modello di partecipazione, unendo impresa e cultura nel segno della responsabilit\u00e0 sociale. \u201cI Custodi del Faro\u201d costituiranno un club di 45 imprese, suddivise in quattro livelli \u2013 Capitani del faro, Guardiani, Sentinelle e Custodi \u2013 mecenati del Teatro Carlo Felice attraverso lo strumento fiscale dell\u2019Art Bonus, che permette di ricevere un credito d\u2019imposta pari al 65% del valore della donazione.\u00abLa cultura non \u00e8 un lusso ma una necessit\u00e0 sociale, \u2013 ha spiegato Davide Falteri \u2013 il primo strumento di relazioni internazionali. Ma per chiedere ai privati di investire serve una visione. Unire la cultura con l\u2019economia \u00e8 una strategia vincente, dobbiamo sfruttare questo legame. Penso per esempio a iniziative in teatro durante il salone nautico, a un\u2019offerta per i visitatori business internazionali ma anche a portare l\u2019opera in giro per il mondo come veicolo per le relazioni commerciali. Lo stesso pensiero \u00e8 alla base della strategia di Regata Culturale ideata dall\u2019artista Manuela Boni\u00bb.La membership si inserisce nel quadro di Regata Culturale, il programma lanciato da Comune di Genova, Regione Liguria e Camera di Commercio. Un concept che unisce vocazione marittima, cultura e internazionalizzazione in un unico percorso strategico.Il progetto si sviluppa nell\u2019ambito delle indicazioni del Ministero della Cultura (MiC) e di ANFOLS (l\u2019associazione che riunisce le fondazioni lirico-sinfoniche italiane) per la sostenibilit\u00e0 dei teatri . L\u2019opera lirica, riconosciuta dall\u2019UNESCO come patrimonio immateriale dell\u2019umanit\u00e0, \u00e8 il linguaggio pi\u00f9 universale del Made in Italy, ambasciatore globale di creativit\u00e0, identit\u00e0 e valore economico. Attraverso la collaborazione tra istituzioni, imprese e mondo culturale, Genova rafforza cos\u00ec la sua vocazione di porto culturale del Mediterraneo, dove Blue Economy e cultura si incontrano per costruire relazioni, turismo e sviluppo sostenibile.\u00a0<strong>Fondazione Teatro Carlo Felice<\/strong><br>Direttrice della comunicazione e\u00a0<em>Ufficio stampa<\/em><br>Floriana Tessitore\u00a0<a href=\"tel:+39%203387339981\" target=\"_blank\" rel=\"noreferrer noopener\">+39 3387339981<\/a> <br><a href=\"mailto:tessitore@carlofelice.it\" target=\"_blank\" rel=\"noreferrer noopener\">tessitore@carlofelice.it<\/a><br>\u00a0Genova, 15 novembre 2025 (f.t.)<\/td><\/tr><\/tbody><\/table><\/figure>\n\n\n\n<p>c<em>opyright \u00a9 2025 Tessitore Vitale, All rights reserved.<\/em><\/p>\n\n\n\n<p>foto<\/p>\n\n\n\n<p>\u00a0(ph. Marcello Orselli)<\/p>\n\n\n\n<figure class=\"wp-block-gallery has-nested-images columns-default is-cropped wp-block-gallery-1 is-layout-flex wp-block-gallery-is-layout-flex\">\n<figure class=\"wp-block-image size-large\"><a href=\"https:\/\/www.ecoitaliano.com.ar\/wp-content\/uploads\/2025\/11\/02-TCF-custodi-ph-Orselli.jpg\"><img decoding=\"async\" width=\"1024\" height=\"683\" data-id=\"82082\" src=\"https:\/\/www.ecoitaliano.com.ar\/wp-content\/uploads\/2025\/11\/02-TCF-custodi-ph-Orselli-1024x683.jpg\" alt=\"\" class=\"wp-image-82082\" srcset=\"https:\/\/www.ecoitaliano.com.ar\/wp-content\/uploads\/2025\/11\/02-TCF-custodi-ph-Orselli-1024x683.jpg 1024w, https:\/\/www.ecoitaliano.com.ar\/wp-content\/uploads\/2025\/11\/02-TCF-custodi-ph-Orselli-300x200.jpg 300w, https:\/\/www.ecoitaliano.com.ar\/wp-content\/uploads\/2025\/11\/02-TCF-custodi-ph-Orselli-768x512.jpg 768w, https:\/\/www.ecoitaliano.com.ar\/wp-content\/uploads\/2025\/11\/02-TCF-custodi-ph-Orselli-1536x1025.jpg 1536w, https:\/\/www.ecoitaliano.com.ar\/wp-content\/uploads\/2025\/11\/02-TCF-custodi-ph-Orselli-2048x1366.jpg 2048w, https:\/\/www.ecoitaliano.com.ar\/wp-content\/uploads\/2025\/11\/02-TCF-custodi-ph-Orselli-150x100.jpg 150w\" sizes=\"(max-width: 1024px) 100vw, 1024px\" \/><\/a><\/figure>\n\n\n\n<figure class=\"wp-block-image size-large\"><a href=\"https:\/\/www.ecoitaliano.com.ar\/wp-content\/uploads\/2025\/11\/04-TCF-custodi-Orselli-Galli-Salis-Compagnucci-ph-Orselli.jpg\"><img decoding=\"async\" width=\"1024\" height=\"683\" data-id=\"82083\" src=\"https:\/\/www.ecoitaliano.com.ar\/wp-content\/uploads\/2025\/11\/04-TCF-custodi-Orselli-Galli-Salis-Compagnucci-ph-Orselli-1024x683.jpg\" alt=\"\" class=\"wp-image-82083\" srcset=\"https:\/\/www.ecoitaliano.com.ar\/wp-content\/uploads\/2025\/11\/04-TCF-custodi-Orselli-Galli-Salis-Compagnucci-ph-Orselli-1024x683.jpg 1024w, https:\/\/www.ecoitaliano.com.ar\/wp-content\/uploads\/2025\/11\/04-TCF-custodi-Orselli-Galli-Salis-Compagnucci-ph-Orselli-300x200.jpg 300w, https:\/\/www.ecoitaliano.com.ar\/wp-content\/uploads\/2025\/11\/04-TCF-custodi-Orselli-Galli-Salis-Compagnucci-ph-Orselli-768x512.jpg 768w, https:\/\/www.ecoitaliano.com.ar\/wp-content\/uploads\/2025\/11\/04-TCF-custodi-Orselli-Galli-Salis-Compagnucci-ph-Orselli-1536x1025.jpg 1536w, https:\/\/www.ecoitaliano.com.ar\/wp-content\/uploads\/2025\/11\/04-TCF-custodi-Orselli-Galli-Salis-Compagnucci-ph-Orselli-2048x1366.jpg 2048w, https:\/\/www.ecoitaliano.com.ar\/wp-content\/uploads\/2025\/11\/04-TCF-custodi-Orselli-Galli-Salis-Compagnucci-ph-Orselli-150x100.jpg 150w\" sizes=\"(max-width: 1024px) 100vw, 1024px\" \/><\/a><\/figure>\n\n\n\n<figure class=\"wp-block-image size-large\"><a href=\"https:\/\/www.ecoitaliano.com.ar\/wp-content\/uploads\/2025\/11\/06-TCF-custodi-Galli-Salis-Falteri-ph-Orselli.jpg\"><img decoding=\"async\" width=\"1024\" height=\"682\" data-id=\"82084\" src=\"https:\/\/www.ecoitaliano.com.ar\/wp-content\/uploads\/2025\/11\/06-TCF-custodi-Galli-Salis-Falteri-ph-Orselli-1024x682.jpg\" alt=\"\" class=\"wp-image-82084\" srcset=\"https:\/\/www.ecoitaliano.com.ar\/wp-content\/uploads\/2025\/11\/06-TCF-custodi-Galli-Salis-Falteri-ph-Orselli-1024x682.jpg 1024w, https:\/\/www.ecoitaliano.com.ar\/wp-content\/uploads\/2025\/11\/06-TCF-custodi-Galli-Salis-Falteri-ph-Orselli-300x200.jpg 300w, https:\/\/www.ecoitaliano.com.ar\/wp-content\/uploads\/2025\/11\/06-TCF-custodi-Galli-Salis-Falteri-ph-Orselli-768x512.jpg 768w, https:\/\/www.ecoitaliano.com.ar\/wp-content\/uploads\/2025\/11\/06-TCF-custodi-Galli-Salis-Falteri-ph-Orselli-1536x1024.jpg 1536w, https:\/\/www.ecoitaliano.com.ar\/wp-content\/uploads\/2025\/11\/06-TCF-custodi-Galli-Salis-Falteri-ph-Orselli-2048x1365.jpg 2048w, https:\/\/www.ecoitaliano.com.ar\/wp-content\/uploads\/2025\/11\/06-TCF-custodi-Galli-Salis-Falteri-ph-Orselli-150x100.jpg 150w\" sizes=\"(max-width: 1024px) 100vw, 1024px\" \/><\/a><\/figure>\n\n\n\n<figure class=\"wp-block-image size-large\"><a href=\"https:\/\/www.ecoitaliano.com.ar\/wp-content\/uploads\/2025\/11\/10-TCF-custodi-ph-Orselli.jpg\"><img decoding=\"async\" width=\"1024\" height=\"683\" data-id=\"82085\" src=\"https:\/\/www.ecoitaliano.com.ar\/wp-content\/uploads\/2025\/11\/10-TCF-custodi-ph-Orselli-1024x683.jpg\" alt=\"\" class=\"wp-image-82085\" srcset=\"https:\/\/www.ecoitaliano.com.ar\/wp-content\/uploads\/2025\/11\/10-TCF-custodi-ph-Orselli-1024x683.jpg 1024w, https:\/\/www.ecoitaliano.com.ar\/wp-content\/uploads\/2025\/11\/10-TCF-custodi-ph-Orselli-300x200.jpg 300w, https:\/\/www.ecoitaliano.com.ar\/wp-content\/uploads\/2025\/11\/10-TCF-custodi-ph-Orselli-768x512.jpg 768w, https:\/\/www.ecoitaliano.com.ar\/wp-content\/uploads\/2025\/11\/10-TCF-custodi-ph-Orselli-1536x1024.jpg 1536w, https:\/\/www.ecoitaliano.com.ar\/wp-content\/uploads\/2025\/11\/10-TCF-custodi-ph-Orselli-2048x1366.jpg 2048w, https:\/\/www.ecoitaliano.com.ar\/wp-content\/uploads\/2025\/11\/10-TCF-custodi-ph-Orselli-150x100.jpg 150w\" sizes=\"(max-width: 1024px) 100vw, 1024px\" \/><\/a><\/figure>\n\n\n\n<figure class=\"wp-block-image size-large\"><a href=\"https:\/\/www.ecoitaliano.com.ar\/wp-content\/uploads\/2025\/11\/12-TCF-custodi-Galli-Salis-Falteri-ph-Orselli.jpg\"><img decoding=\"async\" width=\"1024\" height=\"683\" data-id=\"82086\" src=\"https:\/\/www.ecoitaliano.com.ar\/wp-content\/uploads\/2025\/11\/12-TCF-custodi-Galli-Salis-Falteri-ph-Orselli-1024x683.jpg\" alt=\"\" class=\"wp-image-82086\" srcset=\"https:\/\/www.ecoitaliano.com.ar\/wp-content\/uploads\/2025\/11\/12-TCF-custodi-Galli-Salis-Falteri-ph-Orselli-1024x683.jpg 1024w, https:\/\/www.ecoitaliano.com.ar\/wp-content\/uploads\/2025\/11\/12-TCF-custodi-Galli-Salis-Falteri-ph-Orselli-300x200.jpg 300w, https:\/\/www.ecoitaliano.com.ar\/wp-content\/uploads\/2025\/11\/12-TCF-custodi-Galli-Salis-Falteri-ph-Orselli-768x512.jpg 768w, https:\/\/www.ecoitaliano.com.ar\/wp-content\/uploads\/2025\/11\/12-TCF-custodi-Galli-Salis-Falteri-ph-Orselli-1536x1024.jpg 1536w, https:\/\/www.ecoitaliano.com.ar\/wp-content\/uploads\/2025\/11\/12-TCF-custodi-Galli-Salis-Falteri-ph-Orselli-2048x1366.jpg 2048w, https:\/\/www.ecoitaliano.com.ar\/wp-content\/uploads\/2025\/11\/12-TCF-custodi-Galli-Salis-Falteri-ph-Orselli-150x100.jpg 150w\" sizes=\"(max-width: 1024px) 100vw, 1024px\" \/><\/a><\/figure>\n\n\n\n<figure class=\"wp-block-image size-large\"><a href=\"https:\/\/www.ecoitaliano.com.ar\/wp-content\/uploads\/2025\/11\/14-TCF-custodi-Salis-ph-Orselli.jpg\"><img decoding=\"async\" width=\"1024\" height=\"698\" data-id=\"82087\" src=\"https:\/\/www.ecoitaliano.com.ar\/wp-content\/uploads\/2025\/11\/14-TCF-custodi-Salis-ph-Orselli-1024x698.jpg\" alt=\"\" class=\"wp-image-82087\" srcset=\"https:\/\/www.ecoitaliano.com.ar\/wp-content\/uploads\/2025\/11\/14-TCF-custodi-Salis-ph-Orselli-1024x698.jpg 1024w, https:\/\/www.ecoitaliano.com.ar\/wp-content\/uploads\/2025\/11\/14-TCF-custodi-Salis-ph-Orselli-300x204.jpg 300w, https:\/\/www.ecoitaliano.com.ar\/wp-content\/uploads\/2025\/11\/14-TCF-custodi-Salis-ph-Orselli-768x523.jpg 768w, https:\/\/www.ecoitaliano.com.ar\/wp-content\/uploads\/2025\/11\/14-TCF-custodi-Salis-ph-Orselli-1536x1046.jpg 1536w, https:\/\/www.ecoitaliano.com.ar\/wp-content\/uploads\/2025\/11\/14-TCF-custodi-Salis-ph-Orselli-2048x1395.jpg 2048w, https:\/\/www.ecoitaliano.com.ar\/wp-content\/uploads\/2025\/11\/14-TCF-custodi-Salis-ph-Orselli-150x102.jpg 150w\" sizes=\"(max-width: 1024px) 100vw, 1024px\" \/><\/a><\/figure>\n\n\n\n<figure class=\"wp-block-image size-large\"><a href=\"https:\/\/www.ecoitaliano.com.ar\/wp-content\/uploads\/2025\/11\/18-TCF-custodi-Compagnucci-ph-Orselli.jpg\"><img decoding=\"async\" width=\"1024\" height=\"648\" data-id=\"82088\" src=\"https:\/\/www.ecoitaliano.com.ar\/wp-content\/uploads\/2025\/11\/18-TCF-custodi-Compagnucci-ph-Orselli-1024x648.jpg\" alt=\"\" class=\"wp-image-82088\" srcset=\"https:\/\/www.ecoitaliano.com.ar\/wp-content\/uploads\/2025\/11\/18-TCF-custodi-Compagnucci-ph-Orselli-1024x648.jpg 1024w, https:\/\/www.ecoitaliano.com.ar\/wp-content\/uploads\/2025\/11\/18-TCF-custodi-Compagnucci-ph-Orselli-300x190.jpg 300w, https:\/\/www.ecoitaliano.com.ar\/wp-content\/uploads\/2025\/11\/18-TCF-custodi-Compagnucci-ph-Orselli-768x486.jpg 768w, https:\/\/www.ecoitaliano.com.ar\/wp-content\/uploads\/2025\/11\/18-TCF-custodi-Compagnucci-ph-Orselli-1536x972.jpg 1536w, https:\/\/www.ecoitaliano.com.ar\/wp-content\/uploads\/2025\/11\/18-TCF-custodi-Compagnucci-ph-Orselli-2048x1296.jpg 2048w, https:\/\/www.ecoitaliano.com.ar\/wp-content\/uploads\/2025\/11\/18-TCF-custodi-Compagnucci-ph-Orselli-150x95.jpg 150w\" sizes=\"(max-width: 1024px) 100vw, 1024px\" \/><\/a><\/figure>\n<\/figure>\n","protected":false},"excerpt":{"rendered":"<p>comunicato stampaPRESENTATO IL PROGETTO DI CORPORATE MEMBERSHIP DEL TEATRO CARLO FELICE \u201cI CUSTODI DEL FARO\u201dUna nuova alleanza a numero chiuso [&hellip;]<\/p>\n","protected":false},"author":1,"featured_media":0,"comment_status":"open","ping_status":"open","sticky":false,"template":"","format":"standard","meta":{"footnotes":""},"categories":[1],"tags":[],"class_list":["post-82081","post","type-post","status-publish","format-standard","hentry","category-sin-categoria"],"_links":{"self":[{"href":"https:\/\/www.ecoitaliano.com.ar\/index.php?rest_route=\/wp\/v2\/posts\/82081","targetHints":{"allow":["GET"]}}],"collection":[{"href":"https:\/\/www.ecoitaliano.com.ar\/index.php?rest_route=\/wp\/v2\/posts"}],"about":[{"href":"https:\/\/www.ecoitaliano.com.ar\/index.php?rest_route=\/wp\/v2\/types\/post"}],"author":[{"embeddable":true,"href":"https:\/\/www.ecoitaliano.com.ar\/index.php?rest_route=\/wp\/v2\/users\/1"}],"replies":[{"embeddable":true,"href":"https:\/\/www.ecoitaliano.com.ar\/index.php?rest_route=%2Fwp%2Fv2%2Fcomments&post=82081"}],"version-history":[{"count":2,"href":"https:\/\/www.ecoitaliano.com.ar\/index.php?rest_route=\/wp\/v2\/posts\/82081\/revisions"}],"predecessor-version":[{"id":82090,"href":"https:\/\/www.ecoitaliano.com.ar\/index.php?rest_route=\/wp\/v2\/posts\/82081\/revisions\/82090"}],"wp:attachment":[{"href":"https:\/\/www.ecoitaliano.com.ar\/index.php?rest_route=%2Fwp%2Fv2%2Fmedia&parent=82081"}],"wp:term":[{"taxonomy":"category","embeddable":true,"href":"https:\/\/www.ecoitaliano.com.ar\/index.php?rest_route=%2Fwp%2Fv2%2Fcategories&post=82081"},{"taxonomy":"post_tag","embeddable":true,"href":"https:\/\/www.ecoitaliano.com.ar\/index.php?rest_route=%2Fwp%2Fv2%2Ftags&post=82081"}],"curies":[{"name":"wp","href":"https:\/\/api.w.org\/{rel}","templated":true}]}}