{"id":82106,"date":"2025-11-18T12:16:52","date_gmt":"2025-11-18T12:16:52","guid":{"rendered":"https:\/\/www.ecoitaliano.com.ar\/?p=82106"},"modified":"2025-11-18T12:17:16","modified_gmt":"2025-11-18T12:17:16","slug":"intrecci-di-memoria-cattura-il-lettore-e-rimanda-agli-affascinanti-annales-di-tacito-gabriella-izzi-benedetti","status":"publish","type":"post","link":"https:\/\/www.ecoitaliano.com.ar\/?p=82106","title":{"rendered":"\u201cIntrecci di memoria\u201d cattura il lettore e rimanda agli affascinanti Annales di Tacito (Gabriella Izzi Benedetti)"},"content":{"rendered":"\n<figure class=\"wp-block-gallery has-nested-images columns-default is-cropped wp-block-gallery-1 is-layout-flex wp-block-gallery-is-layout-flex\">\n<figure class=\"wp-block-image size-large\"><a href=\"https:\/\/www.ecoitaliano.com.ar\/wp-content\/uploads\/2025\/11\/Gabriella-Izzi-Benedetti-1.jpg\"><img decoding=\"async\" width=\"533\" height=\"375\" data-id=\"82107\" src=\"https:\/\/www.ecoitaliano.com.ar\/wp-content\/uploads\/2025\/11\/Gabriella-Izzi-Benedetti-1.jpg\" alt=\"\" class=\"wp-image-82107\" srcset=\"https:\/\/www.ecoitaliano.com.ar\/wp-content\/uploads\/2025\/11\/Gabriella-Izzi-Benedetti-1.jpg 533w, https:\/\/www.ecoitaliano.com.ar\/wp-content\/uploads\/2025\/11\/Gabriella-Izzi-Benedetti-1-300x211.jpg 300w, https:\/\/www.ecoitaliano.com.ar\/wp-content\/uploads\/2025\/11\/Gabriella-Izzi-Benedetti-1-150x106.jpg 150w\" sizes=\"(max-width: 533px) 100vw, 533px\" \/><\/a><\/figure>\n\n\n\n<figure class=\"wp-block-image size-large\"><a href=\"https:\/\/www.ecoitaliano.com.ar\/wp-content\/uploads\/2025\/11\/Gabriella-Izzi-Benedetti-G.Palmerini-Giorgio-Di-Domenico.jpg\"><img decoding=\"async\" width=\"1024\" height=\"552\" data-id=\"82108\" src=\"https:\/\/www.ecoitaliano.com.ar\/wp-content\/uploads\/2025\/11\/Gabriella-Izzi-Benedetti-G.Palmerini-Giorgio-Di-Domenico-1024x552.jpg\" alt=\"\" class=\"wp-image-82108\" srcset=\"https:\/\/www.ecoitaliano.com.ar\/wp-content\/uploads\/2025\/11\/Gabriella-Izzi-Benedetti-G.Palmerini-Giorgio-Di-Domenico-1024x552.jpg 1024w, https:\/\/www.ecoitaliano.com.ar\/wp-content\/uploads\/2025\/11\/Gabriella-Izzi-Benedetti-G.Palmerini-Giorgio-Di-Domenico-300x162.jpg 300w, https:\/\/www.ecoitaliano.com.ar\/wp-content\/uploads\/2025\/11\/Gabriella-Izzi-Benedetti-G.Palmerini-Giorgio-Di-Domenico-768x414.jpg 768w, https:\/\/www.ecoitaliano.com.ar\/wp-content\/uploads\/2025\/11\/Gabriella-Izzi-Benedetti-G.Palmerini-Giorgio-Di-Domenico-150x81.jpg 150w, https:\/\/www.ecoitaliano.com.ar\/wp-content\/uploads\/2025\/11\/Gabriella-Izzi-Benedetti-G.Palmerini-Giorgio-Di-Domenico.jpg 1175w\" sizes=\"(max-width: 1024px) 100vw, 1024px\" \/><\/a><\/figure>\n<\/figure>\n\n\n\n<p><strong>EVENTI E PERSONAGGI, NELL\u2019ULTIMO LIBRO DI GOFFREDO PALMERINI<\/strong><\/p>\n\n\n\n<p><strong>UN ORDITO RICCO DI RICHIAMI ANTROPOLOGICI, STORICI E SOCIOLOGICI<\/strong><\/p>\n\n\n\n<p><strong><em>\u201cIntrecci di memoria\u201d<\/em><\/strong><strong>&nbsp;cattura il lettore e rimanda agli affascinanti&nbsp;<em>Annales&nbsp;<\/em>di Tacito<\/strong><\/p>\n\n\n\n<p>di&nbsp;<strong>Gabriella Izzi Benedetti *<\/strong><\/p>\n\n\n\n<p>FIRENZE &#8211; Il testo&nbsp;<em>Intrecci di memoria&nbsp;<\/em>(One Group 2025), ultima opera di&nbsp;<strong>Goffredo Palmerini<\/strong>, \u00e8 oramai parte di un appuntamento annuale; questa 16^ pubblicazione, dedicata all\u2019insigne matematico aquilano&nbsp;<strong>Serafino Patrizio<\/strong>, in un excursus da giugno 2023 a giugno \u201824, ci regala una narrazione che definire cronaca \u00e8 riduttivo, poich\u00e9 la miriade di eventi e personaggi appartiene a un ordito che si dipana con analisi e richiami antropologici, storici, sociologici, in un ritmo serrato che, pagina dopo pagina, cattura l\u2019attenzione, appassionando il lettore. Antenati illustri di questo metodo storiografico sono gli affascinanti&nbsp;<em>Annales&nbsp;<\/em>che rimandano a&nbsp;<strong>Tacito<\/strong>, il pi\u00f9 celebre e pregevole, ma non il solo e non il primo, ricordiamo tra gli altri, Catone l\u2019uticense, Quinto Ennio e ancor prima Fabio Pittore, Gneo Gellio.<\/p>\n\n\n\n<p>Grazie a questo metodo possediamo una dovizia straordinaria di situazioni, dettagli, volti, inseriti in un\u2019ottica storica specifica, ed \u00e8 quello che propone&nbsp;<strong>Goffredo Palmerini<\/strong>&nbsp;con una concatenazione di fatti e figure, affondi storico-etnografici di cui sono protagonisti personaggi che, con pi\u00f9 o meno incisivit\u00e0, esprimono il quadro culturale, produttivo, e spesso il legame fra memoria, inscindibilit\u00e0 d\u2019appartenenza. Poich\u00e9 non necessariamente essi sono parte dell\u2019Italia racchiusa nei propri confini; Goffredo spazia nella italianit\u00e0 d\u2019Oltre oceano che ci stupisce per la dovizia di eccellenze; la ramificazione della italianit\u00e0 sparsa nel mondo mostra una vitalit\u00e0 che dovrebbe renderci orgogliosi.<\/p>\n\n\n\n<p>Dico dovrebbe, poich\u00e9 l\u2019autore nota tristemente come in Italia persista una sorta di pregiudizio e tentazione di superiorit\u00e0 verso quegli italiani che governi poco illuminati e\/o vicende postbelliche hanno costretto a emigrare. E invece, nonostante discriminazioni, umiliazioni, difficolt\u00e0 di varia natura, hanno saputo dimostrare di che tempra fossero (fossimo) fatti e ora i figli e nipoti occupano posti di prestigio in settori i pi\u00f9 disparati, che sia la politica, la cultura, la produttivit\u00e0 e imprenditorialit\u00e0.<\/p>\n\n\n\n<p>Il loro sacrificio ha \u201c<em>permesso all\u2019Italia di crescere e progredire anche con le loro rimesse, hanno dimostrato in ogni angolo del mondo le qualit\u00e0 e le doti della gente italiana<\/em>\u201d. Presenze e contesti appartenenti a quei milioni di italiani, spesso pi\u00f9 attenti a custodire tradizioni che da noi vanno a perdersi. Prolungamento della nostra identit\u00e0, assolutamente inserito nel nuovo ambito e pur sempre mai dimentico della terra d\u2019origine.<\/p>\n\n\n\n<p>Sono nomi per noi a volte noti come&nbsp;<strong>Dan Fante<\/strong>, pi\u00f9 spesso poco noti:&nbsp;<strong>Josephine Buscaglia Maietta<\/strong>&nbsp;di famiglia siciliana, universitaria, giornalista. Di lei un bellissimo ricordo di&nbsp;<strong>Mario Fratti<\/strong>&nbsp;che, trasferitosi dall\u2019Aquila a&nbsp;<strong>New York<\/strong>, \u00e8 divenuto tra i drammaturghi pi\u00f9 apprezzati; amico dell\u2019autore che di anno in anno era suo ospite e assisteva al suo indiscusso successo. Dalle molte pagine emerge l\u2019affetto, la stima, il dolore per la perdita. &nbsp;<\/p>\n\n\n\n<p>Cos\u00ec il&nbsp;<strong>prof. Joseph D\u2019Andrea,<\/strong>&nbsp;molisano d\u2019origine, \u00e8 stato tra i personaggi ragguardevoli di&nbsp;<strong>Pittsburgh<\/strong>, docente e Console. Cos\u00ec come il diplomatico&nbsp;<strong>Omero Sabatini<\/strong>, d\u20190rigine aquilana, che negli&nbsp;<strong>Stati Uniti<\/strong>&nbsp;ha svelato agli americani&nbsp;<em>I promessi sposi<\/em>&nbsp;di Manzoni. L\u2019attivit\u00e0 del Palmerini nel tenere collegamenti e riannodare fili \u00e8 instancabile e pregevolissima. Le varie comunit\u00e0 sparse nel mondo, grazie a personaggi com\u2019\u00e8 stato&nbsp;<strong>Nicola Ranalli<\/strong>&nbsp;in&nbsp;<strong>Tasmania<\/strong>, per fare un nome, interagiscono e molto del risultato si deve ad un laborioso ambasciatore qual \u00e8 Goffredo Palmerini.<\/p>\n\n\n\n<p>Ma il libro racconta molto altro, ci porta nelle nostre citt\u00e0 e nel loro fervore creativo; ad esempio nella realt\u00e0 della&nbsp;<strong>Perdonanza<\/strong>, la meravigliosa istituzione che&nbsp;<strong>Celestino V<\/strong>&nbsp;cre\u00f2 nel 1294. E che&nbsp;<strong>Papa Francesco<\/strong>&nbsp;ha presenziato nel 2022.<\/p>\n\n\n\n<p><strong>Palmerini<\/strong>&nbsp;esulta per il riconoscimento ottenuto dall\u2019<strong>UNESCO<\/strong>&nbsp;quale&nbsp;<strong>Patrimonio immateriale dell\u2019umanit\u00e0<\/strong>. \u201c<em>Sarebbe auspicabile\u201d&nbsp;<\/em>nota<em>&nbsp;\u201cche il messaggio spirituale celestiniano, attualizzato al tempo che viviamo e ai suoi terribili drammi, invitasse a riflettere e a leggere \u201ci segni dei tempi\u201d indirizzando l\u2019espressione artistica e culturale sui temi della Pace, della riconciliazione fra i popoli, sul dialogo fra le culture, sulla fraternit\u00e0 fra le genti, la custodia del Creato, raccogliendo lo spirito profondo dell\u2019enciclica \u201cLaudato si\u201d di Papa Francesco<\/em>.\u201d<\/p>\n\n\n\n<p>Il libro ha un sottile fascino con un che di arcaico e familiare che trasmette, pur nella struttura cronachistica, un\u2019affettuosit\u00e0, una fratellanza diffusa e profonda; sembra che l\u2019autore voglia abbracciare il mondo. \u00c8 straordinario come quasi tutte le notizie, i premi elencati, i partecipanti, le citt\u00e0, formino un&nbsp;<em>unicum<\/em>, come racchiusi entro uno scrigno di calore umano e di forza propulsiva.<\/p>\n\n\n\n<p>Se parla di&nbsp;<strong>Nola<\/strong>, e di un suo premio, dipinge la citt\u00e0 con tocchi leggeri e rapidi; se parla di persone, vengono proposte con un senso di apprezzamento e simpatia, come per&nbsp;<strong>Regina Resta<\/strong>, fondatrice dell\u2019associazione culturale Verbumlandiart e della rivista&nbsp;<em>Verbum Press<\/em>, focolaio di iniziative, convegni, premi letterari.<\/p>\n\n\n\n<p>Il mondo canadese \u00e8 a lui particolarmente caro ed \u00e8 tra le realt\u00e0 che ha meglio apprezzato i nostri connazionali, basti pensare alla gratitudine che&nbsp;<strong>Justin Trudeau<\/strong>&nbsp;esprime verso la nostra comunit\u00e0 che ha contribuito alla crescita qualitativa della collettivit\u00e0; \u00e8 evidente l\u2019empatia creatosi con il Canada e altre terre depositarie della nostra identit\u00e0.<\/p>\n\n\n\n<p>In questo mare di notizie, di tanto in tanto&nbsp;<strong>Goffredo<\/strong>&nbsp;ci regala descrizioni quasi liriche che danno il metro di una personalit\u00e0 il cui impegno letterario, che a un occhio disattento pu\u00f2 apparire mero inventario celebrativo, sa inculcare sentimenti di solidariet\u00e0, dignit\u00e0, propositi di compartecipazione; il culto dell\u2019amore, della memoria; il senso dell\u2019etica.&nbsp; L\u2019orgoglio di nazione che trasmette, niente ha a che vedere con un nazionalismo chiuso ed escludente, piuttosto con quello dell\u2019apertura e di un rapporto corale, intercomunitario.<\/p>\n\n\n\n<p><strong>Goffredo&nbsp;<\/strong>respira il mondo e lo racchiude nel suo intimo, per offrircelo come momento importante di riflessione. Rimanendo sempre entro un linguaggio di formulazioni essenziali egli ha il potere di restituirci la dimensione dell\u2019orgoglio nazionale, di coinvolgerci nella sua etica del fare, del cooperare, nell\u2019 esigenza di approfondire la storia dell\u2019emigrazione, la&nbsp;<strong>diaspora italiana nel mondo<\/strong>. Goffredo ci conduce alla riflessione sull\u2019ingiustizia sociale e auspica il riscatto soprattutto attraverso la cultura.<\/p>\n\n\n\n<p><em>*Presidente della Societ\u00e0 Vastese di Storia Patria<\/em><\/p>\n","protected":false},"excerpt":{"rendered":"<p>EVENTI E PERSONAGGI, NELL\u2019ULTIMO LIBRO DI GOFFREDO PALMERINI UN ORDITO RICCO DI RICHIAMI ANTROPOLOGICI, STORICI E SOCIOLOGICI \u201cIntrecci di memoria\u201d&nbsp;cattura [&hellip;]<\/p>\n","protected":false},"author":1,"featured_media":0,"comment_status":"open","ping_status":"open","sticky":false,"template":"","format":"standard","meta":{"footnotes":""},"categories":[10,22],"tags":[],"class_list":["post-82106","post","type-post","status-publish","format-standard","hentry","category-italiano","category-libros-y-revistas-literatura"],"_links":{"self":[{"href":"https:\/\/www.ecoitaliano.com.ar\/index.php?rest_route=\/wp\/v2\/posts\/82106","targetHints":{"allow":["GET"]}}],"collection":[{"href":"https:\/\/www.ecoitaliano.com.ar\/index.php?rest_route=\/wp\/v2\/posts"}],"about":[{"href":"https:\/\/www.ecoitaliano.com.ar\/index.php?rest_route=\/wp\/v2\/types\/post"}],"author":[{"embeddable":true,"href":"https:\/\/www.ecoitaliano.com.ar\/index.php?rest_route=\/wp\/v2\/users\/1"}],"replies":[{"embeddable":true,"href":"https:\/\/www.ecoitaliano.com.ar\/index.php?rest_route=%2Fwp%2Fv2%2Fcomments&post=82106"}],"version-history":[{"count":1,"href":"https:\/\/www.ecoitaliano.com.ar\/index.php?rest_route=\/wp\/v2\/posts\/82106\/revisions"}],"predecessor-version":[{"id":82109,"href":"https:\/\/www.ecoitaliano.com.ar\/index.php?rest_route=\/wp\/v2\/posts\/82106\/revisions\/82109"}],"wp:attachment":[{"href":"https:\/\/www.ecoitaliano.com.ar\/index.php?rest_route=%2Fwp%2Fv2%2Fmedia&parent=82106"}],"wp:term":[{"taxonomy":"category","embeddable":true,"href":"https:\/\/www.ecoitaliano.com.ar\/index.php?rest_route=%2Fwp%2Fv2%2Fcategories&post=82106"},{"taxonomy":"post_tag","embeddable":true,"href":"https:\/\/www.ecoitaliano.com.ar\/index.php?rest_route=%2Fwp%2Fv2%2Ftags&post=82106"}],"curies":[{"name":"wp","href":"https:\/\/api.w.org\/{rel}","templated":true}]}}