{"id":82679,"date":"2025-11-24T14:50:39","date_gmt":"2025-11-24T14:50:39","guid":{"rendered":"https:\/\/www.ecoitaliano.com.ar\/?p=82679"},"modified":"2025-11-24T14:50:58","modified_gmt":"2025-11-24T14:50:58","slug":"il-vino-delle-feste-degustazione-solidale-di-vini-del-piemonte-a-sostegno-di-fondazione-time2-giovedi-11-dicembre-spazio-open-torino","status":"publish","type":"post","link":"https:\/\/www.ecoitaliano.com.ar\/?p=82679","title":{"rendered":"Il Vino delle Feste. Degustazione solidale di vini del Piemonte a sostegno di Fondazione Time2 | Gioved\u00ec 11 dicembre &#8211; spazio Open, Torino"},"content":{"rendered":"\n<figure class=\"wp-block-table\"><table class=\"has-fixed-layout\"><tbody><tr><td><img decoding=\"async\" width=\"600\" src=\"https:\/\/ci3.googleusercontent.com\/meips\/ADKq_NY7FcJLehKd0xOyivagGVi0X6UMzH8O8IaQsY0pkO0GlZukSGCSTDETUcdQa-JJXnHFHZIKkrdEnZdGZOpR5U0hE-hdYZEV9fBr71HZnjdZThMssP8aGynW71vO1RJwWO_ghV3x0NcbpNkhb_ImG-v_gQ=s0-d-e1-ft#https:\/\/gbfa4.img.a.d.sendibm1.com\/im\/sh\/Kqpy7dL9pGas.jpeg?u=7xwQLFBtniwQn1M7ZYW8IhiFwEavAM5\"><br><strong>Il vino delle feste: gusto, territorio e partecipazione attiva\u00a0Gioved\u00ec 11 dicembre OPEN ospita una degustazione solidale di vini del Piemonte a sostegno delle attivit\u00e0 di Fondazione Time2<\/strong><br>Dalle 18:00 alle 20:00 oppure dalle 21:00 alle 23:00<br>OPEN &#8211; Spazio Aperto di Diversit\u00e0 (Corso Stati Uniti 62\/B, Torino)Torino, 24 novembre 2025 &#8211; Una serata inedita, capace di connettere territorio, gusto e solidariet\u00e0 trasformando ogni calice in un gesto concreto per una societ\u00e0 pi\u00f9 aperta e un territorio attivo nel cambiamento. \u00c8 questo l\u2019obiettivo de\u00a0<em>Il vino delle feste. Degustazione solidale a sostegno di Fondazione Time2<\/em>, in programma gioved\u00ec 11 dicembre presso lo spazio OPEN &#8211; Spazio Aperto di Diversit\u00e0 (Corso Stati Uniti 62\/B, Torino).\u00a0Un invito a percorrere un\u2019esperienza sensoriale nelle regioni vinicole del Piemonte: dalle Langhe al Roero, dal Monferrato al Canavese. Attorno a calici e bottiglie selezionate ci saranno le storie dei produttori con la possibilit\u00e0 di scegliere i vini che accompagneranno le nostre feste, trasformando un gesto quotidiano in un atto di responsabilit\u00e0 collettiva. Le narrazioni delle cantine, il legame con la terra, l\u2019identit\u00e0 di un prodotto che porta con s\u00e9 un paesaggio: tutto questo diventa il ponte tra i produttori, gli appassionati e la comunit\u00e0.\u00a0Partecipare alla degustazione significa sostenere concretamente le attivit\u00e0 della Fondazione Time2, che lavora per costruire una societ\u00e0 pi\u00f9 aperta occupandosi dell\u2019ingresso nell\u2019et\u00e0 adulta di giovani con disabilit\u00e0 attraverso percorsi educativi, sportivi e di accompagnamento al lavoro. Ogni calice degustato e ogni bottiglia acquistata contribuiranno \u00a0infatti ai progetti della Fondazione, rafforzando un modello in cui il territorio non \u00e8 solo cornice, ma attore attivo di cambiamento.Saranno presenti 16 cantine selezionate che hanno donato le loro vino delle loro migliori etichette mettendo a disposizione una selezione limitata in due fasce di prezzo (15\u201320 \u20ac e 30\u201350 \u20ac). All\u2019ingresso, i partecipanti riceveranno un kit degustazione comprensivo di calice, portacalice, grissini e mappa delle cantine partecipanti. Il contributo d\u2019ingresso \u00e8 di 5 \u20ac, che sar\u00e0 scalato in caso di acquisto di una o pi\u00f9 bottiglie. L\u2019evento \u00e8 riservato a persone maggiorenni. Tutto il ricavato sar\u00e0 destinato alle attivit\u00e0 della Fondazione Time2.L\u2019appuntamento si propone quindi come molto pi\u00f9 di una semplice degustazione: \u00e8 un\u2019occasione per riconoscere il valore della diversit\u00e0 &#8211; produttiva e umana &#8211; e per praticare un consumo consapevole.\u00a0<br><em>OPEN &#8211; Spazio Aperto di Diversit\u00e0\u00a0<\/em>\u00e8 stato progettato per accogliere tutti: gli spazi sono accessibili in carrozzina, sono presenti bagni accessibili e gender-neutral, e sono disponibili cuffie antirumore su richiesta. Per esigenze specifiche di accessibilit\u00e0 \u00e8 possibile contattare la Fondazione Time2 all\u2019indirizzo\u00a0<a href=\"mailto:accessibilita@fondazionetime2.it\" target=\"_blank\" rel=\"noreferrer noopener\">accessibilita@fondazionetime2.it<\/a>\u00a0o al numero +39 011 78 65 45.La partecipazione all\u2019evento Il vino delle feste sar\u00e0 possibile in due fasce orarie: dalle 18:00 alle 20:00 oppure dalle 21:00 alle 23:00.Silvia Bellucciufficio stampa Fondazione Time2+393461561637<\/td><\/tr><\/tbody><\/table><\/figure>\n","protected":false},"excerpt":{"rendered":"<p>Il vino delle feste: gusto, territorio e partecipazione attiva\u00a0Gioved\u00ec 11 dicembre OPEN ospita una degustazione solidale di vini del Piemonte [&hellip;]<\/p>\n","protected":false},"author":1,"featured_media":0,"comment_status":"open","ping_status":"open","sticky":false,"template":"","format":"standard","meta":{"footnotes":""},"categories":[173,10],"tags":[],"class_list":["post-82679","post","type-post","status-publish","format-standard","hentry","category-economia","category-italiano"],"_links":{"self":[{"href":"https:\/\/www.ecoitaliano.com.ar\/index.php?rest_route=\/wp\/v2\/posts\/82679","targetHints":{"allow":["GET"]}}],"collection":[{"href":"https:\/\/www.ecoitaliano.com.ar\/index.php?rest_route=\/wp\/v2\/posts"}],"about":[{"href":"https:\/\/www.ecoitaliano.com.ar\/index.php?rest_route=\/wp\/v2\/types\/post"}],"author":[{"embeddable":true,"href":"https:\/\/www.ecoitaliano.com.ar\/index.php?rest_route=\/wp\/v2\/users\/1"}],"replies":[{"embeddable":true,"href":"https:\/\/www.ecoitaliano.com.ar\/index.php?rest_route=%2Fwp%2Fv2%2Fcomments&post=82679"}],"version-history":[{"count":1,"href":"https:\/\/www.ecoitaliano.com.ar\/index.php?rest_route=\/wp\/v2\/posts\/82679\/revisions"}],"predecessor-version":[{"id":82680,"href":"https:\/\/www.ecoitaliano.com.ar\/index.php?rest_route=\/wp\/v2\/posts\/82679\/revisions\/82680"}],"wp:attachment":[{"href":"https:\/\/www.ecoitaliano.com.ar\/index.php?rest_route=%2Fwp%2Fv2%2Fmedia&parent=82679"}],"wp:term":[{"taxonomy":"category","embeddable":true,"href":"https:\/\/www.ecoitaliano.com.ar\/index.php?rest_route=%2Fwp%2Fv2%2Fcategories&post=82679"},{"taxonomy":"post_tag","embeddable":true,"href":"https:\/\/www.ecoitaliano.com.ar\/index.php?rest_route=%2Fwp%2Fv2%2Ftags&post=82679"}],"curies":[{"name":"wp","href":"https:\/\/api.w.org\/{rel}","templated":true}]}}