{"id":82689,"date":"2025-11-24T19:14:58","date_gmt":"2025-11-24T19:14:58","guid":{"rendered":"https:\/\/www.ecoitaliano.com.ar\/?p=82689"},"modified":"2025-11-24T19:16:38","modified_gmt":"2025-11-24T19:16:38","slug":"onelio-fratesi-marchigano-dellanno","status":"publish","type":"post","link":"https:\/\/www.ecoitaliano.com.ar\/?p=82689","title":{"rendered":"ONELIO FRATESI \u201cMARCHIGANO DELL\u2019ANNO\u201d"},"content":{"rendered":"\n<p><em>di Giorgio Girelli *<\/em> <\/p>\n\n\n\n<figure class=\"wp-block-gallery has-nested-images columns-default is-cropped wp-block-gallery-1 is-layout-flex wp-block-gallery-is-layout-flex\">\n<figure class=\"wp-block-image size-large\"><a href=\"https:\/\/www.ecoitaliano.com.ar\/wp-content\/uploads\/2025\/11\/Senato-Marchigiano-Anno-S.E.-Greco-e-amb.-Girelli-premiano-Onelio-Fratesi.jpg\"><img decoding=\"async\" width=\"992\" height=\"1024\" data-id=\"82692\" src=\"https:\/\/www.ecoitaliano.com.ar\/wp-content\/uploads\/2025\/11\/Senato-Marchigiano-Anno-S.E.-Greco-e-amb.-Girelli-premiano-Onelio-Fratesi-992x1024.jpg\" alt=\"\" class=\"wp-image-82692\" srcset=\"https:\/\/www.ecoitaliano.com.ar\/wp-content\/uploads\/2025\/11\/Senato-Marchigiano-Anno-S.E.-Greco-e-amb.-Girelli-premiano-Onelio-Fratesi-992x1024.jpg 992w, https:\/\/www.ecoitaliano.com.ar\/wp-content\/uploads\/2025\/11\/Senato-Marchigiano-Anno-S.E.-Greco-e-amb.-Girelli-premiano-Onelio-Fratesi-290x300.jpg 290w, https:\/\/www.ecoitaliano.com.ar\/wp-content\/uploads\/2025\/11\/Senato-Marchigiano-Anno-S.E.-Greco-e-amb.-Girelli-premiano-Onelio-Fratesi-768x793.jpg 768w, https:\/\/www.ecoitaliano.com.ar\/wp-content\/uploads\/2025\/11\/Senato-Marchigiano-Anno-S.E.-Greco-e-amb.-Girelli-premiano-Onelio-Fratesi-1487x1536.jpg 1487w, https:\/\/www.ecoitaliano.com.ar\/wp-content\/uploads\/2025\/11\/Senato-Marchigiano-Anno-S.E.-Greco-e-amb.-Girelli-premiano-Onelio-Fratesi-1983x2048.jpg 1983w, https:\/\/www.ecoitaliano.com.ar\/wp-content\/uploads\/2025\/11\/Senato-Marchigiano-Anno-S.E.-Greco-e-amb.-Girelli-premiano-Onelio-Fratesi-145x150.jpg 145w\" sizes=\"(max-width: 992px) 100vw, 992px\" \/><\/a><\/figure>\n\n\n\n<figure class=\"wp-block-image size-large\"><a href=\"https:\/\/www.ecoitaliano.com.ar\/wp-content\/uploads\/2025\/11\/20250610_ADP_Marchigiano-dell-anno_RA_6615.jpg\"><img decoding=\"async\" width=\"683\" height=\"1024\" data-id=\"82690\" src=\"https:\/\/www.ecoitaliano.com.ar\/wp-content\/uploads\/2025\/11\/20250610_ADP_Marchigiano-dell-anno_RA_6615-683x1024.jpg\" alt=\"\" class=\"wp-image-82690\" srcset=\"https:\/\/www.ecoitaliano.com.ar\/wp-content\/uploads\/2025\/11\/20250610_ADP_Marchigiano-dell-anno_RA_6615-683x1024.jpg 683w, https:\/\/www.ecoitaliano.com.ar\/wp-content\/uploads\/2025\/11\/20250610_ADP_Marchigiano-dell-anno_RA_6615-200x300.jpg 200w, https:\/\/www.ecoitaliano.com.ar\/wp-content\/uploads\/2025\/11\/20250610_ADP_Marchigiano-dell-anno_RA_6615-768x1152.jpg 768w, https:\/\/www.ecoitaliano.com.ar\/wp-content\/uploads\/2025\/11\/20250610_ADP_Marchigiano-dell-anno_RA_6615-1024x1536.jpg 1024w, https:\/\/www.ecoitaliano.com.ar\/wp-content\/uploads\/2025\/11\/20250610_ADP_Marchigiano-dell-anno_RA_6615-1366x2048.jpg 1366w, https:\/\/www.ecoitaliano.com.ar\/wp-content\/uploads\/2025\/11\/20250610_ADP_Marchigiano-dell-anno_RA_6615-100x150.jpg 100w, https:\/\/www.ecoitaliano.com.ar\/wp-content\/uploads\/2025\/11\/20250610_ADP_Marchigiano-dell-anno_RA_6615.jpg 1707w\" sizes=\"(max-width: 683px) 100vw, 683px\" \/><\/a><\/figure>\n<\/figure>\n\n\n\n<p>Per il CE.S.MA. (Centro studi Marche), la rinomata Istituzione culturale operativa a Roma dal 1983 e periodicamente impegnata in varie iniziative in Italia ed all\u2019estero, con l\u2019avvicinarsi della fine dell\u2019anno prende avvio anche la fase dei consuntivi. Tra questi particolare rilievo ricopre la manifestazione volta alla concessione della distinzione onorifica di \u201cMarchigiano dell\u2019anno\u201d, prestigioso riconoscimento assegnato nel corso di una cerimonia che ha luogo al Senato della Repubblica sotto la regia del senatore Questore Antonio De Poli e che premia taluni marchigiani che si sono particolarmente distinti per le loro benemerenze. Presente, con encomiabile disponibilit\u00e0, il prefetto di Pesaro e Urbino Emanuela Saveria Greco, il premio ha riguardato quest\u2019anno anche una personalit\u00e0 della citt\u00e0 di Rossini: il Grande Ufficiale al merito della Repubblica Italiana Onelio Fratesi, imprenditore calzaturiero. Dopo un periodo di attivit\u00e0 nell\u2019ambito di una ditta del settore, nel 1970 Fratesi costitu\u00ec una sua propria societ\u00e0. Di qui l\u2019ascesa. La superficie attuale della sede di Pesaro \u00e8 di 3000 mq dalla quale parte la distribuzione di calzature con propri marchi verso tutta la penisola ed all&#8217;estero. I mercati principali di esportazione sono: Russia, Bielorussia, Ucraina, Kazakistan, Bulgaria, Emirati Arabi, Israele, Tunisia, Turchia, Nigeria. Nel 1993 Onelio Fratesi \u00e8 stato ricevuto in udienza privata con tutta la famiglia da Sua Santit\u00e0 Giovanni Paolo II<sup> <\/sup>. Nell&#8217; occasione ha fornito al Santo Padre calzature prodotte artigianalmente appositamente per lui. La sua condotta \u00e8 stata sempre illuminata e disponibile ad incoraggiare iniziative benefiche e culturali. Nella sua citt\u00e0, Pesaro, ha sempre sostenuto, ad esempio, le commemorazioni annuali della scomparsa di Alcide De Gasperi. All\u2019estero, tra l\u2019altro, don\u00f2 alla Nunziatura della Santa Sede del Kenia un container di calzature per i tanti bisognosi di quel paese. Nel 2003 conobbe Padre Ibrahim Faltas custode della casa della Nativit\u00e0 a Betlemme ed anche in questa occasione fece dono di una rilevante quantit\u00e0 di scarpe destinate alla popolazione pi\u00f9 povera di quella terra. Per le sue opere di solidariet\u00e0 ha ricevuto, inoltre, I<sup>\u2019<\/sup>attestato di \u201cportatore di pace\u201d ed \u00e8 stato insignito anche del titolo di cavaliere di San Gregorio Magno.<\/p>\n\n\n\n<p>*<em>Presidente Onorario Ce.S.Ma.<\/em><\/p>\n\n\n\n<p><strong>Nelle Foto<\/strong><\/p>\n\n\n\n<ul class=\"wp-block-list\">\n<li><em>Il Gr. Uff. Onelio Fratesi premiato dal prefetto Emanuela Greco e dall\u2019ambasciatore Giorgio Girelli.<\/em><\/li>\n<\/ul>\n\n\n\n<ul class=\"wp-block-list\">\n<li><em>Il Senatore Questore del Senato Antonio De Poli e Padre Bruno Silvestrini, agostiniano, altro \u201cmarchigiano dell\u2019anno\u201d e custode del \u201cSacrario Apostolico Vaticano\u201d nonch\u00e8 confratello di Leone XIV di cui \u00e8 stato compagno di studi.<\/em><\/li>\n<\/ul>\n","protected":false},"excerpt":{"rendered":"<p>di Giorgio Girelli * Per il CE.S.MA. (Centro studi Marche), la rinomata Istituzione culturale operativa a Roma dal 1983 e [&hellip;]<\/p>\n","protected":false},"author":1,"featured_media":0,"comment_status":"open","ping_status":"open","sticky":false,"template":"","format":"standard","meta":{"footnotes":""},"categories":[10,14],"tags":[],"class_list":["post-82689","post","type-post","status-publish","format-standard","hentry","category-italiano","category-regiones-de-italia"],"_links":{"self":[{"href":"https:\/\/www.ecoitaliano.com.ar\/index.php?rest_route=\/wp\/v2\/posts\/82689","targetHints":{"allow":["GET"]}}],"collection":[{"href":"https:\/\/www.ecoitaliano.com.ar\/index.php?rest_route=\/wp\/v2\/posts"}],"about":[{"href":"https:\/\/www.ecoitaliano.com.ar\/index.php?rest_route=\/wp\/v2\/types\/post"}],"author":[{"embeddable":true,"href":"https:\/\/www.ecoitaliano.com.ar\/index.php?rest_route=\/wp\/v2\/users\/1"}],"replies":[{"embeddable":true,"href":"https:\/\/www.ecoitaliano.com.ar\/index.php?rest_route=%2Fwp%2Fv2%2Fcomments&post=82689"}],"version-history":[{"count":2,"href":"https:\/\/www.ecoitaliano.com.ar\/index.php?rest_route=\/wp\/v2\/posts\/82689\/revisions"}],"predecessor-version":[{"id":82693,"href":"https:\/\/www.ecoitaliano.com.ar\/index.php?rest_route=\/wp\/v2\/posts\/82689\/revisions\/82693"}],"wp:attachment":[{"href":"https:\/\/www.ecoitaliano.com.ar\/index.php?rest_route=%2Fwp%2Fv2%2Fmedia&parent=82689"}],"wp:term":[{"taxonomy":"category","embeddable":true,"href":"https:\/\/www.ecoitaliano.com.ar\/index.php?rest_route=%2Fwp%2Fv2%2Fcategories&post=82689"},{"taxonomy":"post_tag","embeddable":true,"href":"https:\/\/www.ecoitaliano.com.ar\/index.php?rest_route=%2Fwp%2Fv2%2Ftags&post=82689"}],"curies":[{"name":"wp","href":"https:\/\/api.w.org\/{rel}","templated":true}]}}