{"id":82829,"date":"2025-11-28T20:53:32","date_gmt":"2025-11-28T20:53:32","guid":{"rendered":"https:\/\/www.ecoitaliano.com.ar\/?p=82829"},"modified":"2025-11-28T20:54:22","modified_gmt":"2025-11-28T20:54:22","slug":"comunicato-stampa-minority-forum-nazioni-unite","status":"publish","type":"post","link":"https:\/\/www.ecoitaliano.com.ar\/?p=82829","title":{"rendered":"Comunicato stampa Minority Forum (Nazioni Unite)"},"content":{"rendered":"\n<figure class=\"wp-block-gallery has-nested-images columns-default is-cropped wp-block-gallery-1 is-layout-flex wp-block-gallery-is-layout-flex\">\n<figure class=\"wp-block-image size-large\"><a href=\"https:\/\/www.ecoitaliano.com.ar\/wp-content\/uploads\/2025\/11\/unnamed-7.jpg\"><img decoding=\"async\" width=\"575\" height=\"1024\" data-id=\"82830\" src=\"https:\/\/www.ecoitaliano.com.ar\/wp-content\/uploads\/2025\/11\/unnamed-7-575x1024.jpg\" alt=\"\" class=\"wp-image-82830\" srcset=\"https:\/\/www.ecoitaliano.com.ar\/wp-content\/uploads\/2025\/11\/unnamed-7-575x1024.jpg 575w, https:\/\/www.ecoitaliano.com.ar\/wp-content\/uploads\/2025\/11\/unnamed-7-168x300.jpg 168w, https:\/\/www.ecoitaliano.com.ar\/wp-content\/uploads\/2025\/11\/unnamed-7-768x1368.jpg 768w, https:\/\/www.ecoitaliano.com.ar\/wp-content\/uploads\/2025\/11\/unnamed-7-863x1536.jpg 863w, https:\/\/www.ecoitaliano.com.ar\/wp-content\/uploads\/2025\/11\/unnamed-7-1150x2048.jpg 1150w, https:\/\/www.ecoitaliano.com.ar\/wp-content\/uploads\/2025\/11\/unnamed-7-84x150.jpg 84w, https:\/\/www.ecoitaliano.com.ar\/wp-content\/uploads\/2025\/11\/unnamed-7.jpg 1363w\" sizes=\"(max-width: 575px) 100vw, 575px\" \/><\/a><\/figure>\n\n\n\n<figure class=\"wp-block-image size-large\"><a href=\"https:\/\/www.ecoitaliano.com.ar\/wp-content\/uploads\/2025\/11\/unnamed-3-1.jpg\"><img decoding=\"async\" width=\"1024\" height=\"768\" data-id=\"82833\" src=\"https:\/\/www.ecoitaliano.com.ar\/wp-content\/uploads\/2025\/11\/unnamed-3-1-1024x768.jpg\" alt=\"\" class=\"wp-image-82833\" srcset=\"https:\/\/www.ecoitaliano.com.ar\/wp-content\/uploads\/2025\/11\/unnamed-3-1-1024x768.jpg 1024w, https:\/\/www.ecoitaliano.com.ar\/wp-content\/uploads\/2025\/11\/unnamed-3-1-300x225.jpg 300w, https:\/\/www.ecoitaliano.com.ar\/wp-content\/uploads\/2025\/11\/unnamed-3-1-768x576.jpg 768w, https:\/\/www.ecoitaliano.com.ar\/wp-content\/uploads\/2025\/11\/unnamed-3-1-1536x1152.jpg 1536w, https:\/\/www.ecoitaliano.com.ar\/wp-content\/uploads\/2025\/11\/unnamed-3-1-2048x1536.jpg 2048w, https:\/\/www.ecoitaliano.com.ar\/wp-content\/uploads\/2025\/11\/unnamed-3-1-150x113.jpg 150w\" sizes=\"(max-width: 1024px) 100vw, 1024px\" \/><\/a><\/figure>\n<\/figure>\n\n\n\n<p><br>COMUNICATO STAMPA<\/p>\n\n\n\n<p><strong>L\u2019Osservatorio Nazionale sulle Minoranze partecipa al Minority Forum delle Nazioni Unite<\/strong><\/p>\n\n\n\n<p>Ginevra, 28 novembre &#8211; La 18a sessione del Forum delle Nazioni Unite sulle questioni delle minoranze si \u00e8 tenuta quest&#8217;anno in un clima di incertezze e sfide. A causa della crisi di bilancio delle Nazioni Unite e dei lavori di ristrutturazione del Palazzo delle Nazioni, l&#8217;organizzazione dell&#8217;evento \u00e8 stata adattata, ma l&#8217;impegno per i diritti delle minoranze \u00e8 rimasto invariato, come testimoniato dalla partecipazione di oltre 900 delegati di Stati, organizzazioni intergovernative e non governative, esperti e accademici, cos\u00ec come rappresentanti delle minoranze impegnate nella tutela dei diritti umani.<\/p>\n\n\n\n<p>Fondato dalla risoluzione 6\/15 del Consiglio per i Diritti Umani nel 2007, il Forum ha come obiettivo primario quello di promuovere dialogo e cooperazione su questioni legate a minoranze nazionali, etniche, religiose e linguistiche.<\/p>\n\n\n\n<p>Ne abbiamo parlato con i delegati dell\u2019<strong>Osservatorio Nazionale sulle Minoranze<\/strong>, che hanno raggiunto il direttore&nbsp;<strong>Renato Ongania<\/strong>, impegnato a Ginevra dal 01 novembre sulle questioni delle minoranze:<\/p>\n\n\n\n<p>\u201cQuest&#8217;edizione del Forum si \u00e8 concentrata su temi cruciali come l&#8217;incitamento all&#8217;odio nei social media, il diritto all&#8217;istruzione e l&#8217;apolidia (la condizione dei soggetti privi di qualunque cittadinanza)\u201d, ha sottolineato&nbsp;<strong>don Maurizio Bloise<\/strong>, competente su dialogo ecumenico ed interreligioso.&nbsp;<\/p>\n\n\n\n<p>Secondo il rapporto annuale Global Trends dell&#8217;UNHCR (Alto Commissariato delle Nazioni Unite per i Rifugiati), oltre 122 milioni di persone sono attualmente sfollate a livello globale. La situazione \u00e8 particolarmente critica in paesi come Sudan, Myanmar e Ucraina, dove i conflitti continuano a generare ondate di rifugiati.&nbsp;<\/p>\n\n\n\n<p>Solo in Italia, alla fine del 2024, c&#8217;erano circa 150.000 beneficiari di protezione internazionale, 207.000 richiedenti asilo e oltre 163.000 cittadini ucraini che beneficiavano di protezione temporanea, mentre il numero di apolidi \u00e8 stimato intorno ai 3.000.<\/p>\n\n\n\n<p><strong>Vincenzo De Lucia<\/strong>, vice direttore dell&#8217;Osservatorio Nazionale sulle Minoranze, ha sottolineato la necessit\u00e0 di ricercare e documentare esempi virtuosi di governance inclusiva e partecipata, coerenti con i principi costituzionali di uguaglianza e dignit\u00e0 per tutti, cos\u00ec da poterli condividere in contesti nazionali ed internazionali come \u201cbest practice\u201d.<\/p>\n\n\n\n<p>In linea con ci\u00f2, \u00e8 giunto il report del Comune di Castrezzato (Brescia), un comune che si \u00e8 distinto come modello di inclusione sociale, grazie a una rete integrata tra scuola, parrocchia e servizi sociali che testimonia la forza della cooperazione locale e lo sviluppo di progetti strutturati per l&#8217;accoglienza, l&#8217;alfabetizzazione e l&#8217;integrazione delle famiglie di origine straniera.&nbsp;<\/p>\n\n\n\n<p>Durante le giornate segnate da molteplici incontri, tra cui quello con il Coordinatore delle Operazioni per il Medio Oriente della&nbsp;<strong>Croce Rossa Internazionale<\/strong>, \u00e8 stata inoltre inoltre annunciata la volont\u00e0 del presidente e del prefetto del Rotary Club Cortefranca Rovato di un progetto sul tema delle minoranze, sostenuto dal socio Angelo Zanini.&nbsp;<\/p>\n\n\n\n<p>\u201cLa coesistenza pacifica e la coesione tra gruppi predominanti e minoranze sono essenziali per la prevenzione dei conflitti, lo sviluppo sostenibile e la costruzione di societ\u00e0 stabili e resilienti, ha infine dichiarato il&nbsp;<strong>Relatore Speciale delle Nazioni Unite sulle questioni delle minoranze.&nbsp;<\/strong><\/p>\n\n\n\n<div class=\"wp-block-group\"><div class=\"wp-block-group__inner-container is-layout-constrained wp-block-group-is-layout-constrained\"><\/div><\/div>\n","protected":false},"excerpt":{"rendered":"<p>COMUNICATO STAMPA L\u2019Osservatorio Nazionale sulle Minoranze partecipa al Minority Forum delle Nazioni Unite Ginevra, 28 novembre &#8211; La 18a sessione [&hellip;]<\/p>\n","protected":false},"author":1,"featured_media":0,"comment_status":"open","ping_status":"open","sticky":false,"template":"","format":"standard","meta":{"footnotes":""},"categories":[339,10],"tags":[],"class_list":["post-82829","post","type-post","status-publish","format-standard","hentry","category-diplomacia","category-italiano"],"_links":{"self":[{"href":"https:\/\/www.ecoitaliano.com.ar\/index.php?rest_route=\/wp\/v2\/posts\/82829","targetHints":{"allow":["GET"]}}],"collection":[{"href":"https:\/\/www.ecoitaliano.com.ar\/index.php?rest_route=\/wp\/v2\/posts"}],"about":[{"href":"https:\/\/www.ecoitaliano.com.ar\/index.php?rest_route=\/wp\/v2\/types\/post"}],"author":[{"embeddable":true,"href":"https:\/\/www.ecoitaliano.com.ar\/index.php?rest_route=\/wp\/v2\/users\/1"}],"replies":[{"embeddable":true,"href":"https:\/\/www.ecoitaliano.com.ar\/index.php?rest_route=%2Fwp%2Fv2%2Fcomments&post=82829"}],"version-history":[{"count":1,"href":"https:\/\/www.ecoitaliano.com.ar\/index.php?rest_route=\/wp\/v2\/posts\/82829\/revisions"}],"predecessor-version":[{"id":82834,"href":"https:\/\/www.ecoitaliano.com.ar\/index.php?rest_route=\/wp\/v2\/posts\/82829\/revisions\/82834"}],"wp:attachment":[{"href":"https:\/\/www.ecoitaliano.com.ar\/index.php?rest_route=%2Fwp%2Fv2%2Fmedia&parent=82829"}],"wp:term":[{"taxonomy":"category","embeddable":true,"href":"https:\/\/www.ecoitaliano.com.ar\/index.php?rest_route=%2Fwp%2Fv2%2Fcategories&post=82829"},{"taxonomy":"post_tag","embeddable":true,"href":"https:\/\/www.ecoitaliano.com.ar\/index.php?rest_route=%2Fwp%2Fv2%2Ftags&post=82829"}],"curies":[{"name":"wp","href":"https:\/\/api.w.org\/{rel}","templated":true}]}}