{"id":82912,"date":"2025-12-01T10:39:19","date_gmt":"2025-12-01T10:39:19","guid":{"rendered":"https:\/\/www.ecoitaliano.com.ar\/?p=82912"},"modified":"2025-12-01T10:39:35","modified_gmt":"2025-12-01T10:39:35","slug":"disco-barbara-bert","status":"publish","type":"post","link":"https:\/\/www.ecoitaliano.com.ar\/?p=82912","title":{"rendered":"DISCO Barbara BERT"},"content":{"rendered":"\n<figure class=\"wp-block-gallery has-nested-images columns-default is-cropped wp-block-gallery-1 is-layout-flex wp-block-gallery-is-layout-flex\">\n<figure class=\"wp-block-image size-large\"><a href=\"https:\/\/www.ecoitaliano.com.ar\/wp-content\/uploads\/2025\/12\/beertt.jpg\"><img decoding=\"async\" width=\"1024\" height=\"776\" data-id=\"82913\" src=\"https:\/\/www.ecoitaliano.com.ar\/wp-content\/uploads\/2025\/12\/beertt-1024x776.jpg\" alt=\"\" class=\"wp-image-82913\" srcset=\"https:\/\/www.ecoitaliano.com.ar\/wp-content\/uploads\/2025\/12\/beertt-1024x776.jpg 1024w, https:\/\/www.ecoitaliano.com.ar\/wp-content\/uploads\/2025\/12\/beertt-300x227.jpg 300w, https:\/\/www.ecoitaliano.com.ar\/wp-content\/uploads\/2025\/12\/beertt-768x582.jpg 768w, https:\/\/www.ecoitaliano.com.ar\/wp-content\/uploads\/2025\/12\/beertt-1536x1164.jpg 1536w, https:\/\/www.ecoitaliano.com.ar\/wp-content\/uploads\/2025\/12\/beertt-150x114.jpg 150w, https:\/\/www.ecoitaliano.com.ar\/wp-content\/uploads\/2025\/12\/beertt.jpg 2048w\" sizes=\"(max-width: 1024px) 100vw, 1024px\" \/><\/a><\/figure>\n\n\n\n<figure class=\"wp-block-image size-large\"><a href=\"https:\/\/www.ecoitaliano.com.ar\/wp-content\/uploads\/2025\/12\/barbara-bert.jpg\"><img decoding=\"async\" width=\"225\" height=\"225\" data-id=\"82914\" src=\"https:\/\/www.ecoitaliano.com.ar\/wp-content\/uploads\/2025\/12\/barbara-bert.jpg\" alt=\"\" class=\"wp-image-82914\" srcset=\"https:\/\/www.ecoitaliano.com.ar\/wp-content\/uploads\/2025\/12\/barbara-bert.jpg 225w, https:\/\/www.ecoitaliano.com.ar\/wp-content\/uploads\/2025\/12\/barbara-bert-150x150.jpg 150w\" sizes=\"(max-width: 225px) 100vw, 225px\" \/><\/a><\/figure>\n\n\n\n<figure class=\"wp-block-image size-large\"><a href=\"https:\/\/www.ecoitaliano.com.ar\/wp-content\/uploads\/2025\/12\/barb.jpg\"><img decoding=\"async\" width=\"1024\" height=\"776\" data-id=\"82915\" src=\"https:\/\/www.ecoitaliano.com.ar\/wp-content\/uploads\/2025\/12\/barb-1024x776.jpg\" alt=\"\" class=\"wp-image-82915\" srcset=\"https:\/\/www.ecoitaliano.com.ar\/wp-content\/uploads\/2025\/12\/barb-1024x776.jpg 1024w, https:\/\/www.ecoitaliano.com.ar\/wp-content\/uploads\/2025\/12\/barb-300x227.jpg 300w, https:\/\/www.ecoitaliano.com.ar\/wp-content\/uploads\/2025\/12\/barb-768x582.jpg 768w, https:\/\/www.ecoitaliano.com.ar\/wp-content\/uploads\/2025\/12\/barb-1536x1164.jpg 1536w, https:\/\/www.ecoitaliano.com.ar\/wp-content\/uploads\/2025\/12\/barb-150x114.jpg 150w, https:\/\/www.ecoitaliano.com.ar\/wp-content\/uploads\/2025\/12\/barb.jpg 2048w\" sizes=\"(max-width: 1024px) 100vw, 1024px\" \/><\/a><\/figure>\n<\/figure>\n\n\n\n<p>Grande pubblico per Barbara Bert, artista carrarese che per la prima volta si \u00e8 presentata nella nuova veste di cantautrice con il brano \u201cDammi un sorriso\u201d, esibendosi a Palazzo Ducale, Sala degli Specchi. Erano presenti la consigliera provinciale Dina Dell\u2019Ertole e il consigliere comunale Daniele Tarantino. Il singolo nasce in collaborazione con l\u2019etichetta discografica indipendente Helimds Records del produttore Ciro Mitola e con il dj e producer Andrea Cecchini, presenti all\u2019evento.<\/p>\n\n\n\n<p>Il singolo nasce in collaborazione con l\u2019etichetta discografica indipendente Helimds Records del produttore Ciro Mitola e con il dj e producer Andrea Cecchini.<\/p>\n\n\n\n<p>\u201cDammi un Sorriso -spiega l\u2019artista- ha un sound accattivante, una canzone pop dance che trasporta dalle prime note in un mondo parallelo, donandoci quel sorriso che vorremmo vedere ogni giorno sulle labbra delle persone amate. Ringrazio chi ha collaborato con me in questa nuova avventura, belle anime musicali che hanno sposato il progetto &#8211; ci racconta Barbara.<\/p>\n\n\n\n<p>Barbara Bertoloni, in arte Barbara Bert, nasce a Carrara (MS), citt\u00e0 conosciuta in tutto il mondo per il marmo bianco. Da piccola si \u00e8 esibita in alcuni eventi canori locali. Per anni ha preso lezioni di canto, per sviluppare le caratteristiche della propria voce, definita dagli addetti ai lavori \u201cpotente e delicata\u201d.<\/p>\n\n\n\n<p>Ha partecipato a concorsi nazionali, tra cui Il Festival degli Sconosciuti di Ariccia (ricevendo un particolare apprezzamento da Teddy Reno), al Premio Mia Martini di Bagnara Calabra, al Video Festival Live a Cattolica e al Festival di San Valentino a Terni, ottenendo significativi risultati.<\/p>\n\n\n\n<p>Ha lavorato in molti locali della Versilia, dividendosi tra Piano Bar e Orchestre del circuito di Radio Zeta.<\/p>\n\n\n\n<p>Per alcuni anni \u00e8 stata la voce femminile di alcune tra le pi\u00f9 importanti orchestre di liscio. Ha in seguito abbandonato quel settore, perch\u00e9 maggiormente interessata alla musica leggera di interpretazione.<\/p>\n\n\n\n<p>Ha cantato per alcune stagioni alla Bussola di Focette, alla Capannina di Franceschi e al Caff\u00e8 Concerto Paszkowski di Firenze. Contattata dal manager dei Milk and Coffee (complesso romano che ebbe grande successo negli anni ottanta) \u00e8 stata inserita come moretta del gruppo, affiancando gli storici componenti Giancarlo Nisi e Florence Cavaliere.<\/p>\n\n\n\n<p>Barbara ha iniziato nel 2018 la carriera da solista, con l\u2019uscita del primo singolo, dal titolo \u201cSouvenir\u201d.<\/p>\n\n\n\n<p>La canzone reca la firma di Giovanni Germanelli e Francesco Mignogna, prodotto ed arrangiato dal musicista Marco Della Bona in arte Jericho su etichetta DDA Records. dopo questa collaborazione assieme a Gianni Donzelli degli Audio 2 con il brano \u00abVieni e abbraccia il sole\u00bb nell&#8217;ottobre 2021, l&#8217;artista prosegue il suo percorso musicale con l&#8217;uscita nel luglio 2022 della cover \u00abVivi\u00bb di Gianni Togni, ottenendo una bellissima menzione da parte del noto artista.<\/p>\n\n\n\n<p>Nel luglio del 2023 \u00e8 la volta di un&#8217;altra cover, \u00abLa Notte Vola\u00bb di Lorella Cuccarini, a cui Barbara Bert \u00e8 particolarmente legata da quando \u00e8 piccola. Il 24 maggio del 2024 esce il singolo \u00abPromesse\u00bb, scritto dall&#8217;autore Daniele Piovani presso L&#8217;Alystudio produzioni di Milano di Alioscia Arioli (chitarre di Gabriele Fersini ex chitarrista di Laura Pausini).<\/p>\n\n\n\n<p>Nel 2025 avviene un&#8217;altra bellissima collaborazione con un&#8217;artista di Colle Val d&#8217;elsa Monica Docci, in arte Moka, con l&#8217;uscita il 3 giugno del singolo \u00abChiga Chica boom boom\u00bb, un brano tutto da ballare e per ogni generazione, all&#8217;apparenza leggero ma con un significato profondo: le protagoniste dopo un periodo non semplice imprigionate in gabbie metaforicamente dorate decidono di trovar la chiave e tornare a respirare. Il 14 giugno 2025 Barbara Bert \u00e8 stata protagonista di un bel concerto tenutosi a Massa (MS); un evento per beneficienza con la Band dell\u2019artista, la New Life Band; il concerto \u00e8 stato sold-out. La direzione artistica \u00e8 stata curata da Ciro Mitola mentre la regia dal regista Pierpaolo Poggi, che tra l\u2019altro ha scritto e curato anche la realizzazione in pi\u00f9 occasioni dei videoclip di Barbara Bert<\/p>\n\n\n\n<blockquote class=\"wp-block-quote is-layout-flow wp-block-quote-is-layout-flow\">\n<blockquote class=\"wp-block-quote is-layout-flow wp-block-quote-is-layout-flow\">\n<blockquote class=\"wp-block-quote is-layout-flow wp-block-quote-is-layout-flow\">\n<blockquote class=\"wp-block-quote is-layout-flow wp-block-quote-is-layout-flow\">\n<blockquote class=\"wp-block-quote is-layout-flow wp-block-quote-is-layout-flow\">\n<p>Tara comunicazione&nbsp;<\/p>\n<\/blockquote>\n<\/blockquote>\n<\/blockquote>\n<\/blockquote>\n<\/blockquote>\n","protected":false},"excerpt":{"rendered":"<p>Grande pubblico per Barbara Bert, artista carrarese che per la prima volta si \u00e8 presentata nella nuova veste di cantautrice [&hellip;]<\/p>\n","protected":false},"author":1,"featured_media":0,"comment_status":"open","ping_status":"open","sticky":false,"template":"","format":"standard","meta":{"footnotes":""},"categories":[10,46],"tags":[],"class_list":["post-82912","post","type-post","status-publish","format-standard","hentry","category-italiano","category-musica"],"_links":{"self":[{"href":"https:\/\/www.ecoitaliano.com.ar\/index.php?rest_route=\/wp\/v2\/posts\/82912","targetHints":{"allow":["GET"]}}],"collection":[{"href":"https:\/\/www.ecoitaliano.com.ar\/index.php?rest_route=\/wp\/v2\/posts"}],"about":[{"href":"https:\/\/www.ecoitaliano.com.ar\/index.php?rest_route=\/wp\/v2\/types\/post"}],"author":[{"embeddable":true,"href":"https:\/\/www.ecoitaliano.com.ar\/index.php?rest_route=\/wp\/v2\/users\/1"}],"replies":[{"embeddable":true,"href":"https:\/\/www.ecoitaliano.com.ar\/index.php?rest_route=%2Fwp%2Fv2%2Fcomments&post=82912"}],"version-history":[{"count":1,"href":"https:\/\/www.ecoitaliano.com.ar\/index.php?rest_route=\/wp\/v2\/posts\/82912\/revisions"}],"predecessor-version":[{"id":82916,"href":"https:\/\/www.ecoitaliano.com.ar\/index.php?rest_route=\/wp\/v2\/posts\/82912\/revisions\/82916"}],"wp:attachment":[{"href":"https:\/\/www.ecoitaliano.com.ar\/index.php?rest_route=%2Fwp%2Fv2%2Fmedia&parent=82912"}],"wp:term":[{"taxonomy":"category","embeddable":true,"href":"https:\/\/www.ecoitaliano.com.ar\/index.php?rest_route=%2Fwp%2Fv2%2Fcategories&post=82912"},{"taxonomy":"post_tag","embeddable":true,"href":"https:\/\/www.ecoitaliano.com.ar\/index.php?rest_route=%2Fwp%2Fv2%2Ftags&post=82912"}],"curies":[{"name":"wp","href":"https:\/\/api.w.org\/{rel}","templated":true}]}}