{"id":82919,"date":"2025-12-01T11:23:26","date_gmt":"2025-12-01T11:23:26","guid":{"rendered":"https:\/\/www.ecoitaliano.com.ar\/?p=82919"},"modified":"2025-12-01T11:23:41","modified_gmt":"2025-12-01T11:23:41","slug":"nuovo-rapporto-agenzia-eu-per-i-diritti-fondamentali-fra-manca-efficace-minino-per-i-diritti-delle-persone-con-disabilita","status":"publish","type":"post","link":"https:\/\/www.ecoitaliano.com.ar\/?p=82919","title":{"rendered":"NUOVO RAPPORTO Agenzia EU per i diritti fondamentali (FRA): manca efficace minino per i diritti delle persone con disabilit\u00e0"},"content":{"rendered":"\n<figure class=\"wp-block-table\"><table class=\"has-fixed-layout\"><tbody><tr><td><strong>Pubblicato il nuovo rapporto dell&#8217;Agenzia dell&#8217;Unione europea per i diritti fondamentali (FRA): manca efficace minino per i diritti delle persone con disabilit\u00e0.&nbsp;<\/strong><br><strong>Invito per i paesi UE ad adottare misure urgenti per prevenire la violenza e responsabilizzare le istituzioni.<\/strong><br><em><strong>Fondazione Time2&nbsp;<\/strong>unica realt\u00e0 italiana non istituzionale presente al tavolo europeo lo scorso ottobre.<strong>&nbsp;Pigoni, segretario generale:<\/strong>&nbsp;\u201cPromuovere l\u2019autodeterminazione come diritto e come leva di libert\u00e0 significa contribuire a costruire un\u2019Europa pi\u00f9 giusta e inclusiva\u201d<\/em><img decoding=\"async\" src=\"https:\/\/ci3.googleusercontent.com\/meips\/ADKq_Nal283GfbAK2cl3jslFGWJ7OYt7AOQXNfDtgLohP0ReQ8FWFDLlSquVndxDPRP1oCP8FpQfusDHDBRVEH9nfMKju4AHjMBnyS7oCoUnFx8IjCS-egx2SmocXG7y-C7QbKmVKrVNU-fALSGY8GL8rADI=s0-d-e1-ft#https:\/\/gbfa4.img.a.d.sendibm1.com\/im\/sh\/1vGCM2g45AXY.jpg?u=7xwQLFBtniwQn1M7ZYW8IhiFwEavAM5\" width=\"600\">01.12.2025 &#8211; Secondo il nuovo&nbsp;<strong>rapporto dell\u2019Agenzia dell&#8217;Unione europea per i diritti fondamentali (FRA) sono oltre 1,4 milioni di persone con disabilit\u00e0 nell&#8217;UE che vivono in istituti<\/strong>, poich\u00e9 l&#8217;Unione europea e gli Stati membri non adempiono ai propri obblighi in materia di deistituzionalizzazione ai sensi della Convenzione delle Nazioni Unite (ONU) sui diritti delle persone con disabilit\u00e0 (CRPD).Dopo il&nbsp;<em>Consultation Meeting on Violence against Persons with Disabilities in Institutions<\/em>, svoltosi il 21 e 22 ottobre a Vienna,<strong>&nbsp;l\u2019Agenzia dell\u2019Unione Europea per i Diritti Fondamentali (FRA) ha ora&nbsp;<a href=\"https:\/\/gbfa4.r.a.d.sendibm1.com\/mk\/cl\/f\/sh\/SMK1E8tHeFuBlCKQn7QfpZyNUMJ7\/C84CXQ3TXeP8\" rel=\"noreferrer noopener\" target=\"_blank\">pubblicato il rapporto conclusivo<\/a>&nbsp;<\/strong>dal quale emerge come la normalizzazione della violenza, gli ostacoli alla denuncia degli abusi e la mancanza di un monitoraggio efficace minino dei diritti delle persone con disabilit\u00e0 siano oggi in Europa ancora molto presenti.Alla riunione consultiva dello scorso ottobre &#8211; che ha visto la partecipazione di 30 esperti provenienti da 25 Paesi europei &#8211;&nbsp;<strong>era presente come unica realt\u00e0 italiana non istituzionale, nella persona del Segretario Generale Samuele Pigoni, Fondazione Time2,&nbsp;<\/strong>da anni impegnata nell\u2019affiancamento di persone con disabilit\u00e0 nel passaggio all&#8217;et\u00e0 adulta.&nbsp;\u201cLa pubblicazione del nuovo rapporto della FRA conferma quanto era emerso durante il Consultation Meeting on Violence against Persons with Disabilities in Institutions, al quale abbiamo avuto l\u2019onore di partecipare lo scorso ottobre.\u201d<strong>&nbsp;ha dichiarato Samuele Pigoni, Segretario Generale di Fondazione Time2&nbsp;<\/strong>&#8211; \u201cI dati e le analisi dell\u2019Agenzia mostrano con chiarezza che serve adottare misure urgenti per prevenire la violenza attraverso, anche, l\u2019intervento istituzionale. In quel contesto abbiamo portato la voce e l\u2019esperienza di Fondazione Time2, che da sempre lavora affinch\u00e9 le persone con disabilit\u00e0 possano rappresentare se stesse e partecipare attivamente alla vita pubblica. Il riconoscimento del ruolo della self advocacy come strumento di prevenzione e di autoprotezione \u00e8 un passaggio essenziale, cos\u00ec come lo \u00e8 rafforzare la loro partecipazione diretta nei processi decisionali che le riguardano. Oltre a questo dal report emerge la necessit\u00e0 di superare l\u2019istituzionalizzazione. Questo significa ricondurre le persone con disabilit\u00e0 nello spazio pieno della vita sociale, rafforzando al contempo una protezione effettiva dalla violenza fondata su norme coerenti, dati attendibili e monitoraggi indipendenti. Servono canali di segnalazione sicuri, formazione trasformativa per chiunque operi a fianco delle persone con disabilit\u00e0 e strutture capaci di vigilare senza complicit\u00e0. La partecipazione diretta delle persone interessate non \u00e8 accessoria, ma il presupposto stesso di politiche giuste: perch\u00e9 senza voce non c\u2019\u00e8 tutela, e senza riconoscimento non c\u2019\u00e8 diritto.\u201dPigoni ha poi concluso: \u201cI<strong>l rapporto diffuso oggi rende ancora pi\u00f9 evidente l\u2019urgenza di proseguire in questa direzione: promuovere l\u2019autodeterminazione come diritto e come leva di libert\u00e0 significa contribuire a costruire un\u2019Europa pi\u00f9 giusta e inclusiva<\/strong>, in linea con le raccomandazioni emerse dal meeting e con il percorso che l\u2019Italia sta portando avanti con la recente riforma centrata sul progetto di vita personalizzato e partecipato e l\u2019istituzione del Garante dei diritti delle persone con disabilit\u00e0, chiamato non solo a vigilare, ma a rendere esigibile quel diritto ad avere diritti che fonda ogni autentica cittadinanza.\u201d<br>La FRA ha concluso il suo rapporto invitando tutti i paesi dell&#8217;UE ad adottare misure urgenti per prevenire la violenza, proteggere le vittime e responsabilizzare le istituzioni.<br><a href=\"https:\/\/gbfa4.r.a.d.sendibm1.com\/mk\/cl\/f\/sh\/SMK1E8tHeG13DL9NyHa9vPH7SetN\/kt79dP5MViw6\" target=\"_blank\" rel=\"noreferrer noopener\"><u><strong>QUI<\/strong><\/u><\/a><strong>&nbsp;l&#8217;ultimo report della FRA \u00abPlaces of care = places of safety? Violence against persons with disabilities in institutions\u00bb (Luoghi di assistenza = luoghi di sicurezza? La violenza contro le persone con disabilit\u00e0 negli istituti).&nbsp;<\/strong>&nbsp;<br>Silvia BellucciUfficio stampa Fondazione Time2+39 3461561637<br><br>Silvia BellucciUfficio StampaMob. +39 3461561637&nbsp;<a href=\"https:\/\/gbfa4.r.a.d.sendibm1.com\/mk\/un\/v2\/sh\/SMJz09a0vkbXpHEjVLULqtFG72ld\/r05iw8vUj_5G\" target=\"_blank\" rel=\"noreferrer noopener\"><u>Annulla iscrizione<\/u><\/a><\/td><\/tr><\/tbody><\/table><\/figure>\n","protected":false},"excerpt":{"rendered":"<p>Pubblicato il nuovo rapporto dell&#8217;Agenzia dell&#8217;Unione europea per i diritti fondamentali (FRA): manca efficace minino per i diritti delle persone [&hellip;]<\/p>\n","protected":false},"author":1,"featured_media":0,"comment_status":"open","ping_status":"open","sticky":false,"template":"","format":"standard","meta":{"footnotes":""},"categories":[10,49],"tags":[],"class_list":["post-82919","post","type-post","status-publish","format-standard","hentry","category-italiano","category-salud"],"_links":{"self":[{"href":"https:\/\/www.ecoitaliano.com.ar\/index.php?rest_route=\/wp\/v2\/posts\/82919","targetHints":{"allow":["GET"]}}],"collection":[{"href":"https:\/\/www.ecoitaliano.com.ar\/index.php?rest_route=\/wp\/v2\/posts"}],"about":[{"href":"https:\/\/www.ecoitaliano.com.ar\/index.php?rest_route=\/wp\/v2\/types\/post"}],"author":[{"embeddable":true,"href":"https:\/\/www.ecoitaliano.com.ar\/index.php?rest_route=\/wp\/v2\/users\/1"}],"replies":[{"embeddable":true,"href":"https:\/\/www.ecoitaliano.com.ar\/index.php?rest_route=%2Fwp%2Fv2%2Fcomments&post=82919"}],"version-history":[{"count":1,"href":"https:\/\/www.ecoitaliano.com.ar\/index.php?rest_route=\/wp\/v2\/posts\/82919\/revisions"}],"predecessor-version":[{"id":82920,"href":"https:\/\/www.ecoitaliano.com.ar\/index.php?rest_route=\/wp\/v2\/posts\/82919\/revisions\/82920"}],"wp:attachment":[{"href":"https:\/\/www.ecoitaliano.com.ar\/index.php?rest_route=%2Fwp%2Fv2%2Fmedia&parent=82919"}],"wp:term":[{"taxonomy":"category","embeddable":true,"href":"https:\/\/www.ecoitaliano.com.ar\/index.php?rest_route=%2Fwp%2Fv2%2Fcategories&post=82919"},{"taxonomy":"post_tag","embeddable":true,"href":"https:\/\/www.ecoitaliano.com.ar\/index.php?rest_route=%2Fwp%2Fv2%2Ftags&post=82919"}],"curies":[{"name":"wp","href":"https:\/\/api.w.org\/{rel}","templated":true}]}}