{"id":82921,"date":"2025-12-01T20:04:49","date_gmt":"2025-12-01T20:04:49","guid":{"rendered":"https:\/\/www.ecoitaliano.com.ar\/?p=82921"},"modified":"2025-12-01T20:05:09","modified_gmt":"2025-12-01T20:05:09","slug":"in-uscita-la-ii-edizione-rivista-e-aggiornata-del-libro-la-benetana-di-pierfranco-bruni","status":"publish","type":"post","link":"https:\/\/www.ecoitaliano.com.ar\/?p=82921","title":{"rendered":"In uscita la II edizione &#8211; rivista e aggiornata \u2013 del libro \u201cLa benetana\u201d di Pierfranco Bruni"},"content":{"rendered":"\n<figure class=\"wp-block-gallery has-nested-images columns-default is-cropped wp-block-gallery-1 is-layout-flex wp-block-gallery-is-layout-flex\">\n<figure class=\"wp-block-image size-large\"><a href=\"https:\/\/www.ecoitaliano.com.ar\/wp-content\/uploads\/2025\/12\/pierfranco-bruni.jpg\"><img decoding=\"async\" width=\"464\" height=\"418\" data-id=\"82922\" src=\"https:\/\/www.ecoitaliano.com.ar\/wp-content\/uploads\/2025\/12\/pierfranco-bruni.jpg\" alt=\"\" class=\"wp-image-82922\" srcset=\"https:\/\/www.ecoitaliano.com.ar\/wp-content\/uploads\/2025\/12\/pierfranco-bruni.jpg 464w, https:\/\/www.ecoitaliano.com.ar\/wp-content\/uploads\/2025\/12\/pierfranco-bruni-300x270.jpg 300w, https:\/\/www.ecoitaliano.com.ar\/wp-content\/uploads\/2025\/12\/pierfranco-bruni-150x135.jpg 150w\" sizes=\"(max-width: 464px) 100vw, 464px\" \/><\/a><\/figure>\n\n\n\n<figure class=\"wp-block-image size-large\"><a href=\"https:\/\/www.ecoitaliano.com.ar\/wp-content\/uploads\/2025\/12\/benetana-copertina.jpeg\"><img decoding=\"async\" width=\"678\" height=\"381\" data-id=\"82923\" src=\"https:\/\/www.ecoitaliano.com.ar\/wp-content\/uploads\/2025\/12\/benetana-copertina.jpeg\" alt=\"\" class=\"wp-image-82923\" srcset=\"https:\/\/www.ecoitaliano.com.ar\/wp-content\/uploads\/2025\/12\/benetana-copertina.jpeg 678w, https:\/\/www.ecoitaliano.com.ar\/wp-content\/uploads\/2025\/12\/benetana-copertina-300x169.jpeg 300w, https:\/\/www.ecoitaliano.com.ar\/wp-content\/uploads\/2025\/12\/benetana-copertina-150x84.jpeg 150w\" sizes=\"(max-width: 678px) 100vw, 678px\" \/><\/a><\/figure>\n<\/figure>\n\n\n\n<p><em>\u201cNon abbiamo scritto ancora la letterina alla Benatana, ovvero Befana. Sar\u00e0&nbsp; grave?&nbsp; Grave no, ma molto difficile che possa arrivare in tempo utile&nbsp; forse s\u00ec. Dai dai sbrighiamoci nonno mio. Facciamolo subito.&nbsp;<\/em><\/p>\n\n\n\n<p><em>Mammamia come \u00e8 tardi? E mamma dov&#8217;\u00e8?&nbsp; Ma io vollo mamma&#8230; Ma su dai, non fare la capricciosa e ascoltami, magari ti aiuto poi se vuoi&#8230; Mi devi&nbsp; promettere per\u00f2 che non combinerai pi\u00f9 guai o guaietti e soprattutto che non mi butterai gi\u00f9 mezza libreria del corridoi.<\/em><\/p>\n\n\n\n<p><em>[\u2026]<\/em><\/p>\n\n\n\n<p><em>Dai nonno scrivi se no dimentichi perch\u00e9 sei il mio vecchietto&#8230;\u201d<\/em><\/p>\n\n\n\n<p>Torna in libreria da oggi <em>La benetana \u2013 In metafora di bellezza<\/em> (Pellegrini Editore, 2025) con una nuova edizione rivista e aggiornata.<\/p>\n\n\n\n<p>Il libro, che nasce come regalo di Pierfranco Bruni alla sua nipotina, diventa cos\u00ec un\u2019ottima idea regalo per coloro che non temono la mescolanza di generi letterari, per chi ama vivere la sospensione del reale con una prosa poetica che volteggia nella brezza del mondo fiabesco grazie anche ai disegni della bambina.<\/p>\n\n\n\n<p>Un libro che unisce due generazioni;<\/p>\n\n\n\n<p>una lettera d\u2019amore di un nonno per la sua nipotina;<\/p>\n\n\n\n<p>una richiesta di doni alla Benetana (Befana) e l\u2019aggrapparsi a un tempo che si vorrebbe infinitare;<\/p>\n\n\n\n<p>una preziosa dichiarazione di poetica e soprattutto di vita.<\/p>\n\n\n\n<p><strong>IL LIBRO<\/strong><\/p>\n\n\n\n<p>\u201cIsoladalba si mise a giocare in terrazza guardando la luna della prima sera. Costru\u00ec un castello con la sabbia come se stesse su una spiaggia. Del canotto fece il mare e lo mise al centro dello spazio. Arrivarono gli altri amici. I pi\u00f9 affezionati erano Pamma e Lip\u00ec. La luna intanto scendeva sempre pi\u00f9 sul limitare delle piante fino a dare una luce in riflesso argenteo alle foglie. Ad un tratto Isoladalba disse: \u00abSilenzio ragazzi. Voglio raccontarvi una storia vera che pi\u00f9 vera della finzione non si pu\u00f2&#8230;\u00bb. Pamma era una femminuccia e Lip\u00ec un maschietto. Pamma e Lip\u00ec attoniti rimasero fissi a guardare Isoladalba. Si sedettero e ascoltarono. Isoladalba cominci\u00f2\u2026\u201d<\/p>\n\n\n\n<p><strong>L\u2019AUTORE<\/strong><\/p>\n\n\n\n<p><strong>Pierfranco Bruni<\/strong>&nbsp;\u00e8 nato in Calabria.<\/p>\n\n\n\n<p>Archeologo direttore del Ministero Beni Culturali, presidente del Centro Studi \u201c Francesco Grisi\u201d e gi\u00e0 componente della Commissione UNESCO per la diffusione della cultura italiana all\u2019estero.<br>Nel 2024 Ospite d\u2019onore per l\u2019Italia per la poesia alla Fiera Internazionale di Francoforte e Rappresentante della cultura italiana alla Fiera del libro di Tunisi.<br>Incarichi in capo al&nbsp; Ministero della Cultura<\/p>\n\n\n\n<p>\u2022 presidente Commissione Capitale italiana citt\u00e0 del Libro 2024;<\/p>\n\n\n\n<p>\u2022 presidente Comitato Nazionale Celebrazioni centenario Manlio Sgalambro;<\/p>\n\n\n\n<p>\u2022 segretario unico comunicazione del Comitato Nazionale Celebrazioni Eleonora Duse. \u00c8 inoltre presidente nazionale del progetto \u201cUndulna Eleonora Duse\u201d, presidente e coordinatore scientifico del progetto \u201cGiacomo Casanova 300\u201d.<\/p>\n\n\n\n<p>Ha pubblicato libri di poesia, racconti e romanzi. Si \u00e8 occupato di letteratura del Novecento con libri su Pavese, Pirandello, Alvaro, Grisi, D\u2019Annunzio, Carlo Levi, Quasimodo, Ungaretti, Cardarelli, Gatto, Penna, Vittorini e la linea narrativa e poetica novecentesca che tratteggia le eredit\u00e0 omeriche e le dimensioni del sacro.<\/p>\n\n\n\n<p>Ha scritto saggi sulle problematiche relative alla cultura poetica della Magna Grecia e, tra l\u2019altro, un libro su Fabrizio De Andr\u00e9 e il Mediterraneo (\u201cIl cantico del sognatore mediterraneo\u201d, giunto alla terza edizione), nel quale campeggia un percorso sulle matrici letterarie dei cantautori italiani, ovvero sul rapporto tra linguaggio poetico e musica. Un tema che costituisce un modello di ricerca sul quale Bruni lavora da molti anni.<\/p>\n","protected":false},"excerpt":{"rendered":"<p>\u201cNon abbiamo scritto ancora la letterina alla Benatana, ovvero Befana. Sar\u00e0&nbsp; grave?&nbsp; Grave no, ma molto difficile che possa arrivare [&hellip;]<\/p>\n","protected":false},"author":1,"featured_media":0,"comment_status":"open","ping_status":"open","sticky":false,"template":"","format":"standard","meta":{"footnotes":""},"categories":[10,22],"tags":[],"class_list":["post-82921","post","type-post","status-publish","format-standard","hentry","category-italiano","category-libros-y-revistas-literatura"],"_links":{"self":[{"href":"https:\/\/www.ecoitaliano.com.ar\/index.php?rest_route=\/wp\/v2\/posts\/82921","targetHints":{"allow":["GET"]}}],"collection":[{"href":"https:\/\/www.ecoitaliano.com.ar\/index.php?rest_route=\/wp\/v2\/posts"}],"about":[{"href":"https:\/\/www.ecoitaliano.com.ar\/index.php?rest_route=\/wp\/v2\/types\/post"}],"author":[{"embeddable":true,"href":"https:\/\/www.ecoitaliano.com.ar\/index.php?rest_route=\/wp\/v2\/users\/1"}],"replies":[{"embeddable":true,"href":"https:\/\/www.ecoitaliano.com.ar\/index.php?rest_route=%2Fwp%2Fv2%2Fcomments&post=82921"}],"version-history":[{"count":1,"href":"https:\/\/www.ecoitaliano.com.ar\/index.php?rest_route=\/wp\/v2\/posts\/82921\/revisions"}],"predecessor-version":[{"id":82924,"href":"https:\/\/www.ecoitaliano.com.ar\/index.php?rest_route=\/wp\/v2\/posts\/82921\/revisions\/82924"}],"wp:attachment":[{"href":"https:\/\/www.ecoitaliano.com.ar\/index.php?rest_route=%2Fwp%2Fv2%2Fmedia&parent=82921"}],"wp:term":[{"taxonomy":"category","embeddable":true,"href":"https:\/\/www.ecoitaliano.com.ar\/index.php?rest_route=%2Fwp%2Fv2%2Fcategories&post=82921"},{"taxonomy":"post_tag","embeddable":true,"href":"https:\/\/www.ecoitaliano.com.ar\/index.php?rest_route=%2Fwp%2Fv2%2Ftags&post=82921"}],"curies":[{"name":"wp","href":"https:\/\/api.w.org\/{rel}","templated":true}]}}