{"id":82944,"date":"2025-12-02T11:50:18","date_gmt":"2025-12-02T11:50:18","guid":{"rendered":"https:\/\/www.ecoitaliano.com.ar\/?p=82944"},"modified":"2025-12-02T11:50:36","modified_gmt":"2025-12-02T11:50:36","slug":"il-valore-delle-scelte","status":"publish","type":"post","link":"https:\/\/www.ecoitaliano.com.ar\/?p=82944","title":{"rendered":"Il valore delle scelte"},"content":{"rendered":"\n<p><strong>Educare, proteggere, comprendere<\/strong><\/p>\n\n\n<div class=\"wp-block-image\">\n<figure class=\"aligncenter size-large is-resized\"><a href=\"http:\/\/www.ecoitaliano.com.ar\/wp-content\/uploads\/2025\/12\/Rassegna-Il-valore-delle-scelte-.jpeg\"><img decoding=\"async\" width=\"724\" height=\"1024\" src=\"http:\/\/www.ecoitaliano.com.ar\/wp-content\/uploads\/2025\/12\/Rassegna-Il-valore-delle-scelte--724x1024.jpeg\" alt=\"\" class=\"wp-image-82945\" style=\"width:386px;height:auto\" srcset=\"https:\/\/www.ecoitaliano.com.ar\/wp-content\/uploads\/2025\/12\/Rassegna-Il-valore-delle-scelte--724x1024.jpeg 724w, https:\/\/www.ecoitaliano.com.ar\/wp-content\/uploads\/2025\/12\/Rassegna-Il-valore-delle-scelte--212x300.jpeg 212w, https:\/\/www.ecoitaliano.com.ar\/wp-content\/uploads\/2025\/12\/Rassegna-Il-valore-delle-scelte--768x1086.jpeg 768w, https:\/\/www.ecoitaliano.com.ar\/wp-content\/uploads\/2025\/12\/Rassegna-Il-valore-delle-scelte--106x150.jpeg 106w, https:\/\/www.ecoitaliano.com.ar\/wp-content\/uploads\/2025\/12\/Rassegna-Il-valore-delle-scelte-.jpeg 905w\" sizes=\"(max-width: 724px) 100vw, 724px\" \/><\/a><\/figure><\/div>\n\n\n<p><em><strong>A Palazzo Bossi Bocchi, dal 4 dicembre, una rassegna collaterale alla mostra \u201cUn Paese in debito. Risparmio e presiti nella storia d\u2019Italia\u201d per restituire ai visitatori una fotografia dell\u2019Italia di oggi, indagando in particolare tre ambiti d\u2019interesse: usura, cultura finanziaria e persone<\/strong><\/em><\/p>\n\n\n\n<p>La rassegna <strong><em>Il valore delle scelte. Educare, proteggere, comprendere<\/em><\/strong> nasce in collaborazione con L\u2019Universit\u00e0 di Parma e l\u2019associazione Ricrediti come spazio di approfondimento e dialogo attorno ai temi centrali della mostra <em><strong>Un Paese in debito. Risparmio e prestiti nella storia d\u2019Italia <\/strong><\/em><em>allestita a Palazzo Bossi Bocchi sino al 21 dicembre<\/em><em>.<\/em> Una serie di appuntamenti &#8211; a partire dal 4 dicembre &#8211; incentrati sul rapporto tra denaro, vulnerabilit\u00e0 e dignit\u00e0 umana, che proseguiranno anche oltre il termine di apertura della mostra. Attraverso incontri, testimonianze e financial games, la rassegna intende dare voce alle persone, alle storie e alle realt\u00e0 che ogni giorno si confrontano con la necessit\u00e0 di una maggiore consapevolezza economica, per affrontare le problematiche collegate all\u2019indebitamento personale e alla piaga dell\u2019usura.<\/p>\n\n\n\n<p>Il primo appuntamento in programma il 4 dicembre alle 17.30, a cura delle associazioni Ricrediti e Parma per la famiglia, ha come titolo <strong>Oltre il debito: semi di consapevolezza<\/strong> e sar\u00e0 un\u2019occasione per conoscere da vicino i progetti realizzati nel 2025 sulla prevenzione all\u2019indebitamento. Durante l\u2019incontro verranno presentati tre percorsi: il <strong>Coaching Finanziario<\/strong>, sostenuto da Fondazione Cariparma, in partenariato con l\u2019Assessorato alla Comunit\u00e0 Giovanile del Comune di Parma, che ha permesso la formazione di 12 coach per supportare gratuitamente le persone che vivono sul territorio di Parma &#8211; con un\u2019attenzione particolare agli under 35 &#8211; nello sviluppo di competenze economico-finanziarie. Il progetto, della durata di 40 ore, ha approfondito tematiche come: budget familiare, strumenti bancari, debito, investimenti e previdenza, sovraindebitamento. L\u2019iniziativa ha visto anche la possibilit\u00e0, per gli under 35, di avere accesso ad un fondo rotativo per microcrediti orientati all\u2019autonomia di vita.<\/p>\n\n\n\n<p>Il progetto <strong>Sostenibile si pu\u00f2<\/strong> ha avuto invece come obiettivo la prevenzione e il contrasto al sovraindebitamento attraverso sportelli di pre-istruttoria (in partenariato con Asp, Comune di Parma e con il sostegno della Regione Emilia Romagna) che supportano i cittadini nella ricostruzione della posizione debitoria e nella raccolta dei documenti necessari ad avviare la procedura di composizione della crisi da sovraindebitamento. Gli sportelli operano in rete con l\u2019OCC degli Avvocati per favorire l\u2019accesso alle procedure di composizione della crisi, migliorando orientamento, tutela e presa in carico. Infine, verr\u00e0 presentato il progetto <strong>Alfabetizzazione finanziaria<\/strong>, sostenuto dall\u2019Associazione Parma per la Famiglia, che ha permesso di promuovere l\u2019alfabetizzazione finanziaria a Parma attraverso tre pilastri: prevenzione, supporto e comunicazione. \u00c8 stata realizzata una mappatura dei bisogni e attivit\u00e0 nelle scuole (31 appuntamenti in calendario per un totale di 775 alunni), ed \u00e8 inoltre stata creata la piattaforma \u201cVero Valore\u201d, dedicata a chi desidera approfondire gli strumenti e scaricare gratuitamente contenuti (online nelle prossime settimane). Il progetto ha avuto anche come obiettivo quello di diffondere la cultura del risparmio, prevenire il sovraindebitamento e rafforzare una rete territoriale attiva sul tema.<\/p>\n\n\n\n<p>L\u2019evento si concluder\u00e0 con la consegna dei diplomi ai nuovi coach finanziari. L\u2019ingresso \u00e8 libero sino ad esaurimento posti.<\/p>\n\n\n\n<p>______________<\/p>\n\n\n\n<p>Fondazione Cariparma promuove da oltre 30 anni lo sviluppo e il benessere della Comunit\u00e0 di Parma e della sua provincia. Un vero e proprio investitore sociale, che vede nelle persone l\u2019urgenza pi\u00f9 importante da accompagnare in questo periodo di trasformazione dei territori verso un futuro migliore, pi\u00f9 inclusivo ed equo. &#8211; fondazionecrp.it<\/p>\n","protected":false},"excerpt":{"rendered":"<p>Educare, proteggere, comprendere A Palazzo Bossi Bocchi, dal 4 dicembre, una rassegna collaterale alla mostra \u201cUn Paese in debito. Risparmio [&hellip;]<\/p>\n","protected":false},"author":1,"featured_media":0,"comment_status":"open","ping_status":"open","sticky":false,"template":"","format":"standard","meta":{"footnotes":""},"categories":[2,10],"tags":[],"class_list":["post-82944","post","type-post","status-publish","format-standard","hentry","category-informacion","category-italiano"],"_links":{"self":[{"href":"https:\/\/www.ecoitaliano.com.ar\/index.php?rest_route=\/wp\/v2\/posts\/82944","targetHints":{"allow":["GET"]}}],"collection":[{"href":"https:\/\/www.ecoitaliano.com.ar\/index.php?rest_route=\/wp\/v2\/posts"}],"about":[{"href":"https:\/\/www.ecoitaliano.com.ar\/index.php?rest_route=\/wp\/v2\/types\/post"}],"author":[{"embeddable":true,"href":"https:\/\/www.ecoitaliano.com.ar\/index.php?rest_route=\/wp\/v2\/users\/1"}],"replies":[{"embeddable":true,"href":"https:\/\/www.ecoitaliano.com.ar\/index.php?rest_route=%2Fwp%2Fv2%2Fcomments&post=82944"}],"version-history":[{"count":1,"href":"https:\/\/www.ecoitaliano.com.ar\/index.php?rest_route=\/wp\/v2\/posts\/82944\/revisions"}],"predecessor-version":[{"id":82946,"href":"https:\/\/www.ecoitaliano.com.ar\/index.php?rest_route=\/wp\/v2\/posts\/82944\/revisions\/82946"}],"wp:attachment":[{"href":"https:\/\/www.ecoitaliano.com.ar\/index.php?rest_route=%2Fwp%2Fv2%2Fmedia&parent=82944"}],"wp:term":[{"taxonomy":"category","embeddable":true,"href":"https:\/\/www.ecoitaliano.com.ar\/index.php?rest_route=%2Fwp%2Fv2%2Fcategories&post=82944"},{"taxonomy":"post_tag","embeddable":true,"href":"https:\/\/www.ecoitaliano.com.ar\/index.php?rest_route=%2Fwp%2Fv2%2Ftags&post=82944"}],"curies":[{"name":"wp","href":"https:\/\/api.w.org\/{rel}","templated":true}]}}