{"id":82953,"date":"2025-12-02T18:36:29","date_gmt":"2025-12-02T18:36:29","guid":{"rendered":"https:\/\/www.ecoitaliano.com.ar\/?p=82953"},"modified":"2025-12-02T18:36:29","modified_gmt":"2025-12-02T18:36:29","slug":"serena-conduce-operaclassica-eco-italiano-4790","status":"publish","type":"post","link":"https:\/\/www.ecoitaliano.com.ar\/?p=82953","title":{"rendered":"Serena conduce operaclassica eco italiano"},"content":{"rendered":"<div class=\"wp-block-image\">\n<figure class=\"aligncenter size-full\"><a href=\"http:\/\/www.ecoitaliano.com.ar\/wp-content\/uploads\/2025\/11\/Screenshot-280-1.png\"><img decoding=\"async\" width=\"432\" height=\"117\" src=\"http:\/\/www.ecoitaliano.com.ar\/wp-content\/uploads\/2025\/11\/Screenshot-280-1.png\" alt=\"\" class=\"wp-image-81773\" srcset=\"https:\/\/www.ecoitaliano.com.ar\/wp-content\/uploads\/2025\/11\/Screenshot-280-1.png 432w, https:\/\/www.ecoitaliano.com.ar\/wp-content\/uploads\/2025\/11\/Screenshot-280-1-300x81.png 300w, https:\/\/www.ecoitaliano.com.ar\/wp-content\/uploads\/2025\/11\/Screenshot-280-1-150x41.png 150w\" sizes=\"(max-width: 432px) 100vw, 432px\" \/><\/a><\/figure><\/div>\n\n\n<p><strong>comunicato stampa<\/strong><\/p>\n\n\n\n<p><strong>Giovanni Bietti presenta <\/strong><strong><em>Otello<\/em><\/strong><strong> di Giuseppe Verdi<\/strong><\/p>\n\n\n\n<p><strong>al <\/strong><strong>Teatro Carmen Melis<\/strong><\/p>\n\n\n\n<p><strong>Domenica 7 dicembre, alle 11, <\/strong>nel <strong>Teatro Carmen Melis<\/strong>, ridotto del Teatro Lirico di Cagliari, il musicologo <strong>Giovanni Bietti<\/strong> presenta <strong><em>Otello<\/em><\/strong> di <strong>Giuseppe Verdi<\/strong>, in un incontro con il pubblico. Il dramma lirico in quattro atti va in scena <strong>mercoled\u00ec 10 dicembre alle 20<\/strong> (turno A), quale titolo inaugurale della <strong>Stagione d\u2019opera 2025-2026<\/strong> <strong>del Teatro Lirico di Cagliari<\/strong>.<\/p>\n\n\n\n<p><strong>L\u2019ingresso alla presentazione \u00e8 libero.<\/strong><\/p>\n\n\n\n<p><strong>Giovanni Bietti<\/strong><\/p>\n\n\n\n<p>Considerato uno dei migliori divulgatori musicali italiani, \u00e8 compositore, pianista e musicologo. \u00c8 collaboratore esterno dell\u2019Accademia Nazionale di Santa Cecilia di Roma ed ha, inoltre, insegnato composizione al Conservatorio di Musica \u201cVincenzo Bellini\u201d di Catania ed Etnomusicologia all\u2019Universit\u00e0 degli Studi di Urbino \u201cCarlo Bo\u201d. Tiene regolarmente conferenze ed in particolare concerti-conferenze, direttamente al pianoforte, in molti dei pi\u00f9 prestigiosi enti musicali italiani fra cui: Teatro alla Scala, Festival Mito-Settembre Musica di Torino e Milano, Accademia Nazionale di Santa Cecilia di Roma, Teatro La Fenice di Venezia, Teatro Petruzzelli di Bari, Teatro Massimo di Palermo, Orchestra da Camera e Festivaletteratura di Mantova, Teatro Regio di Parma, Teatro Valli di Reggio Emilia, Sferisterio di Macerata, Teatro delle Muse di Ancona, Teatro Olimpico di Vicenza, Mittelfest di Cividale, Orchestra Sinfonica Siciliana di Palermo, Festival di Ravello. Conduce le seguitissime \u201cLezioni di Musica\u201d, la grande iniziativa di divulgazione musicale che va in onda settimanalmente su Rai-Radiotre, ed \u00e8 il curatore del ciclo omonimo dal vivo che attira migliaia di persone negli spazi dell\u2019Auditorium-Parco della Musica di Roma. Ha, inoltre, condotto, per il canale televisivo \u201cAlice\u201d, una serie di trasmissioni in compagnia di Katia Ricciarelli. Le sue composizioni sono state eseguite, tra l\u2019altro, al Festival Internazionale di Edimburgo, alla Konzerthaus di Berlino, al Festival Internazionale di Kuhmo (Finlandia), all\u2019Accademia Nazionale di Santa Cecilia di Roma, ad opera di interpreti quali il violinista Thomas Zehetmair ed il pianista Boris Berezhovskij. Come musicologo ha pubblicato saggi e revisioni di spartiti per: Longanesi, Ricordi, Skira e per l\u2019Accademia Nazionale di Santa Cecilia, oltre che sulle principali riviste del settore. Nel 2012 \u00e8 uscito il suo volume intitolato \u201cAscoltare la Musica Classica: la Sinfonia in Haydn, Mozart, Beethoven\u201d, per le Edizioni Estemporanee di Roma e, nel 2013, il suo saggio beethoveniano, \u201cAscoltare Beethoven\u201d, per Laterza. Ha inoltre collaborato, per oltre dieci anni, con la Casa Discografica Philips Classics. Come pianista si \u00e8 esibito nei principali festival italiani di musica contemporanea, eseguendo spesso sue composizioni. Vanta collaborazioni con artisti di fama internazionale quali il basso Boris Carmeli, il soprano Gemma Bertagnolli, i compositori Mauricio Kagel ed Alessandro Cipriani, il violinista Thomas Zehetmair, con il quale ha suonato alla Konzerthaus di Berlino. Nel febbraio 2024 ha suonato alla Sydney Opera House, proponendo un programma incentrato sul rapporto tra musica e vino, dal XVI al XX secolo. Di recente ha composto la colonna sonora per il film \u201cVito ballava con le streghe\u201d del regista Vittorio Nevano.<\/p>\n\n\n\n<p><a><strong><em>Otello<\/em><\/strong> viene replicato: <strong>gioved\u00ec 11 dicembre alle 19<\/strong> (turno F); <strong>venerd\u00ec 12 dicembre alle 20<\/strong> (turno C); <strong>sabato 13 dicembre alle 19<\/strong> (turno G); <strong>domenica 14 dicembre alle 17<\/strong> (turno D); <strong>marted\u00ec 16 dicembre alle 20<\/strong> (fuori abbonamento).<\/a><\/p>\n\n\n\n<p>La recita per le scuole che, da quest\u2019anno, assume come nuova intitolazione <em>Opera NextGen<\/em> e che prevede l\u2019esecuzione in forma ridotta dell\u2019opera della durata complessiva di 60 minuti circa, \u00e8 <strong>venerd\u00ec 12 dicembre alle 11<\/strong>. Nel ruolo di narratrice si esibisce l\u2019attrice cagliaritana <strong>Michela Atzeni<\/strong>.<\/p>\n\n\n\n<p>La Biglietteria del Teatro Lirico \u00e8 aperta luned\u00ec, marted\u00ec, mercoled\u00ec, venerd\u00ec e sabato dalle 9 alle 13, gioved\u00ec dalle 16 alle 20 e, nei giorni di spettacolo, anche da due ore prima dell\u2019inizio, unicamente per operazioni legate allo spettacolo stesso. \u00c8 chiusa, invece, i giorni festivi e i luned\u00ec successivi alle domeniche di spettacolo.<\/p>\n\n\n\n<p>Per informazioni: Biglietteria del Teatro Lirico, via Sant\u2019Alenixedda, 09128 Cagliari, telefono 0704082230 &#8211; 0704082249, <a href=\"mailto:biglietteria@teatroliricodicagliari.it;\">biglietteria@teatroliricodicagliari.it<\/a>, <a href=\"http:\/\/www.teatroliricodicagliari.it\/\">www.teatroliricodicagliari.it<\/a>. Servizio promozione culturale: educational@tldc.it. Il Teatro Lirico di Cagliari si pu\u00f2 seguire anche su Facebook, Twitter, YouTube, Instagram, Linkedin.<\/p>\n\n\n\n<p>La Direzione si riserva di apportare al programma le modifiche che si rendessero necessarie per esigenze tecniche o per cause di forza maggiore. Eventuali modifiche al cartellone saranno indicate nel sito internet del teatro www.teatroliricodicagliari.it.<\/p>\n\n\n\n<p>Cagliari, 2 dicembre 2025<\/p>\n\n\n\n<p>Pierluigi Corona<\/p>\n\n\n\n<p>Responsabile Ufficio Stampa<\/p>\n\n\n\n<p>Teatro Lirico di Cagliari, via Efisio Cao di San Marco, 09128 Cagliari &#8211; Italia<\/p>\n\n\n\n<p>telefono +39 0704082209 &#8211; <a href=\"mailto:stampa@teatroliricodicagliari.it\">stampa@teatroliricodicagliari.it<\/a> &#8211; <a href=\"http:\/\/www.teatroliricodicagliari.it\/\">www.teatroliricodicagliari.it<\/a><\/p>\n\n\n\n<p>foto<\/p>\n\n\n\n<figure class=\"wp-block-gallery has-nested-images columns-default is-cropped wp-block-gallery-1 is-layout-flex wp-block-gallery-is-layout-flex\">\n<figure class=\"wp-block-image size-large\"><a href=\"https:\/\/www.ecoitaliano.com.ar\/wp-content\/uploads\/2025\/12\/Giovanni-Bietti-foto-Priamo-Tolu.jpg\"><img decoding=\"async\" width=\"1024\" height=\"683\" data-id=\"82954\" src=\"https:\/\/www.ecoitaliano.com.ar\/wp-content\/uploads\/2025\/12\/Giovanni-Bietti-foto-Priamo-Tolu-1024x683.jpg\" alt=\"\" class=\"wp-image-82954\" srcset=\"https:\/\/www.ecoitaliano.com.ar\/wp-content\/uploads\/2025\/12\/Giovanni-Bietti-foto-Priamo-Tolu-1024x683.jpg 1024w, https:\/\/www.ecoitaliano.com.ar\/wp-content\/uploads\/2025\/12\/Giovanni-Bietti-foto-Priamo-Tolu-300x200.jpg 300w, https:\/\/www.ecoitaliano.com.ar\/wp-content\/uploads\/2025\/12\/Giovanni-Bietti-foto-Priamo-Tolu-768x512.jpg 768w, https:\/\/www.ecoitaliano.com.ar\/wp-content\/uploads\/2025\/12\/Giovanni-Bietti-foto-Priamo-Tolu-1536x1024.jpg 1536w, https:\/\/www.ecoitaliano.com.ar\/wp-content\/uploads\/2025\/12\/Giovanni-Bietti-foto-Priamo-Tolu-150x100.jpg 150w, https:\/\/www.ecoitaliano.com.ar\/wp-content\/uploads\/2025\/12\/Giovanni-Bietti-foto-Priamo-Tolu.jpg 2048w\" sizes=\"(max-width: 1024px) 100vw, 1024px\" \/><\/a><\/figure>\n<\/figure>\n","protected":false},"excerpt":{"rendered":"<p>comunicato stampa Giovanni Bietti presenta Otello di Giuseppe Verdi al Teatro Carmen Melis Domenica 7 dicembre, alle 11, nel Teatro [&hellip;]<\/p>\n","protected":false},"author":1,"featured_media":0,"comment_status":"open","ping_status":"open","sticky":false,"template":"","format":"standard","meta":{"footnotes":""},"categories":[1],"tags":[],"class_list":["post-82953","post","type-post","status-publish","format-standard","hentry","category-sin-categoria"],"_links":{"self":[{"href":"https:\/\/www.ecoitaliano.com.ar\/index.php?rest_route=\/wp\/v2\/posts\/82953","targetHints":{"allow":["GET"]}}],"collection":[{"href":"https:\/\/www.ecoitaliano.com.ar\/index.php?rest_route=\/wp\/v2\/posts"}],"about":[{"href":"https:\/\/www.ecoitaliano.com.ar\/index.php?rest_route=\/wp\/v2\/types\/post"}],"author":[{"embeddable":true,"href":"https:\/\/www.ecoitaliano.com.ar\/index.php?rest_route=\/wp\/v2\/users\/1"}],"replies":[{"embeddable":true,"href":"https:\/\/www.ecoitaliano.com.ar\/index.php?rest_route=%2Fwp%2Fv2%2Fcomments&post=82953"}],"version-history":[{"count":1,"href":"https:\/\/www.ecoitaliano.com.ar\/index.php?rest_route=\/wp\/v2\/posts\/82953\/revisions"}],"predecessor-version":[{"id":82955,"href":"https:\/\/www.ecoitaliano.com.ar\/index.php?rest_route=\/wp\/v2\/posts\/82953\/revisions\/82955"}],"wp:attachment":[{"href":"https:\/\/www.ecoitaliano.com.ar\/index.php?rest_route=%2Fwp%2Fv2%2Fmedia&parent=82953"}],"wp:term":[{"taxonomy":"category","embeddable":true,"href":"https:\/\/www.ecoitaliano.com.ar\/index.php?rest_route=%2Fwp%2Fv2%2Fcategories&post=82953"},{"taxonomy":"post_tag","embeddable":true,"href":"https:\/\/www.ecoitaliano.com.ar\/index.php?rest_route=%2Fwp%2Fv2%2Ftags&post=82953"}],"curies":[{"name":"wp","href":"https:\/\/api.w.org\/{rel}","templated":true}]}}