{"id":82956,"date":"2025-12-02T18:46:34","date_gmt":"2025-12-02T18:46:34","guid":{"rendered":"https:\/\/www.ecoitaliano.com.ar\/?p=82956"},"modified":"2025-12-02T18:46:34","modified_gmt":"2025-12-02T18:46:34","slug":"serena-conduce-operaclassica-eco-italiano-4791","status":"publish","type":"post","link":"https:\/\/www.ecoitaliano.com.ar\/?p=82956","title":{"rendered":"Serena conduce operaclassica eco italiano"},"content":{"rendered":"\n<p>Comunicato Stampa&nbsp;<\/p>\n\n\n\n<p><strong>A MILANO ARRIVA<em><strong>&nbsp;TURANDA<\/strong><\/em>, L\u2019OPERA DIMENTICATA&nbsp;<\/strong><\/p>\n\n\n\n<p><strong>DI&nbsp;&nbsp;<\/strong><strong>ANTONIO BAZZINI<\/strong><\/p>\n\n\n\n<p><strong>Dopo aver debuttato a Como, la prima rappresentazione in et\u00e0 moderna dell\u2019opera ispirata alla commedia di Carlo Gozzi \u00e8 proposta luned\u00ec 8 dicembre al Teatro Lirico \u201cGiorgio Gaber\u201d<\/strong><\/p>\n\n\n\n<p><strong>Nuovo allestimento del Conservatorio \u201cGiuseppe Verdi\u00bb di Como<\/strong><\/p>\n\n\n\n<p>A pi\u00f9 di centocinquant\u2019anni dalla sua prima e unica rappresentazione, avvenuta il 13 gennaio 1867 al Teatro alla Scala, il&nbsp;<strong>Conservatorio \u201cGiuseppe Verdi\u201d di Como<\/strong>&nbsp;\u2014 &nbsp;in collaborazione con&nbsp;<strong>Casa Ricordi<\/strong>, che ha curato la revisione critica della partitura, e nell\u2019ambito del progetto di finanziamento europeo \u201cCasta Diva\u201d \u2014<strong>&nbsp;presenta il primo allestimento in et\u00e0 moderna di&nbsp;<\/strong><em><strong>Turanda<\/strong><\/em><strong>.&nbsp;<\/strong>Composta da Antonio Bazzini, apprezzato compositore bresciano di met\u00e0 Ottocento nonch\u00e9 maestro di Giacomo Puccini, l\u2019opera \u00e8 tratta dall\u2019omonima commedia di Carlo Gozzi, la stessa che fornir\u00e0 al suo allievo l\u2019ispirazione della pi\u00f9 nota&nbsp;<em>Turandot<\/em>.<strong>&nbsp;Dopo aver debuttato a Como il 26 ottobre, lo spettacolo viene proposto al Teatro Lirico \u201cGiorgio Gaber\u201d di Milano luned\u00ec 8 dicembre alle ore 20, dove ha gi\u00e0 fatto registrare il tutto esaurito.&nbsp;<\/strong>La regia \u00e8 affidata a&nbsp;<strong>Stefania Panighini<\/strong>, vincitrice del Premio \u201cIdee per Alfieri\u201d al Festival Astiteatro nel 2004 e che ha firmato opere per il Wexford Festival, l\u2019Opera di Tenerife e il Daegu Opera Festival in Corea. Sul podio sale invece il Maestro&nbsp;<strong>Bruno Dal Bon<\/strong>, direttore di titoli operistici in Europa, Cina e Giappone. A dar vita alla parte musicale della produzione sono<strong>&nbsp;i Solisti, il Coro e la Filarmonica del Conservatorio \u201cGiuseppe Verdi\u201d di Como,<\/strong>&nbsp;formati da allievi dell\u2019istituzione, mentre a curare scene e costumi sono gli&nbsp;<strong>studenti del Biennio di Scenografia Teatro e Costume per lo Spettacolo dell\u2019Accademia di Belle Arti di Brera<\/strong>, partner del progetto. La revisione critica per Casa Ricordi \u00e8 di&nbsp;<strong>Antonio Moccia<\/strong>.<\/p>\n\n\n\n<p>\u00abIl progetto&nbsp;<em>Turanda<\/em>&nbsp;rappresenta molto pi\u00f9 di un semplice allestimento di teatro lirico o di un\u2019operazione di recupero filologico: \u00e8 un atto di responsabilit\u00e0 culturale che riscopre, preserva e rivaluta un repertorio storico nel segno della creativit\u00e0 contemporanea \u2014 dice il&nbsp;<strong>Direttore del Conservatorio \u201cGiuseppe Verdi\u201d di Como Vittorio Zago<\/strong>&nbsp;\u2014, oltre che modello virtuoso di collaborazione tra istituzioni accademiche e culturali. \u00c8 anche frutto di un percorso di importante rilievo didattico che porta l\u2019esperienza di quattro anni di precedenti allestimenti, e che ha visto il Conservatorio di Como coinvolgere i giovani studenti nella riscoperta di opera di teatro musicale raramente eseguite, tra cui&nbsp;<em>Procedura penale<\/em>&nbsp;di Luciano Chailly,&nbsp;<em>La rondine<\/em>&nbsp;di Puccini,<em>&nbsp;La belle H\u00e9l\u00e8ne&nbsp;<\/em>di Offenbach e&nbsp;<em>Ascesa e caduta della citt\u00e0 di Mahagonny&nbsp;<\/em>di Brecht e Weill. Il progetto diventa cos\u00ec anche un modo per riaffermare il ruolo dei Conservatori come motori di innovazione e custodi della memoria musicale, restituendo centralit\u00e0 agli studenti, veri protagonisti di questo percorso e nostri eredi artistici: un luogo dove si produce cultura, costruendo il futuro attraverso la valorizzazione del passato\u00bb.<\/p>\n\n\n\n<p>\u00abIl mito \u00e8 quello di Gozzi, di Schiller, di Puccini e di Busoni, che racconta di una donna che non vuole uniformarsi alle regole della societ\u00e0 che la vuole moglie, ma soprattutto madre &#8211; dice di&nbsp;<em>Turanda<\/em>&nbsp;la&nbsp;<strong>regista<\/strong>&nbsp;<strong>Stefania Panighini<\/strong>. In quest\u2019opera, Bazzini tratteggia una giovane sorprendentemente audace per la met\u00e0 dell\u2019Ottocento, capace di ribellarsi e di ostentare la propria ribellione come atto politico. Lungi dal farne un\u2019algida amazzone per\u00f2, il compositore lascia alla protagonista la scoperta del s\u00e9, la liberazione dall\u2019ideologia e l\u2019accettazione della fragilit\u00e0 e del sentimento umano, che la conducono a un finale di maturazione e consapevolezza del femminile\u00bb.<\/p>\n\n\n\n<p>Antonio Bazzini \u00e8 stato un violinista e un compositore molto riconosciuto nell\u2019ambito della musica strumentale. Di lui, Schumann diceva che \u00absembra venire da un paese del canto, da un paese sconosciuto, eternamente sereno\u00bb. Originario di Brescia, nel 1873 fu chiamato a insegnare composizione al Conservatorio di Milano, del quale nel 1882 venne nominato anche Direttore. Tra i suoi allievi, oltre a Puccini, figurano anche i nomi di Mascagni e Catalani.&nbsp;<em>Turanda<\/em>&nbsp;\u00e8 la sua unica opera teatrale, composta su libretto di Antonio Gazzoletti. Dopo il tiepido debutto milanese, criticato sulla stampa dell\u2019epoca, l\u2019opera non fu mai pi\u00f9 ripresa dal compositore e il manoscritto autografo considerato perduto, fino al fortunato ritrovamento avvenuto qualche anno fa in uno scantinato del Conservatorio di Milano.&nbsp;<\/p>\n\n\n\n<p>Info:<br><a href=\"https:\/\/teatroliricogiorgiogaber.it\/produzione\/turanda\/\" target=\"_blank\" rel=\"noreferrer noopener\">https:\/\/teatroliricogiorgiogaber.it\/produzione\/turanda\/<\/a><\/p>\n\n\n\n<p><\/p>\n\n\n\n<p>02.12.2025<\/p>\n\n\n\n<p><em>Ufficio stampa nazionale e internazionale<\/em><\/p>\n\n\n\n<p><em>Skill&amp;Music<\/em><\/p>\n\n\n\n<p><a href=\"mailto:info@skillandmusic.com\" target=\"_blank\" rel=\"noreferrer noopener\"><em>info@skillandmusic.com<\/em><\/a><\/p>\n\n\n\n<p><em>Firmina Adorno&nbsp;&nbsp;<\/em><\/p>\n\n\n\n<p><em>T. +39.339.6483224<\/em><\/p>\n\n\n\n<p><em>E.&nbsp;<\/em><a href=\"mailto:firmina@skillandmusic.com\" target=\"_blank\" rel=\"noreferrer noopener\"><em>firmina@skillandmusic.com<\/em><\/a><\/p>\n\n\n\n<p><em>Alissa Balocco<\/em><\/p>\n\n\n\n<p><em>T. +39.334.88.08.012<\/em><\/p>\n\n\n\n<p><em>E.&nbsp;<\/em><a href=\"mailto:alissa@skillandmusic.com\" target=\"_blank\" rel=\"noreferrer noopener\"><em>alissa@skillandmusic.com<\/em><\/a><\/p>\n\n\n\n<p><strong>TURANDA<\/strong><strong><\/strong><\/p>\n\n\n\n<p><em>Azione fantastica in quattro parti (1867)<\/em><\/p>\n\n\n\n<p><strong>Luned\u00ec 8 dicembre 2025, ore 20<\/strong><\/p>\n\n\n\n<p><strong>Teatro Lirico \u201cGiorgio Gaber\u201d \u2013 Via Larga 14, Milano<\/strong><\/p>\n\n\n\n<p>Musica di&nbsp;<strong>Antonio Bazzini<\/strong><\/p>\n\n\n\n<p>Libretto di&nbsp;<strong>Antonio Gazzoletti<\/strong><\/p>\n\n\n\n<p>Turanda&nbsp;<strong>Anna Cimmarrusti<\/strong><\/p>\n\n\n\n<p>Nadir&nbsp;<strong>Weihao Du<\/strong><\/p>\n\n\n\n<p>Ormut&nbsp;<strong>Yonghyun Kim<\/strong><\/p>\n\n\n\n<p>Cosroe&nbsp;<strong>Minsu Kim<\/strong><\/p>\n\n\n\n<p>Adelma&nbsp;<strong>Lee Juhyeon<\/strong><\/p>\n\n\n\n<p>Direttore&nbsp;<strong>Bruno Dal Bon<\/strong><\/p>\n\n\n\n<p>Regia&nbsp;<strong>Stefania Panighini<\/strong><\/p>\n\n\n\n<p>Scene e costumi&nbsp;<strong>Studenti del Biennio di&nbsp;<em>Scenografia Teatro e Costume per lo Spettacolo<\/em>&nbsp;dell\u2019Accademia di Belle Arti di Brera<\/strong><\/p>\n\n\n\n<p>Maestri del coro&nbsp;<strong>Matteo Castelli e Domenico Innominato<\/strong><\/p>\n\n\n\n<p>Assistente alla regia&nbsp;<strong>Ai Takagi Donno<\/strong><\/p>\n\n\n\n<p><strong>Coro del Conservatorio \u00abGiuseppe Verdi\u00bb di Como<\/strong><\/p>\n\n\n\n<p><strong>Filarmonica del Conservatorio \u00abGiuseppe Verdi\u00bb di Como<\/strong><\/p>\n\n\n\n<p><strong>Nuovo allestimento del Conservatorio \u00abGiuseppe Verdi\u00bb di Como<\/strong><\/p>\n\n\n\n<p>foto<\/p>\n\n\n\n<p>credito fotografico: ph. conservatorio di Como<\/p>\n\n\n\n<figure class=\"wp-block-gallery has-nested-images columns-default is-cropped wp-block-gallery-1 is-layout-flex wp-block-gallery-is-layout-flex\">\n<figure class=\"wp-block-image size-large\"><a href=\"https:\/\/www.ecoitaliano.com.ar\/wp-content\/uploads\/2025\/12\/Turanda_ph.-Conservatorio-di-Como_NIK_0615.jpg\"><img decoding=\"async\" width=\"1024\" height=\"684\" data-id=\"82957\" src=\"https:\/\/www.ecoitaliano.com.ar\/wp-content\/uploads\/2025\/12\/Turanda_ph.-Conservatorio-di-Como_NIK_0615-1024x684.jpg\" alt=\"\" class=\"wp-image-82957\" srcset=\"https:\/\/www.ecoitaliano.com.ar\/wp-content\/uploads\/2025\/12\/Turanda_ph.-Conservatorio-di-Como_NIK_0615-1024x684.jpg 1024w, https:\/\/www.ecoitaliano.com.ar\/wp-content\/uploads\/2025\/12\/Turanda_ph.-Conservatorio-di-Como_NIK_0615-300x200.jpg 300w, https:\/\/www.ecoitaliano.com.ar\/wp-content\/uploads\/2025\/12\/Turanda_ph.-Conservatorio-di-Como_NIK_0615-768x513.jpg 768w, https:\/\/www.ecoitaliano.com.ar\/wp-content\/uploads\/2025\/12\/Turanda_ph.-Conservatorio-di-Como_NIK_0615-1536x1025.jpg 1536w, https:\/\/www.ecoitaliano.com.ar\/wp-content\/uploads\/2025\/12\/Turanda_ph.-Conservatorio-di-Como_NIK_0615-2048x1367.jpg 2048w, https:\/\/www.ecoitaliano.com.ar\/wp-content\/uploads\/2025\/12\/Turanda_ph.-Conservatorio-di-Como_NIK_0615-150x100.jpg 150w\" sizes=\"(max-width: 1024px) 100vw, 1024px\" \/><\/a><\/figure>\n\n\n\n<figure class=\"wp-block-image size-large\"><a href=\"https:\/\/www.ecoitaliano.com.ar\/wp-content\/uploads\/2025\/12\/Turanda_ph.-Conservatorio-di-Como_NIK_0773.jpg\"><img decoding=\"async\" width=\"1024\" height=\"684\" data-id=\"82958\" src=\"https:\/\/www.ecoitaliano.com.ar\/wp-content\/uploads\/2025\/12\/Turanda_ph.-Conservatorio-di-Como_NIK_0773-1024x684.jpg\" alt=\"\" class=\"wp-image-82958\" srcset=\"https:\/\/www.ecoitaliano.com.ar\/wp-content\/uploads\/2025\/12\/Turanda_ph.-Conservatorio-di-Como_NIK_0773-1024x684.jpg 1024w, https:\/\/www.ecoitaliano.com.ar\/wp-content\/uploads\/2025\/12\/Turanda_ph.-Conservatorio-di-Como_NIK_0773-300x200.jpg 300w, https:\/\/www.ecoitaliano.com.ar\/wp-content\/uploads\/2025\/12\/Turanda_ph.-Conservatorio-di-Como_NIK_0773-768x513.jpg 768w, https:\/\/www.ecoitaliano.com.ar\/wp-content\/uploads\/2025\/12\/Turanda_ph.-Conservatorio-di-Como_NIK_0773-1536x1025.jpg 1536w, https:\/\/www.ecoitaliano.com.ar\/wp-content\/uploads\/2025\/12\/Turanda_ph.-Conservatorio-di-Como_NIK_0773-2048x1367.jpg 2048w, https:\/\/www.ecoitaliano.com.ar\/wp-content\/uploads\/2025\/12\/Turanda_ph.-Conservatorio-di-Como_NIK_0773-150x100.jpg 150w\" sizes=\"(max-width: 1024px) 100vw, 1024px\" \/><\/a><\/figure>\n\n\n\n<figure class=\"wp-block-image size-large\"><a href=\"https:\/\/www.ecoitaliano.com.ar\/wp-content\/uploads\/2025\/12\/Turanda_ph.-Conservatorio-di-Como_NIK_0813.jpg\"><img decoding=\"async\" width=\"1024\" height=\"697\" data-id=\"82959\" src=\"https:\/\/www.ecoitaliano.com.ar\/wp-content\/uploads\/2025\/12\/Turanda_ph.-Conservatorio-di-Como_NIK_0813-1024x697.jpg\" alt=\"\" class=\"wp-image-82959\" srcset=\"https:\/\/www.ecoitaliano.com.ar\/wp-content\/uploads\/2025\/12\/Turanda_ph.-Conservatorio-di-Como_NIK_0813-1024x697.jpg 1024w, https:\/\/www.ecoitaliano.com.ar\/wp-content\/uploads\/2025\/12\/Turanda_ph.-Conservatorio-di-Como_NIK_0813-300x204.jpg 300w, https:\/\/www.ecoitaliano.com.ar\/wp-content\/uploads\/2025\/12\/Turanda_ph.-Conservatorio-di-Como_NIK_0813-768x523.jpg 768w, https:\/\/www.ecoitaliano.com.ar\/wp-content\/uploads\/2025\/12\/Turanda_ph.-Conservatorio-di-Como_NIK_0813-1536x1046.jpg 1536w, https:\/\/www.ecoitaliano.com.ar\/wp-content\/uploads\/2025\/12\/Turanda_ph.-Conservatorio-di-Como_NIK_0813-2048x1394.jpg 2048w, https:\/\/www.ecoitaliano.com.ar\/wp-content\/uploads\/2025\/12\/Turanda_ph.-Conservatorio-di-Como_NIK_0813-150x102.jpg 150w\" sizes=\"(max-width: 1024px) 100vw, 1024px\" \/><\/a><\/figure>\n\n\n\n<figure class=\"wp-block-image size-large\"><a href=\"https:\/\/www.ecoitaliano.com.ar\/wp-content\/uploads\/2025\/12\/Turanda_ph.-Conservatorio-di-Como_NIK_0876.jpg\"><img decoding=\"async\" width=\"1024\" height=\"684\" data-id=\"82960\" src=\"https:\/\/www.ecoitaliano.com.ar\/wp-content\/uploads\/2025\/12\/Turanda_ph.-Conservatorio-di-Como_NIK_0876-1024x684.jpg\" alt=\"\" class=\"wp-image-82960\" srcset=\"https:\/\/www.ecoitaliano.com.ar\/wp-content\/uploads\/2025\/12\/Turanda_ph.-Conservatorio-di-Como_NIK_0876-1024x684.jpg 1024w, https:\/\/www.ecoitaliano.com.ar\/wp-content\/uploads\/2025\/12\/Turanda_ph.-Conservatorio-di-Como_NIK_0876-300x200.jpg 300w, https:\/\/www.ecoitaliano.com.ar\/wp-content\/uploads\/2025\/12\/Turanda_ph.-Conservatorio-di-Como_NIK_0876-768x513.jpg 768w, https:\/\/www.ecoitaliano.com.ar\/wp-content\/uploads\/2025\/12\/Turanda_ph.-Conservatorio-di-Como_NIK_0876-1536x1025.jpg 1536w, https:\/\/www.ecoitaliano.com.ar\/wp-content\/uploads\/2025\/12\/Turanda_ph.-Conservatorio-di-Como_NIK_0876-2048x1367.jpg 2048w, https:\/\/www.ecoitaliano.com.ar\/wp-content\/uploads\/2025\/12\/Turanda_ph.-Conservatorio-di-Como_NIK_0876-150x100.jpg 150w\" sizes=\"(max-width: 1024px) 100vw, 1024px\" \/><\/a><\/figure>\n\n\n\n<figure class=\"wp-block-image size-large\"><a href=\"https:\/\/www.ecoitaliano.com.ar\/wp-content\/uploads\/2025\/12\/Turanda_ph.-Conservatorio-di-Como_NIK_0899.jpg\"><img decoding=\"async\" width=\"1024\" height=\"684\" data-id=\"82961\" src=\"https:\/\/www.ecoitaliano.com.ar\/wp-content\/uploads\/2025\/12\/Turanda_ph.-Conservatorio-di-Como_NIK_0899-1024x684.jpg\" alt=\"\" class=\"wp-image-82961\" srcset=\"https:\/\/www.ecoitaliano.com.ar\/wp-content\/uploads\/2025\/12\/Turanda_ph.-Conservatorio-di-Como_NIK_0899-1024x684.jpg 1024w, https:\/\/www.ecoitaliano.com.ar\/wp-content\/uploads\/2025\/12\/Turanda_ph.-Conservatorio-di-Como_NIK_0899-300x200.jpg 300w, https:\/\/www.ecoitaliano.com.ar\/wp-content\/uploads\/2025\/12\/Turanda_ph.-Conservatorio-di-Como_NIK_0899-768x513.jpg 768w, https:\/\/www.ecoitaliano.com.ar\/wp-content\/uploads\/2025\/12\/Turanda_ph.-Conservatorio-di-Como_NIK_0899-1536x1025.jpg 1536w, https:\/\/www.ecoitaliano.com.ar\/wp-content\/uploads\/2025\/12\/Turanda_ph.-Conservatorio-di-Como_NIK_0899-2048x1367.jpg 2048w, https:\/\/www.ecoitaliano.com.ar\/wp-content\/uploads\/2025\/12\/Turanda_ph.-Conservatorio-di-Como_NIK_0899-150x100.jpg 150w\" sizes=\"(max-width: 1024px) 100vw, 1024px\" \/><\/a><\/figure>\n\n\n\n<figure class=\"wp-block-image size-large\"><a href=\"https:\/\/www.ecoitaliano.com.ar\/wp-content\/uploads\/2025\/12\/Turanda_ph.-Conservatorio-di-Como_NIK_1013.jpg\"><img decoding=\"async\" width=\"684\" height=\"1024\" data-id=\"82962\" src=\"https:\/\/www.ecoitaliano.com.ar\/wp-content\/uploads\/2025\/12\/Turanda_ph.-Conservatorio-di-Como_NIK_1013-684x1024.jpg\" alt=\"\" class=\"wp-image-82962\" srcset=\"https:\/\/www.ecoitaliano.com.ar\/wp-content\/uploads\/2025\/12\/Turanda_ph.-Conservatorio-di-Como_NIK_1013-684x1024.jpg 684w, https:\/\/www.ecoitaliano.com.ar\/wp-content\/uploads\/2025\/12\/Turanda_ph.-Conservatorio-di-Como_NIK_1013-200x300.jpg 200w, https:\/\/www.ecoitaliano.com.ar\/wp-content\/uploads\/2025\/12\/Turanda_ph.-Conservatorio-di-Como_NIK_1013-768x1150.jpg 768w, https:\/\/www.ecoitaliano.com.ar\/wp-content\/uploads\/2025\/12\/Turanda_ph.-Conservatorio-di-Como_NIK_1013-1025x1536.jpg 1025w, https:\/\/www.ecoitaliano.com.ar\/wp-content\/uploads\/2025\/12\/Turanda_ph.-Conservatorio-di-Como_NIK_1013-1367x2048.jpg 1367w, https:\/\/www.ecoitaliano.com.ar\/wp-content\/uploads\/2025\/12\/Turanda_ph.-Conservatorio-di-Como_NIK_1013-100x150.jpg 100w, https:\/\/www.ecoitaliano.com.ar\/wp-content\/uploads\/2025\/12\/Turanda_ph.-Conservatorio-di-Como_NIK_1013.jpg 1709w\" sizes=\"(max-width: 684px) 100vw, 684px\" \/><\/a><\/figure>\n\n\n\n<figure class=\"wp-block-image size-large\"><a href=\"https:\/\/www.ecoitaliano.com.ar\/wp-content\/uploads\/2025\/12\/Turanda_ph.-Conservatorio-di-Como_NIK_1036.jpg\"><img decoding=\"async\" width=\"1024\" height=\"684\" data-id=\"82963\" src=\"https:\/\/www.ecoitaliano.com.ar\/wp-content\/uploads\/2025\/12\/Turanda_ph.-Conservatorio-di-Como_NIK_1036-1024x684.jpg\" alt=\"\" class=\"wp-image-82963\" srcset=\"https:\/\/www.ecoitaliano.com.ar\/wp-content\/uploads\/2025\/12\/Turanda_ph.-Conservatorio-di-Como_NIK_1036-1024x684.jpg 1024w, https:\/\/www.ecoitaliano.com.ar\/wp-content\/uploads\/2025\/12\/Turanda_ph.-Conservatorio-di-Como_NIK_1036-300x200.jpg 300w, https:\/\/www.ecoitaliano.com.ar\/wp-content\/uploads\/2025\/12\/Turanda_ph.-Conservatorio-di-Como_NIK_1036-768x513.jpg 768w, https:\/\/www.ecoitaliano.com.ar\/wp-content\/uploads\/2025\/12\/Turanda_ph.-Conservatorio-di-Como_NIK_1036-1536x1025.jpg 1536w, https:\/\/www.ecoitaliano.com.ar\/wp-content\/uploads\/2025\/12\/Turanda_ph.-Conservatorio-di-Como_NIK_1036-2048x1367.jpg 2048w, https:\/\/www.ecoitaliano.com.ar\/wp-content\/uploads\/2025\/12\/Turanda_ph.-Conservatorio-di-Como_NIK_1036-150x100.jpg 150w\" sizes=\"(max-width: 1024px) 100vw, 1024px\" \/><\/a><\/figure>\n\n\n\n<figure class=\"wp-block-image size-large\"><a href=\"https:\/\/www.ecoitaliano.com.ar\/wp-content\/uploads\/2025\/12\/Turanda_ph.-Conservatorio-di-Como_NIK_1115.jpg\"><img decoding=\"async\" width=\"1024\" height=\"684\" data-id=\"82964\" src=\"https:\/\/www.ecoitaliano.com.ar\/wp-content\/uploads\/2025\/12\/Turanda_ph.-Conservatorio-di-Como_NIK_1115-1024x684.jpg\" alt=\"\" class=\"wp-image-82964\" srcset=\"https:\/\/www.ecoitaliano.com.ar\/wp-content\/uploads\/2025\/12\/Turanda_ph.-Conservatorio-di-Como_NIK_1115-1024x684.jpg 1024w, https:\/\/www.ecoitaliano.com.ar\/wp-content\/uploads\/2025\/12\/Turanda_ph.-Conservatorio-di-Como_NIK_1115-300x200.jpg 300w, https:\/\/www.ecoitaliano.com.ar\/wp-content\/uploads\/2025\/12\/Turanda_ph.-Conservatorio-di-Como_NIK_1115-768x513.jpg 768w, https:\/\/www.ecoitaliano.com.ar\/wp-content\/uploads\/2025\/12\/Turanda_ph.-Conservatorio-di-Como_NIK_1115-1536x1025.jpg 1536w, https:\/\/www.ecoitaliano.com.ar\/wp-content\/uploads\/2025\/12\/Turanda_ph.-Conservatorio-di-Como_NIK_1115-2048x1367.jpg 2048w, https:\/\/www.ecoitaliano.com.ar\/wp-content\/uploads\/2025\/12\/Turanda_ph.-Conservatorio-di-Como_NIK_1115-150x100.jpg 150w\" sizes=\"(max-width: 1024px) 100vw, 1024px\" \/><\/a><\/figure>\n\n\n\n<figure class=\"wp-block-image size-large\"><a href=\"https:\/\/www.ecoitaliano.com.ar\/wp-content\/uploads\/2025\/12\/Turanda_ph.-Conservatorio-di-Como_NIK_1219.jpg\"><img decoding=\"async\" width=\"734\" height=\"1024\" data-id=\"82965\" src=\"https:\/\/www.ecoitaliano.com.ar\/wp-content\/uploads\/2025\/12\/Turanda_ph.-Conservatorio-di-Como_NIK_1219-734x1024.jpg\" alt=\"\" class=\"wp-image-82965\" srcset=\"https:\/\/www.ecoitaliano.com.ar\/wp-content\/uploads\/2025\/12\/Turanda_ph.-Conservatorio-di-Como_NIK_1219-734x1024.jpg 734w, https:\/\/www.ecoitaliano.com.ar\/wp-content\/uploads\/2025\/12\/Turanda_ph.-Conservatorio-di-Como_NIK_1219-215x300.jpg 215w, https:\/\/www.ecoitaliano.com.ar\/wp-content\/uploads\/2025\/12\/Turanda_ph.-Conservatorio-di-Como_NIK_1219-768x1071.jpg 768w, https:\/\/www.ecoitaliano.com.ar\/wp-content\/uploads\/2025\/12\/Turanda_ph.-Conservatorio-di-Como_NIK_1219-1101x1536.jpg 1101w, https:\/\/www.ecoitaliano.com.ar\/wp-content\/uploads\/2025\/12\/Turanda_ph.-Conservatorio-di-Como_NIK_1219-1468x2048.jpg 1468w, https:\/\/www.ecoitaliano.com.ar\/wp-content\/uploads\/2025\/12\/Turanda_ph.-Conservatorio-di-Como_NIK_1219-108x150.jpg 108w, https:\/\/www.ecoitaliano.com.ar\/wp-content\/uploads\/2025\/12\/Turanda_ph.-Conservatorio-di-Como_NIK_1219.jpg 1835w\" sizes=\"(max-width: 734px) 100vw, 734px\" \/><\/a><\/figure>\n\n\n\n<figure class=\"wp-block-image size-large\"><a href=\"https:\/\/www.ecoitaliano.com.ar\/wp-content\/uploads\/2025\/12\/Turanda_ph.-Conservatorio-di-Como_NIK_1223.jpg\"><img decoding=\"async\" width=\"1024\" height=\"607\" data-id=\"82966\" src=\"https:\/\/www.ecoitaliano.com.ar\/wp-content\/uploads\/2025\/12\/Turanda_ph.-Conservatorio-di-Como_NIK_1223-1024x607.jpg\" alt=\"\" class=\"wp-image-82966\" srcset=\"https:\/\/www.ecoitaliano.com.ar\/wp-content\/uploads\/2025\/12\/Turanda_ph.-Conservatorio-di-Como_NIK_1223-1024x607.jpg 1024w, https:\/\/www.ecoitaliano.com.ar\/wp-content\/uploads\/2025\/12\/Turanda_ph.-Conservatorio-di-Como_NIK_1223-300x178.jpg 300w, https:\/\/www.ecoitaliano.com.ar\/wp-content\/uploads\/2025\/12\/Turanda_ph.-Conservatorio-di-Como_NIK_1223-768x455.jpg 768w, https:\/\/www.ecoitaliano.com.ar\/wp-content\/uploads\/2025\/12\/Turanda_ph.-Conservatorio-di-Como_NIK_1223-1536x910.jpg 1536w, https:\/\/www.ecoitaliano.com.ar\/wp-content\/uploads\/2025\/12\/Turanda_ph.-Conservatorio-di-Como_NIK_1223-2048x1213.jpg 2048w, https:\/\/www.ecoitaliano.com.ar\/wp-content\/uploads\/2025\/12\/Turanda_ph.-Conservatorio-di-Como_NIK_1223-150x89.jpg 150w\" sizes=\"(max-width: 1024px) 100vw, 1024px\" \/><\/a><\/figure>\n\n\n\n<figure class=\"wp-block-image size-large\"><a href=\"https:\/\/www.ecoitaliano.com.ar\/wp-content\/uploads\/2025\/12\/Turanda_ph.-Conservatorio-di-Como_NIK_1538.jpg\"><img decoding=\"async\" width=\"1024\" height=\"684\" data-id=\"82967\" src=\"https:\/\/www.ecoitaliano.com.ar\/wp-content\/uploads\/2025\/12\/Turanda_ph.-Conservatorio-di-Como_NIK_1538-1024x684.jpg\" alt=\"\" class=\"wp-image-82967\" srcset=\"https:\/\/www.ecoitaliano.com.ar\/wp-content\/uploads\/2025\/12\/Turanda_ph.-Conservatorio-di-Como_NIK_1538-1024x684.jpg 1024w, https:\/\/www.ecoitaliano.com.ar\/wp-content\/uploads\/2025\/12\/Turanda_ph.-Conservatorio-di-Como_NIK_1538-300x200.jpg 300w, https:\/\/www.ecoitaliano.com.ar\/wp-content\/uploads\/2025\/12\/Turanda_ph.-Conservatorio-di-Como_NIK_1538-768x513.jpg 768w, https:\/\/www.ecoitaliano.com.ar\/wp-content\/uploads\/2025\/12\/Turanda_ph.-Conservatorio-di-Como_NIK_1538-1536x1025.jpg 1536w, https:\/\/www.ecoitaliano.com.ar\/wp-content\/uploads\/2025\/12\/Turanda_ph.-Conservatorio-di-Como_NIK_1538-2048x1367.jpg 2048w, https:\/\/www.ecoitaliano.com.ar\/wp-content\/uploads\/2025\/12\/Turanda_ph.-Conservatorio-di-Como_NIK_1538-150x100.jpg 150w\" sizes=\"(max-width: 1024px) 100vw, 1024px\" \/><\/a><\/figure>\n\n\n\n<figure class=\"wp-block-image size-large\"><a href=\"https:\/\/www.ecoitaliano.com.ar\/wp-content\/uploads\/2025\/12\/Turanda_ph.-Conservatorio-di-Como_NIK_1552.jpg\"><img decoding=\"async\" width=\"1024\" height=\"684\" data-id=\"82968\" src=\"https:\/\/www.ecoitaliano.com.ar\/wp-content\/uploads\/2025\/12\/Turanda_ph.-Conservatorio-di-Como_NIK_1552-1024x684.jpg\" alt=\"\" class=\"wp-image-82968\" srcset=\"https:\/\/www.ecoitaliano.com.ar\/wp-content\/uploads\/2025\/12\/Turanda_ph.-Conservatorio-di-Como_NIK_1552-1024x684.jpg 1024w, https:\/\/www.ecoitaliano.com.ar\/wp-content\/uploads\/2025\/12\/Turanda_ph.-Conservatorio-di-Como_NIK_1552-300x200.jpg 300w, https:\/\/www.ecoitaliano.com.ar\/wp-content\/uploads\/2025\/12\/Turanda_ph.-Conservatorio-di-Como_NIK_1552-768x513.jpg 768w, https:\/\/www.ecoitaliano.com.ar\/wp-content\/uploads\/2025\/12\/Turanda_ph.-Conservatorio-di-Como_NIK_1552-1536x1025.jpg 1536w, https:\/\/www.ecoitaliano.com.ar\/wp-content\/uploads\/2025\/12\/Turanda_ph.-Conservatorio-di-Como_NIK_1552-2048x1367.jpg 2048w, https:\/\/www.ecoitaliano.com.ar\/wp-content\/uploads\/2025\/12\/Turanda_ph.-Conservatorio-di-Como_NIK_1552-150x100.jpg 150w\" sizes=\"(max-width: 1024px) 100vw, 1024px\" \/><\/a><\/figure>\n\n\n\n<figure class=\"wp-block-image size-large\"><a href=\"https:\/\/www.ecoitaliano.com.ar\/wp-content\/uploads\/2025\/12\/Turanda_ph.-Conservatorio-di-Como_NIK_1841.jpg\"><img decoding=\"async\" width=\"1024\" height=\"684\" data-id=\"82969\" src=\"https:\/\/www.ecoitaliano.com.ar\/wp-content\/uploads\/2025\/12\/Turanda_ph.-Conservatorio-di-Como_NIK_1841-1024x684.jpg\" alt=\"\" class=\"wp-image-82969\" srcset=\"https:\/\/www.ecoitaliano.com.ar\/wp-content\/uploads\/2025\/12\/Turanda_ph.-Conservatorio-di-Como_NIK_1841-1024x684.jpg 1024w, https:\/\/www.ecoitaliano.com.ar\/wp-content\/uploads\/2025\/12\/Turanda_ph.-Conservatorio-di-Como_NIK_1841-300x200.jpg 300w, https:\/\/www.ecoitaliano.com.ar\/wp-content\/uploads\/2025\/12\/Turanda_ph.-Conservatorio-di-Como_NIK_1841-768x513.jpg 768w, https:\/\/www.ecoitaliano.com.ar\/wp-content\/uploads\/2025\/12\/Turanda_ph.-Conservatorio-di-Como_NIK_1841-1536x1025.jpg 1536w, https:\/\/www.ecoitaliano.com.ar\/wp-content\/uploads\/2025\/12\/Turanda_ph.-Conservatorio-di-Como_NIK_1841-2048x1367.jpg 2048w, https:\/\/www.ecoitaliano.com.ar\/wp-content\/uploads\/2025\/12\/Turanda_ph.-Conservatorio-di-Como_NIK_1841-150x100.jpg 150w\" sizes=\"(max-width: 1024px) 100vw, 1024px\" \/><\/a><\/figure>\n\n\n\n<figure class=\"wp-block-image size-large\"><a href=\"https:\/\/www.ecoitaliano.com.ar\/wp-content\/uploads\/2025\/12\/Turanda_ph.-Conservatorio-di-Como_NIK_1951.jpg\"><img decoding=\"async\" width=\"1024\" height=\"683\" data-id=\"82970\" src=\"https:\/\/www.ecoitaliano.com.ar\/wp-content\/uploads\/2025\/12\/Turanda_ph.-Conservatorio-di-Como_NIK_1951-1024x683.jpg\" alt=\"\" class=\"wp-image-82970\" srcset=\"https:\/\/www.ecoitaliano.com.ar\/wp-content\/uploads\/2025\/12\/Turanda_ph.-Conservatorio-di-Como_NIK_1951-1024x683.jpg 1024w, https:\/\/www.ecoitaliano.com.ar\/wp-content\/uploads\/2025\/12\/Turanda_ph.-Conservatorio-di-Como_NIK_1951-300x200.jpg 300w, https:\/\/www.ecoitaliano.com.ar\/wp-content\/uploads\/2025\/12\/Turanda_ph.-Conservatorio-di-Como_NIK_1951-768x512.jpg 768w, https:\/\/www.ecoitaliano.com.ar\/wp-content\/uploads\/2025\/12\/Turanda_ph.-Conservatorio-di-Como_NIK_1951-1536x1025.jpg 1536w, https:\/\/www.ecoitaliano.com.ar\/wp-content\/uploads\/2025\/12\/Turanda_ph.-Conservatorio-di-Como_NIK_1951-2048x1366.jpg 2048w, https:\/\/www.ecoitaliano.com.ar\/wp-content\/uploads\/2025\/12\/Turanda_ph.-Conservatorio-di-Como_NIK_1951-150x100.jpg 150w\" sizes=\"(max-width: 1024px) 100vw, 1024px\" \/><\/a><\/figure>\n\n\n\n<figure class=\"wp-block-image size-large\"><a href=\"https:\/\/www.ecoitaliano.com.ar\/wp-content\/uploads\/2025\/12\/Turanda_ph.-Conservatorio-di-Como_NIK_2040.jpg\"><img decoding=\"async\" width=\"1024\" height=\"684\" data-id=\"82971\" src=\"https:\/\/www.ecoitaliano.com.ar\/wp-content\/uploads\/2025\/12\/Turanda_ph.-Conservatorio-di-Como_NIK_2040-1024x684.jpg\" alt=\"\" class=\"wp-image-82971\" srcset=\"https:\/\/www.ecoitaliano.com.ar\/wp-content\/uploads\/2025\/12\/Turanda_ph.-Conservatorio-di-Como_NIK_2040-1024x684.jpg 1024w, https:\/\/www.ecoitaliano.com.ar\/wp-content\/uploads\/2025\/12\/Turanda_ph.-Conservatorio-di-Como_NIK_2040-300x200.jpg 300w, https:\/\/www.ecoitaliano.com.ar\/wp-content\/uploads\/2025\/12\/Turanda_ph.-Conservatorio-di-Como_NIK_2040-768x513.jpg 768w, https:\/\/www.ecoitaliano.com.ar\/wp-content\/uploads\/2025\/12\/Turanda_ph.-Conservatorio-di-Como_NIK_2040-1536x1025.jpg 1536w, https:\/\/www.ecoitaliano.com.ar\/wp-content\/uploads\/2025\/12\/Turanda_ph.-Conservatorio-di-Como_NIK_2040-2048x1367.jpg 2048w, https:\/\/www.ecoitaliano.com.ar\/wp-content\/uploads\/2025\/12\/Turanda_ph.-Conservatorio-di-Como_NIK_2040-150x100.jpg 150w\" sizes=\"(max-width: 1024px) 100vw, 1024px\" \/><\/a><\/figure>\n\n\n\n<figure class=\"wp-block-image size-large\"><a href=\"https:\/\/www.ecoitaliano.com.ar\/wp-content\/uploads\/2025\/12\/Turanda_ph.-Conservatorio-di-Como_NIK_2111.jpg\"><img decoding=\"async\" width=\"1024\" height=\"624\" data-id=\"82972\" src=\"https:\/\/www.ecoitaliano.com.ar\/wp-content\/uploads\/2025\/12\/Turanda_ph.-Conservatorio-di-Como_NIK_2111-1024x624.jpg\" alt=\"\" class=\"wp-image-82972\" srcset=\"https:\/\/www.ecoitaliano.com.ar\/wp-content\/uploads\/2025\/12\/Turanda_ph.-Conservatorio-di-Como_NIK_2111-1024x624.jpg 1024w, https:\/\/www.ecoitaliano.com.ar\/wp-content\/uploads\/2025\/12\/Turanda_ph.-Conservatorio-di-Como_NIK_2111-300x183.jpg 300w, https:\/\/www.ecoitaliano.com.ar\/wp-content\/uploads\/2025\/12\/Turanda_ph.-Conservatorio-di-Como_NIK_2111-768x468.jpg 768w, https:\/\/www.ecoitaliano.com.ar\/wp-content\/uploads\/2025\/12\/Turanda_ph.-Conservatorio-di-Como_NIK_2111-1536x935.jpg 1536w, https:\/\/www.ecoitaliano.com.ar\/wp-content\/uploads\/2025\/12\/Turanda_ph.-Conservatorio-di-Como_NIK_2111-2048x1247.jpg 2048w, https:\/\/www.ecoitaliano.com.ar\/wp-content\/uploads\/2025\/12\/Turanda_ph.-Conservatorio-di-Como_NIK_2111-150x91.jpg 150w\" sizes=\"(max-width: 1024px) 100vw, 1024px\" \/><\/a><\/figure>\n\n\n\n<figure class=\"wp-block-image size-large\"><a href=\"https:\/\/www.ecoitaliano.com.ar\/wp-content\/uploads\/2025\/12\/Turanda_ph.-Conservatorio-di-Como_NIK_2168.jpg\"><img decoding=\"async\" width=\"1024\" height=\"654\" data-id=\"82973\" src=\"https:\/\/www.ecoitaliano.com.ar\/wp-content\/uploads\/2025\/12\/Turanda_ph.-Conservatorio-di-Como_NIK_2168-1024x654.jpg\" alt=\"\" class=\"wp-image-82973\" srcset=\"https:\/\/www.ecoitaliano.com.ar\/wp-content\/uploads\/2025\/12\/Turanda_ph.-Conservatorio-di-Como_NIK_2168-1024x654.jpg 1024w, https:\/\/www.ecoitaliano.com.ar\/wp-content\/uploads\/2025\/12\/Turanda_ph.-Conservatorio-di-Como_NIK_2168-300x192.jpg 300w, https:\/\/www.ecoitaliano.com.ar\/wp-content\/uploads\/2025\/12\/Turanda_ph.-Conservatorio-di-Como_NIK_2168-768x491.jpg 768w, https:\/\/www.ecoitaliano.com.ar\/wp-content\/uploads\/2025\/12\/Turanda_ph.-Conservatorio-di-Como_NIK_2168-1536x981.jpg 1536w, https:\/\/www.ecoitaliano.com.ar\/wp-content\/uploads\/2025\/12\/Turanda_ph.-Conservatorio-di-Como_NIK_2168-2048x1308.jpg 2048w, https:\/\/www.ecoitaliano.com.ar\/wp-content\/uploads\/2025\/12\/Turanda_ph.-Conservatorio-di-Como_NIK_2168-150x96.jpg 150w\" sizes=\"(max-width: 1024px) 100vw, 1024px\" \/><\/a><\/figure>\n\n\n\n<figure class=\"wp-block-image size-large\"><a href=\"https:\/\/www.ecoitaliano.com.ar\/wp-content\/uploads\/2025\/12\/Turanda_ph.-Conservatorio-di-Como_NIK_2182.jpg\"><img decoding=\"async\" width=\"1024\" height=\"684\" data-id=\"82974\" src=\"https:\/\/www.ecoitaliano.com.ar\/wp-content\/uploads\/2025\/12\/Turanda_ph.-Conservatorio-di-Como_NIK_2182-1024x684.jpg\" alt=\"\" class=\"wp-image-82974\" srcset=\"https:\/\/www.ecoitaliano.com.ar\/wp-content\/uploads\/2025\/12\/Turanda_ph.-Conservatorio-di-Como_NIK_2182-1024x684.jpg 1024w, https:\/\/www.ecoitaliano.com.ar\/wp-content\/uploads\/2025\/12\/Turanda_ph.-Conservatorio-di-Como_NIK_2182-300x200.jpg 300w, https:\/\/www.ecoitaliano.com.ar\/wp-content\/uploads\/2025\/12\/Turanda_ph.-Conservatorio-di-Como_NIK_2182-768x513.jpg 768w, https:\/\/www.ecoitaliano.com.ar\/wp-content\/uploads\/2025\/12\/Turanda_ph.-Conservatorio-di-Como_NIK_2182-1536x1025.jpg 1536w, https:\/\/www.ecoitaliano.com.ar\/wp-content\/uploads\/2025\/12\/Turanda_ph.-Conservatorio-di-Como_NIK_2182-2048x1367.jpg 2048w, https:\/\/www.ecoitaliano.com.ar\/wp-content\/uploads\/2025\/12\/Turanda_ph.-Conservatorio-di-Como_NIK_2182-150x100.jpg 150w\" sizes=\"(max-width: 1024px) 100vw, 1024px\" \/><\/a><\/figure>\n\n\n\n<figure class=\"wp-block-image size-large\"><a href=\"https:\/\/www.ecoitaliano.com.ar\/wp-content\/uploads\/2025\/12\/Turanda_ph.-Conservatorio-di-Como_NIK_2248.jpg\"><img decoding=\"async\" width=\"1024\" height=\"684\" data-id=\"82975\" src=\"https:\/\/www.ecoitaliano.com.ar\/wp-content\/uploads\/2025\/12\/Turanda_ph.-Conservatorio-di-Como_NIK_2248-1024x684.jpg\" alt=\"\" class=\"wp-image-82975\" srcset=\"https:\/\/www.ecoitaliano.com.ar\/wp-content\/uploads\/2025\/12\/Turanda_ph.-Conservatorio-di-Como_NIK_2248-1024x684.jpg 1024w, https:\/\/www.ecoitaliano.com.ar\/wp-content\/uploads\/2025\/12\/Turanda_ph.-Conservatorio-di-Como_NIK_2248-300x200.jpg 300w, https:\/\/www.ecoitaliano.com.ar\/wp-content\/uploads\/2025\/12\/Turanda_ph.-Conservatorio-di-Como_NIK_2248-768x513.jpg 768w, https:\/\/www.ecoitaliano.com.ar\/wp-content\/uploads\/2025\/12\/Turanda_ph.-Conservatorio-di-Como_NIK_2248-1536x1025.jpg 1536w, https:\/\/www.ecoitaliano.com.ar\/wp-content\/uploads\/2025\/12\/Turanda_ph.-Conservatorio-di-Como_NIK_2248-2048x1367.jpg 2048w, https:\/\/www.ecoitaliano.com.ar\/wp-content\/uploads\/2025\/12\/Turanda_ph.-Conservatorio-di-Como_NIK_2248-150x100.jpg 150w\" sizes=\"(max-width: 1024px) 100vw, 1024px\" \/><\/a><\/figure>\n\n\n\n<figure class=\"wp-block-image size-large\"><a href=\"https:\/\/www.ecoitaliano.com.ar\/wp-content\/uploads\/2025\/12\/Turanda_ph.-Conservatorio-di-Como_NIK_2408.jpg\"><img decoding=\"async\" width=\"1024\" height=\"608\" data-id=\"82976\" src=\"https:\/\/www.ecoitaliano.com.ar\/wp-content\/uploads\/2025\/12\/Turanda_ph.-Conservatorio-di-Como_NIK_2408-1024x608.jpg\" alt=\"\" class=\"wp-image-82976\" srcset=\"https:\/\/www.ecoitaliano.com.ar\/wp-content\/uploads\/2025\/12\/Turanda_ph.-Conservatorio-di-Como_NIK_2408-1024x608.jpg 1024w, https:\/\/www.ecoitaliano.com.ar\/wp-content\/uploads\/2025\/12\/Turanda_ph.-Conservatorio-di-Como_NIK_2408-300x178.jpg 300w, https:\/\/www.ecoitaliano.com.ar\/wp-content\/uploads\/2025\/12\/Turanda_ph.-Conservatorio-di-Como_NIK_2408-768x456.jpg 768w, https:\/\/www.ecoitaliano.com.ar\/wp-content\/uploads\/2025\/12\/Turanda_ph.-Conservatorio-di-Como_NIK_2408-1536x913.jpg 1536w, https:\/\/www.ecoitaliano.com.ar\/wp-content\/uploads\/2025\/12\/Turanda_ph.-Conservatorio-di-Como_NIK_2408-2048x1217.jpg 2048w, https:\/\/www.ecoitaliano.com.ar\/wp-content\/uploads\/2025\/12\/Turanda_ph.-Conservatorio-di-Como_NIK_2408-150x89.jpg 150w\" sizes=\"(max-width: 1024px) 100vw, 1024px\" \/><\/a><\/figure>\n<\/figure>\n\n\n\n<p>ritratti Vittorio Zago (direttore del conservatorio \u201cGiuseppe Verdi\u201d di Como), Stefania Panighini (regista), Bruno Dal Bon (direttore d\u2019orchestra).<\/p>\n\n\n\n<figure class=\"wp-block-gallery has-nested-images columns-default is-cropped wp-block-gallery-2 is-layout-flex wp-block-gallery-is-layout-flex\">\n<figure class=\"wp-block-image size-large\"><a href=\"https:\/\/www.ecoitaliano.com.ar\/wp-content\/uploads\/2025\/12\/Bruno-dal-Bon-Direttore-dorchestra.jpg\"><img decoding=\"async\" width=\"1024\" height=\"936\" data-id=\"82977\" src=\"https:\/\/www.ecoitaliano.com.ar\/wp-content\/uploads\/2025\/12\/Bruno-dal-Bon-Direttore-dorchestra-1024x936.jpg\" alt=\"\" class=\"wp-image-82977\" srcset=\"https:\/\/www.ecoitaliano.com.ar\/wp-content\/uploads\/2025\/12\/Bruno-dal-Bon-Direttore-dorchestra-1024x936.jpg 1024w, https:\/\/www.ecoitaliano.com.ar\/wp-content\/uploads\/2025\/12\/Bruno-dal-Bon-Direttore-dorchestra-300x274.jpg 300w, https:\/\/www.ecoitaliano.com.ar\/wp-content\/uploads\/2025\/12\/Bruno-dal-Bon-Direttore-dorchestra-768x702.jpg 768w, https:\/\/www.ecoitaliano.com.ar\/wp-content\/uploads\/2025\/12\/Bruno-dal-Bon-Direttore-dorchestra-1536x1404.jpg 1536w, https:\/\/www.ecoitaliano.com.ar\/wp-content\/uploads\/2025\/12\/Bruno-dal-Bon-Direttore-dorchestra-2048x1872.jpg 2048w, https:\/\/www.ecoitaliano.com.ar\/wp-content\/uploads\/2025\/12\/Bruno-dal-Bon-Direttore-dorchestra-150x137.jpg 150w\" sizes=\"(max-width: 1024px) 100vw, 1024px\" \/><\/a><\/figure>\n\n\n\n<figure class=\"wp-block-image size-large\"><a href=\"https:\/\/www.ecoitaliano.com.ar\/wp-content\/uploads\/2025\/12\/Stefania-Panighini-Regista_ph-c-Paolo-Tangari.jpg\"><img decoding=\"async\" width=\"1024\" height=\"683\" data-id=\"82978\" src=\"https:\/\/www.ecoitaliano.com.ar\/wp-content\/uploads\/2025\/12\/Stefania-Panighini-Regista_ph-c-Paolo-Tangari-1024x683.jpg\" alt=\"\" class=\"wp-image-82978\" srcset=\"https:\/\/www.ecoitaliano.com.ar\/wp-content\/uploads\/2025\/12\/Stefania-Panighini-Regista_ph-c-Paolo-Tangari-1024x683.jpg 1024w, https:\/\/www.ecoitaliano.com.ar\/wp-content\/uploads\/2025\/12\/Stefania-Panighini-Regista_ph-c-Paolo-Tangari-300x200.jpg 300w, https:\/\/www.ecoitaliano.com.ar\/wp-content\/uploads\/2025\/12\/Stefania-Panighini-Regista_ph-c-Paolo-Tangari-768x512.jpg 768w, https:\/\/www.ecoitaliano.com.ar\/wp-content\/uploads\/2025\/12\/Stefania-Panighini-Regista_ph-c-Paolo-Tangari-1536x1024.jpg 1536w, https:\/\/www.ecoitaliano.com.ar\/wp-content\/uploads\/2025\/12\/Stefania-Panighini-Regista_ph-c-Paolo-Tangari-2048x1366.jpg 2048w, https:\/\/www.ecoitaliano.com.ar\/wp-content\/uploads\/2025\/12\/Stefania-Panighini-Regista_ph-c-Paolo-Tangari-150x100.jpg 150w\" sizes=\"(max-width: 1024px) 100vw, 1024px\" \/><\/a><\/figure>\n\n\n\n<figure class=\"wp-block-image size-large\"><a href=\"https:\/\/www.ecoitaliano.com.ar\/wp-content\/uploads\/2025\/12\/Stefania-Panighini-Regista_ph-Paolo-Tangari-2.jpg\"><img decoding=\"async\" width=\"683\" height=\"1024\" data-id=\"82979\" src=\"https:\/\/www.ecoitaliano.com.ar\/wp-content\/uploads\/2025\/12\/Stefania-Panighini-Regista_ph-Paolo-Tangari-2-683x1024.jpg\" alt=\"\" class=\"wp-image-82979\" srcset=\"https:\/\/www.ecoitaliano.com.ar\/wp-content\/uploads\/2025\/12\/Stefania-Panighini-Regista_ph-Paolo-Tangari-2-683x1024.jpg 683w, https:\/\/www.ecoitaliano.com.ar\/wp-content\/uploads\/2025\/12\/Stefania-Panighini-Regista_ph-Paolo-Tangari-2-200x300.jpg 200w, https:\/\/www.ecoitaliano.com.ar\/wp-content\/uploads\/2025\/12\/Stefania-Panighini-Regista_ph-Paolo-Tangari-2-768x1152.jpg 768w, https:\/\/www.ecoitaliano.com.ar\/wp-content\/uploads\/2025\/12\/Stefania-Panighini-Regista_ph-Paolo-Tangari-2-1024x1536.jpg 1024w, https:\/\/www.ecoitaliano.com.ar\/wp-content\/uploads\/2025\/12\/Stefania-Panighini-Regista_ph-Paolo-Tangari-2-1366x2048.jpg 1366w, https:\/\/www.ecoitaliano.com.ar\/wp-content\/uploads\/2025\/12\/Stefania-Panighini-Regista_ph-Paolo-Tangari-2-100x150.jpg 100w, https:\/\/www.ecoitaliano.com.ar\/wp-content\/uploads\/2025\/12\/Stefania-Panighini-Regista_ph-Paolo-Tangari-2.jpg 1707w\" sizes=\"(max-width: 683px) 100vw, 683px\" \/><\/a><\/figure>\n\n\n\n<figure class=\"wp-block-image size-large\"><a href=\"https:\/\/www.ecoitaliano.com.ar\/wp-content\/uploads\/2025\/12\/Vittorio-Zago-Direttore-del-Conservatorio-di-Como.jpg\"><img decoding=\"async\" width=\"668\" height=\"1024\" data-id=\"82980\" src=\"https:\/\/www.ecoitaliano.com.ar\/wp-content\/uploads\/2025\/12\/Vittorio-Zago-Direttore-del-Conservatorio-di-Como-668x1024.jpg\" alt=\"\" class=\"wp-image-82980\" srcset=\"https:\/\/www.ecoitaliano.com.ar\/wp-content\/uploads\/2025\/12\/Vittorio-Zago-Direttore-del-Conservatorio-di-Como-668x1024.jpg 668w, https:\/\/www.ecoitaliano.com.ar\/wp-content\/uploads\/2025\/12\/Vittorio-Zago-Direttore-del-Conservatorio-di-Como-196x300.jpg 196w, https:\/\/www.ecoitaliano.com.ar\/wp-content\/uploads\/2025\/12\/Vittorio-Zago-Direttore-del-Conservatorio-di-Como-768x1178.jpg 768w, https:\/\/www.ecoitaliano.com.ar\/wp-content\/uploads\/2025\/12\/Vittorio-Zago-Direttore-del-Conservatorio-di-Como-1001x1536.jpg 1001w, https:\/\/www.ecoitaliano.com.ar\/wp-content\/uploads\/2025\/12\/Vittorio-Zago-Direttore-del-Conservatorio-di-Como-1335x2048.jpg 1335w, https:\/\/www.ecoitaliano.com.ar\/wp-content\/uploads\/2025\/12\/Vittorio-Zago-Direttore-del-Conservatorio-di-Como-98x150.jpg 98w, https:\/\/www.ecoitaliano.com.ar\/wp-content\/uploads\/2025\/12\/Vittorio-Zago-Direttore-del-Conservatorio-di-Como.jpg 1669w\" sizes=\"(max-width: 668px) 100vw, 668px\" \/><\/a><\/figure>\n<\/figure>\n","protected":false},"excerpt":{"rendered":"<p>Comunicato Stampa&nbsp; A MILANO ARRIVA&nbsp;TURANDA, L\u2019OPERA DIMENTICATA&nbsp; DI&nbsp;&nbsp;ANTONIO BAZZINI Dopo aver debuttato a Como, la prima rappresentazione in et\u00e0 moderna [&hellip;]<\/p>\n","protected":false},"author":1,"featured_media":0,"comment_status":"open","ping_status":"open","sticky":false,"template":"","format":"standard","meta":{"footnotes":""},"categories":[1],"tags":[],"class_list":["post-82956","post","type-post","status-publish","format-standard","hentry","category-sin-categoria"],"_links":{"self":[{"href":"https:\/\/www.ecoitaliano.com.ar\/index.php?rest_route=\/wp\/v2\/posts\/82956","targetHints":{"allow":["GET"]}}],"collection":[{"href":"https:\/\/www.ecoitaliano.com.ar\/index.php?rest_route=\/wp\/v2\/posts"}],"about":[{"href":"https:\/\/www.ecoitaliano.com.ar\/index.php?rest_route=\/wp\/v2\/types\/post"}],"author":[{"embeddable":true,"href":"https:\/\/www.ecoitaliano.com.ar\/index.php?rest_route=\/wp\/v2\/users\/1"}],"replies":[{"embeddable":true,"href":"https:\/\/www.ecoitaliano.com.ar\/index.php?rest_route=%2Fwp%2Fv2%2Fcomments&post=82956"}],"version-history":[{"count":1,"href":"https:\/\/www.ecoitaliano.com.ar\/index.php?rest_route=\/wp\/v2\/posts\/82956\/revisions"}],"predecessor-version":[{"id":82981,"href":"https:\/\/www.ecoitaliano.com.ar\/index.php?rest_route=\/wp\/v2\/posts\/82956\/revisions\/82981"}],"wp:attachment":[{"href":"https:\/\/www.ecoitaliano.com.ar\/index.php?rest_route=%2Fwp%2Fv2%2Fmedia&parent=82956"}],"wp:term":[{"taxonomy":"category","embeddable":true,"href":"https:\/\/www.ecoitaliano.com.ar\/index.php?rest_route=%2Fwp%2Fv2%2Fcategories&post=82956"},{"taxonomy":"post_tag","embeddable":true,"href":"https:\/\/www.ecoitaliano.com.ar\/index.php?rest_route=%2Fwp%2Fv2%2Ftags&post=82956"}],"curies":[{"name":"wp","href":"https:\/\/api.w.org\/{rel}","templated":true}]}}