{"id":82997,"date":"2025-12-02T19:08:36","date_gmt":"2025-12-02T19:08:36","guid":{"rendered":"https:\/\/www.ecoitaliano.com.ar\/?p=82997"},"modified":"2025-12-02T19:13:13","modified_gmt":"2025-12-02T19:13:13","slug":"serena-conduce-operaclassica-eco-italiano-4793","status":"publish","type":"post","link":"https:\/\/www.ecoitaliano.com.ar\/?p=82997","title":{"rendered":"Serena conduce operaclassica eco italiano"},"content":{"rendered":"\n<figure class=\"wp-block-image size-full\"><a href=\"http:\/\/www.ecoitaliano.com.ar\/wp-content\/uploads\/2025\/12\/Screenshot-1682.png\"><img decoding=\"async\" width=\"282\" height=\"156\" src=\"http:\/\/www.ecoitaliano.com.ar\/wp-content\/uploads\/2025\/12\/Screenshot-1682.png\" alt=\"\" class=\"wp-image-83001\" srcset=\"https:\/\/www.ecoitaliano.com.ar\/wp-content\/uploads\/2025\/12\/Screenshot-1682.png 282w, https:\/\/www.ecoitaliano.com.ar\/wp-content\/uploads\/2025\/12\/Screenshot-1682-150x83.png 150w\" sizes=\"(max-width: 282px) 100vw, 282px\" \/><\/a><\/figure>\n\n\n\n<p><strong>LA GRANDIOSA INVESTIGAZIONE SPIRITUALE DELL\u2019OTTAVA SINFONIA DI BRUCKNER PER TREVI\u0147O E L\u2019ORCHESTRA RAI<\/strong><\/p>\n\n\n\n<p><strong>Gioved\u00ec 4 dicembre&nbsp;a Torino, in diretta su Radio3 e in live streaming su&nbsp;<\/strong><a href=\"http:\/\/raicultura.it\/\" target=\"_blank\" rel=\"noreferrer noopener\"><strong>raicultura.it<\/strong><\/a><\/p>\n\n\n\n<p><strong>Replica&nbsp;venerd\u00ec 5 dicembre<\/strong><\/p>\n\n\n\n<p>\u00abQuesta Sinfonia \u00e8 la creazione di un gigante e supera per afflato mistico, abbondanza di idee e grandezza tutte le altre opere del maestro\u00bb. Con queste parole il compositore Hugo Wolf descriveva la&nbsp;Sinfonia n. 8 in do minore di Anton Bruckner, all\u2019indomani della sua prima esecuzione, avvenuta al Musikverein di Vienna il 18 dicembre 1892. L\u2019ambizioso capolavoro sinfonico, l\u2019ultimo completato dal grande compositore austriaco, \u00e8 in programma nel concerto dell\u2019<strong>Orchestra Sinfonica Nazionale della Rai <\/strong>di&nbsp;<strong>gioved\u00ec 4 dicembre alle 20.30<\/strong> all\u2019<strong>Auditorium Rai \u201cArturo Toscanini\u201d di Torino<\/strong>, con trasmissione in diretta su Radio3 e in live streaming sul portale di Rai Cultura. Replica&nbsp;venerd\u00ec 5 dicembre alle 20, sempre a Torino.<\/p>\n\n\n\n<p>L\u2019Ottava Sinfonia richiese a Bruckner un impegno creativo estremo: sei anni tra il 1884 e il 1890, passando attraverso diverse revisioni, fino alla parola \u201cAlleluja\u201d posta sullo schizzo del Finale, e&nbsp;alla dedica all\u2019Imperatore Francesco Giuseppe, che non solo accett\u00f2 il gesto del compositore, ma si offr\u00ec di contribuire alle spese di pubblicazione del lavoro. In effetti si tratta di una pagina gigantesca, per dimensioni e strumentazione: si dovranno attendere i successivi esiti mahleriani per superare l\u2019enormit\u00e0 di questo organico orchestrale. Una grandiosa investigazione di quegli eterni misteri dello spirito che Bruckner frequent\u00f2 durante tutti il corso della sua vita.<\/p>\n\n\n\n<p>A interpretarla con l\u2019Orchestra Rai \u00e8 chiamato <strong>Robert&nbsp;Trevi\u00f1o<\/strong>, gi\u00e0 Direttore&nbsp;ospite principale della compagine e attuale Direttore musicale dell\u2019Orchestra Nazionale Basca, oltre che Consulente artistico dell\u2019Orchestra Sinfonica di Malm\u00f6. Di origini messicane,&nbsp;Trevi\u00f1o&nbsp;\u00e8 cresciuto a Fort Worth, in Texas, e si \u00e8 imposto all\u2019attenzione internazionale al Teatro Bol\u2019\u0161oj di Mosca nel 2013, sostituendo Vassily Sinaisky sul podio del&nbsp;<em>Don Carlo<\/em>&nbsp;di Verdi. Da allora \u00e8 invitato regolarmente dalle orchestre prestigiose in America \u2013 dalla Cincinnati Symphony alla Philadelphia Orchestra \u2013 e all\u2019estero \u2013 dai M\u00fcnchner Philharmoniker alla London Symphony Orchestra. Cresciuto sotto l\u2019egida di Michael Tilson Thomas e Seiji Ozawa, ha sviluppato una particolare sensibilit\u00e0 per il repertorio mitteleuropeo. Con l\u2019Orchestra della Rai nell\u2019autunno 2021 \u00e8 stato protagonista di una brillante tourn\u00e9e in Germania che ha toccato Francoforte, Colonia e Amburgo.<\/p>\n\n\n\n<p>\u00abL\u2019Ottava Sinfonia di Bruckner \u2013 dice&nbsp;Trevi\u00f1o \u2013 \u00e8 nota con il&nbsp;sottotitolo di \u201capocalisse\u201d: lo si pu\u00f2 comprendere data la sua pura potenza e ampiezza, e forse anche per il suo carattere quasi profetico, che sembra indicare la scala sempre pi\u00f9 vasta delle calamit\u00e0 generate dall\u2019umanit\u00e0. Tuttavia, per me questa sinfonia \u00e8 piuttosto una sorta di summa bruckneriana, poich\u00e9 affronta i punti fondamentali e costanti della poetica del compositore: la bellezza della natura \u2013 un dono di Dio; la bellezza della vita \u2013 un dono di Dio; la redenzione dei malvagi \u2013 un dono di Dio; e l\u2019elevazione dell\u2019uomo attraverso la sua adorazione di Dio\u00bb.<\/p>\n\n\n\n<p>I biglietti, da 9 a 30 euro,&nbsp;sono in vendita&nbsp;<a href=\"https:\/\/www.bigliettionline.rai.it\/\" target=\"_blank\" rel=\"noreferrer noopener\">online<\/a>&nbsp;sul sito dell\u2019OSN Rai e presso la biglietteria dell\u2019Auditorium Rai di Torino.&nbsp;Informazioni: 011.8104653&nbsp;\u2013&nbsp;<a href=\"javascript:webmail.View.mailto(%7bmailto:'biglietteria.osn@rai.it',%20subject:%20''%7d)\">biglietteria.osn@rai.it<\/a>.<\/p>\n\n\n\n<p>Paolo Cairoli<br>Rai&nbsp;Cultura &#8211; Comunicazione<br>Auditorium&nbsp;Rai&nbsp;\u201cArturo Toscanini\u201d<br>Piazza Rossaro<br>10124 Torino<br>T. 011.8104996<br>M.&nbsp;331.8361276<\/p>\n\n\n\n<p><a href=\"http:\/\/www.osnrai.it\/\" target=\"_blank\" rel=\"noreferrer noopener\">www.osn.rai.it<\/a><\/p>\n\n\n\n<p>foto <\/p>\n\n\n\n<figure class=\"wp-block-gallery has-nested-images columns-default is-cropped wp-block-gallery-1 is-layout-flex wp-block-gallery-is-layout-flex\">\n<figure class=\"wp-block-image size-large\"><a href=\"https:\/\/www.ecoitaliano.com.ar\/wp-content\/uploads\/2025\/12\/Trevino-_-OSN-Rai_Piu\u2560CLuce\u252c\u00ae2020-N10-27.jpg\"><img decoding=\"async\" width=\"1024\" height=\"684\" data-id=\"82998\" src=\"https:\/\/www.ecoitaliano.com.ar\/wp-content\/uploads\/2025\/12\/Trevino-_-OSN-Rai_Piu\u2560CLuce\u252c\u00ae2020-N10-27-1024x684.jpg\" alt=\"\" class=\"wp-image-82998\" srcset=\"https:\/\/www.ecoitaliano.com.ar\/wp-content\/uploads\/2025\/12\/Trevino-_-OSN-Rai_Piu\u2560CLuce\u252c\u00ae2020-N10-27-1024x684.jpg 1024w, https:\/\/www.ecoitaliano.com.ar\/wp-content\/uploads\/2025\/12\/Trevino-_-OSN-Rai_Piu\u2560CLuce\u252c\u00ae2020-N10-27-300x200.jpg 300w, https:\/\/www.ecoitaliano.com.ar\/wp-content\/uploads\/2025\/12\/Trevino-_-OSN-Rai_Piu\u2560CLuce\u252c\u00ae2020-N10-27-768x513.jpg 768w, https:\/\/www.ecoitaliano.com.ar\/wp-content\/uploads\/2025\/12\/Trevino-_-OSN-Rai_Piu\u2560CLuce\u252c\u00ae2020-N10-27-1536x1025.jpg 1536w, https:\/\/www.ecoitaliano.com.ar\/wp-content\/uploads\/2025\/12\/Trevino-_-OSN-Rai_Piu\u2560CLuce\u252c\u00ae2020-N10-27-2048x1367.jpg 2048w, https:\/\/www.ecoitaliano.com.ar\/wp-content\/uploads\/2025\/12\/Trevino-_-OSN-Rai_Piu\u2560CLuce\u252c\u00ae2020-N10-27-150x100.jpg 150w\" sizes=\"(max-width: 1024px) 100vw, 1024px\" \/><\/a><\/figure>\n<\/figure>\n","protected":false},"excerpt":{"rendered":"<p>LA GRANDIOSA INVESTIGAZIONE SPIRITUALE DELL\u2019OTTAVA SINFONIA DI BRUCKNER PER TREVI\u0147O E L\u2019ORCHESTRA RAI Gioved\u00ec 4 dicembre&nbsp;a Torino, in diretta su [&hellip;]<\/p>\n","protected":false},"author":1,"featured_media":0,"comment_status":"open","ping_status":"open","sticky":false,"template":"","format":"standard","meta":{"footnotes":""},"categories":[1],"tags":[],"class_list":["post-82997","post","type-post","status-publish","format-standard","hentry","category-sin-categoria"],"_links":{"self":[{"href":"https:\/\/www.ecoitaliano.com.ar\/index.php?rest_route=\/wp\/v2\/posts\/82997","targetHints":{"allow":["GET"]}}],"collection":[{"href":"https:\/\/www.ecoitaliano.com.ar\/index.php?rest_route=\/wp\/v2\/posts"}],"about":[{"href":"https:\/\/www.ecoitaliano.com.ar\/index.php?rest_route=\/wp\/v2\/types\/post"}],"author":[{"embeddable":true,"href":"https:\/\/www.ecoitaliano.com.ar\/index.php?rest_route=\/wp\/v2\/users\/1"}],"replies":[{"embeddable":true,"href":"https:\/\/www.ecoitaliano.com.ar\/index.php?rest_route=%2Fwp%2Fv2%2Fcomments&post=82997"}],"version-history":[{"count":3,"href":"https:\/\/www.ecoitaliano.com.ar\/index.php?rest_route=\/wp\/v2\/posts\/82997\/revisions"}],"predecessor-version":[{"id":83002,"href":"https:\/\/www.ecoitaliano.com.ar\/index.php?rest_route=\/wp\/v2\/posts\/82997\/revisions\/83002"}],"wp:attachment":[{"href":"https:\/\/www.ecoitaliano.com.ar\/index.php?rest_route=%2Fwp%2Fv2%2Fmedia&parent=82997"}],"wp:term":[{"taxonomy":"category","embeddable":true,"href":"https:\/\/www.ecoitaliano.com.ar\/index.php?rest_route=%2Fwp%2Fv2%2Fcategories&post=82997"},{"taxonomy":"post_tag","embeddable":true,"href":"https:\/\/www.ecoitaliano.com.ar\/index.php?rest_route=%2Fwp%2Fv2%2Ftags&post=82997"}],"curies":[{"name":"wp","href":"https:\/\/api.w.org\/{rel}","templated":true}]}}