{"id":83032,"date":"2025-12-03T15:59:08","date_gmt":"2025-12-03T15:59:08","guid":{"rendered":"https:\/\/www.ecoitaliano.com.ar\/?p=83032"},"modified":"2025-12-03T15:59:26","modified_gmt":"2025-12-03T15:59:26","slug":"degrado-via-vignaletta-a-massa-centro","status":"publish","type":"post","link":"https:\/\/www.ecoitaliano.com.ar\/?p=83032","title":{"rendered":"Degrado via vignaletta a Massa Centro"},"content":{"rendered":"<div class=\"wp-block-image\">\n<figure class=\"aligncenter size-full is-resized\"><a href=\"http:\/\/www.ecoitaliano.com.ar\/wp-content\/uploads\/2025\/12\/tr.jpg\"><img decoding=\"async\" width=\"471\" height=\"597\" src=\"http:\/\/www.ecoitaliano.com.ar\/wp-content\/uploads\/2025\/12\/tr.jpg\" alt=\"\" class=\"wp-image-83033\" style=\"width:297px;height:auto\" srcset=\"https:\/\/www.ecoitaliano.com.ar\/wp-content\/uploads\/2025\/12\/tr.jpg 471w, https:\/\/www.ecoitaliano.com.ar\/wp-content\/uploads\/2025\/12\/tr-237x300.jpg 237w, https:\/\/www.ecoitaliano.com.ar\/wp-content\/uploads\/2025\/12\/tr-118x150.jpg 118w\" sizes=\"(max-width: 471px) 100vw, 471px\" \/><\/a><\/figure><\/div>\n\n\n<p>Via Vignaletta: \u201cServono risposte concrete per restituire credibilit\u00e0 alle istituzioni\u201d. Il consigliere comunale, Daniele Tarantino, torna sul problema di via Vignaletta, una ruga in centro citt\u00e0 che versa in condizioni indescrivibili. \u201cA distanza di mesi dalle prime segnalazioni, Via Vignaletta continua purtroppo a presentarsi nello stesso stato di degrado. Chi vive o transita nella zona lo ripete con amarezza: poco o nulla \u00e8 cambiato \u2013 denuncia il consigliere -.. La strada resta rifugio della movida incontrollata, tra rifiuti abbandonati, odori sgradevoli e una persistente sensazione di abbandono che sembra non voler lasciare questo angolo della citt\u00e0\u201d.<\/p>\n\n\n\n<p>Eppure, impegno e attenzione da parte delle istituzioni non sono mancati. Il consigliere Daniele Tarantino, che ha pi\u00f9 volte raccolto le preoccupazioni dei residenti portandole all\u2019amministrazione, continua a ribadire il proprio dovere e la propria fiducia nelle istituzioni, convinto che servano risposte concrete e immediate.<\/p>\n\n\n\n<p>\u201cNon ho mai dimenticato Via Vignaletta e non intendo farlo ora \u2013 sottolinea Tarantino \u2013. Continuo a seguire da vicino la situazione, ascoltando i residenti e sollecitando gli uffici competenti, perch\u00e9 questa zona merita attenzione costante e interventi concreti. Non lascer\u00f2 che resti un angolo trascurato della nostra citt\u00e0.\u201d<\/p>\n\n\n\n<p>Le richieste dei cittadini sono semplici: maggiore pulizia, pi\u00f9 controlli e interventi capaci di restituire decoro e sicurezza a una via che, oggi, appare dimenticata.<\/p>\n\n\n\n<p>Nonostante gli sforzi annunciati, per\u00f2, la realt\u00e0 quotidiana sembra immutata. Le notti di confusione, il rumore, i residui lasciati a terra e l\u2019assenza di un presidio costante continuano a pesare su chi abita nelle vicinanze. La sensazione diffusa \u00e8 che Via Vignaletta resti fuori dai percorsi ordinari di attenzione e manutenzione.<\/p>\n\n\n\n<p>Le istituzioni hanno espresso la volont\u00e0 di intervenire e Tarantino ha pi\u00f9 volte sottolineato quanto sia importante dare finalmente una risposta ai residenti. Ma, ad oggi, tutto appare fermo. \u201c\u00c8 il momento che le parole diventino fatti e che questa strada, tanto piccola quanto simbolica, torni a essere un luogo vivibile per chi la frequenta e la abita \u2013 conclude Tarantino.<\/p>\n\n\n\n<blockquote class=\"wp-block-quote is-layout-flow wp-block-quote-is-layout-flow\">\n<p><em>Ufficio stampa Taraeditoria&amp;Comunicazione&nbsp;<\/em><\/p>\n<\/blockquote>\n","protected":false},"excerpt":{"rendered":"<p>Via Vignaletta: \u201cServono risposte concrete per restituire credibilit\u00e0 alle istituzioni\u201d. Il consigliere comunale, Daniele Tarantino, torna sul problema di via [&hellip;]<\/p>\n","protected":false},"author":1,"featured_media":0,"comment_status":"open","ping_status":"open","sticky":false,"template":"","format":"standard","meta":{"footnotes":""},"categories":[10,5],"tags":[],"class_list":["post-83032","post","type-post","status-publish","format-standard","hentry","category-italiano","category-politica"],"_links":{"self":[{"href":"https:\/\/www.ecoitaliano.com.ar\/index.php?rest_route=\/wp\/v2\/posts\/83032","targetHints":{"allow":["GET"]}}],"collection":[{"href":"https:\/\/www.ecoitaliano.com.ar\/index.php?rest_route=\/wp\/v2\/posts"}],"about":[{"href":"https:\/\/www.ecoitaliano.com.ar\/index.php?rest_route=\/wp\/v2\/types\/post"}],"author":[{"embeddable":true,"href":"https:\/\/www.ecoitaliano.com.ar\/index.php?rest_route=\/wp\/v2\/users\/1"}],"replies":[{"embeddable":true,"href":"https:\/\/www.ecoitaliano.com.ar\/index.php?rest_route=%2Fwp%2Fv2%2Fcomments&post=83032"}],"version-history":[{"count":1,"href":"https:\/\/www.ecoitaliano.com.ar\/index.php?rest_route=\/wp\/v2\/posts\/83032\/revisions"}],"predecessor-version":[{"id":83034,"href":"https:\/\/www.ecoitaliano.com.ar\/index.php?rest_route=\/wp\/v2\/posts\/83032\/revisions\/83034"}],"wp:attachment":[{"href":"https:\/\/www.ecoitaliano.com.ar\/index.php?rest_route=%2Fwp%2Fv2%2Fmedia&parent=83032"}],"wp:term":[{"taxonomy":"category","embeddable":true,"href":"https:\/\/www.ecoitaliano.com.ar\/index.php?rest_route=%2Fwp%2Fv2%2Fcategories&post=83032"},{"taxonomy":"post_tag","embeddable":true,"href":"https:\/\/www.ecoitaliano.com.ar\/index.php?rest_route=%2Fwp%2Fv2%2Ftags&post=83032"}],"curies":[{"name":"wp","href":"https:\/\/api.w.org\/{rel}","templated":true}]}}