{"id":83068,"date":"2025-12-03T19:05:06","date_gmt":"2025-12-03T19:05:06","guid":{"rendered":"https:\/\/www.ecoitaliano.com.ar\/?p=83068"},"modified":"2025-12-03T19:05:06","modified_gmt":"2025-12-03T19:05:06","slug":"serena-conduce-operaclassica-eco-italiano-4801","status":"publish","type":"post","link":"https:\/\/www.ecoitaliano.com.ar\/?p=83068","title":{"rendered":"Serena conduce operaclassica eco italiano"},"content":{"rendered":"\n<figure class=\"wp-block-image size-full is-resized\"><a href=\"http:\/\/www.ecoitaliano.com.ar\/wp-content\/uploads\/2025\/12\/7bfa1636-19ba-42a7-8e55-5f194557a95d.jpg\"><img decoding=\"async\" width=\"600\" height=\"122\" src=\"http:\/\/www.ecoitaliano.com.ar\/wp-content\/uploads\/2025\/12\/7bfa1636-19ba-42a7-8e55-5f194557a95d.jpg\" alt=\"\" class=\"wp-image-83069\" style=\"width:380px;height:auto\" srcset=\"https:\/\/www.ecoitaliano.com.ar\/wp-content\/uploads\/2025\/12\/7bfa1636-19ba-42a7-8e55-5f194557a95d.jpg 600w, https:\/\/www.ecoitaliano.com.ar\/wp-content\/uploads\/2025\/12\/7bfa1636-19ba-42a7-8e55-5f194557a95d-300x61.jpg 300w, https:\/\/www.ecoitaliano.com.ar\/wp-content\/uploads\/2025\/12\/7bfa1636-19ba-42a7-8e55-5f194557a95d-150x31.jpg 150w\" sizes=\"(max-width: 600px) 100vw, 600px\" \/><\/a><\/figure>\n\n\n\n<p>DONIZETTI OPERA 2025<br>OLTRE 14.000 PRESENZE DA 34 PAESI E 94 TESTATE DA TUTTO IL MONDO: ECCO I NUMERI DELL\u2019EDIZIONE 2025<br>Con tre weekend di spettacoli e pi\u00f9 di trenta iniziative per tutti i pubblici, anche per l\u2019edizione 2025 il festival dedicato al grande compositore bergamasco si conferma un appuntamento immancabile per il pubblico internazionale e per la citt\u00e0 di Bergamo<\/p>\n\n\n\n<p>Comunicato stampa, 03.12.2025<br>Si \u00e8 appena conclusa l\u2019edizione 2025 del festival Donizetti Opera &#8211; organizzato a Bergamo dalla Fondazione Teatro Donizetti presieduta da Giorgio Berta, con la direzione generale di Massimo Boffelli e il sostegno del Comune di Bergamo &#8211; che ha visto per la prima volta Riccardo Frizza nella doppia veste di direttore artistico e musicale. Da met\u00e0 ottobre al 30 novembre il festival internazionale dedicato al celebre compositore bergamasco \u00e8 stato al centro della vita culturale della citt\u00e0 e attrattore turistico di rilievo, nonch\u00e9 sotto i riflettori della critica musicale nazionale e internazionale con 94 testate presenti, di cui 42 estere.<br>Fondamentale per la realizzazione del Donizetti Opera, oltre ai partner istituzionali come Ministero della Cultura, Regione Lombardia e Camera di Commercio di Bergamo, \u00e8 stato il supporto dei privati, a partire da Allianz, Main Partner della Fondazione Teatro Donizetti, Intesa Sanpaolo, SIAD e il crescente numero di imprese e realt\u00e0 aderenti al progetto Ambasciatori di Donizetti che sostengono il festival e l\u2019attivit\u00e0 della Fondazione tramite Art Bonus.<br>L\u2019edizione 2025 conferma il consolidamento della manifestazione, con presenze complessive agli spettacoli superiori alle 12.200. Ci\u00f2 si traduce anche in termini di incassi, che superano di circa il 20% il 2023, anno di Bergamo-Brescia Capitale della Cultura, equiparabile in linea di massima per tipologia di proposte al festival di quest\u2019anno. A questi dati si aggiunge la partecipazione del pubblico al ricco palinsesto off, che con pi\u00f9 di 30 attivit\u00e0, molte delle quali gratuite, tra incontri, concerti, presentazioni, momenti conviviali, visite guidate e prove aperte, ha coinvolto circa 1.800 persone.<br>E particolarmente alta \u00e8 l\u2019attenzione alle nuove generazioni: solo il comparto Donizetti Education nel periodo del festival ha registrato il coinvolgimento di oltre 6.000 bambini e ragazzi delle scuole della bergamasca con insegnanti e famiglie, tra attivit\u00e0 a teatro e in classe, a cui si aggiungono altre 3.000 presenze nell\u2019arco dell\u2019anno solare.<br>\u00abQuesta edizione del Donizetti Opera ha rappresentato per me un passaggio significativo, avendo assunto a inizio anno la direzione artistica, oltre a quella musicale &#8211; dichiara il M\u00b0 Riccardo Frizza, alla guida della manifestazione -. Pur non essendo stata interamente concertata da me nella programmazione, ho voluto valorizzare al massimo ogni titolo e ogni artista coinvolto, seguendo le linee guida dichiarate fin da subito nel mio mandato. Sono, dunque, contento dell\u2019esito del Festival e del livello vocale e musicale proposto, grazie a interpreti di grande talento, ai giovani direttori sul podio e alle compagini artistiche, l\u2019Orchestra Donizetti Opera, Gli Originali e il Coro dell\u2019Accademia Teatro alla Scala, che hanno garantito alta professionalit\u00e0. Anche la risposta del pubblico e della critica nazionale e internazionale conferma la maturit\u00e0 artistica della manifestazione e l\u2019interesse crescente verso un repertorio che regala ancora molte e inaspettate scoperte. Stiamo gi\u00e0 lavorando alle prossime edizioni e sono particolarmente soddisfatto di aver potuto annunciare i titoli del Donizetti Opera 2026 in apertura di questo festival, avvicinandoci alle realt\u00e0 internazionali e agevolando anche la partecipazione del pubblico straniero, anno dopo anno sempre pi\u00f9 attento e partecipe. Ringrazio, dunque, gli artisti, le maestranze, i collaboratori e la Fondazione Teatro Donizetti tutta, per aver reso possibile il festival 2025\u00bb.<br>\u00abQuesta edizione del Donizetti Opera 2025 segna l\u2019inizio simbolico di un nuovo decennio di crescita per il nostro festival &#8211; sottolinea il Presidente Giorgio Berta -. I risultati confermano la solidit\u00e0 del percorso intrapreso, rivelando l\u2019impegno costante a promuovere e diffondere l\u2019eredit\u00e0 donizettiana e generare nuovo valore culturale per la citt\u00e0. Il festival gioca, infatti, un ruolo importante nel comparto economico e turistico locale, senza contare la centralit\u00e0 che il progetto sta assumendo nel panorama internazionale, anche a beneficio dell\u2019immagine di Bergamo all\u2019estero. Rivolgo innanzitutto un sentito ringraziamento al direttore artistico e musicale Riccardo Frizza, a tutto il personale artistico, tecnico e amministrativo, ai collaboratori e ai fornitori della Fondazione Teatro Donizetti, che con professionalit\u00e0, dedizione e passione hanno sostenuto ogni fase del lavoro, permettendo il conseguimento di questi positivi risultati. Inoltre, immancabile, il grazie al pubblico, sempre pi\u00f9 fidelizzato e affezionato, come ci dimostrano i dati; e, non ultimo, un grande grazie ai nostri sponsor e partner pubblici e privati, il cui contributo \u00e8 indispensabile per rendere possibile un progetto culturale di questa portata e portare il nome di Bergamo e del suo illustre concittadino nel mondo\u00bb.<br>In termini di provenienza del pubblico, l\u201987% dei gruppi organizzati arriva dall\u2019estero &#8211; in particolare da Francia e Germania &#8211; contribuendo a creare un indotto significativo per la citt\u00e0, a partire dalle prenotazioni per le strutture ricettive bergamasche nei weekend di spettacolo. Analizzando i singoli biglietti (su un campione di 1.123 acquirenti) il pubblico straniero si conferma pari al 24% delle presenze, proveniente da 33 Paesi: Germania, Svizzera, Spagna, Gran Bretagna, Francia, Stati Uniti, Finlandia, Giappone, Austria, Romania, Belgio, Svezia, Grecia, Paesi Bassi, Irlanda, Polonia, Repubblica Ceca, Israele, Norvegia, Ungheria, Australia, Slovenia, Malta, Danimarca, Portogallo, Bulgaria, Lussemburgo, Messico, Canada, Croazia, Lettonia, Russia, Turchia.<br>Inoltre, il Donizetti Opera 2025 ha riscontrato grande interesse da parte della stampa, sia nazionale che internazionale: tra le numerose testate cartacee, online, radio e tv, agenzie di stampa, specializzate e generaliste che hanno raccontato il festival, 94 sono quelle accreditate di cui 42 estere, provenienti da Giappone, Messico, Germania, Gran Bretagna, Francia, Spagna, Austria, Svizzera, Danimarca, Polonia, Canada, Svezia.<br>Sul versante digitale (sito e profili social media ufficiali) si sono ottenuti importanti numeri: considerando soltanto i mesi di ottobre e novembre, il nuovo sito bilingue donizettiopera.org ha registrato oltre 32.000 visite, e i profili Facebook e Instagram sfiorano quota 33.000 follower con, sempre nel periodo del festival, oltre 23.000 interazioni con i contenuti pubblicati.<br>Ripercorrendo la programmazione, i quattro titoli lirici del Donizetti Opera 2025, proposti in edizioni critiche in collaborazione con Casa Ricordi di Milano, si sono articolati in tre weekend consecutivi, da venerd\u00ec a domenica dal 14 al 30 novembre, presentati in tre nuovi allestimenti: al Teatro Donizetti \u00e8 tornata dopo trent\u2019anni e con la nuova edizione critica Caterina Cornaro, per la prima volta in scena con l\u2019intero testo poetico musicato da Donizetti e il finale proposto secondo la volont\u00e0 del compositore. Sempre al Teatro Donizetti \u00e8 andato in scena Il furioso nell\u2019isola di S. Domingo nella versione integrale della partitura del 1833 e al Teatro Sociale, in Citt\u00e0 Alta, \u00e8 stato presentato il dittico formato dagli atti unici Il campanello, nella versione del 1837, e Deux hommes et une femme nella versione originale francese.<br>La produzione del dittico, in particolare, ha visto protagonisti gli allievi della Bottega Donizetti, giovani professionisti che hanno affrontato in questi mesi un intenso lavoro dedicato al repertorio donizettiano, per approfondire le tematiche vocali e drammaturgiche connesse alla sua produzione operistica. Il progetto, a cura di Giulio Zappa, \u00e8 stato sostenuto dal Rotary Club Bergamo Terra di San Marco e da Carlo e Claudio Curnis, che, al termine della seconda rappresentazione al Teatro Sociale, hanno consegnato in palcoscenico gli attestati di partecipazione agli artisti tra gli applausi del pubblico.<br>L\u2019attenzione per le giovani generazioni e il pubblico di domani si evidenzia anche con le proposte dedicate, a partire dalle Anteprime Under 30 nella settimana inaugurale del festival, per completarsi con prove aperte, laboratori nelle scuole, PCTO e il concerto dedicato Orchestra Vibes. Inoltre, titolo \u201ceducational\u201d di quest\u2019anno \u00e8 stata l\u2019opera partecipata Il furioso Gaetano nell\u2019isola di S. Domingo. Ovvero le mirabolanti memorie d\u2019un musicista visionario, che nella data aperta alle famiglie ha visto in buca l\u2019Ensemble Donizetti Opera suonare gli strumenti dell\u2019Orchestra del Mare, realizzati nella liuteria della Casa di Reclusione Milano-Opera con il legno delle barche dei migranti, in collaborazione con la Fondazione Casa dello Spirito e delle Arti.<br>Il Donizetti Opera 2025 si \u00e8, inoltre, contraddistinto per il ricco palinsesto del Donizetti Off, programmazione che ha abbracciato diversi pubblici attraverso rassegne dedicate fin da maggio scorso, quando ha aperto con gli appuntamenti del ciclo CineDOpera, cineforum che ha accompagnato gli spettatori in primavera e in estate proponendo la visione condivisa di alcuni dei titoli pi\u00f9 iconici del festival, introdotti dai musicologi del Centro Studi Donizettiani. A questo si aggiunge lo spettacolo del 21 giugno, Festa della Musica, Donizetti Opera feat. HardCoro, che ha fatto cantare in un grande coro pop-up tra musica leggera ed echi donizettiani il Teatro gremito, per poi ritrovarsi all\u2019approssimarsi dell\u2019autunno con l\u2019inaugurazione della mostra diffusa Caterina Cornaro experience. Una regina da ricordare, che ha coinvolto fin dal 15 ottobre le principali istituzioni culturali di Bergamo &#8211; Accademia Carrara, Biblioteca Musicale Gaetano Donizetti, Mura di Bergamo: il Museo e Museo Donizettiano del Museo delle storie di Bergamo &#8211; oltre alla Fondazione Arte della Seta Lisio di Firenze. Da qui, ancora: le prove aperte degli spettacoli con Opera Unplugged, le iniziative per il World Opera Day, il ciclo di presentazioni di libri e incontri Opera Stories, le iniziative per i pi\u00f9 piccoli e le famiglie di Opera Family, grazie anche al sostegno di Stucchi. Immancabile l\u2019appuntamento del Dies Natalis, compleanno del compositore sabato 29 novembre, con l\u2019elevazione musicale nella Basilica di Santa Maria Maggiore a cura del Politecnico delle Arti di Bergamo e le visite guidate alla Casa Natale di Gaetano Donizetti, eccezionalmente aperta per l\u2019occasione.<br>Grande successo ha ottenuto la nuova rassegna The Donizetti Brunch con i concerti della domenica mattina &#8211; che hanno presentato anche inediti e prime esecuzioni in tempi moderni di romanze donizettiane, in collaborazione con l\u2019etichetta britannica Opera Rara &#8211; nel Ridotto Gavazzeni, con a seguire un brunch esclusivo nella panoramica Sala Allianz del Teatro Donizetti.<br>Infine, la serata rivolta al mondo imprenditoriale, Leadership Armonica, tenutasi sotto il patrocinio di Confindustria Bergamo e con la collaborazione di Federmanager Bergamo, dedicata al rapporto fra musica, teatro e leadership, ha coinvolto il tessuto delle aziende bergamasche con pi\u00f9 di 650 rappresentanti di oltre 180 imprese del territorio presenti al concerto esperienziale, per riflettere insieme a Gloria Campaner, Alberto Zanardi e Daniel Lumera su un nuovo concetto dell\u2019essere leader a paragone con il lavoro che il direttore svolge con l\u2019orchestra. Il progetto proseguir\u00e0, poi, nel 2026 con l\u2019omonimo programma di workshop sul tema &#8211; sia al Teatro Donizetti sia presso le imprese che vorranno aderire &#8211; organizzato in collaborazione tra Servizi Confindustria Bergamo e festival Donizetti Opera. La prima data \u00e8 per marted\u00ec 10 febbraio dalle ore 10.00 alle 13.00 nella Sala della Musica \u201cM. Tremaglia\u201d del Teatro Donizetti, durante la quale sar\u00e0 affrontato un percorso pensato per valorizzare i talenti individuali e favorire un ambiente di lavoro sinergico, coeso e altamente performante (per informazioni: Servizi Confindustria Bergamo).<br>Si \u00e8, dunque, chiusa l\u2019edizione 2025, guardando gi\u00e0 al prossimo anno: dall\u2019inizio del festival sono in vendita i Carnet weekend e i Carnet sabato &#8211; acquistabili alla biglietteria del Teatro Donizetti e prenotabili online sul sito donizettiopera.org &#8211; del Donizetti Opera 2026, che propone i tre titoli donizettiani L\u2019esule di Roma (Teatro Donizetti 13, 21 e 29 novembre 2026), Alahor in Granata (Teatro Sociale 14, 22 e 27 novembre 2026) e Le convenienze ed inconvenienze teatrali (Teatro Donizetti 15, 20 e 28 novembre 2026).<br>Un grazie speciale \u00e8 rivolto ai partner e agli sponsor del festival Donizetti Opera che hanno confermato il loro impegno per il 2025.<br>Partner istituzionali: Ministero della Cultura, Regione Lombardia, Camera di Commercio di Bergamo; Main Partner Allianz, con il sostegno di SIAD, Fondazione Cariplo, KPMG e Curnis &#8211; Rolex. Partner tecnici ATB e Claypaky e Communication partner NT Next; media partner Eppen. In collaborazione con Politecnico delle Arti di Bergamo \u201cG. Donizetti \u2013 G. Carrara\u201d, Fondazione Mia e Rotary Club Bergamo Terra di San Marco.<br>Un ringraziamento particolare va anche a tutti coloro che sostengono l\u2019attivit\u00e0 della Fondazione Teatro Donizetti tramite Art Bonus: Intesa Sanpaolo, A2A, ATB Mobilit\u00e0, Sacbo, Uniacque e agli Ambasciatori di Donizetti:<br>IL MAESTRO Siad<br>LE PIETRE MILIARI Alfaparf Group, Calfin, Curnis Gioielli 3C, Fidelitas, Legami, Nuova Demi, Tenaris Dalmine<br>LE RARIT\u00c0 3V Green Eagle \u2022 Allegrini \u2022 Arva \u2022 Beltrami Linen \u2022 Bodega G. &amp; C. \u2022 Brembomatic Pedrali \u2022 Carba \u2022 Caseificio Defendi Luigi \u2022 Catellani &amp; Smith \u2022 Confindustria Bergamo \u2022 CX Centax \u2022 Diachem \u2022 Dufrital \u2022 Effegi \u2022 Fecs \u2022 Fratelli Pellegrini \u2022 Gemels \u2022 Impresa Edile Stradale Artifoni \u2022 Intertrasport \u2022 Iterchimica \u2022 LVF Valve Solutions \u2022 MA.BO. \u2022 Milestone \u2022 Montello \u2022 OMB Valves \u2022 Persico \u2022 Qintesi \u2022 Revi4 \u2022 Stucchi \u2022 Studio Berta Nembrini Colombini &amp; Associati<br>Hanno inoltre donato Assolari Luigi &amp; C. \u2022 Rota Fumagalli Gioielleria.<br>Un ringraziamento conclusivo va anche all\u2019attivit\u00e0 degli AFDOF &#8211; American Friends of the Donizetti Opera Festival, che hanno contribuito a diffondere la conoscenza del compositore e del festival a lui dedicato anche oltreoceano.<\/p>\n\n\n\n<p>Biglietteria<br>Piazza Cavour 15, Bergamo \u2013 T. +39 035 4160 601\/602\/603<br>Aperta da marted\u00ec a sabato, ore 16.00-20.00 (festivi esclusi)<br>biglietteria@fondazioneteatrodonizetti.org &#8211; gruppi@fondazioneteatrodonizetti.org<br>Biglietti disponibili anche sul circuito Vivaticket<\/p>\n\n\n\n<p>Responsabile Comunicazione e Marketing Donizetti Opera<br>Tania Cefis +39 3384022158 cefis@fondazioneteatrodonizetti.org<\/p>\n\n\n\n<p>Ufficio stampa nazionale Donizetti Opera<br>Walter Vitale +39 3335243419 pressopera@fondazioneteatrodonizetti.org<\/p>\n\n\n\n<p>Ufficio stampa internazionale Donizetti Opera<br>Irene Sala +39 3391010571 internationalpress@fondazioneteatrodonizetti.org<\/p>\n\n\n\n<p>foto<\/p>\n\n\n\n<figure class=\"wp-block-gallery has-nested-images columns-default is-cropped wp-block-gallery-1 is-layout-flex wp-block-gallery-is-layout-flex\">\n<figure class=\"wp-block-image size-large\"><a href=\"https:\/\/www.ecoitaliano.com.ar\/wp-content\/uploads\/2025\/12\/DO-Il-furioso-Gaetano-GFR_5111.jpg\"><img decoding=\"async\" width=\"1024\" height=\"681\" data-id=\"83070\" src=\"https:\/\/www.ecoitaliano.com.ar\/wp-content\/uploads\/2025\/12\/DO-Il-furioso-Gaetano-GFR_5111-1024x681.jpg\" alt=\"\" class=\"wp-image-83070\" srcset=\"https:\/\/www.ecoitaliano.com.ar\/wp-content\/uploads\/2025\/12\/DO-Il-furioso-Gaetano-GFR_5111-1024x681.jpg 1024w, https:\/\/www.ecoitaliano.com.ar\/wp-content\/uploads\/2025\/12\/DO-Il-furioso-Gaetano-GFR_5111-300x200.jpg 300w, https:\/\/www.ecoitaliano.com.ar\/wp-content\/uploads\/2025\/12\/DO-Il-furioso-Gaetano-GFR_5111-768x511.jpg 768w, https:\/\/www.ecoitaliano.com.ar\/wp-content\/uploads\/2025\/12\/DO-Il-furioso-Gaetano-GFR_5111-1536x1022.jpg 1536w, https:\/\/www.ecoitaliano.com.ar\/wp-content\/uploads\/2025\/12\/DO-Il-furioso-Gaetano-GFR_5111-2048x1362.jpg 2048w, https:\/\/www.ecoitaliano.com.ar\/wp-content\/uploads\/2025\/12\/DO-Il-furioso-Gaetano-GFR_5111-150x100.jpg 150w\" sizes=\"(max-width: 1024px) 100vw, 1024px\" \/><\/a><\/figure>\n\n\n\n<figure class=\"wp-block-image size-large\"><a href=\"https:\/\/www.ecoitaliano.com.ar\/wp-content\/uploads\/2025\/12\/DO25-Campanello-Deux-hommes-GFR_2830.jpg\"><img decoding=\"async\" width=\"1024\" height=\"681\" data-id=\"83071\" src=\"https:\/\/www.ecoitaliano.com.ar\/wp-content\/uploads\/2025\/12\/DO25-Campanello-Deux-hommes-GFR_2830-1024x681.jpg\" alt=\"\" class=\"wp-image-83071\" srcset=\"https:\/\/www.ecoitaliano.com.ar\/wp-content\/uploads\/2025\/12\/DO25-Campanello-Deux-hommes-GFR_2830-1024x681.jpg 1024w, https:\/\/www.ecoitaliano.com.ar\/wp-content\/uploads\/2025\/12\/DO25-Campanello-Deux-hommes-GFR_2830-300x200.jpg 300w, https:\/\/www.ecoitaliano.com.ar\/wp-content\/uploads\/2025\/12\/DO25-Campanello-Deux-hommes-GFR_2830-768x511.jpg 768w, https:\/\/www.ecoitaliano.com.ar\/wp-content\/uploads\/2025\/12\/DO25-Campanello-Deux-hommes-GFR_2830-1536x1022.jpg 1536w, https:\/\/www.ecoitaliano.com.ar\/wp-content\/uploads\/2025\/12\/DO25-Campanello-Deux-hommes-GFR_2830-2048x1362.jpg 2048w, https:\/\/www.ecoitaliano.com.ar\/wp-content\/uploads\/2025\/12\/DO25-Campanello-Deux-hommes-GFR_2830-150x100.jpg 150w\" sizes=\"(max-width: 1024px) 100vw, 1024px\" \/><\/a><\/figure>\n\n\n\n<figure class=\"wp-block-image size-large\"><a href=\"https:\/\/www.ecoitaliano.com.ar\/wp-content\/uploads\/2025\/12\/DO25-Elevazione-musicale-GFR_8818.jpg\"><img decoding=\"async\" width=\"1024\" height=\"681\" data-id=\"83072\" src=\"https:\/\/www.ecoitaliano.com.ar\/wp-content\/uploads\/2025\/12\/DO25-Elevazione-musicale-GFR_8818-1024x681.jpg\" alt=\"\" class=\"wp-image-83072\" srcset=\"https:\/\/www.ecoitaliano.com.ar\/wp-content\/uploads\/2025\/12\/DO25-Elevazione-musicale-GFR_8818-1024x681.jpg 1024w, https:\/\/www.ecoitaliano.com.ar\/wp-content\/uploads\/2025\/12\/DO25-Elevazione-musicale-GFR_8818-300x200.jpg 300w, https:\/\/www.ecoitaliano.com.ar\/wp-content\/uploads\/2025\/12\/DO25-Elevazione-musicale-GFR_8818-768x511.jpg 768w, https:\/\/www.ecoitaliano.com.ar\/wp-content\/uploads\/2025\/12\/DO25-Elevazione-musicale-GFR_8818-1536x1022.jpg 1536w, https:\/\/www.ecoitaliano.com.ar\/wp-content\/uploads\/2025\/12\/DO25-Elevazione-musicale-GFR_8818-2048x1362.jpg 2048w, https:\/\/www.ecoitaliano.com.ar\/wp-content\/uploads\/2025\/12\/DO25-Elevazione-musicale-GFR_8818-150x100.jpg 150w\" sizes=\"(max-width: 1024px) 100vw, 1024px\" \/><\/a><\/figure>\n\n\n\n<figure class=\"wp-block-image size-large\"><a href=\"https:\/\/www.ecoitaliano.com.ar\/wp-content\/uploads\/2025\/12\/DO25-Il-furioso-GFR_9345.jpg\"><img decoding=\"async\" width=\"1024\" height=\"530\" data-id=\"83073\" src=\"https:\/\/www.ecoitaliano.com.ar\/wp-content\/uploads\/2025\/12\/DO25-Il-furioso-GFR_9345-1024x530.jpg\" alt=\"\" class=\"wp-image-83073\" srcset=\"https:\/\/www.ecoitaliano.com.ar\/wp-content\/uploads\/2025\/12\/DO25-Il-furioso-GFR_9345-1024x530.jpg 1024w, https:\/\/www.ecoitaliano.com.ar\/wp-content\/uploads\/2025\/12\/DO25-Il-furioso-GFR_9345-300x155.jpg 300w, https:\/\/www.ecoitaliano.com.ar\/wp-content\/uploads\/2025\/12\/DO25-Il-furioso-GFR_9345-768x397.jpg 768w, https:\/\/www.ecoitaliano.com.ar\/wp-content\/uploads\/2025\/12\/DO25-Il-furioso-GFR_9345-1536x794.jpg 1536w, https:\/\/www.ecoitaliano.com.ar\/wp-content\/uploads\/2025\/12\/DO25-Il-furioso-GFR_9345-2048x1059.jpg 2048w, https:\/\/www.ecoitaliano.com.ar\/wp-content\/uploads\/2025\/12\/DO25-Il-furioso-GFR_9345-150x78.jpg 150w\" sizes=\"(max-width: 1024px) 100vw, 1024px\" \/><\/a><\/figure>\n\n\n\n<figure class=\"wp-block-image size-large\"><a href=\"https:\/\/www.ecoitaliano.com.ar\/wp-content\/uploads\/2025\/12\/DO25-Leadership-Armonica-GFR_7950.jpg\"><img decoding=\"async\" width=\"1024\" height=\"588\" data-id=\"83074\" src=\"https:\/\/www.ecoitaliano.com.ar\/wp-content\/uploads\/2025\/12\/DO25-Leadership-Armonica-GFR_7950-1024x588.jpg\" alt=\"\" class=\"wp-image-83074\" srcset=\"https:\/\/www.ecoitaliano.com.ar\/wp-content\/uploads\/2025\/12\/DO25-Leadership-Armonica-GFR_7950-1024x588.jpg 1024w, https:\/\/www.ecoitaliano.com.ar\/wp-content\/uploads\/2025\/12\/DO25-Leadership-Armonica-GFR_7950-300x172.jpg 300w, https:\/\/www.ecoitaliano.com.ar\/wp-content\/uploads\/2025\/12\/DO25-Leadership-Armonica-GFR_7950-768x441.jpg 768w, https:\/\/www.ecoitaliano.com.ar\/wp-content\/uploads\/2025\/12\/DO25-Leadership-Armonica-GFR_7950-1536x881.jpg 1536w, https:\/\/www.ecoitaliano.com.ar\/wp-content\/uploads\/2025\/12\/DO25-Leadership-Armonica-GFR_7950-2048x1175.jpg 2048w, https:\/\/www.ecoitaliano.com.ar\/wp-content\/uploads\/2025\/12\/DO25-Leadership-Armonica-GFR_7950-150x86.jpg 150w\" sizes=\"(max-width: 1024px) 100vw, 1024px\" \/><\/a><\/figure>\n\n\n\n<figure class=\"wp-block-image size-large\"><a href=\"https:\/\/www.ecoitaliano.com.ar\/wp-content\/uploads\/2025\/12\/DO25-Pubblico-al-Teatro-Donizetti-DSC_0397.jpg\"><img decoding=\"async\" width=\"1024\" height=\"681\" data-id=\"83075\" src=\"https:\/\/www.ecoitaliano.com.ar\/wp-content\/uploads\/2025\/12\/DO25-Pubblico-al-Teatro-Donizetti-DSC_0397-1024x681.jpg\" alt=\"\" class=\"wp-image-83075\" srcset=\"https:\/\/www.ecoitaliano.com.ar\/wp-content\/uploads\/2025\/12\/DO25-Pubblico-al-Teatro-Donizetti-DSC_0397-1024x681.jpg 1024w, https:\/\/www.ecoitaliano.com.ar\/wp-content\/uploads\/2025\/12\/DO25-Pubblico-al-Teatro-Donizetti-DSC_0397-300x200.jpg 300w, https:\/\/www.ecoitaliano.com.ar\/wp-content\/uploads\/2025\/12\/DO25-Pubblico-al-Teatro-Donizetti-DSC_0397-768x511.jpg 768w, https:\/\/www.ecoitaliano.com.ar\/wp-content\/uploads\/2025\/12\/DO25-Pubblico-al-Teatro-Donizetti-DSC_0397-1536x1022.jpg 1536w, https:\/\/www.ecoitaliano.com.ar\/wp-content\/uploads\/2025\/12\/DO25-Pubblico-al-Teatro-Donizetti-DSC_0397-2048x1362.jpg 2048w, https:\/\/www.ecoitaliano.com.ar\/wp-content\/uploads\/2025\/12\/DO25-Pubblico-al-Teatro-Donizetti-DSC_0397-150x100.jpg 150w\" sizes=\"(max-width: 1024px) 100vw, 1024px\" \/><\/a><\/figure>\n\n\n\n<figure class=\"wp-block-image size-large\"><a href=\"https:\/\/www.ecoitaliano.com.ar\/wp-content\/uploads\/2025\/12\/DO2025-Caterina-Cornaro_V8B3026.jpg\"><img decoding=\"async\" width=\"1024\" height=\"578\" data-id=\"83076\" src=\"https:\/\/www.ecoitaliano.com.ar\/wp-content\/uploads\/2025\/12\/DO2025-Caterina-Cornaro_V8B3026-1024x578.jpg\" alt=\"\" class=\"wp-image-83076\" srcset=\"https:\/\/www.ecoitaliano.com.ar\/wp-content\/uploads\/2025\/12\/DO2025-Caterina-Cornaro_V8B3026-1024x578.jpg 1024w, https:\/\/www.ecoitaliano.com.ar\/wp-content\/uploads\/2025\/12\/DO2025-Caterina-Cornaro_V8B3026-300x169.jpg 300w, https:\/\/www.ecoitaliano.com.ar\/wp-content\/uploads\/2025\/12\/DO2025-Caterina-Cornaro_V8B3026-768x433.jpg 768w, https:\/\/www.ecoitaliano.com.ar\/wp-content\/uploads\/2025\/12\/DO2025-Caterina-Cornaro_V8B3026-1536x867.jpg 1536w, https:\/\/www.ecoitaliano.com.ar\/wp-content\/uploads\/2025\/12\/DO2025-Caterina-Cornaro_V8B3026-2048x1156.jpg 2048w, https:\/\/www.ecoitaliano.com.ar\/wp-content\/uploads\/2025\/12\/DO2025-Caterina-Cornaro_V8B3026-150x85.jpg 150w\" sizes=\"(max-width: 1024px) 100vw, 1024px\" \/><\/a><\/figure>\n\n\n\n<figure class=\"wp-block-image size-large\"><a href=\"https:\/\/www.ecoitaliano.com.ar\/wp-content\/uploads\/2025\/12\/Donizetti-Brunch-GFR_0011.jpg\"><img decoding=\"async\" width=\"1024\" height=\"681\" data-id=\"83077\" src=\"https:\/\/www.ecoitaliano.com.ar\/wp-content\/uploads\/2025\/12\/Donizetti-Brunch-GFR_0011-1024x681.jpg\" alt=\"\" class=\"wp-image-83077\" srcset=\"https:\/\/www.ecoitaliano.com.ar\/wp-content\/uploads\/2025\/12\/Donizetti-Brunch-GFR_0011-1024x681.jpg 1024w, https:\/\/www.ecoitaliano.com.ar\/wp-content\/uploads\/2025\/12\/Donizetti-Brunch-GFR_0011-300x200.jpg 300w, https:\/\/www.ecoitaliano.com.ar\/wp-content\/uploads\/2025\/12\/Donizetti-Brunch-GFR_0011-768x511.jpg 768w, https:\/\/www.ecoitaliano.com.ar\/wp-content\/uploads\/2025\/12\/Donizetti-Brunch-GFR_0011-1536x1022.jpg 1536w, https:\/\/www.ecoitaliano.com.ar\/wp-content\/uploads\/2025\/12\/Donizetti-Brunch-GFR_0011-2048x1362.jpg 2048w, https:\/\/www.ecoitaliano.com.ar\/wp-content\/uploads\/2025\/12\/Donizetti-Brunch-GFR_0011-150x100.jpg 150w\" sizes=\"(max-width: 1024px) 100vw, 1024px\" \/><\/a><\/figure>\n<\/figure>\n","protected":false},"excerpt":{"rendered":"<p>DONIZETTI OPERA 2025OLTRE 14.000 PRESENZE DA 34 PAESI E 94 TESTATE DA TUTTO IL MONDO: ECCO I NUMERI DELL\u2019EDIZIONE 2025Con [&hellip;]<\/p>\n","protected":false},"author":1,"featured_media":0,"comment_status":"open","ping_status":"open","sticky":false,"template":"","format":"standard","meta":{"footnotes":""},"categories":[1],"tags":[],"class_list":["post-83068","post","type-post","status-publish","format-standard","hentry","category-sin-categoria"],"_links":{"self":[{"href":"https:\/\/www.ecoitaliano.com.ar\/index.php?rest_route=\/wp\/v2\/posts\/83068","targetHints":{"allow":["GET"]}}],"collection":[{"href":"https:\/\/www.ecoitaliano.com.ar\/index.php?rest_route=\/wp\/v2\/posts"}],"about":[{"href":"https:\/\/www.ecoitaliano.com.ar\/index.php?rest_route=\/wp\/v2\/types\/post"}],"author":[{"embeddable":true,"href":"https:\/\/www.ecoitaliano.com.ar\/index.php?rest_route=\/wp\/v2\/users\/1"}],"replies":[{"embeddable":true,"href":"https:\/\/www.ecoitaliano.com.ar\/index.php?rest_route=%2Fwp%2Fv2%2Fcomments&post=83068"}],"version-history":[{"count":1,"href":"https:\/\/www.ecoitaliano.com.ar\/index.php?rest_route=\/wp\/v2\/posts\/83068\/revisions"}],"predecessor-version":[{"id":83078,"href":"https:\/\/www.ecoitaliano.com.ar\/index.php?rest_route=\/wp\/v2\/posts\/83068\/revisions\/83078"}],"wp:attachment":[{"href":"https:\/\/www.ecoitaliano.com.ar\/index.php?rest_route=%2Fwp%2Fv2%2Fmedia&parent=83068"}],"wp:term":[{"taxonomy":"category","embeddable":true,"href":"https:\/\/www.ecoitaliano.com.ar\/index.php?rest_route=%2Fwp%2Fv2%2Fcategories&post=83068"},{"taxonomy":"post_tag","embeddable":true,"href":"https:\/\/www.ecoitaliano.com.ar\/index.php?rest_route=%2Fwp%2Fv2%2Ftags&post=83068"}],"curies":[{"name":"wp","href":"https:\/\/api.w.org\/{rel}","templated":true}]}}