{"id":83081,"date":"2025-12-03T21:44:50","date_gmt":"2025-12-03T21:44:50","guid":{"rendered":"https:\/\/www.ecoitaliano.com.ar\/?p=83081"},"modified":"2025-12-03T21:45:08","modified_gmt":"2025-12-03T21:45:08","slug":"il-natale-della-gentilezza-a-colonnella-si-inaugura-la-panchina-della-gentilezzadomenica-7-dicembre-ore-17-00-galleria-del-centro-commerciale-val-vibrata","status":"publish","type":"post","link":"https:\/\/www.ecoitaliano.com.ar\/?p=83081","title":{"rendered":"\u201cIl Natale della Gentilezza\u201d: a Colonnella si inaugura la Panchina della GentilezzaDomenica 7 dicembre \u2013 ore 17.00 \u2013 Galleria del Centro Commerciale Val Vibrata"},"content":{"rendered":"\n<figure class=\"wp-block-gallery has-nested-images columns-default is-cropped wp-block-gallery-1 is-layout-flex wp-block-gallery-is-layout-flex\">\n<figure class=\"wp-block-image size-large\"><a href=\"https:\/\/www.ecoitaliano.com.ar\/wp-content\/uploads\/2025\/12\/il-natale-gentile.jpg\"><img decoding=\"async\" width=\"724\" height=\"1024\" data-id=\"83082\" src=\"https:\/\/www.ecoitaliano.com.ar\/wp-content\/uploads\/2025\/12\/il-natale-gentile-724x1024.jpg\" alt=\"\" class=\"wp-image-83082\" srcset=\"https:\/\/www.ecoitaliano.com.ar\/wp-content\/uploads\/2025\/12\/il-natale-gentile-724x1024.jpg 724w, https:\/\/www.ecoitaliano.com.ar\/wp-content\/uploads\/2025\/12\/il-natale-gentile-212x300.jpg 212w, https:\/\/www.ecoitaliano.com.ar\/wp-content\/uploads\/2025\/12\/il-natale-gentile-768x1086.jpg 768w, https:\/\/www.ecoitaliano.com.ar\/wp-content\/uploads\/2025\/12\/il-natale-gentile-1087x1536.jpg 1087w, https:\/\/www.ecoitaliano.com.ar\/wp-content\/uploads\/2025\/12\/il-natale-gentile-1449x2048.jpg 1449w, https:\/\/www.ecoitaliano.com.ar\/wp-content\/uploads\/2025\/12\/il-natale-gentile-106x150.jpg 106w, https:\/\/www.ecoitaliano.com.ar\/wp-content\/uploads\/2025\/12\/il-natale-gentile.jpg 1811w\" sizes=\"(max-width: 724px) 100vw, 724px\" \/><\/a><\/figure>\n\n\n\n<figure class=\"wp-block-image size-large\"><a href=\"https:\/\/www.ecoitaliano.com.ar\/wp-content\/uploads\/2025\/12\/antonella-ciocca-e-loris-danesi.jpg\"><img decoding=\"async\" width=\"1024\" height=\"971\" data-id=\"83083\" src=\"https:\/\/www.ecoitaliano.com.ar\/wp-content\/uploads\/2025\/12\/antonella-ciocca-e-loris-danesi-1024x971.jpg\" alt=\"\" class=\"wp-image-83083\" srcset=\"https:\/\/www.ecoitaliano.com.ar\/wp-content\/uploads\/2025\/12\/antonella-ciocca-e-loris-danesi-1024x971.jpg 1024w, https:\/\/www.ecoitaliano.com.ar\/wp-content\/uploads\/2025\/12\/antonella-ciocca-e-loris-danesi-300x284.jpg 300w, https:\/\/www.ecoitaliano.com.ar\/wp-content\/uploads\/2025\/12\/antonella-ciocca-e-loris-danesi-768x728.jpg 768w, https:\/\/www.ecoitaliano.com.ar\/wp-content\/uploads\/2025\/12\/antonella-ciocca-e-loris-danesi-1536x1456.jpg 1536w, https:\/\/www.ecoitaliano.com.ar\/wp-content\/uploads\/2025\/12\/antonella-ciocca-e-loris-danesi-2048x1942.jpg 2048w, https:\/\/www.ecoitaliano.com.ar\/wp-content\/uploads\/2025\/12\/antonella-ciocca-e-loris-danesi-150x142.jpg 150w\" sizes=\"(max-width: 1024px) 100vw, 1024px\" \/><\/a><\/figure>\n<\/figure>\n\n\n\n<p><br>COMUNICATO STAMPA<\/p>\n\n\n\n<p>In un momento storico in cui parole essenziali come <em>gentilezza<\/em>, <em>ascolto<\/em> e <em>rispetto<\/em> sembrano sbiadire sotto il peso della velocit\u00e0 e dell\u2019indifferenza, nasce un\u2019iniziativa che invita a riscoprire la forza dei gesti semplici. Domenica <strong>7 dicembre alle ore 17<\/strong>, nella galleria del <strong>Centro Commerciale Val Vibrata<\/strong>, Arcagency Fashion Art, l\u2019<strong>Associazione Il Guscio<\/strong> e <strong>I Bambini di Betania e lo stilista Loris Danesi<\/strong> inaugureranno la <strong>Panchina della Gentilezza<\/strong>, un simbolo permanente dedicato alla cura dell\u2019altro e al valore delle relazioni umane.<br>A condurre l\u2019evento sar\u00e0 <strong>Antonella Ciocca<\/strong> che accompagner\u00e0 il pubblico in un momento di riflessione e condivisione.<\/p>\n\n\n\n<p>L\u2019iniziativa <strong>\u201cIl Natale della Gentilezza\u201d<\/strong> \u00e8 pensato come un modo speciale per aprire le festivit\u00e0 natalizie all\u2019insegna di un messaggio che scalda il cuore: un piccolo gesto pu\u00f2 diventare un dono prezioso, capace di avvicinare le persone, creare ascolto e generare solidariet\u00e0. La panchina, verr\u00e0 installata nel porticato del Centro Commerciale, sar\u00e0 un invito quotidiano a rallentare, sorridere e prendersi cura degli altri.<\/p>\n\n\n\n<p>L\u2019evento vedr\u00e0 la partecipazione di realt\u00e0 che operano nel sociale con dedizione: <strong>Il Guscio<\/strong>, che sostiene le donne vittime di violenza, e <strong>I Bambini di Betania<\/strong>, impegnati nel supporto a minori e famiglie fragili. Accanto a loro, i bambini dell\u2019associazione porteranno un messaggio di speranza, ricordando che la rinascita inizia spesso dagli sguardi pi\u00f9 piccoli.<\/p>\n\n\n\n<p>\u201cIl Natale della Gentilezza\u201d racchiude diversi significati profondi. \u00c8 innanzitutto un progetto dal grande <strong>valore sociale<\/strong>, perch\u00e9 promuove inclusione, solidariet\u00e0 e attenzione verso chi vive situazioni di fragilit\u00e0, contribuendo a rafforzare i legami all\u2019interno della comunit\u00e0. Allo stesso tempo rappresenta un importante <strong>valore culturale<\/strong>, diffondendo il significato del rispetto e della responsabilit\u00e0 civica e aiutando a costruire, giorno dopo giorno, una vera cultura della gentilezza. L\u2019iniziativa porta con s\u00e9 anche un forte <strong>valore urbano<\/strong>, poich\u00e9 permette di valorizzare uno spazio pubblico rendendolo pi\u00f9 accogliente, riconoscibile e significativo per tutti. Infine, riveste un fondamentale <strong>valore educativo<\/strong>, soprattutto per le giovani generazioni che, attraverso questa semplice panchina, possono comprendere come la gentilezza sia uno strumento concreto per immaginare e costruire un futuro migliore.<\/p>\n\n\n\n<p><strong>\u201cLa Panchina della Gentilezza \u00e8 un regalo alla nostra comunit\u00e0, un invito a portare nella vita quotidiana il valore dell\u2019ascolto e del rispetto\u201d<\/strong>, afferma <strong>Denise Rossi<\/strong>, direttrice del Centro Commerciale Val Vibrata.<\/p>\n\n\n\n<p>Un gesto semplice che diventa un modo luminoso per dare inizio alle festivit\u00e0 natalizie, trasformando il Natale in un momento di vicinanza, consapevolezza e autentica umanit\u00e0.<\/p>\n","protected":false},"excerpt":{"rendered":"<p>COMUNICATO STAMPA In un momento storico in cui parole essenziali come gentilezza, ascolto e rispetto sembrano sbiadire sotto il peso [&hellip;]<\/p>\n","protected":false},"author":1,"featured_media":0,"comment_status":"open","ping_status":"open","sticky":false,"template":"","format":"standard","meta":{"footnotes":""},"categories":[2,10],"tags":[],"class_list":["post-83081","post","type-post","status-publish","format-standard","hentry","category-informacion","category-italiano"],"_links":{"self":[{"href":"https:\/\/www.ecoitaliano.com.ar\/index.php?rest_route=\/wp\/v2\/posts\/83081","targetHints":{"allow":["GET"]}}],"collection":[{"href":"https:\/\/www.ecoitaliano.com.ar\/index.php?rest_route=\/wp\/v2\/posts"}],"about":[{"href":"https:\/\/www.ecoitaliano.com.ar\/index.php?rest_route=\/wp\/v2\/types\/post"}],"author":[{"embeddable":true,"href":"https:\/\/www.ecoitaliano.com.ar\/index.php?rest_route=\/wp\/v2\/users\/1"}],"replies":[{"embeddable":true,"href":"https:\/\/www.ecoitaliano.com.ar\/index.php?rest_route=%2Fwp%2Fv2%2Fcomments&post=83081"}],"version-history":[{"count":1,"href":"https:\/\/www.ecoitaliano.com.ar\/index.php?rest_route=\/wp\/v2\/posts\/83081\/revisions"}],"predecessor-version":[{"id":83084,"href":"https:\/\/www.ecoitaliano.com.ar\/index.php?rest_route=\/wp\/v2\/posts\/83081\/revisions\/83084"}],"wp:attachment":[{"href":"https:\/\/www.ecoitaliano.com.ar\/index.php?rest_route=%2Fwp%2Fv2%2Fmedia&parent=83081"}],"wp:term":[{"taxonomy":"category","embeddable":true,"href":"https:\/\/www.ecoitaliano.com.ar\/index.php?rest_route=%2Fwp%2Fv2%2Fcategories&post=83081"},{"taxonomy":"post_tag","embeddable":true,"href":"https:\/\/www.ecoitaliano.com.ar\/index.php?rest_route=%2Fwp%2Fv2%2Ftags&post=83081"}],"curies":[{"name":"wp","href":"https:\/\/api.w.org\/{rel}","templated":true}]}}