{"id":83108,"date":"2025-12-04T21:30:28","date_gmt":"2025-12-04T21:30:28","guid":{"rendered":"https:\/\/www.ecoitaliano.com.ar\/?p=83108"},"modified":"2025-12-04T21:30:44","modified_gmt":"2025-12-04T21:30:44","slug":"modugno-giacomo-casanova-anti-illuminista-di-pierfranco-bruni-a-modugno-bari-venerdi-5-dicembre-ore-18-30-al-tradizionale-e-storico-centro-studi-pino-tosca","status":"publish","type":"post","link":"https:\/\/www.ecoitaliano.com.ar\/?p=83108","title":{"rendered":"Modugno. Giacomo Casanova anti Illuminista di Pierfranco Bruni a Modugno Bari Venerd\u00ec 5 Dicembre ore 18.30 al tradizionale e storico Centro Studi Pino Tosca"},"content":{"rendered":"<div class=\"wp-block-image\">\n<figure class=\"aligncenter size-large is-resized\"><a href=\"http:\/\/www.ecoitaliano.com.ar\/wp-content\/uploads\/2025\/12\/1000203271.jpg\"><img decoding=\"async\" width=\"651\" height=\"1024\" src=\"http:\/\/www.ecoitaliano.com.ar\/wp-content\/uploads\/2025\/12\/1000203271-651x1024.jpg\" alt=\"\" class=\"wp-image-83109\" style=\"width:331px;height:auto\" srcset=\"https:\/\/www.ecoitaliano.com.ar\/wp-content\/uploads\/2025\/12\/1000203271-651x1024.jpg 651w, https:\/\/www.ecoitaliano.com.ar\/wp-content\/uploads\/2025\/12\/1000203271-191x300.jpg 191w, https:\/\/www.ecoitaliano.com.ar\/wp-content\/uploads\/2025\/12\/1000203271-768x1208.jpg 768w, https:\/\/www.ecoitaliano.com.ar\/wp-content\/uploads\/2025\/12\/1000203271-977x1536.jpg 977w, https:\/\/www.ecoitaliano.com.ar\/wp-content\/uploads\/2025\/12\/1000203271-95x150.jpg 95w, https:\/\/www.ecoitaliano.com.ar\/wp-content\/uploads\/2025\/12\/1000203271.jpg 1076w\" sizes=\"(max-width: 651px) 100vw, 651px\" \/><\/a><\/figure><\/div>\n\n\n<p>Venerd\u00ec 5 Dicembre nella citt\u00e0 di Modugno sar\u00e0 presentato il Casanova [edito da Solfanelli] di Pierfranco Bruni. La manifestazione si svolger\u00e0 nel Salone del Centro Studi Pino Tosca, via Veneto nel. 7,&nbsp; ore 18.30.&nbsp; Dopo i saluti del presidente Davide Tosca Pierfranco Bruni dialogher\u00e0 con il giornalista Marino Pagano.&nbsp;<\/p>\n\n\n\n<p>La serata si prospetta con una ampia dialettica proprio sulla tematica che pone il libro: \u00abCasanova. Il seduttore nobile\u00bb. Giunto alla seconda edizione ha avuto un interesse particolare dalla critica filosofica e anti illuminista.&nbsp;<\/p>\n\n\n\n<p>Infatti Bruni insiste sul fatto che Casanova pur avendo vissuto nell&#8217;epoca definita, secondo Bruni, \u00abimpropriamente\u00bb, dei Lumi resta una personalit\u00e0 eclettica e ribelle ma non certamente Illuminista.&nbsp;<\/p>\n\n\n\n<p>Dopo Modugno Casanova sar\u00e0 tema di un incontro a Matera, il 18 Dicembre, nella sede istituzionale dell&#8217;Archivio di Stato. Un libro di grande rilievo perch\u00e9 Bruni si sofferma non sulle cronache ma sul pensiero di Casanova.<\/p>\n","protected":false},"excerpt":{"rendered":"<p>Venerd\u00ec 5 Dicembre nella citt\u00e0 di Modugno sar\u00e0 presentato il Casanova [edito da Solfanelli] di Pierfranco Bruni. La manifestazione si [&hellip;]<\/p>\n","protected":false},"author":1,"featured_media":0,"comment_status":"open","ping_status":"open","sticky":false,"template":"","format":"standard","meta":{"footnotes":""},"categories":[10,22],"tags":[],"class_list":["post-83108","post","type-post","status-publish","format-standard","hentry","category-italiano","category-libros-y-revistas-literatura"],"_links":{"self":[{"href":"https:\/\/www.ecoitaliano.com.ar\/index.php?rest_route=\/wp\/v2\/posts\/83108","targetHints":{"allow":["GET"]}}],"collection":[{"href":"https:\/\/www.ecoitaliano.com.ar\/index.php?rest_route=\/wp\/v2\/posts"}],"about":[{"href":"https:\/\/www.ecoitaliano.com.ar\/index.php?rest_route=\/wp\/v2\/types\/post"}],"author":[{"embeddable":true,"href":"https:\/\/www.ecoitaliano.com.ar\/index.php?rest_route=\/wp\/v2\/users\/1"}],"replies":[{"embeddable":true,"href":"https:\/\/www.ecoitaliano.com.ar\/index.php?rest_route=%2Fwp%2Fv2%2Fcomments&post=83108"}],"version-history":[{"count":1,"href":"https:\/\/www.ecoitaliano.com.ar\/index.php?rest_route=\/wp\/v2\/posts\/83108\/revisions"}],"predecessor-version":[{"id":83110,"href":"https:\/\/www.ecoitaliano.com.ar\/index.php?rest_route=\/wp\/v2\/posts\/83108\/revisions\/83110"}],"wp:attachment":[{"href":"https:\/\/www.ecoitaliano.com.ar\/index.php?rest_route=%2Fwp%2Fv2%2Fmedia&parent=83108"}],"wp:term":[{"taxonomy":"category","embeddable":true,"href":"https:\/\/www.ecoitaliano.com.ar\/index.php?rest_route=%2Fwp%2Fv2%2Fcategories&post=83108"},{"taxonomy":"post_tag","embeddable":true,"href":"https:\/\/www.ecoitaliano.com.ar\/index.php?rest_route=%2Fwp%2Fv2%2Ftags&post=83108"}],"curies":[{"name":"wp","href":"https:\/\/api.w.org\/{rel}","templated":true}]}}