{"id":83114,"date":"2025-12-06T08:50:04","date_gmt":"2025-12-06T08:50:04","guid":{"rendered":"https:\/\/www.ecoitaliano.com.ar\/?p=83114"},"modified":"2025-12-06T08:50:24","modified_gmt":"2025-12-06T08:50:24","slug":"giacobinismo-e-cultura-alla-fiera-del-libro-di-roma-il-tempo-gramsciano-in-declino","status":"publish","type":"post","link":"https:\/\/www.ecoitaliano.com.ar\/?p=83114","title":{"rendered":"Giacobinismo e cultura alla Fiera del Libro di Roma. Il tempo gramsciano in declino"},"content":{"rendered":"\n<p><em>PIERFRANCO BRUNI\u00a0<\/em><\/p>\n\n\n<div class=\"wp-block-image\">\n<figure class=\"aligncenter size-large is-resized\"><a href=\"http:\/\/www.ecoitaliano.com.ar\/wp-content\/uploads\/2025\/12\/1000200954.jpg\"><img decoding=\"async\" width=\"1024\" height=\"655\" src=\"http:\/\/www.ecoitaliano.com.ar\/wp-content\/uploads\/2025\/12\/1000200954-1024x655.jpg\" alt=\"\" class=\"wp-image-83115\" style=\"width:404px;height:auto\" srcset=\"https:\/\/www.ecoitaliano.com.ar\/wp-content\/uploads\/2025\/12\/1000200954-1024x655.jpg 1024w, https:\/\/www.ecoitaliano.com.ar\/wp-content\/uploads\/2025\/12\/1000200954-300x192.jpg 300w, https:\/\/www.ecoitaliano.com.ar\/wp-content\/uploads\/2025\/12\/1000200954-768x491.jpg 768w, https:\/\/www.ecoitaliano.com.ar\/wp-content\/uploads\/2025\/12\/1000200954-150x96.jpg 150w, https:\/\/www.ecoitaliano.com.ar\/wp-content\/uploads\/2025\/12\/1000200954.jpg 1433w\" sizes=\"(max-width: 1024px) 100vw, 1024px\" \/><\/a><\/figure><\/div>\n\n\n<p>Il declino della politica a sinistra \u00e8 dato anche da una mancanza di serie riflessioni sui processi culturali che dal 1945 sono in atto. Una volta la cultura era profonda formazione tra idee rivoluzionarie e visione riformista. Oggi \u00e8 macerie le cui rovine portano alla arroganza e alla non capacit\u00e0 di confronto di comparazioni di timore della dialettica. Allora?<\/p>\n\n\n\n<p>Mentre leggevo, ascoltavo, osservavo l&#8217;Appello di coloro che si ergono a censori dell&#8217;editoria non politicamente corretta riflettevo su Hegel, oltre che su Voltaire. Immediatamente ho abbandonato sia il tedesco della fenomenologia sia il francese della ragione. Ho semplicemente cercato di sorridere un po&#8217;.<\/p>\n\n\n\n<p>Mi sono chiesto pi\u00f9 volte se questo \u00e8 un mondo reale o \u00e8 soltanto ancora una finzione della brutta rivoluzione francese che ha condotto a Robespierre.&nbsp;<\/p>\n\n\n\n<p>Mi sono detto, leggendo, i nomi degli \u00abappellanti, ma no. Non pu\u00f2 essere. Non hanno una cultura profonda se pur anteposta alla mia. \u00c8 il pensiero non pensiero ovvero la fragilit\u00e0 delle idee a farsi continuamente strada. Perch\u00e9? Semplice. Non hanno altri argomenti. E fanno gruppo.&nbsp;<\/p>\n\n\n\n<p>In realt\u00e0 embra essere ritornati al contesto delle inquisizioni. Cosa accade nelle sinistre delle culture? \u00c8 grave che un gruppetto di \u00abintellettuali\u00bb di ideologia di sinistra contesti e censura (ripeto censura) la presenza alla Fiera del Libro della media e piccola editoria di Roma di una casa editrice che pubblica libri in odore di fascismo.&nbsp;<\/p>\n\n\n\n<p>\u00c8 triste tutta la faccenda. Ci fa capire che il pensiero non \u00e8 libero. Ci fa capire che l&#8217;idea di democrazia \u00e8 antidemecritica? Il filo tra dittatura e democrazia \u00e8 molto sottile. Bisogna fare molta attenzione.&nbsp;<\/p>\n\n\n\n<p>Questi fatti avvengono quando il pensiero \u00e8 debole o quando l&#8217;intolleranza giunge a limiti estremi. Invece di esplodere la critica dialettica si cerca di imbavagliare. Ma questi sono veramente persone di cultura? Non credo proprio.&nbsp;<\/p>\n\n\n\n<p>Le dichiarazioni di Massimo Cacciari e Luciano Canfora, in questi giorni, ovvero di un&nbsp; filosofo e uno storico, dovrebbero far molto riflettere tutti coloro che hanno sottoscritto l&#8217;appello per \u00abeliminare\u00bb la piccola editrice presente alla Fiera. Il colpo credo che non sia riuscito perch\u00e9 hanno dato alla stessa casa editrice una pubblicit\u00e0 gratuita enorme. Ma il problema resta.&nbsp;<\/p>\n\n\n\n<p>Si pu\u00f2 ancora censurare la cultura? Come si \u00e8 giunti a bruciare i libri? Come si \u00e8 arrivati a costringere alcuni giornali a diventare clandestini in un tempo non tempo remoto? \u00c8 ancora accettabile censurare l&#8217;editoria? Ma questi signori non si guardano intorno? Se c&#8217;\u00e8 un filo sottile insiste tra democrazia e dittatura \u00e8 una storia completamente diversa tra democrazia e libert\u00e0.&nbsp;<\/p>\n\n\n\n<p>La libert\u00e0 non \u00e8 in incipit un fatto istituzionale. \u00c8 una idea che riguarda il pensiero. Si pu\u00f2 anche processare un pensiero ma resta sempre un pensiero oltre il processo. Chi \u00e8 \u00abdemocratico\u00bb non dovrebbe imporre e quindi censurare e chiedere che si applichi un atto antistorico e antifilosofico.&nbsp;<\/p>\n\n\n\n<p>Sono i lettori che decidono e non alcuni \u00abintellettuali\u00bb che credono di possedere la verit\u00e0.&nbsp;<\/p>\n\n\n\n<p>&nbsp;Gi\u00e0 sull&#8217;argomento della verit\u00e0 gli appelli sono radicalismi giacobini.&nbsp;<\/p>\n\n\n\n<p>Non si tratta soltanto di una situazione improbabile ma anche di una supponenza e di un senso di superiorit\u00e0 basato sul completamente nulla. Questo nasce soprattutto dal clima politico che campeggia oggi. La politica non dovrebbe silenziarsi. Soprattutto quella delle sinistre.<\/p>\n\n\n\n<p>Il fatto, per ritornare a ci\u00f2 che ho detto prima, \u00e8 che gli argomenti nascono dalle idee. Le idee fanno il Pensiero. Se si ha una sola idea non fa pensiero articolato. Infatti si vive nel tempo di una sinistra culturale che impone un suo status senza pi\u00f9 pensiero. Ma abita in un caos che riesce a esprimere soltanto il contro. Con questi gruppi non c&#8217;\u00e8 pi\u00f9 una cultura che si possa definire di sinistra. Solo giacobinismo. Robespierre, metafora del suicidio lento.<\/p>\n\n\n\n<p>Lento suicidio delle idee e quindi un pensiero che \u00e8 stato sostituito dagli slogan. \u00c8 realmente la morte della cultura nella quale una volta si identificavano i nipotini di Gramsci. Soltanto macerie di una cultura di sinistra finita.<\/p>\n\n\n\n<p><em><strong>Tutte l\u2019opinioni versati nel sito correspondono solo a chi la manifesta. Non e necessariamente l\u2019opinione della Direzione<\/strong><\/em><\/p>\n","protected":false},"excerpt":{"rendered":"<p>PIERFRANCO BRUNI\u00a0 Il declino della politica a sinistra \u00e8 dato anche da una mancanza di serie riflessioni sui processi culturali [&hellip;]<\/p>\n","protected":false},"author":1,"featured_media":0,"comment_status":"open","ping_status":"open","sticky":false,"template":"","format":"standard","meta":{"footnotes":""},"categories":[10,35],"tags":[],"class_list":["post-83114","post","type-post","status-publish","format-standard","hentry","category-italiano","category-opiniones"],"_links":{"self":[{"href":"https:\/\/www.ecoitaliano.com.ar\/index.php?rest_route=\/wp\/v2\/posts\/83114","targetHints":{"allow":["GET"]}}],"collection":[{"href":"https:\/\/www.ecoitaliano.com.ar\/index.php?rest_route=\/wp\/v2\/posts"}],"about":[{"href":"https:\/\/www.ecoitaliano.com.ar\/index.php?rest_route=\/wp\/v2\/types\/post"}],"author":[{"embeddable":true,"href":"https:\/\/www.ecoitaliano.com.ar\/index.php?rest_route=\/wp\/v2\/users\/1"}],"replies":[{"embeddable":true,"href":"https:\/\/www.ecoitaliano.com.ar\/index.php?rest_route=%2Fwp%2Fv2%2Fcomments&post=83114"}],"version-history":[{"count":1,"href":"https:\/\/www.ecoitaliano.com.ar\/index.php?rest_route=\/wp\/v2\/posts\/83114\/revisions"}],"predecessor-version":[{"id":83116,"href":"https:\/\/www.ecoitaliano.com.ar\/index.php?rest_route=\/wp\/v2\/posts\/83114\/revisions\/83116"}],"wp:attachment":[{"href":"https:\/\/www.ecoitaliano.com.ar\/index.php?rest_route=%2Fwp%2Fv2%2Fmedia&parent=83114"}],"wp:term":[{"taxonomy":"category","embeddable":true,"href":"https:\/\/www.ecoitaliano.com.ar\/index.php?rest_route=%2Fwp%2Fv2%2Fcategories&post=83114"},{"taxonomy":"post_tag","embeddable":true,"href":"https:\/\/www.ecoitaliano.com.ar\/index.php?rest_route=%2Fwp%2Fv2%2Ftags&post=83114"}],"curies":[{"name":"wp","href":"https:\/\/api.w.org\/{rel}","templated":true}]}}