{"id":83134,"date":"2025-12-07T17:45:31","date_gmt":"2025-12-07T17:45:31","guid":{"rendered":"https:\/\/www.ecoitaliano.com.ar\/?p=83134"},"modified":"2025-12-07T17:46:08","modified_gmt":"2025-12-07T17:46:08","slug":"accendiamo-lalbero-80-associazioni-in-solidarieta","status":"publish","type":"post","link":"https:\/\/www.ecoitaliano.com.ar\/?p=83134","title":{"rendered":"Accendiamo l&#8217;albero : 80 associazioni in solidariet\u00e0"},"content":{"rendered":"<div class=\"wp-block-image\">\n<figure class=\"aligncenter size-large is-resized\"><a href=\"http:\/\/www.ecoitaliano.com.ar\/wp-content\/uploads\/2025\/12\/daniele-tarantino.jpg\"><img decoding=\"async\" width=\"1024\" height=\"683\" src=\"http:\/\/www.ecoitaliano.com.ar\/wp-content\/uploads\/2025\/12\/daniele-tarantino-1024x683.jpg\" alt=\"\" class=\"wp-image-83135\" style=\"width:292px;height:auto\" srcset=\"https:\/\/www.ecoitaliano.com.ar\/wp-content\/uploads\/2025\/12\/daniele-tarantino-1024x683.jpg 1024w, https:\/\/www.ecoitaliano.com.ar\/wp-content\/uploads\/2025\/12\/daniele-tarantino-300x200.jpg 300w, https:\/\/www.ecoitaliano.com.ar\/wp-content\/uploads\/2025\/12\/daniele-tarantino-768x512.jpg 768w, https:\/\/www.ecoitaliano.com.ar\/wp-content\/uploads\/2025\/12\/daniele-tarantino-1536x1024.jpg 1536w, https:\/\/www.ecoitaliano.com.ar\/wp-content\/uploads\/2025\/12\/daniele-tarantino-150x100.jpg 150w, https:\/\/www.ecoitaliano.com.ar\/wp-content\/uploads\/2025\/12\/daniele-tarantino.jpg 2048w\" sizes=\"(max-width: 1024px) 100vw, 1024px\" \/><\/a><\/figure><\/div>\n\n\n<p>\u201cUniti accendiamo l\u2019albero\u201d torna a illuminare il cortile di Palazzo Ducale di Massa, confermandosi come una delle tradizioni natalizie pi\u00f9 sentite e partecipate della provincia. L\u2019evento, promosso dall\u2019Associazione Insieme di Daniele Tarantino su idea di Laura Lucchini e realizzato in collaborazione con la Provincia di Massa-Carrara, giunge quest\u2019anno alla sua settima edizione, consolidando un percorso di solidariet\u00e0, comunit\u00e0 e partecipazione che cresce di anno in anno.<\/p>\n\n\n\n<p>Nel cuore del Palazzo Ducale, luned\u00ec 8 dicembre, festa dell\u2019Immacolata, il grande abete addobbato diventa il simbolo dell\u2019impegno condiviso: un albero speciale, arricchito da decine di decorazioni e messaggi realizzati da circa ottanta associazioni e realt\u00e0 attive sul territorio. Ogni addobbo rappresenta un frammento di impegno civico, volontariato, cultura, sport e inclusione sociale, creando un mosaico di storie e valori che raccontano la vivacit\u00e0 del tessuto associativo locale.<\/p>\n\n\n\n<p>L\u2019accensione dell\u2019albero, prevista per le ore 17, non \u00e8 soltanto un momento simbolico, ma l\u2019avvio ufficiale di un periodo di festeggiamenti che si protrarr\u00e0 per tutto il periodo natalizio fino al giorno dell\u2019Epifania 2026. L\u2019abete rimarr\u00e0 illuminato nel cortile del Palazzo come punto di riferimento per cittadini e visitatori, offrendo uno spazio di incontro, riflessione e condivisione.<\/p>\n\n\n\n<p>La magia dell\u2019evento sar\u00e0 ulteriormente arricchita dalle dolcezze della gelateria Chocolat di Monia Alberti, che proporr\u00e0 panettoni farciti, cioccolata calda e altre golosit\u00e0 per grandi e piccini. A rendere l\u2019atmosfera ancora pi\u00f9 suggestiva contribuiranno performance artistiche, culturali e sportive: esibizioni dal vivo, interventi di gruppi locali, attivit\u00e0 dimostrative e momenti musicali pensati per esaltare lo spirito collaborativo che anima l\u2019associazionismo provinciale.<\/p>\n\n\n\n<p>\u201cUniti accendiamo l\u2019albero\u201d non \u00e8 soltanto un evento natalizio, ma un\u2019occasione per riconoscere il valore del volontariato e della partecipazione attiva, un rito collettivo che rinnova ogni anno il senso di comunit\u00e0 e il desiderio di costruire insieme un territorio pi\u00f9 solidale. In un contesto storico che spesso mette alla prova i legami sociali, questa iniziativa si conferma come un appuntamento capace di unire generazioni, esperienze e sensibilit\u00e0 diverse, celebrando la bellezza dell\u2019impegno condiviso sotto la luce calda dell\u2019albero delle associazioni.<\/p>\n\n\n\n<p>Tara comunicazione<\/p>\n","protected":false},"excerpt":{"rendered":"<p>\u201cUniti accendiamo l\u2019albero\u201d torna a illuminare il cortile di Palazzo Ducale di Massa, confermandosi come una delle tradizioni natalizie pi\u00f9 [&hellip;]<\/p>\n","protected":false},"author":1,"featured_media":0,"comment_status":"open","ping_status":"open","sticky":false,"template":"","format":"standard","meta":{"footnotes":""},"categories":[2,10],"tags":[],"class_list":["post-83134","post","type-post","status-publish","format-standard","hentry","category-informacion","category-italiano"],"_links":{"self":[{"href":"https:\/\/www.ecoitaliano.com.ar\/index.php?rest_route=\/wp\/v2\/posts\/83134","targetHints":{"allow":["GET"]}}],"collection":[{"href":"https:\/\/www.ecoitaliano.com.ar\/index.php?rest_route=\/wp\/v2\/posts"}],"about":[{"href":"https:\/\/www.ecoitaliano.com.ar\/index.php?rest_route=\/wp\/v2\/types\/post"}],"author":[{"embeddable":true,"href":"https:\/\/www.ecoitaliano.com.ar\/index.php?rest_route=\/wp\/v2\/users\/1"}],"replies":[{"embeddable":true,"href":"https:\/\/www.ecoitaliano.com.ar\/index.php?rest_route=%2Fwp%2Fv2%2Fcomments&post=83134"}],"version-history":[{"count":1,"href":"https:\/\/www.ecoitaliano.com.ar\/index.php?rest_route=\/wp\/v2\/posts\/83134\/revisions"}],"predecessor-version":[{"id":83136,"href":"https:\/\/www.ecoitaliano.com.ar\/index.php?rest_route=\/wp\/v2\/posts\/83134\/revisions\/83136"}],"wp:attachment":[{"href":"https:\/\/www.ecoitaliano.com.ar\/index.php?rest_route=%2Fwp%2Fv2%2Fmedia&parent=83134"}],"wp:term":[{"taxonomy":"category","embeddable":true,"href":"https:\/\/www.ecoitaliano.com.ar\/index.php?rest_route=%2Fwp%2Fv2%2Fcategories&post=83134"},{"taxonomy":"post_tag","embeddable":true,"href":"https:\/\/www.ecoitaliano.com.ar\/index.php?rest_route=%2Fwp%2Fv2%2Ftags&post=83134"}],"curies":[{"name":"wp","href":"https:\/\/api.w.org\/{rel}","templated":true}]}}