{"id":83143,"date":"2025-12-08T00:06:56","date_gmt":"2025-12-08T00:06:56","guid":{"rendered":"https:\/\/www.ecoitaliano.com.ar\/?p=83143"},"modified":"2025-12-08T00:06:56","modified_gmt":"2025-12-08T00:06:56","slug":"cultura","status":"publish","type":"post","link":"https:\/\/www.ecoitaliano.com.ar\/?p=83143","title":{"rendered":"CULTURA"},"content":{"rendered":"<div class=\"wp-block-image\">\n<figure class=\"aligncenter size-large is-resized\"><a href=\"http:\/\/www.ecoitaliano.com.ar\/wp-content\/uploads\/2025\/12\/santini.jpg\"><img decoding=\"async\" width=\"1024\" height=\"1024\" src=\"http:\/\/www.ecoitaliano.com.ar\/wp-content\/uploads\/2025\/12\/santini-1024x1024.jpg\" alt=\"\" class=\"wp-image-83144\" style=\"width:400px;height:auto\" srcset=\"https:\/\/www.ecoitaliano.com.ar\/wp-content\/uploads\/2025\/12\/santini-1024x1024.jpg 1024w, https:\/\/www.ecoitaliano.com.ar\/wp-content\/uploads\/2025\/12\/santini-300x300.jpg 300w, https:\/\/www.ecoitaliano.com.ar\/wp-content\/uploads\/2025\/12\/santini-150x150.jpg 150w, https:\/\/www.ecoitaliano.com.ar\/wp-content\/uploads\/2025\/12\/santini-768x767.jpg 768w, https:\/\/www.ecoitaliano.com.ar\/wp-content\/uploads\/2025\/12\/santini.jpg 1366w\" sizes=\"(max-width: 1024px) 100vw, 1024px\" \/><\/a><\/figure><\/div>\n\n\n<p>MASSA &#8211; \u201cI Longobardi nella Lunigiana storica\u201d \u00e8 il titolo della conferenza che&nbsp; lo studioso, &nbsp;Sandro Santini, terr\u00e0&nbsp; mercoled\u00ec 10 dicembre 2025, alle ore 15,30&nbsp; nella sala della Resistenza a Palazzo Ducale.&nbsp; Si tratta di&nbsp; un estratto dal volume \u201cVapor di Val di Magra\u201d edito da Tara Editoria, inserito&nbsp; nella collana Myosotis curata dalla direttrice di Tara, Angela Maria Fruzzetti. &nbsp;&nbsp;Santini \u00e8 un &nbsp;intellettuale che ha saputo trasformare la passione per il territorio in rigore storiografico. Laureato in Medicina Veterinaria, ha affiancato alla professione una decennale ricerca sulle radici dell\u2019Appennino tosco-emiliano, seguendo il solco tracciato dal maestro Germano Cavalli. Socio cofondatore dell\u2019Associazione \u201cManfredo Giuliani\u201d e membro della Deputazione di Storia Patria per le Province Parmensi, Santini non si limita alla cronaca locale: la sua indagine ricostruisce l\u2019unit\u00e0 storica della \u201cRegione del Monte Gottero\u201d. Dai primi insediamenti dei Liguri alle fortificazioni bizantine, fino all\u2019epopea feudale degli Obertenghi e dei Malaspina, i suoi scritti ricuciono i legami tra la Lunigiana e le Valli del Taro.&nbsp; Gi\u00e0 autore di quattro volumi sul Medioevo, vive a Borgo Val di Taro, crocevia ideale delle antiche strade e delle storie che racconta con competenza in questa raccolta.<\/p>\n\n\n\n<p>L\u2019evento &nbsp;a Palazzo Ducale ha il patrocinio della Provincia di Massa Carrara ed \u00e8 promosso da Tara Editoria e associazione Insieme.&nbsp; Porteranno il saluto&nbsp; Gianni Lorenzetti, consigliere regionale, Dina Dell\u2019Ertole, consigliera provinciale, Daniele Tarantino, consigliere comunale,&nbsp; Giacomo Bugliani, avvocato. &nbsp;Dialoga con l\u2019autore Monica Gulminelli e per le letture Giorgio Berti. L\u2019ingresso \u00e8 libero.<\/p>\n","protected":false},"excerpt":{"rendered":"<p>MASSA &#8211; \u201cI Longobardi nella Lunigiana storica\u201d \u00e8 il titolo della conferenza che&nbsp; lo studioso, &nbsp;Sandro Santini, terr\u00e0&nbsp; mercoled\u00ec 10 [&hellip;]<\/p>\n","protected":false},"author":1,"featured_media":0,"comment_status":"open","ping_status":"open","sticky":false,"template":"","format":"standard","meta":{"footnotes":""},"categories":[1],"tags":[],"class_list":["post-83143","post","type-post","status-publish","format-standard","hentry","category-sin-categoria"],"_links":{"self":[{"href":"https:\/\/www.ecoitaliano.com.ar\/index.php?rest_route=\/wp\/v2\/posts\/83143","targetHints":{"allow":["GET"]}}],"collection":[{"href":"https:\/\/www.ecoitaliano.com.ar\/index.php?rest_route=\/wp\/v2\/posts"}],"about":[{"href":"https:\/\/www.ecoitaliano.com.ar\/index.php?rest_route=\/wp\/v2\/types\/post"}],"author":[{"embeddable":true,"href":"https:\/\/www.ecoitaliano.com.ar\/index.php?rest_route=\/wp\/v2\/users\/1"}],"replies":[{"embeddable":true,"href":"https:\/\/www.ecoitaliano.com.ar\/index.php?rest_route=%2Fwp%2Fv2%2Fcomments&post=83143"}],"version-history":[{"count":1,"href":"https:\/\/www.ecoitaliano.com.ar\/index.php?rest_route=\/wp\/v2\/posts\/83143\/revisions"}],"predecessor-version":[{"id":83145,"href":"https:\/\/www.ecoitaliano.com.ar\/index.php?rest_route=\/wp\/v2\/posts\/83143\/revisions\/83145"}],"wp:attachment":[{"href":"https:\/\/www.ecoitaliano.com.ar\/index.php?rest_route=%2Fwp%2Fv2%2Fmedia&parent=83143"}],"wp:term":[{"taxonomy":"category","embeddable":true,"href":"https:\/\/www.ecoitaliano.com.ar\/index.php?rest_route=%2Fwp%2Fv2%2Fcategories&post=83143"},{"taxonomy":"post_tag","embeddable":true,"href":"https:\/\/www.ecoitaliano.com.ar\/index.php?rest_route=%2Fwp%2Fv2%2Ftags&post=83143"}],"curies":[{"name":"wp","href":"https:\/\/api.w.org\/{rel}","templated":true}]}}