{"id":8316,"date":"2019-10-25T20:33:13","date_gmt":"2019-10-25T20:33:13","guid":{"rendered":"http:\/\/www.ecoitaliano.com.ar\/?p=8316"},"modified":"2019-10-25T20:33:13","modified_gmt":"2019-10-25T20:33:13","slug":"serena-conduce-operaclassica-eco-italiano-173","status":"publish","type":"post","link":"https:\/\/www.ecoitaliano.com.ar\/?p=8316","title":{"rendered":"Serena conduce Operaclassica Eco Italiano"},"content":{"rendered":"<p><a href=\"http:\/\/www.ecoitaliano.com.ar\/wp-content\/uploads\/2019\/10\/66455730_471261663703580_7315246684332621824_n-1.png\"><img decoding=\"async\" class=\"alignnone size-full wp-image-8292\" src=\"http:\/\/www.ecoitaliano.com.ar\/wp-content\/uploads\/2019\/10\/66455730_471261663703580_7315246684332621824_n-1.png\" alt=\"\" width=\"122\" height=\"77\" \/><\/a><\/p>\n<p lang=\"es-AR\" align=\"left\"><span style=\"font-family: Simoncini Garamond, Times New Roman;\"><span style=\"font-family: Calibri, sans-serif;\"><span style=\"font-size: small;\"><b>Ufficio Stampa<\/b><\/span><\/span> <span style=\"font-family: Calibri, sans-serif;\"><span style=\"font-size: small;\"><span lang=\"it-IT\"><b>24<\/b><\/span><\/span><\/span><span style=\"font-family: Calibri, sans-serif;\"><span style=\"font-size: small;\"><b>\/<\/b><\/span><\/span><span style=\"font-family: Calibri, sans-serif;\"><span style=\"font-size: small;\"><span lang=\"it-IT\"><b>10<\/b><\/span><\/span><\/span><span style=\"font-family: Calibri, sans-serif;\"><span style=\"font-size: small;\"><b>\/2019<\/b><\/span><\/span><\/span><\/p>\n<p class=\"western\" lang=\"it-IT\" align=\"center\"><span style=\"font-family: Calibri, sans-serif;\"><span style=\"font-size: large;\"><b>ADDIO A ROLANDO PANERAI<\/b><\/span><\/span><\/p>\n<p class=\"western\" lang=\"it-IT\" align=\"justify\"><span style=\"font-family: Simoncini Garamond, Times New Roman;\"><span style=\"font-family: Calibri, sans-serif;\">Fondazione Arena di Verona e Cecilia Gasdia, Sovrintendente e Direttore Artistico, <\/span><span style=\"font-family: Calibri, sans-serif;\">partecipano al lutto per la scomparsa <\/span><span style=\"font-family: Calibri, sans-serif;\">del baritono Rolando Panerai, uomo straordinario e artista con oltre settant\u2019anni di carriera dal suo esordio nel 1946. <\/span><\/span><\/p>\n<p class=\"western\" lang=\"it-IT\" align=\"justify\"><span style=\"font-family: Simoncini Garamond, Times New Roman;\"><span style=\"font-family: Calibri, sans-serif;\">Panerai \u00e8 stato un brillante interprete del repertorio classico del XIX secolo, ma anche grande sostenitore dei compositori contemporanei e importante regista teatrale. Ha debuttato in Arena nel 1979 con <\/span><span style=\"font-family: Calibri, sans-serif;\"><i>Traviata<\/i><\/span><span style=\"font-family: Calibri, sans-serif;\">, per tornare nel 1981 con <\/span><span style=\"font-family: Calibri, sans-serif;\"><i>Falstaff, ossia Le tre burle<\/i><\/span><span style=\"font-family: Calibri, sans-serif;\"> di Salieri e con <\/span><span style=\"font-family: Calibri, sans-serif;\"><i>Madama Butterfly<\/i><\/span><span style=\"font-family: Calibri, sans-serif;\"> nel 1983.<\/span><\/span><\/p>\n<p class=\"western\" lang=\"it-IT\" align=\"justify\"><span style=\"font-family: Simoncini Garamond, Times New Roman;\"><span style=\"font-family: Calibri, sans-serif;\">Il Sovrintendente ricorda con grande affetto le collaborazioni artistiche con il Panerai, a partire dal <\/span><span style=\"font-family: Calibri, sans-serif;\"><i>Gianni Schicchi<\/i><\/span><span style=\"font-family: Calibri, sans-serif;\"> del 1983 al Maggio Musicale Fiorentino, dove, ancora giovanissima, fu tenuta a battesimo dal collega, artista gi\u00e0 maturo. <\/span><\/span><\/p>\n<p class=\"western\" lang=\"it-IT\" align=\"justify\"><span style=\"font-family: Simoncini Garamond, Times New Roman;\"><span style=\"font-family: Calibri, sans-serif;\">Rolando Panerai \u00e8 stato un grande interprete del ruolo di Geronimo nel <\/span><span style=\"font-family: Calibri, sans-serif;\"><i>Matrimonio segreto<\/i><\/span><span style=\"font-family: Calibri, sans-serif;\"> di Cimarosa, che domenica 27 debutter\u00e0 al Teatro Filarmonico, ed \u00e8 proprio a lui che Fondazione Arena dedicher\u00e0 lo spettacolo. <\/span><\/span><\/p>\n<p class=\"western\" lang=\"it-IT\" align=\"justify\">\n<p class=\"western\" lang=\"it-IT\" align=\"justify\">\n<p class=\"western\" lang=\"it-IT\" align=\"justify\"><span style=\"font-family: Calibri, sans-serif;\"><b>Informazioni<\/b><\/span><\/p>\n<p class=\"western\" lang=\"it-IT\" align=\"left\"><span style=\"font-family: Simoncini Garamond, Times New Roman;\"><span style=\"font-family: Calibri, sans-serif;\"><b>Ufficio Stampa Fondazione Arena di Verona <\/b><\/span><span style=\"font-family: Calibri, sans-serif;\">\u2013 Via Roma 7\/D, 37121 Verona<\/span><\/span><\/p>\n<p class=\"western\" lang=\"it-IT\" align=\"left\"><span style=\"font-family: Calibri, sans-serif;\">tel. (+39) 045 805.1861-1905-1891<\/span><\/p>\n<p class=\"western\" lang=\"it-IT\" align=\"left\"><span style=\"font-family: Simoncini Garamond, Times New Roman;\"><a href=\"mailto:ufficio.stampa@arenadiverona.it\"><span style=\"color: #0000ff;\"><span style=\"font-family: Calibri, sans-serif;\"><span lang=\"en-US\"><u>ufficio.stampa@arenadiverona.it<\/u><\/span><\/span><\/span><\/a><span style=\"font-family: Calibri, sans-serif;\"><span lang=\"en-US\"> \u2013 <\/span><\/span><a href=\"http:\/\/www.arena.it\/\"><span style=\"color: #0000ff;\"><span style=\"font-family: Calibri, sans-serif;\"><span lang=\"en-US\"><u>www.arena.it<\/u><\/span><\/span><\/span><\/a> <\/span><\/p>\n<p lang=\"it-IT\" align=\"left\">\n","protected":false},"excerpt":{"rendered":"<p>Ufficio Stampa 24\/10\/2019 ADDIO A ROLANDO PANERAI Fondazione Arena di Verona e Cecilia Gasdia, Sovrintendente e Direttore Artistico, partecipano al [&hellip;]<\/p>\n","protected":false},"author":1,"featured_media":0,"comment_status":"open","ping_status":"open","sticky":false,"template":"","format":"standard","meta":{"footnotes":""},"categories":[10,40],"tags":[],"class_list":["post-8316","post","type-post","status-publish","format-standard","hentry","category-italiano","category-serena-conduce-operaclassica"],"_links":{"self":[{"href":"https:\/\/www.ecoitaliano.com.ar\/index.php?rest_route=\/wp\/v2\/posts\/8316","targetHints":{"allow":["GET"]}}],"collection":[{"href":"https:\/\/www.ecoitaliano.com.ar\/index.php?rest_route=\/wp\/v2\/posts"}],"about":[{"href":"https:\/\/www.ecoitaliano.com.ar\/index.php?rest_route=\/wp\/v2\/types\/post"}],"author":[{"embeddable":true,"href":"https:\/\/www.ecoitaliano.com.ar\/index.php?rest_route=\/wp\/v2\/users\/1"}],"replies":[{"embeddable":true,"href":"https:\/\/www.ecoitaliano.com.ar\/index.php?rest_route=%2Fwp%2Fv2%2Fcomments&post=8316"}],"version-history":[{"count":0,"href":"https:\/\/www.ecoitaliano.com.ar\/index.php?rest_route=\/wp\/v2\/posts\/8316\/revisions"}],"wp:attachment":[{"href":"https:\/\/www.ecoitaliano.com.ar\/index.php?rest_route=%2Fwp%2Fv2%2Fmedia&parent=8316"}],"wp:term":[{"taxonomy":"category","embeddable":true,"href":"https:\/\/www.ecoitaliano.com.ar\/index.php?rest_route=%2Fwp%2Fv2%2Fcategories&post=8316"},{"taxonomy":"post_tag","embeddable":true,"href":"https:\/\/www.ecoitaliano.com.ar\/index.php?rest_route=%2Fwp%2Fv2%2Ftags&post=8316"}],"curies":[{"name":"wp","href":"https:\/\/api.w.org\/{rel}","templated":true}]}}