{"id":83161,"date":"2025-12-09T11:35:19","date_gmt":"2025-12-09T11:35:19","guid":{"rendered":"https:\/\/www.ecoitaliano.com.ar\/?p=83161"},"modified":"2025-12-09T11:35:36","modified_gmt":"2025-12-09T11:35:36","slug":"consiglio-generale-degli-italiani-allestero-12","status":"publish","type":"post","link":"https:\/\/www.ecoitaliano.com.ar\/?p=83161","title":{"rendered":"Consiglio Generale degli Italiani all&#8217;Estero"},"content":{"rendered":"<div class=\"wp-block-image\">\n<figure class=\"aligncenter size-full\"><a href=\"http:\/\/www.ecoitaliano.com.ar\/wp-content\/uploads\/2025\/11\/descarga-9.jpeg\"><img decoding=\"async\" width=\"209\" height=\"241\" src=\"http:\/\/www.ecoitaliano.com.ar\/wp-content\/uploads\/2025\/11\/descarga-9.jpeg\" alt=\"\" class=\"wp-image-82770\" srcset=\"https:\/\/www.ecoitaliano.com.ar\/wp-content\/uploads\/2025\/11\/descarga-9.jpeg 209w, https:\/\/www.ecoitaliano.com.ar\/wp-content\/uploads\/2025\/11\/descarga-9-130x150.jpeg 130w\" sizes=\"(max-width: 209px) 100vw, 209px\" \/><\/a><\/figure><\/div>\n\n\n<p>Ufficio stampa<\/p>\n\n\n\n<p><strong>CGIE, la Commissione continentale America Latina a Curitiba: pi\u00f9 tutele su cittadinanza, servizi e partecipazione democratica<\/strong><\/p>\n\n\n\n<p>La Commissione continentale America Latina del Consiglio Generale degli Italiani all\u2019Estero, riunita a Curitiba dal 27 al 29 novembre 2025, ha lanciato un forte richiamo sulla necessit\u00e0 di rafforzare la rappresentanza delle collettivit\u00e0 e garantire un rapporto stabile e paritario con il Paese d\u2019origine su tre assi strategici: servizi consolari, cittadinanza e promozione della lingua e cultura italiane, su cui ha approvato ordini del giorno specifici.<\/p>\n\n\n\n<p>Al centro delle riflessioni la recente riforma della cittadinanza e il suo forte impatto sulla comunit\u00e0 italiana dell\u2019America Latina. Le nuove norme hanno irrigidito le condizioni di accesso al riconoscimento e alla trasmissione della cittadinanza, incidendo in particolare sugli italodiscendenti che, sebbene abbiano mantenuto l\u2019identit\u00e0, sono oggi esclusi dal perimetro dell\u2019italianit\u00e0. Come nel caso dei discendenti dei connazionali provenienti dagli ex territori dell\u2019Impero austro-ungarico, i cui genitori sono cittadini italiani per beneficio di legge ma non possono trasmettere la cittadinanza, o dei figli minorenni di cittadini italiani nati all\u2019estero, il cui diritto a essere riconosciuti italiani \u00e8 limitato da un termine temporale.<\/p>\n\n\n\n<p>Aspetti che contrastano con il principio di uguaglianza sancito dall\u2019articolo 3 della Costituzione e mettono in discussione il diritto di trasmettere la propria identit\u00e0 ai figli sulla base, di fatto, del luogo di nascita o di vicende storiche non imputabili alle persone. In questo senso, la Commissione, richiamando le indicazioni del Presidente della Repubblica e l\u2019apertura del ministro Tajani a correzioni alla riforma, auspica che i Parlamentari eletti all\u2019estero lavorino a una soluzione normativa unitaria che tenga conto dei principi e delle proposte contenuti nel documento approvato dall\u2019Assemblea plenaria del CGIE.<\/p>\n\n\n\n<p>Parallelamente, la riforma ha sottoposto gli uffici consolari a un carico di lavoro aggiuntivo, legato a verifiche pi\u00f9 complesse e a procedure spesso ridondanti. La Commissione segnala la prassi, sempre pi\u00f9 diffusa, di richiedere agli utenti documenti gi\u00e0 in possesso dell\u2019Amministrazione, in contrasto con il DPR 445\/2000 e chiede un deciso intervento per uniformare i criteri almeno a livello di singolo Paese, valorizzando le buone pratiche gi\u00e0 esistenti e riducendo gli oneri burocratici a carico dei cittadini.<\/p>\n\n\n\n<p>Sul versante dell\u2019organizzazione consolare, pur riconoscendo alcuni miglioramenti \u2013 in particolare per il rilascio dei passaporti \u2013 la Commissione denuncia che le nuove assunzioni non si sono tradotte in un reale potenziamento degli organici e rileva \u201cl\u2019incapacit\u00e0 sistemica\u201d di coprire i posti disponibili a fronte della crescita costante degli iscritti AIRE. Da qui la richiesta di un piano di incentivi dedicato, che renda le sedi di servizio nell\u2019area latinoamericana realmente attrattive per il personale di ruolo e favorisca una stabile programmazione delle risorse.<\/p>\n\n\n\n<p>Si sollecita inoltre una revisione strutturale delle piattaforme digitali FastIt e Prenot@mi per renderle pi\u00f9 intuitive, trasparenti e sicure, introducendo meccanismi di doppia autenticazione che contrastino l\u2019intermediazione illecita e garantiscano un accesso effettivamente paritario ai servizi.<\/p>\n\n\n\n<p>Ampio spazio \u00e8 stato dedicato alla promozione della lingua e della cultura italiana con il contributo della presidente della IV Commissione tematica del CGIE Lidia Campanale, tema sul quale \u00e8 stata espressa preoccupazione per gli effetti della Circolare ministeriale 4 e che sar\u00e0 oggetto di un webinar con gli enti gestori dell\u2019area per chiarire i passaggi pi\u00f9 complessi e raccogliere indicazioni dal territorio: molte realt\u00e0 che operano da anni, infatti, non presentano pi\u00f9 progetti o evitano l\u2019iscrizione al registro consolare per l\u2019eccessiva complessit\u00e0 degli adempimenti; altre valutano l\u2019uscita dal sistema proprio mentre la domanda di italiano cresce, soprattutto tra gli italodiscendenti.<\/p>\n\n\n\n<p>In questo quadro, viene accolta con favore la decisione di riportare le competenze sulla lingua e cultura alla DGIT del MAECI e si auspica una revisione della Circolare che allarghi l\u2019accesso agli enti gestori, valorizzando le realt\u00e0 associative storiche e le nuove esperienze. La Commissione richiama lo spirito della legge 153\/1971, nata per mantenere viva la lingua italiana nelle famiglie emigrate e tra i loro discendenti, e individua nella formazione degli adulti italodiscendenti la \u201cnuova frontiera\u201d della promozione linguistica: la maggior parte degli iscritti AIRE in America Latina non ha mai avuto l\u2019italiano nel percorso scolastico e dispone solo di offerte frammentarie, spesso legate alla buona volont\u00e0 delle comunit\u00e0.<\/p>\n\n\n\n<p>La Commissione \u00e8 intervenuta anche sul tema della rappresentanza esprimendosi a maggioranza a favore dello svolgimento delle elezioni dei Com.It.Es. alla scadenza naturale. Sollecita tuttavia l\u2019adozione di strumenti concreti per favorire la partecipazione: una campagna informativa capillare, l\u2019anticipazione di almeno sei mesi del termine per iscriversi agli elenchi elettorali e la possibilit\u00e0 di iscrizioni permanenti.<\/p>\n\n\n\n<p>In merito alla riforma della legge istitutiva del CGIE, richiamando il lavoro della III Commissione tematica, si \u00e8 segnalato che l\u2019attuale meccanismo di distribuzione dei Consiglieri territoriali rischia di ampliare la rappresentanza di alcuni Paesi, azzerando quella di altri oggi presenti e continuando a escludere realt\u00e0 in forte crescita quali Colombia, Ecuador, Paraguay, Bolivia e i Paesi dell\u2019America Centrale e dei Caraibi. La Commissione ha proposto correttivi che tengano conto, oltre che degli iscritti AIRE, anche degli oriundi e dell\u2019esistenza di comunit\u00e0 organizzate con Com.It.Es. attivi, valutando l\u2019ipotesi di accorpamenti territoriali per la rappresentanza.<\/p>\n\n\n\n<p>Si \u00e8 infine sottolineato che il Museo dell\u2019Immigrazione Italiana a Buenos Aires, promosso dal Com.It.Es., e il progetto \u201cItAleano\u201d, frutto della collaborazione tra il Comites di C\u00f3rdoba e l\u2019Agenzia consolare onoraria di Villa Mar\u00eda, costituiscono esempi di come memoria storica, innovazione e promozione linguistica possano intrecciarsi.<\/p>\n\n\n\n<p><a href=\"https:\/\/www.cgieonline.it\/category\/america-latina\/\">Documento finale<\/a><\/p>\n","protected":false},"excerpt":{"rendered":"<p>Ufficio stampa CGIE, la Commissione continentale America Latina a Curitiba: pi\u00f9 tutele su cittadinanza, servizi e partecipazione democratica La Commissione [&hellip;]<\/p>\n","protected":false},"author":1,"featured_media":0,"comment_status":"open","ping_status":"open","sticky":false,"template":"","format":"standard","meta":{"footnotes":""},"categories":[10,15],"tags":[],"class_list":["post-83161","post","type-post","status-publish","format-standard","hentry","category-italiano","category-italiani-allestero"],"_links":{"self":[{"href":"https:\/\/www.ecoitaliano.com.ar\/index.php?rest_route=\/wp\/v2\/posts\/83161","targetHints":{"allow":["GET"]}}],"collection":[{"href":"https:\/\/www.ecoitaliano.com.ar\/index.php?rest_route=\/wp\/v2\/posts"}],"about":[{"href":"https:\/\/www.ecoitaliano.com.ar\/index.php?rest_route=\/wp\/v2\/types\/post"}],"author":[{"embeddable":true,"href":"https:\/\/www.ecoitaliano.com.ar\/index.php?rest_route=\/wp\/v2\/users\/1"}],"replies":[{"embeddable":true,"href":"https:\/\/www.ecoitaliano.com.ar\/index.php?rest_route=%2Fwp%2Fv2%2Fcomments&post=83161"}],"version-history":[{"count":1,"href":"https:\/\/www.ecoitaliano.com.ar\/index.php?rest_route=\/wp\/v2\/posts\/83161\/revisions"}],"predecessor-version":[{"id":83162,"href":"https:\/\/www.ecoitaliano.com.ar\/index.php?rest_route=\/wp\/v2\/posts\/83161\/revisions\/83162"}],"wp:attachment":[{"href":"https:\/\/www.ecoitaliano.com.ar\/index.php?rest_route=%2Fwp%2Fv2%2Fmedia&parent=83161"}],"wp:term":[{"taxonomy":"category","embeddable":true,"href":"https:\/\/www.ecoitaliano.com.ar\/index.php?rest_route=%2Fwp%2Fv2%2Fcategories&post=83161"},{"taxonomy":"post_tag","embeddable":true,"href":"https:\/\/www.ecoitaliano.com.ar\/index.php?rest_route=%2Fwp%2Fv2%2Ftags&post=83161"}],"curies":[{"name":"wp","href":"https:\/\/api.w.org\/{rel}","templated":true}]}}