{"id":83193,"date":"2025-12-10T18:36:23","date_gmt":"2025-12-10T18:36:23","guid":{"rendered":"https:\/\/www.ecoitaliano.com.ar\/?p=83193"},"modified":"2025-12-10T18:36:23","modified_gmt":"2025-12-10T18:36:23","slug":"serena-conduce-operaclassica-eco-italiano-4803","status":"publish","type":"post","link":"https:\/\/www.ecoitaliano.com.ar\/?p=83193","title":{"rendered":"Serena conduce operaclassica eco italiano"},"content":{"rendered":"<div class=\"wp-block-image\">\n<figure class=\"aligncenter size-full\"><a href=\"http:\/\/www.ecoitaliano.com.ar\/wp-content\/uploads\/2025\/12\/Screenshot-280.png\"><img decoding=\"async\" width=\"432\" height=\"117\" src=\"http:\/\/www.ecoitaliano.com.ar\/wp-content\/uploads\/2025\/12\/Screenshot-280.png\" alt=\"\" class=\"wp-image-83194\" srcset=\"https:\/\/www.ecoitaliano.com.ar\/wp-content\/uploads\/2025\/12\/Screenshot-280.png 432w, https:\/\/www.ecoitaliano.com.ar\/wp-content\/uploads\/2025\/12\/Screenshot-280-300x81.png 300w, https:\/\/www.ecoitaliano.com.ar\/wp-content\/uploads\/2025\/12\/Screenshot-280-150x41.png 150w\" sizes=\"(max-width: 432px) 100vw, 432px\" \/><\/a><\/figure><\/div>\n\n\n<p><strong>comunicato stampa<\/strong><\/p>\n\n\n\n<p><strong>\u201cAperitivo con l\u2019Opera\u201d:<\/strong><\/p>\n\n\n\n<p><strong>Francesco Lampis presenta <\/strong><strong><em>Otello<\/em><\/strong><strong> di Giuseppe Verdi all\u2019Exma di Cagliari<\/strong><\/p>\n\n\n\n<p><strong>Venerd\u00ec 12 dicembre, alle 18, <\/strong>all\u2019<strong>Exma<\/strong> &#8211; <strong>Centro Comunale d\u2019Arte e Cultura di Cagliari<\/strong>, il giovane musicofilo <strong>Francesco Lampis<\/strong> presenta <strong><em>Otello<\/em><\/strong> di <strong>Giuseppe Verdi<\/strong>, in un incontro con il pubblico.<\/p>\n\n\n\n<p>L\u2019appuntamento inaugura una nuova formula, intitolata <strong>\u201cAperitivo con l\u2019Opera\u201d<\/strong>, che prevede degli incontri, durante le repliche di ogni titolo della <strong>Stagione d\u2019opera 2025-2026<\/strong> <strong>del Teatro Lirico di Cagliari<\/strong>, rivolti soprattutto ai giovani e agli studenti per presentare, discutere e invitare quindi all\u2019ascolto dal vivo dell\u2019opera, anche attraverso la presenza di qualche protagonista del <em>cast<\/em> o ascolti di brani musicali.<\/p>\n\n\n\n<p>Con questo primo \u201cAperitivo con l\u2019Opera\u201d inizia una collaborazione con l\u2019associazione culturale <strong>\u201cOrientare\u201d<\/strong> e la societ\u00e0 <strong>\u201cArea X\u201d<\/strong> per una serie di incontri che si terranno nell\u2019area bar dell\u2019Exma.<\/p>\n\n\n\n<p><strong>L\u2019ingresso alla presentazione, della durata di un\u2019ora circa, \u00e8 libero.<\/strong><\/p>\n\n\n\n<p><strong>Francesco Lampis<\/strong><\/p>\n\n\n\n<p>Nato a Cagliari nel 1995, appassionato e studioso di opera, teatro e cinema. Consegue nel 2014 la maturit\u00e0 classica al liceo \u201cG. M. Dettori\u201d della sua citt\u00e0. Si laurea nel 2018 in Lettere Moderne all\u2019Universit\u00e0 degli Studi di Cagliari, con una tesi in Storia della Musica e Drammaturgia Musicale dal titolo <em>Il gesto come riflesso delle passioni, tra Teatro musicale e Cinema muto. I mille volti di Adriana Lecouvreur <\/em>con due lunghe interviste al soprano Raina Kabaivanska e all\u2019attrice Valentina Cortese. Si specializza nel 2020 con un <em>master<\/em> in \u201cRegia dell\u2019Opera lirica\u201d alla Verona Accademia per l\u2019Opera con una tesi su <em>Madama Butterfly<\/em> di Giacomo Puccini. Ha svolto un tirocinio formativo al Festival della Valle d\u2019Itria di Martina Franca del 2019. Successivamente, nel 2020, si diploma alla Camera della Moda Sardegna in taglio e cucito, specializzandosi nello studio degli abiti storici. \u00c8 attualmente iscritto alla magistrale di Filologie e Letterature Moderne all\u2019Universit\u00e0 degli Studi di Cagliari ed \u00e8 in procinto di laurearsi con una tesi su Oriana Fallaci e la moda.<\/p>\n\n\n\n<p><a><strong><em>Otello<\/em><\/strong> viene rappresentato: <strong>mercoled\u00ec 10 dicembre alle 20<\/strong> (turno A), <strong>gioved\u00ec 11 dicembre alle 19<\/strong> (turno F); <strong>venerd\u00ec 12 dicembre alle 20<\/strong> (turno C); <strong>sabato 13 dicembre alle 19<\/strong> (turno G); <strong>domenica 14 dicembre alle 17<\/strong> (turno D); <strong>marted\u00ec 16 dicembre alle 20<\/strong> (fuori abbonamento).<\/a><\/p>\n\n\n\n<p>La recita per le scuole che, da quest\u2019anno, assume come nuova intitolazione <em>Opera NextGen<\/em> e che prevede l\u2019esecuzione in forma ridotta dell\u2019opera della durata complessiva di 60 minuti circa, \u00e8 <strong>venerd\u00ec 12 dicembre alle 11<\/strong>. Nel ruolo di narratrice si esibisce l\u2019attrice cagliaritana <strong>Michela Atzeni<\/strong>.<\/p>\n\n\n\n<p><strong>La recita fuori abbonamento di marted\u00ec 16 dicembre alle 20 prevede, per tutti gli studenti universitari, un biglietto ridotto di \u20ac 15.<\/strong><\/p>\n\n\n\n<p>La Biglietteria del Teatro Lirico \u00e8 aperta luned\u00ec, marted\u00ec, mercoled\u00ec, venerd\u00ec e sabato dalle 9 alle 13, gioved\u00ec dalle 16 alle 20 e, nei giorni di spettacolo, anche da due ore prima dell\u2019inizio, unicamente per operazioni legate allo spettacolo stesso. \u00c8 chiusa, invece, i giorni festivi e i luned\u00ec successivi alle domeniche di spettacolo.<\/p>\n\n\n\n<p>Per informazioni: Biglietteria del Teatro Lirico, via Sant\u2019Alenixedda, 09128 Cagliari, telefono 0704082230 &#8211; 0704082249, <a href=\"mailto:biglietteria@teatroliricodicagliari.it;\">biglietteria@teatroliricodicagliari.it<\/a>, <a href=\"http:\/\/www.teatroliricodicagliari.it\/\">www.teatroliricodicagliari.it<\/a>. Servizio promozione culturale: educational@tldc.it. Il Teatro Lirico di Cagliari si pu\u00f2 seguire anche su Facebook, Twitter, YouTube, Instagram, Linkedin.<\/p>\n\n\n\n<p>La Direzione si riserva di apportare al programma le modifiche che si rendessero necessarie per esigenze tecniche o per cause di forza maggiore. Eventuali modifiche al cartellone saranno indicate nel sito internet del teatro www.teatroliricodicagliari.it.<\/p>\n\n\n\n<p>Cagliari, 9 dicembre 2025<\/p>\n\n\n\n<p>Pierluigi Corona<\/p>\n\n\n\n<p>Responsabile Ufficio Stampa<\/p>\n\n\n\n<p>Teatro Lirico di Cagliari, via Efisio Cao di San Marco, 09128 Cagliari &#8211; Italia<\/p>\n\n\n\n<p>telefono +39 0704082209 &#8211; <a href=\"mailto:stampa@teatroliricodicagliari.it\">stampa@teatroliricodicagliari.it<\/a> &#8211; <a href=\"http:\/\/www.teatroliricodicagliari.it\/\">www.teatroliricodicagliari.it<\/a><\/p>\n\n\n\n<p>foto<\/p>\n\n\n\n<figure class=\"wp-block-gallery has-nested-images columns-default is-cropped wp-block-gallery-1 is-layout-flex wp-block-gallery-is-layout-flex\">\n<figure class=\"wp-block-image size-large\"><a href=\"https:\/\/www.ecoitaliano.com.ar\/wp-content\/uploads\/2025\/12\/Francesco-Lampis.jpg\"><img decoding=\"async\" width=\"576\" height=\"1024\" data-id=\"83195\" src=\"https:\/\/www.ecoitaliano.com.ar\/wp-content\/uploads\/2025\/12\/Francesco-Lampis-576x1024.jpg\" alt=\"\" class=\"wp-image-83195\" srcset=\"https:\/\/www.ecoitaliano.com.ar\/wp-content\/uploads\/2025\/12\/Francesco-Lampis-576x1024.jpg 576w, https:\/\/www.ecoitaliano.com.ar\/wp-content\/uploads\/2025\/12\/Francesco-Lampis-169x300.jpg 169w, https:\/\/www.ecoitaliano.com.ar\/wp-content\/uploads\/2025\/12\/Francesco-Lampis-84x150.jpg 84w, https:\/\/www.ecoitaliano.com.ar\/wp-content\/uploads\/2025\/12\/Francesco-Lampis.jpg 750w\" sizes=\"(max-width: 576px) 100vw, 576px\" \/><\/a><figcaption class=\"wp-element-caption\">Screenshot<\/figcaption><\/figure>\n<\/figure>\n","protected":false},"excerpt":{"rendered":"<p>comunicato stampa \u201cAperitivo con l\u2019Opera\u201d: Francesco Lampis presenta Otello di Giuseppe Verdi all\u2019Exma di Cagliari Venerd\u00ec 12 dicembre, alle 18, [&hellip;]<\/p>\n","protected":false},"author":1,"featured_media":0,"comment_status":"open","ping_status":"open","sticky":false,"template":"","format":"standard","meta":{"footnotes":""},"categories":[1],"tags":[],"class_list":["post-83193","post","type-post","status-publish","format-standard","hentry","category-sin-categoria"],"_links":{"self":[{"href":"https:\/\/www.ecoitaliano.com.ar\/index.php?rest_route=\/wp\/v2\/posts\/83193","targetHints":{"allow":["GET"]}}],"collection":[{"href":"https:\/\/www.ecoitaliano.com.ar\/index.php?rest_route=\/wp\/v2\/posts"}],"about":[{"href":"https:\/\/www.ecoitaliano.com.ar\/index.php?rest_route=\/wp\/v2\/types\/post"}],"author":[{"embeddable":true,"href":"https:\/\/www.ecoitaliano.com.ar\/index.php?rest_route=\/wp\/v2\/users\/1"}],"replies":[{"embeddable":true,"href":"https:\/\/www.ecoitaliano.com.ar\/index.php?rest_route=%2Fwp%2Fv2%2Fcomments&post=83193"}],"version-history":[{"count":1,"href":"https:\/\/www.ecoitaliano.com.ar\/index.php?rest_route=\/wp\/v2\/posts\/83193\/revisions"}],"predecessor-version":[{"id":83196,"href":"https:\/\/www.ecoitaliano.com.ar\/index.php?rest_route=\/wp\/v2\/posts\/83193\/revisions\/83196"}],"wp:attachment":[{"href":"https:\/\/www.ecoitaliano.com.ar\/index.php?rest_route=%2Fwp%2Fv2%2Fmedia&parent=83193"}],"wp:term":[{"taxonomy":"category","embeddable":true,"href":"https:\/\/www.ecoitaliano.com.ar\/index.php?rest_route=%2Fwp%2Fv2%2Fcategories&post=83193"},{"taxonomy":"post_tag","embeddable":true,"href":"https:\/\/www.ecoitaliano.com.ar\/index.php?rest_route=%2Fwp%2Fv2%2Ftags&post=83193"}],"curies":[{"name":"wp","href":"https:\/\/api.w.org\/{rel}","templated":true}]}}