{"id":83205,"date":"2025-12-10T18:56:13","date_gmt":"2025-12-10T18:56:13","guid":{"rendered":"https:\/\/www.ecoitaliano.com.ar\/?p=83205"},"modified":"2025-12-10T18:56:13","modified_gmt":"2025-12-10T18:56:13","slug":"serena-conduce-operaclassica-eco-italiano-4805","status":"publish","type":"post","link":"https:\/\/www.ecoitaliano.com.ar\/?p=83205","title":{"rendered":"Serena conduce operaclassica eco italiano"},"content":{"rendered":"\n<figure class=\"wp-block-table aligncenter\"><table class=\"has-fixed-layout\"><tbody><tr><td><img decoding=\"async\" src=\"https:\/\/fondazioneteatrodelloperadirom.img.musvc2.net\/static\/69084\/images\/2\/171f0d23f60b4818b059feb8af35143b.jpg\" width=\"300\" alt=\"Image\" height=\"auto\"><\/td><\/tr><\/tbody><\/table><\/figure>\n\n\n\n<figure class=\"wp-block-table\"><table class=\"has-fixed-layout\"><tbody><tr><td><strong>COMUNICATO STAMPA<\/strong>\u00a0\u00a0<strong>LA MAGIA DEL NATALE A PASSO DI DANZACON\u00a0<em>LO SCHIACCIANOCI<\/em>\u00a0DI \u010cAJKOVSKIJ,FINO AL 31 DICEMBRE ALL\u2019OPERA DI ROMA<\/strong>\u00a0<strong>Paul Chalmer firma la coreografia.Attesi Chloe Misseldine, prima ballerina dell\u2019American Ballet Theatre al debutto al Costanzi,e Jacopo Tissi<\/strong>\u00a0La stagione di danza 2025\/26 del Teatro dell\u2019Opera di Roma si apre il 17 dicembre (ore 20), sulle note de\u00a0<em>Lo schiaccianoci<\/em>\u00a0di \u010cajkovskij. Dopo i successi da sold out delle due edizioni precedenti, nel 2023 e 2024, torna nella visione fiabesca del coreografo Paul Chalmer resa magica dalle scene di Andrea Miglio, dai costumi di Gianluca Falaschi, dalle luci di Valerio Tiberi e dai video di Igor Renzetti e Lorenzo Bruno. Lo spettacolo rimane in scena fino alla fine dell\u2019anno con l\u2019ultima rappresentazione il giorno di San Silvestro, il 31 dicembre (ore 18). Sul podio Nir Kabaretti si alterna con Carlo Donadio (27, 28, 30, 31) alla direzione dell\u2019Orchestra dell\u2019Opera di Roma cui sono affidate le celebri musiche composte da \u010cajkovskij\u00a0per il titolo diventato il pi\u00f9 ambito dal pubblico nel periodo natalizio.\u00a0\u00ab<em>Non riesco a ricordare un Natale senza\u00a0<\/em>Lo schiaccianoci.\u00a0<em>La mia coreografia si ispira alle tradizionali e iconiche produzioni che ho danzato e ammirato ormai da pi\u00f9 di cinquant\u2019anni<\/em>\u00bb. Lo ha dichiarato Paul Chalmer, che a questo balletto \u00e8 legato dall\u2019infanzia: \u00e8 il primo che ha visto a teatro e il primo in cui ha danzato. Nella vicenda, che si svolge in un magico Natale in cui allo scoccare della mezzanotte sogni e desideri della giovane Clara prendono vita, gli aspetti pi\u00f9 oscuri e psicologici del racconto di E.T.A. Hoffmann, da cui \u00e8 tratto il balletto, lasciano spazio a un\u2019atmosfera incantata amata da adulti e bambini.\u00a0Nelle 14 recite in programma sono impegnati\u00a0<em>\u00e9toiles<\/em>, primi ballerini, solisti e Corpo di Ballo dell\u2019Opera di Roma, con la partecipazione degli allievi della Scuola di Danza diretta, come il Corpo di Ballo, da Eleonora Abbagnato. Attesi i due ospiti internazionali, Chloe Misseldine, prima ballerina dell\u2019American Ballet Theatre al debutto al Costanzi, e Jacopo Tissi, gi\u00e0 apprezzato su questo palcoscenico in\u00a0<em>Giselle<\/em>,\u00a0<em>Il Corsaro<\/em>\u00a0e\u00a0<em>La Bayad\u00e8re<\/em>. A loro sono affidati i ruoli principali della Fata Confetto e del suo Cavaliere nelle recite del 17, 19 e 20 (ore 20) dicembre. Con Misseldine si alternano l\u2019\u00e9toile Susanna Salvi (18, 21, 28, 31) e le prime ballerine Marianna Suriano (20 e 23 ore 15, 24, 30 ore 20) e Federica Maine (23 ore 20, 27, 30 ore 15); con Tissi i primi ballerini Michele Satriano (18, 21, 28, 31) e Claudio Cocino (24, 30 ore 20), il solista Giacomo Castellana (20 e 23 ore 15) e Mattia Tortora (23, 27, 30 ore 15). Clara \u00e8 interpretata dalle soliste Flavia Stocchi (17, 19, 20 e 23 ore 20, 27, 30 ore 15) e Marta Marigliani (18, 21, 24, 28, 30 ore 20, 31) che si alternano con Federica Azzone (20 e 23 ore 15); lo Schiaccianoci dall\u2019\u00e9toile Alessio Rezza (17, 19, 20 e 23 ore 20, 27, 30 ore 15), da Simone Agr\u00f2 (18, 20 ore 15, 23 ore 15, 28, 31), alla sua prima apparizione dopo la nomina a primo ballerino del 24 ottobre, e dal solista Walter Maimone (21, 24, 30 ore 20). Nel ruolo di Drosselmeyer tornano in scena il primo ballerino Claudio Cocino (17, 19, 20 ore 20, 23 ore 20, 27), il solista Giacomo Castellana (24, 30 ore 15 e ore 20) e Mattia Tortora (18, 21, 28, 31), che si alternano con Valerio Marisca (20 ore 15, 23 ore 15).\u00a0\u00a0<strong>Info:\u00a0<\/strong>operaroma.it<strong>Biglietti<\/strong>\u00a0in vendita sul sito\u00a0<a href=\"https:\/\/fondazioneteatrodelloperadirom.musvc2.net\/e\/tr?q=8%3dHfKcF%26I%3dC%26I%3dEdDd%261%3dXEdHeJ%26P%3dtQ5K5_Obxb_ZL_Mcza_WR_Obxb_YQR9T.zKqOlM1Jl.D6_Obxb_YQN2B5Om0zGu_Obxb_YQG1-PnCu8n8u8yJoF-J_Mcza_WR%26A%3dxP5SnW.zB5%26D5%3ddBcJ%26Q4%3dWLYFVDXKVDZDWI%26E%3dlAE0oep0n0ogl7KYq8reFbK8EYIcp0GdoaJXEbCbGXqfqaCCl76m8lD8IYHaDXCbDVIZ&amp;mupckp=mupAtu4m8OiX0wt\" target=\"_blank\" rel=\"noreferrer noopener\">https:\/\/www.operaroma.it\/spettacoli\/lo-schiaccianoci-9\/<\/a>\u00a0e al Botteghino dell\u2019Opera di Roma.<br>\u00a0<strong>10 dicembre 2025\u00a0TEATRO DELL\u2019OPERA DI ROMACosimo Manicone<\/strong> ufficio stampa<a href=\"mailto:cosimo.manicone@operaroma.it\" target=\"_blank\" rel=\"noreferrer noopener\">cosimo.manicone@operaroma.it<\/a>\u00a0\u00a0\u00a0<strong>DOPPIO SOGNO \u2013 STAGIONE 2025\/2026 DEL TEATRO DELL\u2019OPERA DI ROMA<\/strong>\u00a0<strong><em>Lo schiaccianoci<\/em><\/strong>Musica di<strong>\u00a0P\u00ebtr Il\u2019i\u010d \u010cajkovskij<\/strong>Balletto in un prologo e due atti da un racconto di\u00a0<strong>E.T.A. Hoffmann\u00a0<\/strong>Direttore\u00a0<strong>Nir Kabaretti e Carlo Donadio\u00a0<\/strong>(27, 28, 30, 31)Coreografia\u00a0<strong>Paul Chalmer\u00a0<\/strong>Scene\u00a0<strong>Andrea Miglio<\/strong>Costumi<strong>\u00a0Gianluca Falaschi<\/strong>Luci<strong>\u00a0Valerio Tiberi<\/strong>Video<strong>\u00a0Igor Renzetti e Lorenzo Bruno\u00a0\u00a0INTERPRETI PRINCIPALI<\/strong>\u00a0<strong>CLARA<\/strong>Flavia Stocchi 17, 19, 20 (ore 20), 23 (ore 20), 27, 30 (ore 15) \/Marta Marigliani 18, 21, 24, 28, 30 (ore 20), 31 \/Federica Azzone 20 (ore 15), 23 (ore 15)\u00a0<strong>SCHIACCIANOCI<\/strong>Alessio Rezza 17, 19, 20 (ore 20), 23 (ore 20), 27, 30 (ore 15) \/Simone Agr\u00f2 18, 20 (ore 15), 23 (ore 15), 28, 31 \/Walter Maimone 21, 24, 30 (ore 20)\u00a0<strong>DROSSELMEYER<\/strong>Claudio Cocino 17, 19, 20 (ore 20), 23 (ore 20), 27 \/Mattia Tortora 18, 21, 28, 31 \/Valerio Marisca 20 (ore 15), 23 (ore 15) \/Giacomo Castellana 24, 30 (ore 15 e ore 20)\u00a0<strong>FATA CONFETTO<\/strong>Chloe Misseldine 17, 19, 20 (ore 20) \/Susanna Salvi 18, 21, 28, 31 \/Marianna Suriano 20 (ore 15), 23 (ore 15), 24, 30 (ore 20) \/Federica Maine 23 (ore 20), 27, 30 (ore 15)\u00a0<strong>IL SUO CAVALIERE<\/strong>Jacopo Tissi 17, 19, 20 (ore 20) \/Michele Satriano 18, 21, 28, 31 \/Giacomo Castellana 20 (ore 15), 23 (ore 15) \/Mattia Tortora 23, 27, 30 (ore 15) \/Claudio Cocino 24, 30 (ore 20)<strong>\u00a0\u00a0Orchestra, \u00c9toiles, Primi Ballerini, Solisti e Corpo di Ballo del Teatro dell\u2019Opera di Romacon la partecipazione degli Allievi della Scuola di Danza del Teatro dell\u2019Opera di Roma\u00a0Allestimento Teatro dell\u2019Opera di Roma<\/strong>\u00a0<strong>TEATRO COSTANZIPrima rappresentazione<\/strong>\u00a0mercoled\u00ec 17 dicembre, ore 20<strong>Repliche<\/strong>gioved\u00ec 18 dicembre, ore 20venerd\u00ec 19 dicembre, ore 20sabato 20 dicembre, ore 15 e ore 20domenica 21 dicembre, ore 16.30marted\u00ec 23 dicembre, ore 15 e ore 20mercoled\u00ec 24 dicembre, ore 11sabato 27 dicembre, ore 18domenica 28 dicembre, ore 16.30marted\u00ec 30 dicembre, ore 15 e ore 20mercoled\u00ec 31 dicembre, ore 18<\/td><\/tr><\/tbody><\/table><\/figure>\n\n\n\n<figure class=\"wp-block-embed is-type-video is-provider-youtube wp-block-embed-youtube wp-embed-aspect-16-9 wp-has-aspect-ratio\"><div class=\"wp-block-embed__wrapper\">\n<iframe loading=\"lazy\" title=\"&#039;Lo schiaccianoci&#039; - intervista a Paul Chalmer\" width=\"500\" height=\"281\" src=\"https:\/\/www.youtube.com\/embed\/VEy16p-HxpM?feature=oembed\" frameborder=\"0\" allow=\"accelerometer; autoplay; clipboard-write; encrypted-media; gyroscope; picture-in-picture; web-share\" referrerpolicy=\"strict-origin-when-cross-origin\" allowfullscreen><\/iframe>\n<\/div><\/figure>\n\n\n\n<figure class=\"wp-block-table\"><table class=\"has-fixed-layout\"><tbody><tr><td><strong>Intervista al coreografo Paul Chalmer<\/strong><strong>video di Francesco Siciliano<\/strong><\/td><\/tr><\/tbody><\/table><\/figure>\n\n\n\n<figure class=\"wp-block-table\"><table class=\"has-fixed-layout\"><tbody><tr><td><img decoding=\"async\" src=\"https:\/\/fondazioneteatrodelloperadirom.img.musvc2.net\/static\/69084\/images\/2\/51111a50cb0b42a6bcd886505ddbf941.jpg\" width=\"300\" alt=\"Image\" height=\"auto\"><\/td><\/tr><\/tbody><\/table><\/figure>\n\n\n\n<p>foto<\/p>\n\n\n\n<figure class=\"wp-block-gallery has-nested-images columns-default is-cropped wp-block-gallery-1 is-layout-flex wp-block-gallery-is-layout-flex\">\n<figure class=\"wp-block-image size-large\"><a href=\"https:\/\/www.ecoitaliano.com.ar\/wp-content\/uploads\/2025\/12\/Jacopo-Tissi_ph-Vito-Lorusso_0201-col.jpg\"><img decoding=\"async\" width=\"683\" height=\"1024\" data-id=\"83206\" src=\"https:\/\/www.ecoitaliano.com.ar\/wp-content\/uploads\/2025\/12\/Jacopo-Tissi_ph-Vito-Lorusso_0201-col-683x1024.jpg\" alt=\"\" class=\"wp-image-83206\" srcset=\"https:\/\/www.ecoitaliano.com.ar\/wp-content\/uploads\/2025\/12\/Jacopo-Tissi_ph-Vito-Lorusso_0201-col-683x1024.jpg 683w, https:\/\/www.ecoitaliano.com.ar\/wp-content\/uploads\/2025\/12\/Jacopo-Tissi_ph-Vito-Lorusso_0201-col-200x300.jpg 200w, https:\/\/www.ecoitaliano.com.ar\/wp-content\/uploads\/2025\/12\/Jacopo-Tissi_ph-Vito-Lorusso_0201-col-768x1151.jpg 768w, https:\/\/www.ecoitaliano.com.ar\/wp-content\/uploads\/2025\/12\/Jacopo-Tissi_ph-Vito-Lorusso_0201-col-1025x1536.jpg 1025w, https:\/\/www.ecoitaliano.com.ar\/wp-content\/uploads\/2025\/12\/Jacopo-Tissi_ph-Vito-Lorusso_0201-col-1366x2048.jpg 1366w, https:\/\/www.ecoitaliano.com.ar\/wp-content\/uploads\/2025\/12\/Jacopo-Tissi_ph-Vito-Lorusso_0201-col-100x150.jpg 100w, https:\/\/www.ecoitaliano.com.ar\/wp-content\/uploads\/2025\/12\/Jacopo-Tissi_ph-Vito-Lorusso_0201-col.jpg 1708w\" sizes=\"(max-width: 683px) 100vw, 683px\" \/><\/a><\/figure>\n\n\n\n<figure class=\"wp-block-image size-large\"><a href=\"https:\/\/www.ecoitaliano.com.ar\/wp-content\/uploads\/2025\/12\/Lo-schiaccianoci-coreografia-di-Paul-Chalmer_ph-Fabrizio-Sansoni-Opera-di-Roma-2023_3783.jpg\"><img decoding=\"async\" width=\"1024\" height=\"684\" data-id=\"83207\" src=\"https:\/\/www.ecoitaliano.com.ar\/wp-content\/uploads\/2025\/12\/Lo-schiaccianoci-coreografia-di-Paul-Chalmer_ph-Fabrizio-Sansoni-Opera-di-Roma-2023_3783-1024x684.jpg\" alt=\"\" class=\"wp-image-83207\" srcset=\"https:\/\/www.ecoitaliano.com.ar\/wp-content\/uploads\/2025\/12\/Lo-schiaccianoci-coreografia-di-Paul-Chalmer_ph-Fabrizio-Sansoni-Opera-di-Roma-2023_3783-1024x684.jpg 1024w, https:\/\/www.ecoitaliano.com.ar\/wp-content\/uploads\/2025\/12\/Lo-schiaccianoci-coreografia-di-Paul-Chalmer_ph-Fabrizio-Sansoni-Opera-di-Roma-2023_3783-300x200.jpg 300w, https:\/\/www.ecoitaliano.com.ar\/wp-content\/uploads\/2025\/12\/Lo-schiaccianoci-coreografia-di-Paul-Chalmer_ph-Fabrizio-Sansoni-Opera-di-Roma-2023_3783-768x513.jpg 768w, https:\/\/www.ecoitaliano.com.ar\/wp-content\/uploads\/2025\/12\/Lo-schiaccianoci-coreografia-di-Paul-Chalmer_ph-Fabrizio-Sansoni-Opera-di-Roma-2023_3783-1536x1026.jpg 1536w, https:\/\/www.ecoitaliano.com.ar\/wp-content\/uploads\/2025\/12\/Lo-schiaccianoci-coreografia-di-Paul-Chalmer_ph-Fabrizio-Sansoni-Opera-di-Roma-2023_3783-150x100.jpg 150w, https:\/\/www.ecoitaliano.com.ar\/wp-content\/uploads\/2025\/12\/Lo-schiaccianoci-coreografia-di-Paul-Chalmer_ph-Fabrizio-Sansoni-Opera-di-Roma-2023_3783.jpg 1917w\" sizes=\"(max-width: 1024px) 100vw, 1024px\" \/><\/a><\/figure>\n\n\n\n<figure class=\"wp-block-image size-large\"><a href=\"https:\/\/www.ecoitaliano.com.ar\/wp-content\/uploads\/2025\/12\/Lo-schiaccianoci-coreografia-di-Paul-Chalmer_ph-Fabrizio-Sansoni-Opera-di-Roma-2023_3827.jpg\"><img decoding=\"async\" width=\"1024\" height=\"684\" data-id=\"83208\" src=\"https:\/\/www.ecoitaliano.com.ar\/wp-content\/uploads\/2025\/12\/Lo-schiaccianoci-coreografia-di-Paul-Chalmer_ph-Fabrizio-Sansoni-Opera-di-Roma-2023_3827-1024x684.jpg\" alt=\"\" class=\"wp-image-83208\" srcset=\"https:\/\/www.ecoitaliano.com.ar\/wp-content\/uploads\/2025\/12\/Lo-schiaccianoci-coreografia-di-Paul-Chalmer_ph-Fabrizio-Sansoni-Opera-di-Roma-2023_3827-1024x684.jpg 1024w, https:\/\/www.ecoitaliano.com.ar\/wp-content\/uploads\/2025\/12\/Lo-schiaccianoci-coreografia-di-Paul-Chalmer_ph-Fabrizio-Sansoni-Opera-di-Roma-2023_3827-300x200.jpg 300w, https:\/\/www.ecoitaliano.com.ar\/wp-content\/uploads\/2025\/12\/Lo-schiaccianoci-coreografia-di-Paul-Chalmer_ph-Fabrizio-Sansoni-Opera-di-Roma-2023_3827-768x513.jpg 768w, https:\/\/www.ecoitaliano.com.ar\/wp-content\/uploads\/2025\/12\/Lo-schiaccianoci-coreografia-di-Paul-Chalmer_ph-Fabrizio-Sansoni-Opera-di-Roma-2023_3827-1536x1026.jpg 1536w, https:\/\/www.ecoitaliano.com.ar\/wp-content\/uploads\/2025\/12\/Lo-schiaccianoci-coreografia-di-Paul-Chalmer_ph-Fabrizio-Sansoni-Opera-di-Roma-2023_3827-150x100.jpg 150w, https:\/\/www.ecoitaliano.com.ar\/wp-content\/uploads\/2025\/12\/Lo-schiaccianoci-coreografia-di-Paul-Chalmer_ph-Fabrizio-Sansoni-Opera-di-Roma-2023_3827.jpg 1917w\" sizes=\"(max-width: 1024px) 100vw, 1024px\" \/><\/a><\/figure>\n\n\n\n<figure class=\"wp-block-image size-large\"><a href=\"https:\/\/www.ecoitaliano.com.ar\/wp-content\/uploads\/2025\/12\/Lo-schiaccianoci-coreografia-di-Paul-Chalmer_ph-Fabrizio-Sansoni-Opera-Roma-2023_3305.jpg\"><img decoding=\"async\" width=\"1024\" height=\"681\" data-id=\"83209\" src=\"https:\/\/www.ecoitaliano.com.ar\/wp-content\/uploads\/2025\/12\/Lo-schiaccianoci-coreografia-di-Paul-Chalmer_ph-Fabrizio-Sansoni-Opera-Roma-2023_3305-1024x681.jpg\" alt=\"\" class=\"wp-image-83209\" srcset=\"https:\/\/www.ecoitaliano.com.ar\/wp-content\/uploads\/2025\/12\/Lo-schiaccianoci-coreografia-di-Paul-Chalmer_ph-Fabrizio-Sansoni-Opera-Roma-2023_3305-1024x681.jpg 1024w, https:\/\/www.ecoitaliano.com.ar\/wp-content\/uploads\/2025\/12\/Lo-schiaccianoci-coreografia-di-Paul-Chalmer_ph-Fabrizio-Sansoni-Opera-Roma-2023_3305-300x200.jpg 300w, https:\/\/www.ecoitaliano.com.ar\/wp-content\/uploads\/2025\/12\/Lo-schiaccianoci-coreografia-di-Paul-Chalmer_ph-Fabrizio-Sansoni-Opera-Roma-2023_3305-768x511.jpg 768w, https:\/\/www.ecoitaliano.com.ar\/wp-content\/uploads\/2025\/12\/Lo-schiaccianoci-coreografia-di-Paul-Chalmer_ph-Fabrizio-Sansoni-Opera-Roma-2023_3305-1536x1022.jpg 1536w, https:\/\/www.ecoitaliano.com.ar\/wp-content\/uploads\/2025\/12\/Lo-schiaccianoci-coreografia-di-Paul-Chalmer_ph-Fabrizio-Sansoni-Opera-Roma-2023_3305-150x100.jpg 150w, https:\/\/www.ecoitaliano.com.ar\/wp-content\/uploads\/2025\/12\/Lo-schiaccianoci-coreografia-di-Paul-Chalmer_ph-Fabrizio-Sansoni-Opera-Roma-2023_3305.jpg 1920w\" sizes=\"(max-width: 1024px) 100vw, 1024px\" \/><\/a><\/figure>\n\n\n\n<figure class=\"wp-block-image size-large\"><a href=\"https:\/\/www.ecoitaliano.com.ar\/wp-content\/uploads\/2025\/12\/Lo-schiaccianoci-coreografia-di-Paul-Chalmer_ph-Fabrizio-Sansoni-Teatro-dell_Opera-di-Roma-2023_3947.jpg\"><img decoding=\"async\" width=\"1024\" height=\"681\" data-id=\"83210\" src=\"https:\/\/www.ecoitaliano.com.ar\/wp-content\/uploads\/2025\/12\/Lo-schiaccianoci-coreografia-di-Paul-Chalmer_ph-Fabrizio-Sansoni-Teatro-dell_Opera-di-Roma-2023_3947-1024x681.jpg\" alt=\"\" class=\"wp-image-83210\" srcset=\"https:\/\/www.ecoitaliano.com.ar\/wp-content\/uploads\/2025\/12\/Lo-schiaccianoci-coreografia-di-Paul-Chalmer_ph-Fabrizio-Sansoni-Teatro-dell_Opera-di-Roma-2023_3947-1024x681.jpg 1024w, https:\/\/www.ecoitaliano.com.ar\/wp-content\/uploads\/2025\/12\/Lo-schiaccianoci-coreografia-di-Paul-Chalmer_ph-Fabrizio-Sansoni-Teatro-dell_Opera-di-Roma-2023_3947-300x200.jpg 300w, https:\/\/www.ecoitaliano.com.ar\/wp-content\/uploads\/2025\/12\/Lo-schiaccianoci-coreografia-di-Paul-Chalmer_ph-Fabrizio-Sansoni-Teatro-dell_Opera-di-Roma-2023_3947-768x511.jpg 768w, https:\/\/www.ecoitaliano.com.ar\/wp-content\/uploads\/2025\/12\/Lo-schiaccianoci-coreografia-di-Paul-Chalmer_ph-Fabrizio-Sansoni-Teatro-dell_Opera-di-Roma-2023_3947-1536x1022.jpg 1536w, https:\/\/www.ecoitaliano.com.ar\/wp-content\/uploads\/2025\/12\/Lo-schiaccianoci-coreografia-di-Paul-Chalmer_ph-Fabrizio-Sansoni-Teatro-dell_Opera-di-Roma-2023_3947-150x100.jpg 150w, https:\/\/www.ecoitaliano.com.ar\/wp-content\/uploads\/2025\/12\/Lo-schiaccianoci-coreografia-di-Paul-Chalmer_ph-Fabrizio-Sansoni-Teatro-dell_Opera-di-Roma-2023_3947.jpg 1920w\" sizes=\"(max-width: 1024px) 100vw, 1024px\" \/><\/a><\/figure>\n\n\n\n<figure class=\"wp-block-image size-large\"><a href=\"https:\/\/www.ecoitaliano.com.ar\/wp-content\/uploads\/2025\/12\/Lo-schiaccianoci_Federica-Maine-Fata-Confetto-con-le-tre-scimmie_ph-Fabrizio-Sansoni-Teatro-dell_Opera-di-Roma-2023_4208.jpg\"><img decoding=\"async\" width=\"1024\" height=\"681\" data-id=\"83211\" src=\"https:\/\/www.ecoitaliano.com.ar\/wp-content\/uploads\/2025\/12\/Lo-schiaccianoci_Federica-Maine-Fata-Confetto-con-le-tre-scimmie_ph-Fabrizio-Sansoni-Teatro-dell_Opera-di-Roma-2023_4208-1024x681.jpg\" alt=\"\" class=\"wp-image-83211\" srcset=\"https:\/\/www.ecoitaliano.com.ar\/wp-content\/uploads\/2025\/12\/Lo-schiaccianoci_Federica-Maine-Fata-Confetto-con-le-tre-scimmie_ph-Fabrizio-Sansoni-Teatro-dell_Opera-di-Roma-2023_4208-1024x681.jpg 1024w, https:\/\/www.ecoitaliano.com.ar\/wp-content\/uploads\/2025\/12\/Lo-schiaccianoci_Federica-Maine-Fata-Confetto-con-le-tre-scimmie_ph-Fabrizio-Sansoni-Teatro-dell_Opera-di-Roma-2023_4208-300x200.jpg 300w, https:\/\/www.ecoitaliano.com.ar\/wp-content\/uploads\/2025\/12\/Lo-schiaccianoci_Federica-Maine-Fata-Confetto-con-le-tre-scimmie_ph-Fabrizio-Sansoni-Teatro-dell_Opera-di-Roma-2023_4208-768x511.jpg 768w, https:\/\/www.ecoitaliano.com.ar\/wp-content\/uploads\/2025\/12\/Lo-schiaccianoci_Federica-Maine-Fata-Confetto-con-le-tre-scimmie_ph-Fabrizio-Sansoni-Teatro-dell_Opera-di-Roma-2023_4208-1536x1022.jpg 1536w, https:\/\/www.ecoitaliano.com.ar\/wp-content\/uploads\/2025\/12\/Lo-schiaccianoci_Federica-Maine-Fata-Confetto-con-le-tre-scimmie_ph-Fabrizio-Sansoni-Teatro-dell_Opera-di-Roma-2023_4208-150x100.jpg 150w, https:\/\/www.ecoitaliano.com.ar\/wp-content\/uploads\/2025\/12\/Lo-schiaccianoci_Federica-Maine-Fata-Confetto-con-le-tre-scimmie_ph-Fabrizio-Sansoni-Teatro-dell_Opera-di-Roma-2023_4208.jpg 1920w\" sizes=\"(max-width: 1024px) 100vw, 1024px\" \/><\/a><\/figure>\n\n\n\n<figure class=\"wp-block-image size-large\"><a href=\"https:\/\/www.ecoitaliano.com.ar\/wp-content\/uploads\/2025\/12\/Lo-schiaccianoci_Federica-Maine-Fata-Confetto-Mattia-Tortora-Cavaliere_ph-Fabrizio-Sansoni-Teatro-dell_Opera-di-Roma-2023_4489.jpg\"><img decoding=\"async\" width=\"1024\" height=\"681\" data-id=\"83212\" src=\"https:\/\/www.ecoitaliano.com.ar\/wp-content\/uploads\/2025\/12\/Lo-schiaccianoci_Federica-Maine-Fata-Confetto-Mattia-Tortora-Cavaliere_ph-Fabrizio-Sansoni-Teatro-dell_Opera-di-Roma-2023_4489-1024x681.jpg\" alt=\"\" class=\"wp-image-83212\" srcset=\"https:\/\/www.ecoitaliano.com.ar\/wp-content\/uploads\/2025\/12\/Lo-schiaccianoci_Federica-Maine-Fata-Confetto-Mattia-Tortora-Cavaliere_ph-Fabrizio-Sansoni-Teatro-dell_Opera-di-Roma-2023_4489-1024x681.jpg 1024w, https:\/\/www.ecoitaliano.com.ar\/wp-content\/uploads\/2025\/12\/Lo-schiaccianoci_Federica-Maine-Fata-Confetto-Mattia-Tortora-Cavaliere_ph-Fabrizio-Sansoni-Teatro-dell_Opera-di-Roma-2023_4489-300x200.jpg 300w, https:\/\/www.ecoitaliano.com.ar\/wp-content\/uploads\/2025\/12\/Lo-schiaccianoci_Federica-Maine-Fata-Confetto-Mattia-Tortora-Cavaliere_ph-Fabrizio-Sansoni-Teatro-dell_Opera-di-Roma-2023_4489-768x511.jpg 768w, https:\/\/www.ecoitaliano.com.ar\/wp-content\/uploads\/2025\/12\/Lo-schiaccianoci_Federica-Maine-Fata-Confetto-Mattia-Tortora-Cavaliere_ph-Fabrizio-Sansoni-Teatro-dell_Opera-di-Roma-2023_4489-1536x1022.jpg 1536w, https:\/\/www.ecoitaliano.com.ar\/wp-content\/uploads\/2025\/12\/Lo-schiaccianoci_Federica-Maine-Fata-Confetto-Mattia-Tortora-Cavaliere_ph-Fabrizio-Sansoni-Teatro-dell_Opera-di-Roma-2023_4489-150x100.jpg 150w, https:\/\/www.ecoitaliano.com.ar\/wp-content\/uploads\/2025\/12\/Lo-schiaccianoci_Federica-Maine-Fata-Confetto-Mattia-Tortora-Cavaliere_ph-Fabrizio-Sansoni-Teatro-dell_Opera-di-Roma-2023_4489.jpg 1920w\" sizes=\"(max-width: 1024px) 100vw, 1024px\" \/><\/a><\/figure>\n\n\n\n<figure class=\"wp-block-image size-large\"><a href=\"https:\/\/www.ecoitaliano.com.ar\/wp-content\/uploads\/2025\/12\/Lo-schiaccianoci_Federica-Maine-Fata-Confetto-Mattia-Tortora-suo-Cavaliere_ph-Fabrizio-Sansoni-Teatro-dell_Opera-di-Roma-2023_4466.jpg\"><img decoding=\"async\" width=\"1024\" height=\"681\" data-id=\"83213\" src=\"https:\/\/www.ecoitaliano.com.ar\/wp-content\/uploads\/2025\/12\/Lo-schiaccianoci_Federica-Maine-Fata-Confetto-Mattia-Tortora-suo-Cavaliere_ph-Fabrizio-Sansoni-Teatro-dell_Opera-di-Roma-2023_4466-1024x681.jpg\" alt=\"\" class=\"wp-image-83213\" srcset=\"https:\/\/www.ecoitaliano.com.ar\/wp-content\/uploads\/2025\/12\/Lo-schiaccianoci_Federica-Maine-Fata-Confetto-Mattia-Tortora-suo-Cavaliere_ph-Fabrizio-Sansoni-Teatro-dell_Opera-di-Roma-2023_4466-1024x681.jpg 1024w, https:\/\/www.ecoitaliano.com.ar\/wp-content\/uploads\/2025\/12\/Lo-schiaccianoci_Federica-Maine-Fata-Confetto-Mattia-Tortora-suo-Cavaliere_ph-Fabrizio-Sansoni-Teatro-dell_Opera-di-Roma-2023_4466-300x200.jpg 300w, https:\/\/www.ecoitaliano.com.ar\/wp-content\/uploads\/2025\/12\/Lo-schiaccianoci_Federica-Maine-Fata-Confetto-Mattia-Tortora-suo-Cavaliere_ph-Fabrizio-Sansoni-Teatro-dell_Opera-di-Roma-2023_4466-768x511.jpg 768w, https:\/\/www.ecoitaliano.com.ar\/wp-content\/uploads\/2025\/12\/Lo-schiaccianoci_Federica-Maine-Fata-Confetto-Mattia-Tortora-suo-Cavaliere_ph-Fabrizio-Sansoni-Teatro-dell_Opera-di-Roma-2023_4466-1536x1022.jpg 1536w, https:\/\/www.ecoitaliano.com.ar\/wp-content\/uploads\/2025\/12\/Lo-schiaccianoci_Federica-Maine-Fata-Confetto-Mattia-Tortora-suo-Cavaliere_ph-Fabrizio-Sansoni-Teatro-dell_Opera-di-Roma-2023_4466-150x100.jpg 150w, https:\/\/www.ecoitaliano.com.ar\/wp-content\/uploads\/2025\/12\/Lo-schiaccianoci_Federica-Maine-Fata-Confetto-Mattia-Tortora-suo-Cavaliere_ph-Fabrizio-Sansoni-Teatro-dell_Opera-di-Roma-2023_4466.jpg 1920w\" sizes=\"(max-width: 1024px) 100vw, 1024px\" \/><\/a><\/figure>\n\n\n\n<figure class=\"wp-block-image size-large\"><a href=\"https:\/\/www.ecoitaliano.com.ar\/wp-content\/uploads\/2025\/12\/Lo-schiaccianoci_Federica-Maine-Fata-Confetto-Mattia-Tortora-suo-Cavaliere_ph-Fabrizio-Sansoni-Teatro-dell_Opera-di-Roma-2023_4482.jpg\"><img decoding=\"async\" width=\"1024\" height=\"681\" data-id=\"83214\" src=\"https:\/\/www.ecoitaliano.com.ar\/wp-content\/uploads\/2025\/12\/Lo-schiaccianoci_Federica-Maine-Fata-Confetto-Mattia-Tortora-suo-Cavaliere_ph-Fabrizio-Sansoni-Teatro-dell_Opera-di-Roma-2023_4482-1024x681.jpg\" alt=\"\" class=\"wp-image-83214\" srcset=\"https:\/\/www.ecoitaliano.com.ar\/wp-content\/uploads\/2025\/12\/Lo-schiaccianoci_Federica-Maine-Fata-Confetto-Mattia-Tortora-suo-Cavaliere_ph-Fabrizio-Sansoni-Teatro-dell_Opera-di-Roma-2023_4482-1024x681.jpg 1024w, https:\/\/www.ecoitaliano.com.ar\/wp-content\/uploads\/2025\/12\/Lo-schiaccianoci_Federica-Maine-Fata-Confetto-Mattia-Tortora-suo-Cavaliere_ph-Fabrizio-Sansoni-Teatro-dell_Opera-di-Roma-2023_4482-300x200.jpg 300w, https:\/\/www.ecoitaliano.com.ar\/wp-content\/uploads\/2025\/12\/Lo-schiaccianoci_Federica-Maine-Fata-Confetto-Mattia-Tortora-suo-Cavaliere_ph-Fabrizio-Sansoni-Teatro-dell_Opera-di-Roma-2023_4482-768x511.jpg 768w, https:\/\/www.ecoitaliano.com.ar\/wp-content\/uploads\/2025\/12\/Lo-schiaccianoci_Federica-Maine-Fata-Confetto-Mattia-Tortora-suo-Cavaliere_ph-Fabrizio-Sansoni-Teatro-dell_Opera-di-Roma-2023_4482-1536x1022.jpg 1536w, https:\/\/www.ecoitaliano.com.ar\/wp-content\/uploads\/2025\/12\/Lo-schiaccianoci_Federica-Maine-Fata-Confetto-Mattia-Tortora-suo-Cavaliere_ph-Fabrizio-Sansoni-Teatro-dell_Opera-di-Roma-2023_4482-150x100.jpg 150w, https:\/\/www.ecoitaliano.com.ar\/wp-content\/uploads\/2025\/12\/Lo-schiaccianoci_Federica-Maine-Fata-Confetto-Mattia-Tortora-suo-Cavaliere_ph-Fabrizio-Sansoni-Teatro-dell_Opera-di-Roma-2023_4482.jpg 1920w\" sizes=\"(max-width: 1024px) 100vw, 1024px\" \/><\/a><\/figure>\n\n\n\n<figure class=\"wp-block-image size-large\"><a href=\"https:\/\/www.ecoitaliano.com.ar\/wp-content\/uploads\/2025\/12\/Lo-schiaccianoci_Federica-Maine-Fata-Confetto-Mattia-Tortora-suo-Cavaliere_ph-Fabrizio-Sansoni-Teatro-dell_Opera-di-Roma-2023_4492.jpg\"><img decoding=\"async\" width=\"1024\" height=\"681\" data-id=\"83215\" src=\"https:\/\/www.ecoitaliano.com.ar\/wp-content\/uploads\/2025\/12\/Lo-schiaccianoci_Federica-Maine-Fata-Confetto-Mattia-Tortora-suo-Cavaliere_ph-Fabrizio-Sansoni-Teatro-dell_Opera-di-Roma-2023_4492-1024x681.jpg\" alt=\"\" class=\"wp-image-83215\" srcset=\"https:\/\/www.ecoitaliano.com.ar\/wp-content\/uploads\/2025\/12\/Lo-schiaccianoci_Federica-Maine-Fata-Confetto-Mattia-Tortora-suo-Cavaliere_ph-Fabrizio-Sansoni-Teatro-dell_Opera-di-Roma-2023_4492-1024x681.jpg 1024w, https:\/\/www.ecoitaliano.com.ar\/wp-content\/uploads\/2025\/12\/Lo-schiaccianoci_Federica-Maine-Fata-Confetto-Mattia-Tortora-suo-Cavaliere_ph-Fabrizio-Sansoni-Teatro-dell_Opera-di-Roma-2023_4492-300x200.jpg 300w, https:\/\/www.ecoitaliano.com.ar\/wp-content\/uploads\/2025\/12\/Lo-schiaccianoci_Federica-Maine-Fata-Confetto-Mattia-Tortora-suo-Cavaliere_ph-Fabrizio-Sansoni-Teatro-dell_Opera-di-Roma-2023_4492-768x511.jpg 768w, https:\/\/www.ecoitaliano.com.ar\/wp-content\/uploads\/2025\/12\/Lo-schiaccianoci_Federica-Maine-Fata-Confetto-Mattia-Tortora-suo-Cavaliere_ph-Fabrizio-Sansoni-Teatro-dell_Opera-di-Roma-2023_4492-1536x1022.jpg 1536w, https:\/\/www.ecoitaliano.com.ar\/wp-content\/uploads\/2025\/12\/Lo-schiaccianoci_Federica-Maine-Fata-Confetto-Mattia-Tortora-suo-Cavaliere_ph-Fabrizio-Sansoni-Teatro-dell_Opera-di-Roma-2023_4492-150x100.jpg 150w, https:\/\/www.ecoitaliano.com.ar\/wp-content\/uploads\/2025\/12\/Lo-schiaccianoci_Federica-Maine-Fata-Confetto-Mattia-Tortora-suo-Cavaliere_ph-Fabrizio-Sansoni-Teatro-dell_Opera-di-Roma-2023_4492.jpg 1920w\" sizes=\"(max-width: 1024px) 100vw, 1024px\" \/><\/a><\/figure>\n\n\n\n<figure class=\"wp-block-image size-large\"><a href=\"https:\/\/www.ecoitaliano.com.ar\/wp-content\/uploads\/2025\/12\/Lo-schiaccianoci_Ficocchi-di-neve_ph-Fabrizio-Sansoni-Opera-di-Roma-2023_5099.jpg\"><img decoding=\"async\" width=\"1024\" height=\"681\" data-id=\"83216\" src=\"https:\/\/www.ecoitaliano.com.ar\/wp-content\/uploads\/2025\/12\/Lo-schiaccianoci_Ficocchi-di-neve_ph-Fabrizio-Sansoni-Opera-di-Roma-2023_5099-1024x681.jpg\" alt=\"\" class=\"wp-image-83216\" srcset=\"https:\/\/www.ecoitaliano.com.ar\/wp-content\/uploads\/2025\/12\/Lo-schiaccianoci_Ficocchi-di-neve_ph-Fabrizio-Sansoni-Opera-di-Roma-2023_5099-1024x681.jpg 1024w, https:\/\/www.ecoitaliano.com.ar\/wp-content\/uploads\/2025\/12\/Lo-schiaccianoci_Ficocchi-di-neve_ph-Fabrizio-Sansoni-Opera-di-Roma-2023_5099-300x200.jpg 300w, https:\/\/www.ecoitaliano.com.ar\/wp-content\/uploads\/2025\/12\/Lo-schiaccianoci_Ficocchi-di-neve_ph-Fabrizio-Sansoni-Opera-di-Roma-2023_5099-768x511.jpg 768w, https:\/\/www.ecoitaliano.com.ar\/wp-content\/uploads\/2025\/12\/Lo-schiaccianoci_Ficocchi-di-neve_ph-Fabrizio-Sansoni-Opera-di-Roma-2023_5099-1536x1022.jpg 1536w, https:\/\/www.ecoitaliano.com.ar\/wp-content\/uploads\/2025\/12\/Lo-schiaccianoci_Ficocchi-di-neve_ph-Fabrizio-Sansoni-Opera-di-Roma-2023_5099-150x100.jpg 150w, https:\/\/www.ecoitaliano.com.ar\/wp-content\/uploads\/2025\/12\/Lo-schiaccianoci_Ficocchi-di-neve_ph-Fabrizio-Sansoni-Opera-di-Roma-2023_5099.jpg 1920w\" sizes=\"(max-width: 1024px) 100vw, 1024px\" \/><\/a><\/figure>\n\n\n\n<figure class=\"wp-block-image size-large\"><a href=\"https:\/\/www.ecoitaliano.com.ar\/wp-content\/uploads\/2025\/12\/Lo-schiaccianoci_ph-Fabrizio-Sansoni-Opera-di-Roma-2023_5892.jpg\"><img decoding=\"async\" width=\"1024\" height=\"681\" data-id=\"83217\" src=\"https:\/\/www.ecoitaliano.com.ar\/wp-content\/uploads\/2025\/12\/Lo-schiaccianoci_ph-Fabrizio-Sansoni-Opera-di-Roma-2023_5892-1024x681.jpg\" alt=\"\" class=\"wp-image-83217\" srcset=\"https:\/\/www.ecoitaliano.com.ar\/wp-content\/uploads\/2025\/12\/Lo-schiaccianoci_ph-Fabrizio-Sansoni-Opera-di-Roma-2023_5892-1024x681.jpg 1024w, https:\/\/www.ecoitaliano.com.ar\/wp-content\/uploads\/2025\/12\/Lo-schiaccianoci_ph-Fabrizio-Sansoni-Opera-di-Roma-2023_5892-300x200.jpg 300w, https:\/\/www.ecoitaliano.com.ar\/wp-content\/uploads\/2025\/12\/Lo-schiaccianoci_ph-Fabrizio-Sansoni-Opera-di-Roma-2023_5892-768x511.jpg 768w, https:\/\/www.ecoitaliano.com.ar\/wp-content\/uploads\/2025\/12\/Lo-schiaccianoci_ph-Fabrizio-Sansoni-Opera-di-Roma-2023_5892-1536x1022.jpg 1536w, https:\/\/www.ecoitaliano.com.ar\/wp-content\/uploads\/2025\/12\/Lo-schiaccianoci_ph-Fabrizio-Sansoni-Opera-di-Roma-2023_5892-150x100.jpg 150w, https:\/\/www.ecoitaliano.com.ar\/wp-content\/uploads\/2025\/12\/Lo-schiaccianoci_ph-Fabrizio-Sansoni-Opera-di-Roma-2023_5892.jpg 1920w\" sizes=\"(max-width: 1024px) 100vw, 1024px\" \/><\/a><\/figure>\n\n\n\n<figure class=\"wp-block-image size-large\"><a href=\"https:\/\/www.ecoitaliano.com.ar\/wp-content\/uploads\/2025\/12\/Lo-schiaccianoci_ph-Fabrizio-Sansoni-Opera-di-Roma-2023_6401.jpg\"><img decoding=\"async\" width=\"1024\" height=\"681\" data-id=\"83218\" src=\"https:\/\/www.ecoitaliano.com.ar\/wp-content\/uploads\/2025\/12\/Lo-schiaccianoci_ph-Fabrizio-Sansoni-Opera-di-Roma-2023_6401-1024x681.jpg\" alt=\"\" class=\"wp-image-83218\" srcset=\"https:\/\/www.ecoitaliano.com.ar\/wp-content\/uploads\/2025\/12\/Lo-schiaccianoci_ph-Fabrizio-Sansoni-Opera-di-Roma-2023_6401-1024x681.jpg 1024w, https:\/\/www.ecoitaliano.com.ar\/wp-content\/uploads\/2025\/12\/Lo-schiaccianoci_ph-Fabrizio-Sansoni-Opera-di-Roma-2023_6401-300x200.jpg 300w, https:\/\/www.ecoitaliano.com.ar\/wp-content\/uploads\/2025\/12\/Lo-schiaccianoci_ph-Fabrizio-Sansoni-Opera-di-Roma-2023_6401-768x511.jpg 768w, https:\/\/www.ecoitaliano.com.ar\/wp-content\/uploads\/2025\/12\/Lo-schiaccianoci_ph-Fabrizio-Sansoni-Opera-di-Roma-2023_6401-1536x1022.jpg 1536w, https:\/\/www.ecoitaliano.com.ar\/wp-content\/uploads\/2025\/12\/Lo-schiaccianoci_ph-Fabrizio-Sansoni-Opera-di-Roma-2023_6401-150x100.jpg 150w, https:\/\/www.ecoitaliano.com.ar\/wp-content\/uploads\/2025\/12\/Lo-schiaccianoci_ph-Fabrizio-Sansoni-Opera-di-Roma-2023_6401.jpg 1920w\" sizes=\"(max-width: 1024px) 100vw, 1024px\" \/><\/a><\/figure>\n\n\n\n<figure class=\"wp-block-image size-large\"><a href=\"https:\/\/www.ecoitaliano.com.ar\/wp-content\/uploads\/2025\/12\/Lo-schiaccianoci_ph-Fabrizio-Sansoni-Opera-di-Roma-2023_6551.jpg\"><img decoding=\"async\" width=\"1024\" height=\"681\" data-id=\"83219\" src=\"https:\/\/www.ecoitaliano.com.ar\/wp-content\/uploads\/2025\/12\/Lo-schiaccianoci_ph-Fabrizio-Sansoni-Opera-di-Roma-2023_6551-1024x681.jpg\" alt=\"\" class=\"wp-image-83219\" srcset=\"https:\/\/www.ecoitaliano.com.ar\/wp-content\/uploads\/2025\/12\/Lo-schiaccianoci_ph-Fabrizio-Sansoni-Opera-di-Roma-2023_6551-1024x681.jpg 1024w, https:\/\/www.ecoitaliano.com.ar\/wp-content\/uploads\/2025\/12\/Lo-schiaccianoci_ph-Fabrizio-Sansoni-Opera-di-Roma-2023_6551-300x200.jpg 300w, https:\/\/www.ecoitaliano.com.ar\/wp-content\/uploads\/2025\/12\/Lo-schiaccianoci_ph-Fabrizio-Sansoni-Opera-di-Roma-2023_6551-768x511.jpg 768w, https:\/\/www.ecoitaliano.com.ar\/wp-content\/uploads\/2025\/12\/Lo-schiaccianoci_ph-Fabrizio-Sansoni-Opera-di-Roma-2023_6551-1536x1022.jpg 1536w, https:\/\/www.ecoitaliano.com.ar\/wp-content\/uploads\/2025\/12\/Lo-schiaccianoci_ph-Fabrizio-Sansoni-Opera-di-Roma-2023_6551-150x100.jpg 150w, https:\/\/www.ecoitaliano.com.ar\/wp-content\/uploads\/2025\/12\/Lo-schiaccianoci_ph-Fabrizio-Sansoni-Opera-di-Roma-2023_6551.jpg 1920w\" sizes=\"(max-width: 1024px) 100vw, 1024px\" \/><\/a><\/figure>\n\n\n\n<figure class=\"wp-block-image size-large\"><a href=\"https:\/\/www.ecoitaliano.com.ar\/wp-content\/uploads\/2025\/12\/Lo-schiaccianoci_ph-Fabrizio-Sansoni-Opera-di-Roma-2023_6566.jpg\"><img decoding=\"async\" width=\"1024\" height=\"681\" data-id=\"83220\" src=\"https:\/\/www.ecoitaliano.com.ar\/wp-content\/uploads\/2025\/12\/Lo-schiaccianoci_ph-Fabrizio-Sansoni-Opera-di-Roma-2023_6566-1024x681.jpg\" alt=\"\" class=\"wp-image-83220\" srcset=\"https:\/\/www.ecoitaliano.com.ar\/wp-content\/uploads\/2025\/12\/Lo-schiaccianoci_ph-Fabrizio-Sansoni-Opera-di-Roma-2023_6566-1024x681.jpg 1024w, https:\/\/www.ecoitaliano.com.ar\/wp-content\/uploads\/2025\/12\/Lo-schiaccianoci_ph-Fabrizio-Sansoni-Opera-di-Roma-2023_6566-300x200.jpg 300w, https:\/\/www.ecoitaliano.com.ar\/wp-content\/uploads\/2025\/12\/Lo-schiaccianoci_ph-Fabrizio-Sansoni-Opera-di-Roma-2023_6566-768x511.jpg 768w, https:\/\/www.ecoitaliano.com.ar\/wp-content\/uploads\/2025\/12\/Lo-schiaccianoci_ph-Fabrizio-Sansoni-Opera-di-Roma-2023_6566-1536x1022.jpg 1536w, https:\/\/www.ecoitaliano.com.ar\/wp-content\/uploads\/2025\/12\/Lo-schiaccianoci_ph-Fabrizio-Sansoni-Opera-di-Roma-2023_6566-150x100.jpg 150w, https:\/\/www.ecoitaliano.com.ar\/wp-content\/uploads\/2025\/12\/Lo-schiaccianoci_ph-Fabrizio-Sansoni-Opera-di-Roma-2023_6566.jpg 1920w\" sizes=\"(max-width: 1024px) 100vw, 1024px\" \/><\/a><\/figure>\n\n\n\n<figure class=\"wp-block-image size-large\"><a href=\"https:\/\/www.ecoitaliano.com.ar\/wp-content\/uploads\/2025\/12\/Lo-schiaccianoci_ph-Fabrizio-Sansoni-Opera-di-Roma-2023_6674.jpg\"><img decoding=\"async\" width=\"1024\" height=\"681\" data-id=\"83221\" src=\"https:\/\/www.ecoitaliano.com.ar\/wp-content\/uploads\/2025\/12\/Lo-schiaccianoci_ph-Fabrizio-Sansoni-Opera-di-Roma-2023_6674-1024x681.jpg\" alt=\"\" class=\"wp-image-83221\" srcset=\"https:\/\/www.ecoitaliano.com.ar\/wp-content\/uploads\/2025\/12\/Lo-schiaccianoci_ph-Fabrizio-Sansoni-Opera-di-Roma-2023_6674-1024x681.jpg 1024w, https:\/\/www.ecoitaliano.com.ar\/wp-content\/uploads\/2025\/12\/Lo-schiaccianoci_ph-Fabrizio-Sansoni-Opera-di-Roma-2023_6674-300x200.jpg 300w, https:\/\/www.ecoitaliano.com.ar\/wp-content\/uploads\/2025\/12\/Lo-schiaccianoci_ph-Fabrizio-Sansoni-Opera-di-Roma-2023_6674-768x511.jpg 768w, https:\/\/www.ecoitaliano.com.ar\/wp-content\/uploads\/2025\/12\/Lo-schiaccianoci_ph-Fabrizio-Sansoni-Opera-di-Roma-2023_6674-1536x1022.jpg 1536w, https:\/\/www.ecoitaliano.com.ar\/wp-content\/uploads\/2025\/12\/Lo-schiaccianoci_ph-Fabrizio-Sansoni-Opera-di-Roma-2023_6674-150x100.jpg 150w, https:\/\/www.ecoitaliano.com.ar\/wp-content\/uploads\/2025\/12\/Lo-schiaccianoci_ph-Fabrizio-Sansoni-Opera-di-Roma-2023_6674.jpg 1920w\" sizes=\"(max-width: 1024px) 100vw, 1024px\" \/><\/a><\/figure>\n\n\n\n<figure class=\"wp-block-image size-large\"><a href=\"https:\/\/www.ecoitaliano.com.ar\/wp-content\/uploads\/2025\/12\/Lo-schiaccianoci_ph-Fabrizio-Sansoni-Opera-di-Roma-2023_6680.jpg\"><img decoding=\"async\" width=\"1024\" height=\"681\" data-id=\"83222\" src=\"https:\/\/www.ecoitaliano.com.ar\/wp-content\/uploads\/2025\/12\/Lo-schiaccianoci_ph-Fabrizio-Sansoni-Opera-di-Roma-2023_6680-1024x681.jpg\" alt=\"\" class=\"wp-image-83222\" srcset=\"https:\/\/www.ecoitaliano.com.ar\/wp-content\/uploads\/2025\/12\/Lo-schiaccianoci_ph-Fabrizio-Sansoni-Opera-di-Roma-2023_6680-1024x681.jpg 1024w, https:\/\/www.ecoitaliano.com.ar\/wp-content\/uploads\/2025\/12\/Lo-schiaccianoci_ph-Fabrizio-Sansoni-Opera-di-Roma-2023_6680-300x200.jpg 300w, https:\/\/www.ecoitaliano.com.ar\/wp-content\/uploads\/2025\/12\/Lo-schiaccianoci_ph-Fabrizio-Sansoni-Opera-di-Roma-2023_6680-768x511.jpg 768w, https:\/\/www.ecoitaliano.com.ar\/wp-content\/uploads\/2025\/12\/Lo-schiaccianoci_ph-Fabrizio-Sansoni-Opera-di-Roma-2023_6680-1536x1022.jpg 1536w, https:\/\/www.ecoitaliano.com.ar\/wp-content\/uploads\/2025\/12\/Lo-schiaccianoci_ph-Fabrizio-Sansoni-Opera-di-Roma-2023_6680-150x100.jpg 150w, https:\/\/www.ecoitaliano.com.ar\/wp-content\/uploads\/2025\/12\/Lo-schiaccianoci_ph-Fabrizio-Sansoni-Opera-di-Roma-2023_6680.jpg 1920w\" sizes=\"(max-width: 1024px) 100vw, 1024px\" \/><\/a><\/figure>\n\n\n\n<figure class=\"wp-block-image size-large\"><a href=\"https:\/\/www.ecoitaliano.com.ar\/wp-content\/uploads\/2025\/12\/Lo-schiaccianoci_ph-Fabrizio-Sansoni-Opera-di-Roma-2023_6722.jpg\"><img decoding=\"async\" width=\"1024\" height=\"681\" data-id=\"83223\" src=\"https:\/\/www.ecoitaliano.com.ar\/wp-content\/uploads\/2025\/12\/Lo-schiaccianoci_ph-Fabrizio-Sansoni-Opera-di-Roma-2023_6722-1024x681.jpg\" alt=\"\" class=\"wp-image-83223\" srcset=\"https:\/\/www.ecoitaliano.com.ar\/wp-content\/uploads\/2025\/12\/Lo-schiaccianoci_ph-Fabrizio-Sansoni-Opera-di-Roma-2023_6722-1024x681.jpg 1024w, https:\/\/www.ecoitaliano.com.ar\/wp-content\/uploads\/2025\/12\/Lo-schiaccianoci_ph-Fabrizio-Sansoni-Opera-di-Roma-2023_6722-300x200.jpg 300w, https:\/\/www.ecoitaliano.com.ar\/wp-content\/uploads\/2025\/12\/Lo-schiaccianoci_ph-Fabrizio-Sansoni-Opera-di-Roma-2023_6722-768x511.jpg 768w, https:\/\/www.ecoitaliano.com.ar\/wp-content\/uploads\/2025\/12\/Lo-schiaccianoci_ph-Fabrizio-Sansoni-Opera-di-Roma-2023_6722-1536x1022.jpg 1536w, https:\/\/www.ecoitaliano.com.ar\/wp-content\/uploads\/2025\/12\/Lo-schiaccianoci_ph-Fabrizio-Sansoni-Opera-di-Roma-2023_6722-150x100.jpg 150w, https:\/\/www.ecoitaliano.com.ar\/wp-content\/uploads\/2025\/12\/Lo-schiaccianoci_ph-Fabrizio-Sansoni-Opera-di-Roma-2023_6722.jpg 1920w\" sizes=\"(max-width: 1024px) 100vw, 1024px\" \/><\/a><\/figure>\n\n\n\n<figure class=\"wp-block-image size-large\"><a href=\"https:\/\/www.ecoitaliano.com.ar\/wp-content\/uploads\/2025\/12\/Lo-schiaccianoci_ph-Fabrizio-Sansoni-Teatro-dell_Opera-di-Roma-2023_3814.jpg\"><img decoding=\"async\" width=\"1024\" height=\"684\" data-id=\"83224\" src=\"https:\/\/www.ecoitaliano.com.ar\/wp-content\/uploads\/2025\/12\/Lo-schiaccianoci_ph-Fabrizio-Sansoni-Teatro-dell_Opera-di-Roma-2023_3814-1024x684.jpg\" alt=\"\" class=\"wp-image-83224\" srcset=\"https:\/\/www.ecoitaliano.com.ar\/wp-content\/uploads\/2025\/12\/Lo-schiaccianoci_ph-Fabrizio-Sansoni-Teatro-dell_Opera-di-Roma-2023_3814-1024x684.jpg 1024w, https:\/\/www.ecoitaliano.com.ar\/wp-content\/uploads\/2025\/12\/Lo-schiaccianoci_ph-Fabrizio-Sansoni-Teatro-dell_Opera-di-Roma-2023_3814-300x200.jpg 300w, https:\/\/www.ecoitaliano.com.ar\/wp-content\/uploads\/2025\/12\/Lo-schiaccianoci_ph-Fabrizio-Sansoni-Teatro-dell_Opera-di-Roma-2023_3814-768x513.jpg 768w, https:\/\/www.ecoitaliano.com.ar\/wp-content\/uploads\/2025\/12\/Lo-schiaccianoci_ph-Fabrizio-Sansoni-Teatro-dell_Opera-di-Roma-2023_3814-1536x1026.jpg 1536w, https:\/\/www.ecoitaliano.com.ar\/wp-content\/uploads\/2025\/12\/Lo-schiaccianoci_ph-Fabrizio-Sansoni-Teatro-dell_Opera-di-Roma-2023_3814-150x100.jpg 150w, https:\/\/www.ecoitaliano.com.ar\/wp-content\/uploads\/2025\/12\/Lo-schiaccianoci_ph-Fabrizio-Sansoni-Teatro-dell_Opera-di-Roma-2023_3814.jpg 1917w\" sizes=\"(max-width: 1024px) 100vw, 1024px\" \/><\/a><\/figure>\n\n\n\n<figure class=\"wp-block-image size-large\"><a href=\"https:\/\/www.ecoitaliano.com.ar\/wp-content\/uploads\/2025\/12\/Lo-schiaccianoci_ph-Fabrizio-Sansoni-Teatro-dell_Opera-di-Roma-2023_3824.jpg\"><img decoding=\"async\" width=\"1024\" height=\"684\" data-id=\"83225\" src=\"https:\/\/www.ecoitaliano.com.ar\/wp-content\/uploads\/2025\/12\/Lo-schiaccianoci_ph-Fabrizio-Sansoni-Teatro-dell_Opera-di-Roma-2023_3824-1024x684.jpg\" alt=\"\" class=\"wp-image-83225\" srcset=\"https:\/\/www.ecoitaliano.com.ar\/wp-content\/uploads\/2025\/12\/Lo-schiaccianoci_ph-Fabrizio-Sansoni-Teatro-dell_Opera-di-Roma-2023_3824-1024x684.jpg 1024w, https:\/\/www.ecoitaliano.com.ar\/wp-content\/uploads\/2025\/12\/Lo-schiaccianoci_ph-Fabrizio-Sansoni-Teatro-dell_Opera-di-Roma-2023_3824-300x200.jpg 300w, https:\/\/www.ecoitaliano.com.ar\/wp-content\/uploads\/2025\/12\/Lo-schiaccianoci_ph-Fabrizio-Sansoni-Teatro-dell_Opera-di-Roma-2023_3824-768x513.jpg 768w, https:\/\/www.ecoitaliano.com.ar\/wp-content\/uploads\/2025\/12\/Lo-schiaccianoci_ph-Fabrizio-Sansoni-Teatro-dell_Opera-di-Roma-2023_3824-1536x1026.jpg 1536w, https:\/\/www.ecoitaliano.com.ar\/wp-content\/uploads\/2025\/12\/Lo-schiaccianoci_ph-Fabrizio-Sansoni-Teatro-dell_Opera-di-Roma-2023_3824-150x100.jpg 150w, https:\/\/www.ecoitaliano.com.ar\/wp-content\/uploads\/2025\/12\/Lo-schiaccianoci_ph-Fabrizio-Sansoni-Teatro-dell_Opera-di-Roma-2023_3824.jpg 1917w\" sizes=\"(max-width: 1024px) 100vw, 1024px\" \/><\/a><\/figure>\n\n\n\n<figure class=\"wp-block-image size-large\"><a href=\"https:\/\/www.ecoitaliano.com.ar\/wp-content\/uploads\/2025\/12\/Lo-schiaccianoci_ph-Fabrizio-Sansoni-Teatro-dell_Opera-di-Roma-2023_4182.jpg\"><img decoding=\"async\" width=\"1024\" height=\"681\" data-id=\"83226\" src=\"https:\/\/www.ecoitaliano.com.ar\/wp-content\/uploads\/2025\/12\/Lo-schiaccianoci_ph-Fabrizio-Sansoni-Teatro-dell_Opera-di-Roma-2023_4182-1024x681.jpg\" alt=\"\" class=\"wp-image-83226\" srcset=\"https:\/\/www.ecoitaliano.com.ar\/wp-content\/uploads\/2025\/12\/Lo-schiaccianoci_ph-Fabrizio-Sansoni-Teatro-dell_Opera-di-Roma-2023_4182-1024x681.jpg 1024w, https:\/\/www.ecoitaliano.com.ar\/wp-content\/uploads\/2025\/12\/Lo-schiaccianoci_ph-Fabrizio-Sansoni-Teatro-dell_Opera-di-Roma-2023_4182-300x200.jpg 300w, https:\/\/www.ecoitaliano.com.ar\/wp-content\/uploads\/2025\/12\/Lo-schiaccianoci_ph-Fabrizio-Sansoni-Teatro-dell_Opera-di-Roma-2023_4182-768x511.jpg 768w, https:\/\/www.ecoitaliano.com.ar\/wp-content\/uploads\/2025\/12\/Lo-schiaccianoci_ph-Fabrizio-Sansoni-Teatro-dell_Opera-di-Roma-2023_4182-1536x1022.jpg 1536w, https:\/\/www.ecoitaliano.com.ar\/wp-content\/uploads\/2025\/12\/Lo-schiaccianoci_ph-Fabrizio-Sansoni-Teatro-dell_Opera-di-Roma-2023_4182-150x100.jpg 150w, https:\/\/www.ecoitaliano.com.ar\/wp-content\/uploads\/2025\/12\/Lo-schiaccianoci_ph-Fabrizio-Sansoni-Teatro-dell_Opera-di-Roma-2023_4182.jpg 1920w\" sizes=\"(max-width: 1024px) 100vw, 1024px\" \/><\/a><\/figure>\n\n\n\n<figure class=\"wp-block-image size-large\"><a href=\"https:\/\/www.ecoitaliano.com.ar\/wp-content\/uploads\/2025\/12\/Lo-schiaccianoci_ph-Teatro-dell_Opera-di-Roma-2024_3.jpg\"><img decoding=\"async\" width=\"1024\" height=\"683\" data-id=\"83227\" src=\"https:\/\/www.ecoitaliano.com.ar\/wp-content\/uploads\/2025\/12\/Lo-schiaccianoci_ph-Teatro-dell_Opera-di-Roma-2024_3-1024x683.jpg\" alt=\"\" class=\"wp-image-83227\" srcset=\"https:\/\/www.ecoitaliano.com.ar\/wp-content\/uploads\/2025\/12\/Lo-schiaccianoci_ph-Teatro-dell_Opera-di-Roma-2024_3-1024x683.jpg 1024w, https:\/\/www.ecoitaliano.com.ar\/wp-content\/uploads\/2025\/12\/Lo-schiaccianoci_ph-Teatro-dell_Opera-di-Roma-2024_3-300x200.jpg 300w, https:\/\/www.ecoitaliano.com.ar\/wp-content\/uploads\/2025\/12\/Lo-schiaccianoci_ph-Teatro-dell_Opera-di-Roma-2024_3-768x512.jpg 768w, https:\/\/www.ecoitaliano.com.ar\/wp-content\/uploads\/2025\/12\/Lo-schiaccianoci_ph-Teatro-dell_Opera-di-Roma-2024_3-1536x1025.jpg 1536w, https:\/\/www.ecoitaliano.com.ar\/wp-content\/uploads\/2025\/12\/Lo-schiaccianoci_ph-Teatro-dell_Opera-di-Roma-2024_3-2048x1366.jpg 2048w, https:\/\/www.ecoitaliano.com.ar\/wp-content\/uploads\/2025\/12\/Lo-schiaccianoci_ph-Teatro-dell_Opera-di-Roma-2024_3-150x100.jpg 150w\" sizes=\"(max-width: 1024px) 100vw, 1024px\" \/><\/a><\/figure>\n\n\n\n<figure class=\"wp-block-image size-large\"><a href=\"https:\/\/www.ecoitaliano.com.ar\/wp-content\/uploads\/2025\/12\/Lo-schiaccianoci_ph-Teatro-dell_Opera-di-Roma-2024_10.jpg\"><img decoding=\"async\" width=\"1024\" height=\"718\" data-id=\"83228\" src=\"https:\/\/www.ecoitaliano.com.ar\/wp-content\/uploads\/2025\/12\/Lo-schiaccianoci_ph-Teatro-dell_Opera-di-Roma-2024_10-1024x718.jpg\" alt=\"\" class=\"wp-image-83228\" srcset=\"https:\/\/www.ecoitaliano.com.ar\/wp-content\/uploads\/2025\/12\/Lo-schiaccianoci_ph-Teatro-dell_Opera-di-Roma-2024_10-1024x718.jpg 1024w, https:\/\/www.ecoitaliano.com.ar\/wp-content\/uploads\/2025\/12\/Lo-schiaccianoci_ph-Teatro-dell_Opera-di-Roma-2024_10-300x210.jpg 300w, https:\/\/www.ecoitaliano.com.ar\/wp-content\/uploads\/2025\/12\/Lo-schiaccianoci_ph-Teatro-dell_Opera-di-Roma-2024_10-768x538.jpg 768w, https:\/\/www.ecoitaliano.com.ar\/wp-content\/uploads\/2025\/12\/Lo-schiaccianoci_ph-Teatro-dell_Opera-di-Roma-2024_10-1536x1076.jpg 1536w, https:\/\/www.ecoitaliano.com.ar\/wp-content\/uploads\/2025\/12\/Lo-schiaccianoci_ph-Teatro-dell_Opera-di-Roma-2024_10-2048x1435.jpg 2048w, https:\/\/www.ecoitaliano.com.ar\/wp-content\/uploads\/2025\/12\/Lo-schiaccianoci_ph-Teatro-dell_Opera-di-Roma-2024_10-150x105.jpg 150w\" sizes=\"(max-width: 1024px) 100vw, 1024px\" \/><\/a><\/figure>\n\n\n\n<figure class=\"wp-block-image size-large\"><a href=\"https:\/\/www.ecoitaliano.com.ar\/wp-content\/uploads\/2025\/12\/Lo-schiaccianoci_Susanna-Salvi-Fata-Confetto-Claudio-Cocino-Cavaliere_ph-Fabrizio-Sansoni-Opera-di-Roma-2023_6656.jpg\"><img decoding=\"async\" width=\"1024\" height=\"681\" data-id=\"83229\" src=\"https:\/\/www.ecoitaliano.com.ar\/wp-content\/uploads\/2025\/12\/Lo-schiaccianoci_Susanna-Salvi-Fata-Confetto-Claudio-Cocino-Cavaliere_ph-Fabrizio-Sansoni-Opera-di-Roma-2023_6656-1024x681.jpg\" alt=\"\" class=\"wp-image-83229\" srcset=\"https:\/\/www.ecoitaliano.com.ar\/wp-content\/uploads\/2025\/12\/Lo-schiaccianoci_Susanna-Salvi-Fata-Confetto-Claudio-Cocino-Cavaliere_ph-Fabrizio-Sansoni-Opera-di-Roma-2023_6656-1024x681.jpg 1024w, https:\/\/www.ecoitaliano.com.ar\/wp-content\/uploads\/2025\/12\/Lo-schiaccianoci_Susanna-Salvi-Fata-Confetto-Claudio-Cocino-Cavaliere_ph-Fabrizio-Sansoni-Opera-di-Roma-2023_6656-300x200.jpg 300w, https:\/\/www.ecoitaliano.com.ar\/wp-content\/uploads\/2025\/12\/Lo-schiaccianoci_Susanna-Salvi-Fata-Confetto-Claudio-Cocino-Cavaliere_ph-Fabrizio-Sansoni-Opera-di-Roma-2023_6656-768x511.jpg 768w, https:\/\/www.ecoitaliano.com.ar\/wp-content\/uploads\/2025\/12\/Lo-schiaccianoci_Susanna-Salvi-Fata-Confetto-Claudio-Cocino-Cavaliere_ph-Fabrizio-Sansoni-Opera-di-Roma-2023_6656-1536x1022.jpg 1536w, https:\/\/www.ecoitaliano.com.ar\/wp-content\/uploads\/2025\/12\/Lo-schiaccianoci_Susanna-Salvi-Fata-Confetto-Claudio-Cocino-Cavaliere_ph-Fabrizio-Sansoni-Opera-di-Roma-2023_6656-150x100.jpg 150w, https:\/\/www.ecoitaliano.com.ar\/wp-content\/uploads\/2025\/12\/Lo-schiaccianoci_Susanna-Salvi-Fata-Confetto-Claudio-Cocino-Cavaliere_ph-Fabrizio-Sansoni-Opera-di-Roma-2023_6656.jpg 1920w\" sizes=\"(max-width: 1024px) 100vw, 1024px\" \/><\/a><\/figure>\n\n\n\n<figure class=\"wp-block-image size-large\"><a href=\"https:\/\/www.ecoitaliano.com.ar\/wp-content\/uploads\/2025\/12\/Paul-Chalmer-durante-le-prove-de-Lo-schiaccianoci_ph-Fabrizio-Sansoni-Opera-di-Roma-2023_1519.jpg\"><img decoding=\"async\" width=\"1024\" height=\"681\" data-id=\"83230\" src=\"https:\/\/www.ecoitaliano.com.ar\/wp-content\/uploads\/2025\/12\/Paul-Chalmer-durante-le-prove-de-Lo-schiaccianoci_ph-Fabrizio-Sansoni-Opera-di-Roma-2023_1519-1024x681.jpg\" alt=\"\" class=\"wp-image-83230\" srcset=\"https:\/\/www.ecoitaliano.com.ar\/wp-content\/uploads\/2025\/12\/Paul-Chalmer-durante-le-prove-de-Lo-schiaccianoci_ph-Fabrizio-Sansoni-Opera-di-Roma-2023_1519-1024x681.jpg 1024w, https:\/\/www.ecoitaliano.com.ar\/wp-content\/uploads\/2025\/12\/Paul-Chalmer-durante-le-prove-de-Lo-schiaccianoci_ph-Fabrizio-Sansoni-Opera-di-Roma-2023_1519-300x200.jpg 300w, https:\/\/www.ecoitaliano.com.ar\/wp-content\/uploads\/2025\/12\/Paul-Chalmer-durante-le-prove-de-Lo-schiaccianoci_ph-Fabrizio-Sansoni-Opera-di-Roma-2023_1519-768x511.jpg 768w, https:\/\/www.ecoitaliano.com.ar\/wp-content\/uploads\/2025\/12\/Paul-Chalmer-durante-le-prove-de-Lo-schiaccianoci_ph-Fabrizio-Sansoni-Opera-di-Roma-2023_1519-1536x1022.jpg 1536w, https:\/\/www.ecoitaliano.com.ar\/wp-content\/uploads\/2025\/12\/Paul-Chalmer-durante-le-prove-de-Lo-schiaccianoci_ph-Fabrizio-Sansoni-Opera-di-Roma-2023_1519-150x100.jpg 150w, https:\/\/www.ecoitaliano.com.ar\/wp-content\/uploads\/2025\/12\/Paul-Chalmer-durante-le-prove-de-Lo-schiaccianoci_ph-Fabrizio-Sansoni-Opera-di-Roma-2023_1519.jpg 1920w\" sizes=\"(max-width: 1024px) 100vw, 1024px\" \/><\/a><\/figure>\n<\/figure>\n","protected":false},"excerpt":{"rendered":"<p>COMUNICATO STAMPA\u00a0\u00a0LA MAGIA DEL NATALE A PASSO DI DANZACON\u00a0LO SCHIACCIANOCI\u00a0DI \u010cAJKOVSKIJ,FINO AL 31 DICEMBRE ALL\u2019OPERA DI ROMA\u00a0Paul Chalmer firma la [&hellip;]<\/p>\n","protected":false},"author":1,"featured_media":0,"comment_status":"open","ping_status":"open","sticky":false,"template":"","format":"standard","meta":{"footnotes":""},"categories":[1],"tags":[],"class_list":["post-83205","post","type-post","status-publish","format-standard","hentry","category-sin-categoria"],"_links":{"self":[{"href":"https:\/\/www.ecoitaliano.com.ar\/index.php?rest_route=\/wp\/v2\/posts\/83205","targetHints":{"allow":["GET"]}}],"collection":[{"href":"https:\/\/www.ecoitaliano.com.ar\/index.php?rest_route=\/wp\/v2\/posts"}],"about":[{"href":"https:\/\/www.ecoitaliano.com.ar\/index.php?rest_route=\/wp\/v2\/types\/post"}],"author":[{"embeddable":true,"href":"https:\/\/www.ecoitaliano.com.ar\/index.php?rest_route=\/wp\/v2\/users\/1"}],"replies":[{"embeddable":true,"href":"https:\/\/www.ecoitaliano.com.ar\/index.php?rest_route=%2Fwp%2Fv2%2Fcomments&post=83205"}],"version-history":[{"count":1,"href":"https:\/\/www.ecoitaliano.com.ar\/index.php?rest_route=\/wp\/v2\/posts\/83205\/revisions"}],"predecessor-version":[{"id":83231,"href":"https:\/\/www.ecoitaliano.com.ar\/index.php?rest_route=\/wp\/v2\/posts\/83205\/revisions\/83231"}],"wp:attachment":[{"href":"https:\/\/www.ecoitaliano.com.ar\/index.php?rest_route=%2Fwp%2Fv2%2Fmedia&parent=83205"}],"wp:term":[{"taxonomy":"category","embeddable":true,"href":"https:\/\/www.ecoitaliano.com.ar\/index.php?rest_route=%2Fwp%2Fv2%2Fcategories&post=83205"},{"taxonomy":"post_tag","embeddable":true,"href":"https:\/\/www.ecoitaliano.com.ar\/index.php?rest_route=%2Fwp%2Fv2%2Ftags&post=83205"}],"curies":[{"name":"wp","href":"https:\/\/api.w.org\/{rel}","templated":true}]}}