{"id":83232,"date":"2025-12-10T19:30:09","date_gmt":"2025-12-10T19:30:09","guid":{"rendered":"https:\/\/www.ecoitaliano.com.ar\/?p=83232"},"modified":"2025-12-10T19:30:09","modified_gmt":"2025-12-10T19:30:09","slug":"serena-conduce-operaclassica-eco-italiano-4806","status":"publish","type":"post","link":"https:\/\/www.ecoitaliano.com.ar\/?p=83232","title":{"rendered":"Serena conduce operaclassica eco italiano"},"content":{"rendered":"<div class=\"wp-block-image\">\n<figure class=\"aligncenter size-full is-resized\"><a href=\"http:\/\/www.ecoitaliano.com.ar\/wp-content\/uploads\/2025\/12\/Screenshot-1233.png\"><img decoding=\"async\" width=\"255\" height=\"253\" src=\"http:\/\/www.ecoitaliano.com.ar\/wp-content\/uploads\/2025\/12\/Screenshot-1233.png\" alt=\"\" class=\"wp-image-83233\" style=\"width:169px;height:auto\" srcset=\"https:\/\/www.ecoitaliano.com.ar\/wp-content\/uploads\/2025\/12\/Screenshot-1233.png 255w, https:\/\/www.ecoitaliano.com.ar\/wp-content\/uploads\/2025\/12\/Screenshot-1233-150x150.png 150w\" sizes=\"(max-width: 255px) 100vw, 255px\" \/><\/a><\/figure><\/div>\n\n\n<p><strong><u>Beethoven &#8211; Triplo concerto in do maggiore<\/u><\/strong><\/p>\n\n\n\n<p><strong>Bar Avni<\/strong><\/p>\n\n\n\n<p><strong>Venerd\u00ec 12 dicembre alle ore 20 \u2013 in Sala Zubin Mehta \u2013 il debutto di Bar Avni alla guida dell\u2019Orchestra del Maggio Musicale Fiorentino.&nbsp;<\/strong><\/p>\n\n\n\n<p><strong>In cartellone un ricco programma con le musiche di Unsuk Chin, Ludwig van Beethoven e Anton\u00edn Dvo\u0159\u00e1k.<\/strong><\/p>\n\n\n\n<p><strong>Solist<\/strong><strong>e<\/strong><strong>&nbsp;della serata Anna Tifu al violino; Erica Piccotti al violoncello e Leonora Armellini al pianoforte.<\/strong><\/p>\n\n\n\n<p>Il concerto sar\u00e0 trasmesso in differita su Rai Radio 3<\/p>\n\n\n\n<p><em>Firenze,10 dicembre 2025&nbsp;<\/em>\u2013 Venerd\u00ec 12 dicembre, alle ore 20, nella&nbsp;<strong>Sala Zubin Mehta<\/strong>&nbsp;del Teatro del Maggio, la direttrice&nbsp;<strong>Bar Avni&nbsp;<\/strong>sale per la prima volta sul podio del Teatro alla guida dell\u2019<strong>Orchestra del Maggio<\/strong>.<\/p>\n\n\n\n<p>In cartellone un ricco programma: in apertura alla serata&nbsp;<em>Subito con forza<\/em>, composizione orchestrale scritta nel 2020 dal compositore sudcoreano&nbsp;<strong>Unsuk Chin<\/strong>. Segue il Triplo concerto in do maggiore op. 56 per violino, violoncello, pianoforte e orchestra composto da&nbsp;<strong>Ludwig van Beethoven<\/strong>: soliste nel corso dell\u2019esecuzione&nbsp;<strong>Anna Tifu<\/strong>&nbsp;al violino;&nbsp;<strong>Erica Piccotti<\/strong>&nbsp;al violoncello e&nbsp;<strong>Leonora Armellini<\/strong>&nbsp;al pianoforte.&nbsp;Chiude il concerto la Sinfonia n. 8 in sol maggiore op. 88 di&nbsp;<strong>Anton\u00edn Dvo\u0159\u00e1k<\/strong>.&nbsp;<\/p>\n\n\n\n<p>Bar Avni, al suo debutto fiorentino, \u00e8 dal 2021 la prima direttrice principale dei Bayer Philharmoniker. Collabora con numerose orchestre e ha recentemente ricevuto il primo premio al concorso \u00abLa Maestra\u00bb di Parigi dalla giuria internazionale presieduta da Natalie Stutzmann.&nbsp;&nbsp;Ha inoltre vinto quattro premi speciali: il \u00abPremio Orchestrale dell&#8217;Orchestra Mozart di Parigi\u00bb, il \u00abPremio Arte\u00bb, il \u00abPremio Echo\u00bb e il \u00abPremio delle Sale da Concerto e delle Orchestre Francesi\u00bb. Sempre nel 2021 \u00e8 stata la pi\u00f9 giovane vincitrice di un premio e borsista dell&#8217; \u201cIstituto Internazionale Kurt Masur\u201d. Nel 2024 ha debuttato con la WDR Funkhaus Orchestra e la G\u00f6teborg Symphony Orchestra come assistente di Barbara Hannigan.&nbsp;Dal suo debutto come direttrice d&#8217;orchestra nel 2016 al Festival del Tirolo di Erl, Avni ha collaborato con diverse orchestre ed ensemble di diversi orientamenti stilistici, tra cui l\u2019Israel Philharmonic Orchestra, la Deutsche Kammerphilharmonie Bremen, l\u2019Israel Chamber Orchestra, la Symphoniker Hamburg, Bergische Symphoniker, Bridges Chamber Orchestra e l\u2019Haifa Symphony Orchestra. Percussionista classica di formazione, Bar Avni ha inoltre studiato direzione d&#8217;orchestra con Yoav Talmi a Tel Aviv, per poi diventare direttore assistente della Israel Chamber Orchestra.&nbsp;<\/p>\n\n\n\n<p>Ha poi proseguito gli studi con Martin Sieghart a Graz e Ulrich Windfuhr ad Amburgo. Nella stagione 2017\/18 \u00e8 stata assistente del Direttore Musicale Generale Peter Kuhn presso i Bergische Symphoniker.<\/p>\n\n\n\n<p>Il concerto:<\/p>\n\n\n\n<p><strong>Unsuk Chin<\/strong><\/p>\n\n\n\n<p><em><u>Subito con forza<\/u><\/em>&nbsp;<\/p>\n\n\n\n<p>Nata nel 1961 a Seoul, Unsuk Chin&nbsp;\u00e8&nbsp;una delle compositrici pi\u00f9&nbsp;stimate ed eseguite degli ultimi decenni. Grazie a una borsa di studio, negli anni Ottanta si trasferisce in Germania dove si perfeziona con Gy\u00f6rgy Ligeti e vive le prime esperienze nel campo della musica elettronica presso l\u2019Electronic Music Studio di Berlino. Il variegato catalogo delle sue opere comprende musica vocale e strumentale per ensemble e per orchestra, musica elettronica, pagine pianistiche, concerti per strumento solista e orchestra e un\u2019opera per il teatro (<em>Alice in Wonderland).&nbsp;<\/em>Il brano orchestrale&nbsp;<em>Subito con forza&nbsp;<\/em>nasce nel 2020 su commissione del Concertgebouw di Amsterdam in occasione delle celebrazioni del duecentocinquantesimo anno della nascita di Beethoven. Il titolo rimanda a un\u2019indicazione frequente nelle partiture beethoveniane volta a sottolineare il repentino trapasso da momenti di serenit\u00e0&nbsp;ad altri di vigorosa energia. Nella sua miniatura orchestrale della durata di cinque minuti la Chin omaggia subito in apertura Beethoven con la citazione in&nbsp;<em>fortissimo&nbsp;<\/em>del primo accordo dell\u2019ouverture&nbsp;<em>Coriolano,&nbsp;<\/em>cheimmediatamente si frammenta in schegge dissonanti nei cluster di vibrafono, marimba e pianoforte. Le continue allusioni a gesti beethoveniani si insinuano in schemi ritmici e ostinati melodici familiari e nei molti contrasti dinamici disseminati in partitura, che come frammenti di un passato lontano aleggiano su un paesaggio sonoro dai colori vitrei e taglienti.<\/p>\n\n\n\n<p><strong>Ludwig van Beethoven&nbsp;<\/strong><\/p>\n\n\n\n<p>Triplo concerto in do maggiore op. 56 per violino, violoncello, pianoforte e orchestra<\/p>\n\n\n\n<p>Il&nbsp;<em>Grande Concerto concertante<\/em>&nbsp;in do maggiore per pianoforte, violino, violoncello e orchestra, noto come&nbsp;<em>Triplo concerto<\/em>, fu composto da Beethoven tra il 1803 e il 1804 ma pubblicato tre anni dopo, nel 1807, con il numero d\u2019opus 56.Sebbene la partitura sia dedicata al principe Lobkowitz, il&nbsp;<em>Triplo concerto&nbsp;<\/em>sarebbe stato composto per l\u2019arciduca Rodolfo d\u2019Austria, al tempo allievo di pianoforte di Beethoven. Questo spiegherebbe la differenza tra la parte pianistica, pi\u00f9 semplice e lineare, realizzata \u2018su misura\u2019 per le capacit\u00e0 tecniche del giovane allievo, e la parte dei due strumenti ad arco, riservata a due valenti musicisti dell\u2019orchestra di corte. In particolare, risulta assai complessa e impegnativa la scrittura per il violoncello, che ha fatto ipotizzare una originaria destinazione solistica per quest\u2019ultimo. Nato come opera d\u2019occasione dal tono disimpegnato e leggero, il&nbsp;<em>Triplo concerto<\/em>&nbsp;venne relegato dalla critica in secondo piano rispetto ad altri lavori coevi. Dei tre movimenti che lo compongono &#8211;&nbsp;<em>Allegro<\/em>,&nbsp;<em>Largo<\/em>,&nbsp;<em>Rond\u00f2 alla Polacca<\/em>&nbsp;&#8211; l\u2019ultimo fu il pi\u00f9 apprezzato, tanto per il piglio ritmico della polacca, danza di gran moda nei salotti dell\u2019epoca, quanto per la vitalit\u00e0 della scrittura. Il ritornellosi basa infatti su un tema pieno di&nbsp;<em>verve<\/em>, esposto dal violoncello prima di essere condiviso con gli altri solisti e l\u2019orchestra, che si alterna a tre episodi contrastanti e ricchi di invenzioni melodiche.<\/p>\n\n\n\n<p><strong>Anton\u00edn Dvo\u0159\u00e1k<\/strong><\/p>\n\n\n\n<p>Sinfonia n. 8 in sol maggiore op. 88<\/p>\n\n\n\n<p>La Sinfonia n. 8 in sol maggiore op. 88. di Dvo\u0159\u00e1k fu composta nel giro di poche settimane nell\u2019autunno del 1889 ed eseguita a Praga il 2 febbraio dell\u2019anno seguente sotto la direzione dello stesso autore. In una lettera inviata a un amico il musicista aveva confidato di voler scrivere una sinfonia \u201cdifferente dalle altre, con le singole idee elaborate in modo nuovo\u201d, quasi una sorta di allontanamento dal modello venerato del sinfonismo brahmsiano, seguito fino a quel momento, a favore di un linguaggio rapsodico e narrativo, tipico della tradizione musicale slava, che procede per immagini poetiche piuttosto che per complesse elaborazioni tematiche. E che in questa sinfonia la libert\u00e0 dell\u2019invenzione fosse primaria rispetto al rigore della costruzione tradizionale Dvo\u0159\u00e1k lo dimostra fin dalle prime battute dell\u2019<em>Allegro&nbsp;&nbsp;con brio&nbsp;<\/em>iniziale, un movimento costruito nella tonalit\u00e0 di sol maggiore che per\u00f2 insolitamente si apre con una lunga melodia elegiaca intonata da violoncelli e corni in sol minore. Nell\u2019<em>Adagio<\/em>, in forma di romanza, il compositore predilige il tono raccolto e meditativo di un racconto sussurrato, mentre nell\u2019<em>Allegretto grazioso&nbsp;<\/em>impagina una melodia incantevole che si muove leggiadra a ritmo di valzer, seguita nel&nbsp;<em>Trio<\/em>&nbsp;da una nuova idea tematica di pari fascino sonoro. Nel Finale (<em>Allegro ma non troppo<\/em>) una fanfara di trombe richiama l\u2019attenzione su un discorso in cui un tema dal ritmo danzante viene sottoposto a una serie di variazioni sempre pi\u00f9 ricche e articolate che sfociano in una coda festosa e sgargiante.<\/p>\n\n\n\n<p>La locandina:<\/p>\n\n\n\n<p><strong>UNSUK CHIN<\/strong><\/p>\n\n\n\n<p><em>Subito con forza<\/em>&nbsp;<\/p>\n\n\n\n<p><strong>LUDWIG VAN BEETHOVEN&nbsp;<\/strong><\/p>\n\n\n\n<p>Triplo concerto in do maggiore op. 56 per violino, violoncello, pianoforte e orchestra<\/p>\n\n\n\n<p><strong>ANTON\u00cdN DVO\u0158\u00c1K<\/strong><\/p>\n\n\n\n<p>Sinfonia n. 8 in sol maggiore op. 88<\/p>\n\n\n\n<p><strong>Bar Avni<\/strong>,&nbsp;<em>direttrice<\/em><\/p>\n\n\n\n<p>&#8211;<\/p>\n\n\n\n<p><strong>Anna Tifu<\/strong>,&nbsp;<em>violino<\/em><\/p>\n\n\n\n<p><strong>Erica Piccotti<\/strong>,&nbsp;<em>violoncello<\/em><\/p>\n\n\n\n<p><strong>Leonora Armellini<\/strong>,&nbsp;<em>pianoforte<\/em><\/p>\n\n\n\n<p><strong>Orchestra del Maggio Musicale Fiorentino<\/strong><\/p>\n\n\n\n<p><em>Il concerto \u00e8 preceduto dalla guida all&#8217;ascolto tenuta da Katiuscia Manetta nel Foyer di Galleria della Sala Mehta.<\/em>&nbsp;<em>\u00c8 riservata ai possessori del biglietto e si svolge 45 minuti prima dell\u2019inizio dello spettacolo (durata: 30 minuti circa)<\/em>.<\/p>\n\n\n\n<p>Prezzi:<\/p>\n\n\n\n<p>Settore D: 20\u20ac&nbsp;<\/p>\n\n\n\n<p>Settore C: 35\u20ac&nbsp;<\/p>\n\n\n\n<p>Settore B: 50\u20ac&nbsp;<\/p>\n\n\n\n<p>Settore A: 70\u20ac<\/p>\n\n\n\n<p>foto<\/p>\n\n\n\n<figure class=\"wp-block-gallery has-nested-images columns-default is-cropped wp-block-gallery-1 is-layout-flex wp-block-gallery-is-layout-flex\">\n<figure class=\"wp-block-image size-large\"><a href=\"https:\/\/www.ecoitaliano.com.ar\/wp-content\/uploads\/2025\/12\/01-Anna-Tifu-scaled-1.jpg\"><img decoding=\"async\" width=\"1024\" height=\"684\" data-id=\"83234\" src=\"https:\/\/www.ecoitaliano.com.ar\/wp-content\/uploads\/2025\/12\/01-Anna-Tifu-scaled-1-1024x684.jpg\" alt=\"\" class=\"wp-image-83234\" srcset=\"https:\/\/www.ecoitaliano.com.ar\/wp-content\/uploads\/2025\/12\/01-Anna-Tifu-scaled-1-1024x684.jpg 1024w, https:\/\/www.ecoitaliano.com.ar\/wp-content\/uploads\/2025\/12\/01-Anna-Tifu-scaled-1-300x200.jpg 300w, https:\/\/www.ecoitaliano.com.ar\/wp-content\/uploads\/2025\/12\/01-Anna-Tifu-scaled-1-768x513.jpg 768w, https:\/\/www.ecoitaliano.com.ar\/wp-content\/uploads\/2025\/12\/01-Anna-Tifu-scaled-1-1536x1025.jpg 1536w, https:\/\/www.ecoitaliano.com.ar\/wp-content\/uploads\/2025\/12\/01-Anna-Tifu-scaled-1-2048x1367.jpg 2048w, https:\/\/www.ecoitaliano.com.ar\/wp-content\/uploads\/2025\/12\/01-Anna-Tifu-scaled-1-150x100.jpg 150w\" sizes=\"(max-width: 1024px) 100vw, 1024px\" \/><\/a><\/figure>\n\n\n\n<figure class=\"wp-block-image size-large\"><a href=\"https:\/\/www.ecoitaliano.com.ar\/wp-content\/uploads\/2025\/12\/88_MicheleMonasta_2M_02358.jpg\"><img decoding=\"async\" width=\"1024\" height=\"683\" data-id=\"83235\" src=\"https:\/\/www.ecoitaliano.com.ar\/wp-content\/uploads\/2025\/12\/88_MicheleMonasta_2M_02358-1024x683.jpg\" alt=\"\" class=\"wp-image-83235\" srcset=\"https:\/\/www.ecoitaliano.com.ar\/wp-content\/uploads\/2025\/12\/88_MicheleMonasta_2M_02358-1024x683.jpg 1024w, https:\/\/www.ecoitaliano.com.ar\/wp-content\/uploads\/2025\/12\/88_MicheleMonasta_2M_02358-300x200.jpg 300w, https:\/\/www.ecoitaliano.com.ar\/wp-content\/uploads\/2025\/12\/88_MicheleMonasta_2M_02358-768x512.jpg 768w, https:\/\/www.ecoitaliano.com.ar\/wp-content\/uploads\/2025\/12\/88_MicheleMonasta_2M_02358-1536x1024.jpg 1536w, https:\/\/www.ecoitaliano.com.ar\/wp-content\/uploads\/2025\/12\/88_MicheleMonasta_2M_02358-2048x1366.jpg 2048w, https:\/\/www.ecoitaliano.com.ar\/wp-content\/uploads\/2025\/12\/88_MicheleMonasta_2M_02358-150x100.jpg 150w\" sizes=\"(max-width: 1024px) 100vw, 1024px\" \/><\/a><\/figure>\n\n\n\n<figure class=\"wp-block-image size-large\"><a href=\"https:\/\/www.ecoitaliano.com.ar\/wp-content\/uploads\/2025\/12\/1610278731.jpg\"><img decoding=\"async\" width=\"1024\" height=\"681\" data-id=\"83236\" src=\"https:\/\/www.ecoitaliano.com.ar\/wp-content\/uploads\/2025\/12\/1610278731-1024x681.jpg\" alt=\"\" class=\"wp-image-83236\" srcset=\"https:\/\/www.ecoitaliano.com.ar\/wp-content\/uploads\/2025\/12\/1610278731-1024x681.jpg 1024w, https:\/\/www.ecoitaliano.com.ar\/wp-content\/uploads\/2025\/12\/1610278731-300x200.jpg 300w, https:\/\/www.ecoitaliano.com.ar\/wp-content\/uploads\/2025\/12\/1610278731-768x511.jpg 768w, https:\/\/www.ecoitaliano.com.ar\/wp-content\/uploads\/2025\/12\/1610278731-1536x1021.jpg 1536w, https:\/\/www.ecoitaliano.com.ar\/wp-content\/uploads\/2025\/12\/1610278731-150x100.jpg 150w, https:\/\/www.ecoitaliano.com.ar\/wp-content\/uploads\/2025\/12\/1610278731.jpg 1800w\" sizes=\"(max-width: 1024px) 100vw, 1024px\" \/><\/a><figcaption class=\"wp-element-caption\">Venise 2013<\/figcaption><\/figure>\n\n\n\n<figure class=\"wp-block-image size-large\"><a href=\"https:\/\/www.ecoitaliano.com.ar\/wp-content\/uploads\/2025\/12\/AVNI-Bar_Photo1-1024x1024-1.jpeg\"><img decoding=\"async\" width=\"1024\" height=\"1024\" data-id=\"83237\" src=\"https:\/\/www.ecoitaliano.com.ar\/wp-content\/uploads\/2025\/12\/AVNI-Bar_Photo1-1024x1024-1.jpeg\" alt=\"\" class=\"wp-image-83237\" srcset=\"https:\/\/www.ecoitaliano.com.ar\/wp-content\/uploads\/2025\/12\/AVNI-Bar_Photo1-1024x1024-1.jpeg 1024w, https:\/\/www.ecoitaliano.com.ar\/wp-content\/uploads\/2025\/12\/AVNI-Bar_Photo1-1024x1024-1-300x300.jpeg 300w, https:\/\/www.ecoitaliano.com.ar\/wp-content\/uploads\/2025\/12\/AVNI-Bar_Photo1-1024x1024-1-150x150.jpeg 150w, https:\/\/www.ecoitaliano.com.ar\/wp-content\/uploads\/2025\/12\/AVNI-Bar_Photo1-1024x1024-1-768x768.jpeg 768w\" sizes=\"(max-width: 1024px) 100vw, 1024px\" \/><\/a><\/figure>\n\n\n\n<figure class=\"wp-block-image size-large\"><a href=\"https:\/\/www.ecoitaliano.com.ar\/wp-content\/uploads\/2025\/12\/BEETHOVEN_orizzontale_1375cf613d.jpg\"><img decoding=\"async\" width=\"1024\" height=\"458\" data-id=\"83238\" src=\"https:\/\/www.ecoitaliano.com.ar\/wp-content\/uploads\/2025\/12\/BEETHOVEN_orizzontale_1375cf613d-1024x458.jpg\" alt=\"\" class=\"wp-image-83238\" srcset=\"https:\/\/www.ecoitaliano.com.ar\/wp-content\/uploads\/2025\/12\/BEETHOVEN_orizzontale_1375cf613d-1024x458.jpg 1024w, https:\/\/www.ecoitaliano.com.ar\/wp-content\/uploads\/2025\/12\/BEETHOVEN_orizzontale_1375cf613d-300x134.jpg 300w, https:\/\/www.ecoitaliano.com.ar\/wp-content\/uploads\/2025\/12\/BEETHOVEN_orizzontale_1375cf613d-768x343.jpg 768w, https:\/\/www.ecoitaliano.com.ar\/wp-content\/uploads\/2025\/12\/BEETHOVEN_orizzontale_1375cf613d-1536x686.jpg 1536w, https:\/\/www.ecoitaliano.com.ar\/wp-content\/uploads\/2025\/12\/BEETHOVEN_orizzontale_1375cf613d-2048x915.jpg 2048w, https:\/\/www.ecoitaliano.com.ar\/wp-content\/uploads\/2025\/12\/BEETHOVEN_orizzontale_1375cf613d-150x67.jpg 150w\" sizes=\"(max-width: 1024px) 100vw, 1024px\" \/><\/a><\/figure>\n\n\n\n<figure class=\"wp-block-image size-large\"><a href=\"https:\/\/www.ecoitaliano.com.ar\/wp-content\/uploads\/2025\/12\/Leonora-Armellini-website.jpg\"><img decoding=\"async\" width=\"1024\" height=\"682\" data-id=\"83239\" src=\"https:\/\/www.ecoitaliano.com.ar\/wp-content\/uploads\/2025\/12\/Leonora-Armellini-website-1024x682.jpg\" alt=\"\" class=\"wp-image-83239\" srcset=\"https:\/\/www.ecoitaliano.com.ar\/wp-content\/uploads\/2025\/12\/Leonora-Armellini-website-1024x682.jpg 1024w, https:\/\/www.ecoitaliano.com.ar\/wp-content\/uploads\/2025\/12\/Leonora-Armellini-website-300x200.jpg 300w, https:\/\/www.ecoitaliano.com.ar\/wp-content\/uploads\/2025\/12\/Leonora-Armellini-website-768x512.jpg 768w, https:\/\/www.ecoitaliano.com.ar\/wp-content\/uploads\/2025\/12\/Leonora-Armellini-website-1536x1023.jpg 1536w, https:\/\/www.ecoitaliano.com.ar\/wp-content\/uploads\/2025\/12\/Leonora-Armellini-website-150x100.jpg 150w, https:\/\/www.ecoitaliano.com.ar\/wp-content\/uploads\/2025\/12\/Leonora-Armellini-website.jpg 1732w\" sizes=\"(max-width: 1024px) 100vw, 1024px\" \/><\/a><\/figure>\n<\/figure>\n","protected":false},"excerpt":{"rendered":"<p>Beethoven &#8211; Triplo concerto in do maggiore Bar Avni Venerd\u00ec 12 dicembre alle ore 20 \u2013 in Sala Zubin Mehta [&hellip;]<\/p>\n","protected":false},"author":1,"featured_media":0,"comment_status":"open","ping_status":"open","sticky":false,"template":"","format":"standard","meta":{"footnotes":""},"categories":[1],"tags":[],"class_list":["post-83232","post","type-post","status-publish","format-standard","hentry","category-sin-categoria"],"_links":{"self":[{"href":"https:\/\/www.ecoitaliano.com.ar\/index.php?rest_route=\/wp\/v2\/posts\/83232","targetHints":{"allow":["GET"]}}],"collection":[{"href":"https:\/\/www.ecoitaliano.com.ar\/index.php?rest_route=\/wp\/v2\/posts"}],"about":[{"href":"https:\/\/www.ecoitaliano.com.ar\/index.php?rest_route=\/wp\/v2\/types\/post"}],"author":[{"embeddable":true,"href":"https:\/\/www.ecoitaliano.com.ar\/index.php?rest_route=\/wp\/v2\/users\/1"}],"replies":[{"embeddable":true,"href":"https:\/\/www.ecoitaliano.com.ar\/index.php?rest_route=%2Fwp%2Fv2%2Fcomments&post=83232"}],"version-history":[{"count":1,"href":"https:\/\/www.ecoitaliano.com.ar\/index.php?rest_route=\/wp\/v2\/posts\/83232\/revisions"}],"predecessor-version":[{"id":83240,"href":"https:\/\/www.ecoitaliano.com.ar\/index.php?rest_route=\/wp\/v2\/posts\/83232\/revisions\/83240"}],"wp:attachment":[{"href":"https:\/\/www.ecoitaliano.com.ar\/index.php?rest_route=%2Fwp%2Fv2%2Fmedia&parent=83232"}],"wp:term":[{"taxonomy":"category","embeddable":true,"href":"https:\/\/www.ecoitaliano.com.ar\/index.php?rest_route=%2Fwp%2Fv2%2Fcategories&post=83232"},{"taxonomy":"post_tag","embeddable":true,"href":"https:\/\/www.ecoitaliano.com.ar\/index.php?rest_route=%2Fwp%2Fv2%2Ftags&post=83232"}],"curies":[{"name":"wp","href":"https:\/\/api.w.org\/{rel}","templated":true}]}}