{"id":83273,"date":"2025-12-10T22:11:25","date_gmt":"2025-12-10T22:11:25","guid":{"rendered":"https:\/\/www.ecoitaliano.com.ar\/?p=83273"},"modified":"2025-12-10T22:11:25","modified_gmt":"2025-12-10T22:11:25","slug":"serena-conduce-operaclassica-eco-italiano-4809","status":"publish","type":"post","link":"https:\/\/www.ecoitaliano.com.ar\/?p=83273","title":{"rendered":"Serena conduce operaclassica eco italiano"},"content":{"rendered":"\n<figure class=\"wp-block-image size-large is-resized\"><a href=\"https:\/\/www.ecoitaliano.com.ar\/wp-content\/uploads\/2025\/12\/image-8.png\"><img decoding=\"async\" width=\"1024\" height=\"251\" src=\"https:\/\/www.ecoitaliano.com.ar\/wp-content\/uploads\/2025\/12\/image-8-1024x251.png\" alt=\"\" class=\"wp-image-83274\" style=\"width:263px;height:auto\" srcset=\"https:\/\/www.ecoitaliano.com.ar\/wp-content\/uploads\/2025\/12\/image-8-1024x251.png 1024w, https:\/\/www.ecoitaliano.com.ar\/wp-content\/uploads\/2025\/12\/image-8-300x74.png 300w, https:\/\/www.ecoitaliano.com.ar\/wp-content\/uploads\/2025\/12\/image-8-768x188.png 768w, https:\/\/www.ecoitaliano.com.ar\/wp-content\/uploads\/2025\/12\/image-8-1536x377.png 1536w, https:\/\/www.ecoitaliano.com.ar\/wp-content\/uploads\/2025\/12\/image-8-2048x502.png 2048w, https:\/\/www.ecoitaliano.com.ar\/wp-content\/uploads\/2025\/12\/image-8-150x37.png 150w\" sizes=\"(max-width: 1024px) 100vw, 1024px\" \/><\/a><\/figure>\n\n\n\n<p>COMUNICATO STAMPA<\/p>\n\n\n\n<p><strong>TORNA IN SCENA AL TEATRO MASSIMO<\/strong><\/p>\n\n\n\n<p><strong>UNO DEGLI ALLESTIMENTI PI\u00d9 AMATI E DI SUCCESSO DELLA FONDAZIONE<\/strong><\/p>\n\n\n\n<p><strong><em>LA BOH\u00c8ME<\/em><\/strong><strong>&nbsp; DI GIACOMO PUCCINI<\/strong><\/p>\n\n\n\n<p><strong>Sul podio il Maestro Carlo Montanaro. Regia di Mario Pontiggia<\/strong><\/p>\n\n\n\n<p><em>Palermo, 10 dicembre 2025<\/em>. Torna in scena da <strong>domenica 14 dicembre alle ore 20:00<\/strong> uno degli allestimenti pi\u00f9 amati e di successo del <strong>Teatro Massimo di Palermo:<\/strong> <strong><em>La Boh\u00e8me <\/em><\/strong>di <strong>Giacomo Puccini<\/strong>. L&#8217;opera, su libretto di Giuseppe Giacosa e Luigi Illica, tratto da <em>Sc\u00e8nes de la vie de boh\u00e8me<\/em> di Henri Murger, sar\u00e0 <strong>in scena <\/strong>in<strong> Sala Grande fino al 23 dicembre<\/strong> per otto repliche. L&#8217;allestimento gi\u00e0 acclamato in <strong>tourn\u00e9e in Giappone<\/strong>, \u00e8 firmato dal regista <strong>Mario Pontiggia<\/strong>, con le scene di <strong>Antonella Conte<\/strong>, i costumi di <strong>Francesco Zito<\/strong> e le luci di <strong>Bruno Ciulli<\/strong> (riprese da Eleonora Magni). L&#8217;opera, offre una nuova declinazione del tema della stagione: \u00ab<em>Anime in bilico oltre i confini<\/em>\u00bb trasportando il pubblico nella Parigi <em>boh\u00e9mien<\/em> del 1830, tra l&#8217;atmosfera gelida delle soffitte e il vivace fervore del Quartiere Latino.<\/p>\n\n\n\n<p>A dirigere l&#8217;<strong>Orchestra del Teatro Massimo<\/strong> \u00e8 il maestro <strong>Carlo Montanaro<\/strong>, che vanta una vasta esperienza nel repertorio pucciniano su palcoscenici di primo piano e gi\u00e0 direttore musicale dell\u2019Opera di Varsavia mentre a dirigere il <strong>Coro<\/strong> e il <strong>Coro di voci bianche<\/strong> del Teatro Massimo \u00e8 il maestro <strong>Salvatore Punturo<\/strong>.&nbsp;<\/p>\n\n\n\n<figure class=\"wp-block-table\"><table class=\"has-fixed-layout\"><tbody><tr><td><\/td><\/tr><tr><td><\/td><td><img decoding=\"async\" width=\"250\" height=\"62\" src=\"\"><\/td><\/tr><\/tbody><\/table><\/figure>\n\n\n\n<p>Il ritorno de <em>La Boh\u00e8me <\/em>nell\u2019allestimento del Teatro Massimo, vanta un cast di grandi voci che si alterneranno nelle repliche nei ruoli principali: <em>Mim\u00ec, <\/em>cuore drammatico e lirico dell\u2019opera, sar\u00e0 interpretato da<strong> Anastasia Bartoli<\/strong>, da <strong>Hasmik Torosyan<\/strong> e dalla palermitana <strong>Jessica Nuccio<\/strong>. Per il ruolo di <strong>Musetta<\/strong> si alternano i soprani <strong>Hasmik Torosyan<\/strong>, <strong>Francesca Benitez<\/strong> e <strong>Jessica Nuccio<\/strong>. E due delle artiste, <strong>Hasmik Torosyan<\/strong> e <strong>Jessica Nuccio<\/strong>, si cimenteranno nell\u2019impegno di interpretare <strong>entrambe<\/strong> le complesse figure femminili dell\u2019opera: <em>Mim\u00ec<\/em> e <em>Musetta<\/em>. <em>Rodolfo<\/em>\u00e8 il tenore messicano <strong>Arturo Chac\u00f3n-Cruz<\/strong> e nelle repliche \u00e8 <strong>Jos\u00e9 Simerilla Romero<\/strong>. Nel ruolo di <em>Marcello <\/em>ibaritoni<strong>Giulio Mastrototaro<\/strong> e <strong>Francesco Vultaggio<\/strong>; <strong>George Andguladze<\/strong> \u00e8 <em>Colline; <\/em><strong>Diego Savini<\/strong> e <strong>Daniele Muratori Caputo<\/strong> si alternano nel ruolo di <em>Schaunard<\/em>. Completano il cast Giuseppe Esposito (<em>Beno\u00eet\/Alcindoro<\/em>),&nbsp; Francesco Polizzi \/ Gianmarco Randazzo (<em>Parpignol<\/em>), Federico Cucinotta (<em>Un doganiere<\/em>), Antonio Barbagallo (<em>Sergente dei doganieri<\/em>), Carlo Morgante (<em>Un venditore di prugne<\/em>).<\/p>\n\n\n\n<p><em>La boh\u00e8me<\/em>, opera in quattro quadri, debutt\u00f2 il primo febbraio del <strong>1896<\/strong>, al Teatro Regio di Torino con la direzione dell&#8217;allora giovane ma gi\u00e0 autorevole Arturo Toscanini. L&#8217;accoglienza che l\u2019opera ricevette alla sua prima assoluta fu sorprendentemente fredda e in gran parte negativa, soprattutto se paragonata all&#8217;enorme successo che avrebbe raggiunto in brevissimo tempo. Nonostante l&#8217;accoglienza iniziale, l&#8217;opera inizi\u00f2 a guadagnare rapidamente popolarit\u00e0 e dopo le prime repliche a Torino, e in particolare dopo le produzioni a Palermo e a Roma,&nbsp; il successo divenne travolgente tanto che l\u2019opera venne considerata nel giro di pochi anni un capolavoro, entrato stabilmente nel repertorio internazionale, e tra le opere pi\u00f9 eseguite e amate di sempre.&nbsp;<\/p>\n\n\n\n<p>Temi portanti del dramma sono la <strong>fine della giovinezza<\/strong>, la <strong>fragilit\u00e0 della vita <\/strong>e la <strong>libert\u00e0 dell\u2019amore<\/strong>, racchiusi in una storia semplice ma di grande potenza emotiva. <em>Rodolfo<\/em> e <em>Mim\u00ec <\/em>sono uniti da un amore assoluto quanto fragile vivendo di sogni e speranze giovanili che si infrangono di fronte alla povert\u00e0 e alla morte. Il finale \u00e8 tra i pi\u00f9 toccanti e commoventi della storia del melodramma: dal gesto di <em>Rodolfo<\/em> che brucia nella stufa i suoi scritti&nbsp; per scaldarsi,&nbsp; al sacrificio di <em>Colline<\/em>&nbsp; che vende il&nbsp; cappotto, la sua \u00abVecchia zimarra\u00bb (simbolo della fine della spensieratezza) fino a <em>Mim\u00ec, <\/em>fragilecome i fiori finti da lei creati, che si spegne piena d\u2019amore per <em>Rodolfo<\/em>, un amore \u00abgrande come il mare\u00bb.<\/p>\n\n\n\n<p><strong>Il direttore d\u2019orchestra<\/strong>. Il Maestro <strong>Carlo Montanaro<\/strong> \u00e8 un apprezzato direttore d\u2019orchestra internazionale. Trna sul podio del Teatro Massimo portando la sua vasta esperienza nel repertorio pucciniano, maturata in teatri come la Scala di Milano, la Deutsche Oper di Berlino e l&#8217;Opera di Tel Aviv. Gi\u00e0direttore musicale dell\u2019Opera di Varsavia dal 2011 al 2014, e fondatore di OperaWebinar. Diplomato in violino al Conservatorio di Firenze, si \u00e8 perfezionato in direzione a Vienna, su presentazione di <strong>Zubin Mehta<\/strong>, ottenendo i suoi elogi. Dal 2001, dirige opere e concerti su palcoscenici di altissimo rilievo, tra cui il Teatro dell\u2019Opera di Roma, il Teatro Massimo di Palermo, la Fondazione Arena di Verona e la Deutsche Oper di Berlino. Ha debuttato alla <strong>Scala di Milano<\/strong> nel 2008 con <em>La traviata<\/em> e ha inaugurato il Festival di Macerata con una nuova produzione di <em>Carmen<\/em>. Vanta una vasta esperienza nel repertorio pucciniano e verdiano, con recenti impegni che includono <em>Madama Butterfly<\/em> (Berlino), <em>La boh\u00e8me<\/em> (Tel Aviv) e <em>Aida <\/em>(Deutsche Oper). \u00c8 stato nominato <em>Principale Direttore Ospite<\/em> della Hungarian National Philharmonic per le stagioni 2025\/26-2028\/29.<\/p>\n\n\n\n<figure class=\"wp-block-table\"><table class=\"has-fixed-layout\"><tbody><tr><td><\/td><\/tr><tr><td><\/td><td><img decoding=\"async\" width=\"250\" height=\"62\" src=\"\"><\/td><\/tr><\/tbody><\/table><\/figure>\n\n\n\n<p><strong>Il regista<\/strong>. <strong>Mario Pontiggia<\/strong> architetto, regista, scenografo e drammaturgo, nato in Argentina. \u00c8 stato direttore di Produzione dell\u2019Op\u00e9ra de Monte-Carlo e direttore artistico dell\u2019Opera de Las Palmas de Gran Canaria, carica che ricopre attualmente per la Fondazione Alfredo Kraus. Nel corso della sua carriera ha firmato <strong>pi\u00f9 di 150 produzioni<\/strong> in teatri prestigiosi in Europa, America Latina e Asia (Giappone e Taiwan), coprendo un repertorio vastissimo, dal barocco (Monteverdi, H\u00e4ndel) al contemporaneo, con un focus sui grandi titoli di Verdi, Puccini e Mozart. Ha avuto l&#8217;onore di inaugurare il Grimaldi Forum di Monaco (2000) e il nuovo Teatro del Maggio Musicale Fiorentino (2014). La sua <em>Boh\u00e8me<\/em> per il HNK di Zagabria ha recentemente vinto il prestigioso premio <strong>Tito Strozzi<\/strong> (2024) per la migliore produzione. Al <strong>Teatro Massimo di Palermo<\/strong> ha curato la messa in scena di numerosi titoli di successo come <em>Otello<\/em> (1999), <em>L\u2019incoronazione di Poppea <\/em>(2001), <em>Tosca<\/em> (2014, 2017, 2022), <em>La traviata<\/em> (2017, 2019, 2023), e la stessa <strong><em>La Boh\u00e8me<\/em><\/strong> (2015, 2018, 2021), che torna ora in scena.<\/p>\n\n\n\n<p>Il debutto dell\u2019opera \u00e8 preceduto, <strong>gioved\u00ec 11 dicembre alle 18:00 <\/strong>in<strong> Sala ONU<\/strong>, da un incontro di introduzione all\u2019ascolto de <strong><em>La Boh\u00e8me <\/em><\/strong>con la drammaturga <strong>Beatrice Monroy<\/strong> e gli attori <strong>Gigi Borruso<\/strong> e <strong>Sabrina Petix <\/strong>che racconteranno il libretto dell\u2019opera. Biglietti 3 euro.<\/p>\n\n\n\n<p>La <strong>prova generale<\/strong>, <strong>sabato 13 dicembre alle 18:30<\/strong>, \u00e8 aperta al pubblico ed \u00e8 stata concessa a scopo benefico a favore dell\u2019Associazione <strong>Susan G. Komen Italia,<\/strong> da oltre 25 anni in prima linea nella lotta ai tumori del seno e nella tutela della salute femminile.<\/p>\n\n\n\n<p><strong>Info<\/strong> e <strong>contatti<\/strong>: <a href=\"https:\/\/teatromassimo.komen.it\/\">https:\/\/teatromassimo.komen.it\/<\/a> ; 349 848.50.11 \/ 366 361.19.75 \/ 349 553.48.93.<\/p>\n\n\n\n<p><strong>Calendario delle recite<\/strong>: Domenica 14 dicembre, ore 20:00 (Turno Prime); Marted\u00ec 16 dicembre ore 18:30 (Turno Scuole); Mercoled\u00ec 17 dicembre, ore 18:30 (Turno C); Gioved\u00ec 18 dicembre, ore 20:00 (Turno F); Venerd\u00ec 19 dicembre, ore 18:30 (Turno B); Sabato 20 dicembre ore 18:30 (Turno Opera); Domenica 21 dicembre, ore 17:30 (Turno D); Marted\u00ec 23 dicembre, ore 18:30 (Fuori abbonamento). <strong>Info<\/strong>: https:\/\/www.teatromassimo.it\/event\/la-boheme-3\/<\/p>\n\n\n\n<p>Ufficio Stampa&nbsp;&nbsp;&nbsp;&nbsp;&nbsp;&nbsp;&nbsp;&nbsp;&nbsp;&nbsp;&nbsp;&nbsp;&nbsp;&nbsp;&nbsp;&nbsp;&nbsp;&nbsp;&nbsp;&nbsp;&nbsp;&nbsp;&nbsp;&nbsp;&nbsp;&nbsp;&nbsp;&nbsp;&nbsp;&nbsp;&nbsp;&nbsp;&nbsp;&nbsp;&nbsp;&nbsp;&nbsp;&nbsp;&nbsp;&nbsp;&nbsp;&nbsp;&nbsp;&nbsp;&nbsp;&nbsp;&nbsp;&nbsp;&nbsp;&nbsp;&nbsp;&nbsp;&nbsp;&nbsp;&nbsp;&nbsp;&nbsp;&nbsp;&nbsp;&nbsp;&nbsp; &nbsp;&nbsp;&nbsp;&nbsp;&nbsp;&nbsp;&nbsp;&nbsp;&nbsp;&nbsp;&nbsp;&nbsp;&nbsp;&nbsp;&nbsp;&nbsp;&nbsp;&nbsp;&nbsp;&nbsp;&nbsp;&nbsp;&nbsp;&nbsp;&nbsp;&nbsp;&nbsp;&nbsp;&nbsp;&nbsp;&nbsp;&nbsp;&nbsp;&nbsp;&nbsp;&nbsp;&nbsp;&nbsp;&nbsp;&nbsp;&nbsp;&nbsp;&nbsp;&nbsp;<\/p>\n\n\n\n<p>Fondazione Teatro Massimo<\/p>\n\n\n\n<p>Giovannella Brancato 340 8334979 stampa@teatromassimo.it<\/p>\n\n\n\n<p>foto<\/p>\n\n\n\n<figure class=\"wp-block-gallery has-nested-images columns-default is-cropped wp-block-gallery-1 is-layout-flex wp-block-gallery-is-layout-flex\">\n<figure class=\"wp-block-image size-large\"><a href=\"https:\/\/www.ecoitaliano.com.ar\/wp-content\/uploads\/2025\/12\/Anastasia-Bartoli-Mimi\u2560C-PROVE-La-Bohe\u2560Cme_Teatro-Massimo-Palermo-\u252c\u00ae-rosellina-garbo-2025_RG_3029.jpg\"><img decoding=\"async\" width=\"1024\" height=\"683\" data-id=\"83275\" src=\"https:\/\/www.ecoitaliano.com.ar\/wp-content\/uploads\/2025\/12\/Anastasia-Bartoli-Mimi\u2560C-PROVE-La-Bohe\u2560Cme_Teatro-Massimo-Palermo-\u252c\u00ae-rosellina-garbo-2025_RG_3029-1024x683.jpg\" alt=\"\" class=\"wp-image-83275\" srcset=\"https:\/\/www.ecoitaliano.com.ar\/wp-content\/uploads\/2025\/12\/Anastasia-Bartoli-Mimi\u2560C-PROVE-La-Bohe\u2560Cme_Teatro-Massimo-Palermo-\u252c\u00ae-rosellina-garbo-2025_RG_3029-1024x683.jpg 1024w, https:\/\/www.ecoitaliano.com.ar\/wp-content\/uploads\/2025\/12\/Anastasia-Bartoli-Mimi\u2560C-PROVE-La-Bohe\u2560Cme_Teatro-Massimo-Palermo-\u252c\u00ae-rosellina-garbo-2025_RG_3029-300x200.jpg 300w, https:\/\/www.ecoitaliano.com.ar\/wp-content\/uploads\/2025\/12\/Anastasia-Bartoli-Mimi\u2560C-PROVE-La-Bohe\u2560Cme_Teatro-Massimo-Palermo-\u252c\u00ae-rosellina-garbo-2025_RG_3029-768x512.jpg 768w, https:\/\/www.ecoitaliano.com.ar\/wp-content\/uploads\/2025\/12\/Anastasia-Bartoli-Mimi\u2560C-PROVE-La-Bohe\u2560Cme_Teatro-Massimo-Palermo-\u252c\u00ae-rosellina-garbo-2025_RG_3029-150x100.jpg 150w, https:\/\/www.ecoitaliano.com.ar\/wp-content\/uploads\/2025\/12\/Anastasia-Bartoli-Mimi\u2560C-PROVE-La-Bohe\u2560Cme_Teatro-Massimo-Palermo-\u252c\u00ae-rosellina-garbo-2025_RG_3029.jpg 1344w\" sizes=\"(max-width: 1024px) 100vw, 1024px\" \/><\/a><figcaption class=\"wp-element-caption\">ph \u00a9 rosellina garbo<\/figcaption><\/figure>\n\n\n\n<figure class=\"wp-block-image size-large\"><a href=\"https:\/\/www.ecoitaliano.com.ar\/wp-content\/uploads\/2025\/12\/Arturo-Chaco\u2560un-Cruz-Rodolfo-Anastasia-Bartoli-Mimi\u2560C-Hasmik-Torosyan-Musetta-La-Bohe\u2560Cme_Teatro-Massimo-Palermo-\u252c\u00ae-rosellina-garbo-2025_RG_4030.jpg\"><img decoding=\"async\" width=\"1024\" height=\"683\" data-id=\"83276\" src=\"https:\/\/www.ecoitaliano.com.ar\/wp-content\/uploads\/2025\/12\/Arturo-Chaco\u2560un-Cruz-Rodolfo-Anastasia-Bartoli-Mimi\u2560C-Hasmik-Torosyan-Musetta-La-Bohe\u2560Cme_Teatro-Massimo-Palermo-\u252c\u00ae-rosellina-garbo-2025_RG_4030-1024x683.jpg\" alt=\"\" class=\"wp-image-83276\" srcset=\"https:\/\/www.ecoitaliano.com.ar\/wp-content\/uploads\/2025\/12\/Arturo-Chaco\u2560un-Cruz-Rodolfo-Anastasia-Bartoli-Mimi\u2560C-Hasmik-Torosyan-Musetta-La-Bohe\u2560Cme_Teatro-Massimo-Palermo-\u252c\u00ae-rosellina-garbo-2025_RG_4030-1024x683.jpg 1024w, https:\/\/www.ecoitaliano.com.ar\/wp-content\/uploads\/2025\/12\/Arturo-Chaco\u2560un-Cruz-Rodolfo-Anastasia-Bartoli-Mimi\u2560C-Hasmik-Torosyan-Musetta-La-Bohe\u2560Cme_Teatro-Massimo-Palermo-\u252c\u00ae-rosellina-garbo-2025_RG_4030-300x200.jpg 300w, https:\/\/www.ecoitaliano.com.ar\/wp-content\/uploads\/2025\/12\/Arturo-Chaco\u2560un-Cruz-Rodolfo-Anastasia-Bartoli-Mimi\u2560C-Hasmik-Torosyan-Musetta-La-Bohe\u2560Cme_Teatro-Massimo-Palermo-\u252c\u00ae-rosellina-garbo-2025_RG_4030-768x512.jpg 768w, https:\/\/www.ecoitaliano.com.ar\/wp-content\/uploads\/2025\/12\/Arturo-Chaco\u2560un-Cruz-Rodolfo-Anastasia-Bartoli-Mimi\u2560C-Hasmik-Torosyan-Musetta-La-Bohe\u2560Cme_Teatro-Massimo-Palermo-\u252c\u00ae-rosellina-garbo-2025_RG_4030-150x100.jpg 150w, https:\/\/www.ecoitaliano.com.ar\/wp-content\/uploads\/2025\/12\/Arturo-Chaco\u2560un-Cruz-Rodolfo-Anastasia-Bartoli-Mimi\u2560C-Hasmik-Torosyan-Musetta-La-Bohe\u2560Cme_Teatro-Massimo-Palermo-\u252c\u00ae-rosellina-garbo-2025_RG_4030.jpg 1344w\" sizes=\"(max-width: 1024px) 100vw, 1024px\" \/><\/a><figcaption class=\"wp-element-caption\">ph \u00a9 rosellina garbo<\/figcaption><\/figure>\n\n\n\n<figure class=\"wp-block-image size-large\"><a href=\"https:\/\/www.ecoitaliano.com.ar\/wp-content\/uploads\/2025\/12\/Arturo-Chaco\u2560un-Cruz-Rodolfo-Anastasia-Bartoli-Mimi\u2560C-PROVE-La-Bohe\u2560Cme_Teatro-Massimo-Palermo-\u252c\u00ae-rosellina-garbo-2025_RG_3241.jpg\"><img decoding=\"async\" width=\"1024\" height=\"683\" data-id=\"83277\" src=\"https:\/\/www.ecoitaliano.com.ar\/wp-content\/uploads\/2025\/12\/Arturo-Chaco\u2560un-Cruz-Rodolfo-Anastasia-Bartoli-Mimi\u2560C-PROVE-La-Bohe\u2560Cme_Teatro-Massimo-Palermo-\u252c\u00ae-rosellina-garbo-2025_RG_3241-1024x683.jpg\" alt=\"\" class=\"wp-image-83277\" srcset=\"https:\/\/www.ecoitaliano.com.ar\/wp-content\/uploads\/2025\/12\/Arturo-Chaco\u2560un-Cruz-Rodolfo-Anastasia-Bartoli-Mimi\u2560C-PROVE-La-Bohe\u2560Cme_Teatro-Massimo-Palermo-\u252c\u00ae-rosellina-garbo-2025_RG_3241-1024x683.jpg 1024w, https:\/\/www.ecoitaliano.com.ar\/wp-content\/uploads\/2025\/12\/Arturo-Chaco\u2560un-Cruz-Rodolfo-Anastasia-Bartoli-Mimi\u2560C-PROVE-La-Bohe\u2560Cme_Teatro-Massimo-Palermo-\u252c\u00ae-rosellina-garbo-2025_RG_3241-300x200.jpg 300w, https:\/\/www.ecoitaliano.com.ar\/wp-content\/uploads\/2025\/12\/Arturo-Chaco\u2560un-Cruz-Rodolfo-Anastasia-Bartoli-Mimi\u2560C-PROVE-La-Bohe\u2560Cme_Teatro-Massimo-Palermo-\u252c\u00ae-rosellina-garbo-2025_RG_3241-768x512.jpg 768w, https:\/\/www.ecoitaliano.com.ar\/wp-content\/uploads\/2025\/12\/Arturo-Chaco\u2560un-Cruz-Rodolfo-Anastasia-Bartoli-Mimi\u2560C-PROVE-La-Bohe\u2560Cme_Teatro-Massimo-Palermo-\u252c\u00ae-rosellina-garbo-2025_RG_3241-150x100.jpg 150w, https:\/\/www.ecoitaliano.com.ar\/wp-content\/uploads\/2025\/12\/Arturo-Chaco\u2560un-Cruz-Rodolfo-Anastasia-Bartoli-Mimi\u2560C-PROVE-La-Bohe\u2560Cme_Teatro-Massimo-Palermo-\u252c\u00ae-rosellina-garbo-2025_RG_3241.jpg 1344w\" sizes=\"(max-width: 1024px) 100vw, 1024px\" \/><\/a><figcaption class=\"wp-element-caption\">ph \u00a9 rosellina garbo<\/figcaption><\/figure>\n\n\n\n<figure class=\"wp-block-image size-large\"><a href=\"https:\/\/www.ecoitaliano.com.ar\/wp-content\/uploads\/2025\/12\/Jessica-Nuccio-PROVE-La-bohe\u2560Cme-Teatro-Massimo-Palermo-\u252c\u00ae-rosellina-garbo-2025_RG_2891.jpg\"><img decoding=\"async\" width=\"1024\" height=\"683\" data-id=\"83278\" src=\"https:\/\/www.ecoitaliano.com.ar\/wp-content\/uploads\/2025\/12\/Jessica-Nuccio-PROVE-La-bohe\u2560Cme-Teatro-Massimo-Palermo-\u252c\u00ae-rosellina-garbo-2025_RG_2891-1024x683.jpg\" alt=\"\" class=\"wp-image-83278\" srcset=\"https:\/\/www.ecoitaliano.com.ar\/wp-content\/uploads\/2025\/12\/Jessica-Nuccio-PROVE-La-bohe\u2560Cme-Teatro-Massimo-Palermo-\u252c\u00ae-rosellina-garbo-2025_RG_2891-1024x683.jpg 1024w, https:\/\/www.ecoitaliano.com.ar\/wp-content\/uploads\/2025\/12\/Jessica-Nuccio-PROVE-La-bohe\u2560Cme-Teatro-Massimo-Palermo-\u252c\u00ae-rosellina-garbo-2025_RG_2891-300x200.jpg 300w, https:\/\/www.ecoitaliano.com.ar\/wp-content\/uploads\/2025\/12\/Jessica-Nuccio-PROVE-La-bohe\u2560Cme-Teatro-Massimo-Palermo-\u252c\u00ae-rosellina-garbo-2025_RG_2891-768x512.jpg 768w, https:\/\/www.ecoitaliano.com.ar\/wp-content\/uploads\/2025\/12\/Jessica-Nuccio-PROVE-La-bohe\u2560Cme-Teatro-Massimo-Palermo-\u252c\u00ae-rosellina-garbo-2025_RG_2891-150x100.jpg 150w, https:\/\/www.ecoitaliano.com.ar\/wp-content\/uploads\/2025\/12\/Jessica-Nuccio-PROVE-La-bohe\u2560Cme-Teatro-Massimo-Palermo-\u252c\u00ae-rosellina-garbo-2025_RG_2891.jpg 1344w\" sizes=\"(max-width: 1024px) 100vw, 1024px\" \/><\/a><figcaption class=\"wp-element-caption\">ph \u00a9 rosellina garbo<\/figcaption><\/figure>\n\n\n\n<figure class=\"wp-block-image size-large\"><a href=\"https:\/\/www.ecoitaliano.com.ar\/wp-content\/uploads\/2025\/12\/La-bohe\u2560Cme-Teatro-Massimo-Palermo-\u252c\u00ae-rosellina-garbo-2025_RG_2552.jpg\"><img decoding=\"async\" width=\"627\" height=\"941\" data-id=\"83279\" src=\"https:\/\/www.ecoitaliano.com.ar\/wp-content\/uploads\/2025\/12\/La-bohe\u2560Cme-Teatro-Massimo-Palermo-\u252c\u00ae-rosellina-garbo-2025_RG_2552.jpg\" alt=\"\" class=\"wp-image-83279\" srcset=\"https:\/\/www.ecoitaliano.com.ar\/wp-content\/uploads\/2025\/12\/La-bohe\u2560Cme-Teatro-Massimo-Palermo-\u252c\u00ae-rosellina-garbo-2025_RG_2552.jpg 627w, https:\/\/www.ecoitaliano.com.ar\/wp-content\/uploads\/2025\/12\/La-bohe\u2560Cme-Teatro-Massimo-Palermo-\u252c\u00ae-rosellina-garbo-2025_RG_2552-200x300.jpg 200w, https:\/\/www.ecoitaliano.com.ar\/wp-content\/uploads\/2025\/12\/La-bohe\u2560Cme-Teatro-Massimo-Palermo-\u252c\u00ae-rosellina-garbo-2025_RG_2552-100x150.jpg 100w\" sizes=\"(max-width: 627px) 100vw, 627px\" \/><\/a><figcaption class=\"wp-element-caption\">ph \u00a9 rosellina garbo<\/figcaption><\/figure>\n\n\n\n<figure class=\"wp-block-image size-large\"><a href=\"https:\/\/www.ecoitaliano.com.ar\/wp-content\/uploads\/2025\/12\/La-bohe\u2560ume_Teatro-Massimo-Palermo-\u252c\u00ae-rosellina-garbo-_MG_4726.jpg\"><img decoding=\"async\" width=\"941\" height=\"627\" data-id=\"83280\" src=\"https:\/\/www.ecoitaliano.com.ar\/wp-content\/uploads\/2025\/12\/La-bohe\u2560ume_Teatro-Massimo-Palermo-\u252c\u00ae-rosellina-garbo-_MG_4726.jpg\" alt=\"\" class=\"wp-image-83280\" srcset=\"https:\/\/www.ecoitaliano.com.ar\/wp-content\/uploads\/2025\/12\/La-bohe\u2560ume_Teatro-Massimo-Palermo-\u252c\u00ae-rosellina-garbo-_MG_4726.jpg 941w, https:\/\/www.ecoitaliano.com.ar\/wp-content\/uploads\/2025\/12\/La-bohe\u2560ume_Teatro-Massimo-Palermo-\u252c\u00ae-rosellina-garbo-_MG_4726-300x200.jpg 300w, https:\/\/www.ecoitaliano.com.ar\/wp-content\/uploads\/2025\/12\/La-bohe\u2560ume_Teatro-Massimo-Palermo-\u252c\u00ae-rosellina-garbo-_MG_4726-768x512.jpg 768w, https:\/\/www.ecoitaliano.com.ar\/wp-content\/uploads\/2025\/12\/La-bohe\u2560ume_Teatro-Massimo-Palermo-\u252c\u00ae-rosellina-garbo-_MG_4726-150x100.jpg 150w\" sizes=\"(max-width: 941px) 100vw, 941px\" \/><\/a><\/figure>\n\n\n\n<figure class=\"wp-block-image size-large\"><a href=\"https:\/\/www.ecoitaliano.com.ar\/wp-content\/uploads\/2025\/12\/LA-BOHEME_Teatro-Massimo-Palermo.jpg\"><img decoding=\"async\" width=\"819\" height=\"1024\" data-id=\"83281\" src=\"https:\/\/www.ecoitaliano.com.ar\/wp-content\/uploads\/2025\/12\/LA-BOHEME_Teatro-Massimo-Palermo-819x1024.jpg\" alt=\"\" class=\"wp-image-83281\" srcset=\"https:\/\/www.ecoitaliano.com.ar\/wp-content\/uploads\/2025\/12\/LA-BOHEME_Teatro-Massimo-Palermo-819x1024.jpg 819w, https:\/\/www.ecoitaliano.com.ar\/wp-content\/uploads\/2025\/12\/LA-BOHEME_Teatro-Massimo-Palermo-240x300.jpg 240w, https:\/\/www.ecoitaliano.com.ar\/wp-content\/uploads\/2025\/12\/LA-BOHEME_Teatro-Massimo-Palermo-768x960.jpg 768w, https:\/\/www.ecoitaliano.com.ar\/wp-content\/uploads\/2025\/12\/LA-BOHEME_Teatro-Massimo-Palermo-120x150.jpg 120w, https:\/\/www.ecoitaliano.com.ar\/wp-content\/uploads\/2025\/12\/LA-BOHEME_Teatro-Massimo-Palermo.jpg 1080w\" sizes=\"(max-width: 819px) 100vw, 819px\" \/><\/a><\/figure>\n<\/figure>\n","protected":false},"excerpt":{"rendered":"<p>COMUNICATO STAMPA TORNA IN SCENA AL TEATRO MASSIMO UNO DEGLI ALLESTIMENTI PI\u00d9 AMATI E DI SUCCESSO DELLA FONDAZIONE LA BOH\u00c8ME&nbsp; [&hellip;]<\/p>\n","protected":false},"author":1,"featured_media":0,"comment_status":"open","ping_status":"open","sticky":false,"template":"","format":"standard","meta":{"footnotes":""},"categories":[1],"tags":[],"class_list":["post-83273","post","type-post","status-publish","format-standard","hentry","category-sin-categoria"],"_links":{"self":[{"href":"https:\/\/www.ecoitaliano.com.ar\/index.php?rest_route=\/wp\/v2\/posts\/83273","targetHints":{"allow":["GET"]}}],"collection":[{"href":"https:\/\/www.ecoitaliano.com.ar\/index.php?rest_route=\/wp\/v2\/posts"}],"about":[{"href":"https:\/\/www.ecoitaliano.com.ar\/index.php?rest_route=\/wp\/v2\/types\/post"}],"author":[{"embeddable":true,"href":"https:\/\/www.ecoitaliano.com.ar\/index.php?rest_route=\/wp\/v2\/users\/1"}],"replies":[{"embeddable":true,"href":"https:\/\/www.ecoitaliano.com.ar\/index.php?rest_route=%2Fwp%2Fv2%2Fcomments&post=83273"}],"version-history":[{"count":1,"href":"https:\/\/www.ecoitaliano.com.ar\/index.php?rest_route=\/wp\/v2\/posts\/83273\/revisions"}],"predecessor-version":[{"id":83282,"href":"https:\/\/www.ecoitaliano.com.ar\/index.php?rest_route=\/wp\/v2\/posts\/83273\/revisions\/83282"}],"wp:attachment":[{"href":"https:\/\/www.ecoitaliano.com.ar\/index.php?rest_route=%2Fwp%2Fv2%2Fmedia&parent=83273"}],"wp:term":[{"taxonomy":"category","embeddable":true,"href":"https:\/\/www.ecoitaliano.com.ar\/index.php?rest_route=%2Fwp%2Fv2%2Fcategories&post=83273"},{"taxonomy":"post_tag","embeddable":true,"href":"https:\/\/www.ecoitaliano.com.ar\/index.php?rest_route=%2Fwp%2Fv2%2Ftags&post=83273"}],"curies":[{"name":"wp","href":"https:\/\/api.w.org\/{rel}","templated":true}]}}