{"id":83286,"date":"2025-12-11T09:55:40","date_gmt":"2025-12-11T09:55:40","guid":{"rendered":"https:\/\/www.ecoitaliano.com.ar\/?p=83286"},"modified":"2025-12-11T09:56:01","modified_gmt":"2025-12-11T09:56:01","slug":"cambiamento-climatico-al-via-hotspot-mediterraneo-la-prima-mostra-in-italia-che-racconta-gli-effetti-sul-mare-nostrum-2","status":"publish","type":"post","link":"https:\/\/www.ecoitaliano.com.ar\/?p=83286","title":{"rendered":"Cambiamento climatico. Al via \u201cHotspot Mediterraneo\u201d, la prima mostra in Italia che racconta gli effetti sul Mare Nostrum"},"content":{"rendered":"<div class=\"wp-block-image\">\n<figure class=\"aligncenter size-large is-resized\"><a href=\"http:\/\/www.ecoitaliano.com.ar\/wp-content\/uploads\/2025\/12\/unnamed-2.jpg\"><img decoding=\"async\" width=\"1024\" height=\"683\" src=\"http:\/\/www.ecoitaliano.com.ar\/wp-content\/uploads\/2025\/12\/unnamed-2-1024x683.jpg\" alt=\"\" class=\"wp-image-83287\" style=\"width:392px;height:auto\" srcset=\"https:\/\/www.ecoitaliano.com.ar\/wp-content\/uploads\/2025\/12\/unnamed-2-1024x683.jpg 1024w, https:\/\/www.ecoitaliano.com.ar\/wp-content\/uploads\/2025\/12\/unnamed-2-300x200.jpg 300w, https:\/\/www.ecoitaliano.com.ar\/wp-content\/uploads\/2025\/12\/unnamed-2-768x512.jpg 768w, https:\/\/www.ecoitaliano.com.ar\/wp-content\/uploads\/2025\/12\/unnamed-2-1536x1024.jpg 1536w, https:\/\/www.ecoitaliano.com.ar\/wp-content\/uploads\/2025\/12\/unnamed-2-150x100.jpg 150w, https:\/\/www.ecoitaliano.com.ar\/wp-content\/uploads\/2025\/12\/unnamed-2.jpg 1600w\" sizes=\"(max-width: 1024px) 100vw, 1024px\" \/><\/a><\/figure><\/div>\n\n\n<figure class=\"wp-block-table\"><table class=\"has-fixed-layout\"><tbody><tr><td><strong>Hotspot Mediterraneo, la prima mostra in Italia che racconta gli effetti del cambiamento climatico sul Mare Nostrum<\/strong>&nbsp;<strong><em>&nbsp;Inaugura il 13 dicembre all\u2019Eco-museo del mare di Palermo la mostra del fotografo Francesco Bellina e del giornalista Stefano Liberti&nbsp;&nbsp;<\/em><\/strong><a href=\"https:\/\/customer67052g.musvc6.net\/e\/tr?q=8%3d4cMe8X%262%3dV%26q%3dXNd6%26L%3dGXAaG%26P%3dkQ0Kv_OgxS_ZQ_MTzf_WI_OgxS_YV8xP0JpB8a0gKWj.F3B.pR9Qfc.40w_OgxS_YVNw80Df_OgxS_YVV9dPZ4_OgxS_YV6vPuOv_OgxS_YVV_uxiu_5mXJwP6Jw_OgxS_YKWCtu9lQuMu840r.G6B%26g%3dJANy0L.IhQ%26yN%3d6cGa%26wP%3dHe5bGW4XPd5gJW6d8q%26k%3dbK68YN60Cqa9etb7CKdhZq9A9te5bNVC9uWeYPVe8rZ5XG0eeMegdHe88tAfcrA7&amp;mupckp=mupAtu4m8OiX0wt\" target=\"_blank\" rel=\"noreferrer noopener\"><\/a><a href=\"https:\/\/customer67052g.musvc6.net\/e\/tr?q=3%3dBbBZFW%26q%3dQ%26y%3dWCYD%26K%3d6SIZ6%26K%3dsPyF4_NVsa_YF_HbyU_RQ_NVsa_XK43E15.rKt7wA.hEx_NVsa_XK43E15_3wXp_ClkEw0jH4_NVsa_XKQiFabZdEqHCl0vcLs4s7LaVLrnOtJBCzg_3wXp_DlzI1_NVsa_YIIs7w9yC%26i%3dC6O13G.JjJ%26tO%3d8VBb%26yI%3dCf7UBX6QKe7ZEX%26m%3d5DWD5EZ1l7fhQmZ6ToZDRDc94Hb01EZhYFfAVE081FZf3DBgUJWBUBbi5FB0ZD862p9E&amp;mupckp=mupAtu4m8OiX0wt\" target=\"_blank\" rel=\"noreferrer noopener\">foto uso stampa<\/a><strong>Hotspot Mediterraneo&nbsp;<\/strong>\u00e8<strong>&nbsp;<\/strong>la prima grande mostra interattiva &#8211; 43 fotografie accompagnate da video e audio &#8211; sul mutamento eco-sistemico che sta attraversando il Mediterraneo. L\u2019esposizione, ideata dal fotografo documentarista&nbsp;<strong>Francesco Bellina&nbsp;<\/strong>e dal<strong>&nbsp;<\/strong>giornalista ambientale e scrittore&nbsp;<strong>Stefano Liberti<\/strong>, \u00e8 patrocinata dal Ministro per la Protezione civile e le Politiche del mare e sar\u00e0 inaugurata il prossimo<strong>&nbsp;13 dicembre&nbsp;<\/strong><strong>all\u2019Eco-museo del mare di Palermo<\/strong>.<strong>Le foto<\/strong>. Pesci alieni, la storia della citt\u00e0 di Gab\u00e8s e dei suoi abitanti costretti a diventare migranti climatici verso l\u2019Europa, l\u2019innalzamento del livello del mare nelle isole Kerkennah in Tunisia e poi storie di speranza e resistenza, come quella della Ong Archipelagos, fondata da un ex capitano di petroliere che oggi fa monitoraggio e tutela nell\u2019Egeo orientale. Ma anche la vicenda del Mar Menor in Spagna, la pi\u00f9 grande laguna salata d\u2019Europa che ha ottenuto la personalit\u00e0 giuridica dopo un collasso eco-sistemico e grazie all\u2019impegno di un movimento popolare. E poi un\u2019attenzione al lavoro, alla cultura e alla tradizione della pesca con uno sguardo d\u2019insieme in cui il soggetto collettivo resta il \u201csistema Mediterraneo\u201d. Sono questi i grandi protagonisti di&nbsp;<strong>Hotspot Mediterraneo<\/strong>, la mostra che racconta il viaggio di Liberti e Bellina tra il mare e la costa dell\u2019Europa, del Nord Africa e del vicino Oriente, durato due anni, per descrivere la storia e la fragilit\u00e0 del mar Mediterraneo, che si trova oggi ad affrontare sfide senza precedenti: dal riscaldamento climatico all&#8217;inquinamento, dalla perdita di biodiversit\u00e0 all&#8217;intensificazione delle attivit\u00e0 umane, passando per i conflitti geopolitici e le crisi sociali che colpiscono le comunit\u00e0 costiere.&nbsp;<strong>La mostra.<\/strong>&nbsp;Il progetto si propone di narrare, attraverso un approccio immersivo e multimediale, le molteplici sfaccettature di queste trasformazioni, ponendo l&#8217;attenzione sui processi che stanno mettendo a repentaglio l&#8217;equilibrio ecologico e sociale dell&#8217;intero bacino del Mediterraneo. Lo fa attraverso le fotografie ma anche attraverso brevi testi scritti e letti dal giornalista Stefano Liberti che raccontano le varie tappe della mostra, fruibili dai visitatori utilizzando il proprio cellulare attraverso un\u2019app (in italiano e in inglese). Alla mostra \u00e8 anche legato un monologo in musica con proiezione delle foto in cui Liberti racconta la storia di questo viaggio, accompagnato dalle musiche composte ad hoc dal musicista&nbsp;<strong>Pasquale Filast\u00f2<\/strong>&nbsp;per violoncello e fisarmonica.<strong>Gli autori.&nbsp;<\/strong><em>\u201cHotspot Mediterraneo nasce dall&#8217;urgente necessit\u00e0 di far luce sui profondi e rapidi cambiamenti che stanno interessando il Mediterraneo, il mare che per millenni \u00e8 stato crocevia di culture, commerci, tradizioni e vite umane e che oggi \u00e8 sotto attacco e rischia di cambiare irrimediabilmente<\/em>&nbsp;&#8211; dicono Bellina e Liberti &#8211;<em>&nbsp;Con questa mostra andiamo alla ricerca di un senso di appartenenza condiviso ormai sbiadito nell&#8217;immaginario collettivo\u201d.&nbsp;<\/em>La mostra \u00e8 gratuita e visitabile fino al 1\u00b0 febbraio 2026.&nbsp;<a href=\"https:\/\/customer67052g.musvc6.net\/e\/tr?q=8%3dBcLeFX%261%3dV%26y%3dXMdD%26L%3dFXIaF%26P%3dsQ9K4_Ofxa_ZP_Mbze_WQ_Ofxa_YUR8T.263B20xL7DlSxQl.F9_Mbze_WQ%26A%3d2P4Sra.yB9%26D4%3dZKVG%26Q8%3dWKY6l8pJVCXFeJYOYC%26E%3dObngGeF9sZqCr9q9I8oZM9obNZl0qADaqdFArdF0HWDdHWmbpYHCpaKaNbBCsZof&amp;mupckp=mupAtu4m8OiX0wt\" target=\"_blank\" rel=\"noreferrer noopener\">https:\/\/www.marememoriaviva.it<\/a>Sponsor della mostra: VS Consulting (Studio Legale di Vincenzo Scontrino) e&nbsp;<a href=\"https:\/\/customer67052g.musvc6.net\/e\/tr?q=4%3dLVIaPQ%26x%3dR%269%3dQJZN%26E%3dCTSTC%26L%3d3J6GD_Hctk_SM_Ilsb_Sa_Hctk_RRNHM.669K66y1x0DEx091.uK_Cqeq_Mfs0FBuF-y1x0-DEx091.29A%264%3dyL2v1mDLoW.956%260D%3dSHRQ%26J5%3dSURGRMQCaTRLUM%268%3dp3wVrYTRG3RSp6R2n2wYJXP3IVwUG6O6FXSUC2UTmYLTHXPSpSMYqZNWF3vQG6vR&amp;mupckp=mupAtu4m8OiX0wt\" target=\"_blank\" rel=\"noreferrer noopener\">Tenute Pietretagliate e Regalbesi<\/a>. Sponsor tecnici:&nbsp;<a href=\"https:\/\/customer67052g.musvc6.net\/e\/tr?q=8%3dIcGeMX%26v%3dV%266%3dXHdK%26L%3dAXPaA%26P%3dzQ4KA_Oaxh_ZK_MizZ_WX_Oaxh_YPRET.kMBCs818v.87J_2vkw_Bk%26v%3dJ5ND0F.IwQ%26sN%3dKcAa%26BP%3dBeJbAWIX6s8kJdJgDW%26z%3dYAbMaBasbIYKckaubD8wdo9vdEcseD0LYnbtepcueHcPCobugDeRBpatCAZMcA8K&amp;mupckp=mupAtu4m8OiX0wt\" target=\"_blank\" rel=\"noreferrer noopener\">Artificial<\/a>&nbsp;e&nbsp;<a href=\"https:\/\/customer67052g.musvc6.net\/e\/tr?q=6%3d5WPc9R%265%3dT%26r%3dRQb7%26F%3dJVBUJ%26N%3dlKCIw_IjvT_TT_KUti_UJ_IjvT_SYP1N.BBr6A0m6zKsL9.6sD_AtWq_Ki%26h%3dDDLz4O.GiK%262L%3d7WJY%26xJ%3dKc6V4e2tJU5RSb6aMU%26l%3dVRXjXSThSRcj2t4jTPU5XKbBTK45SuY6ZvWCZKUCSt60RM6AVN90YtWBZLa8YPWg&amp;mupckp=mupAtu4m8OiX0wt\" target=\"_blank\" rel=\"noreferrer noopener\">Sinergie Group<\/a>.&nbsp;<strong>BIO<\/strong><strong>Stefano Liberti.<\/strong>&nbsp;Giornalista e documentarista, pubblica regolarmente su media nazionali e internazionali (Internazionale, Le Monde diplomatique, Al Jazeera, El Pais semanal). Ha scritto diversi libri fra cui \u201cA sud di Lampedusa\u201d (Minimum Fax, 2008, Premio Indro Montanelli), \u201cLand Grabbing\u201d (Minimum fax, 2011, tradotto in dieci paesi), \u201cI signori del cibo\u201d (Minimum fax, 2016). Il suo ultimo libro \u00e8 \u201cTropico Mediterraneo\u201d (Laterza, 2024) un reportage-inchiesta sugli effetti del cambiamento climatico e dello sfruttamento antropico sul mare Mediterraneo, che ha ottenuto il premio Come&amp;Te 2025 ed \u00e8 in uscita in traduzione francese. Come regista ha diretto diversi documentari per il cinema e la televisione tra cui \u201cMare chiuso\u201d (2012, con Andrea Segre), il pluripremiato \u201cSoyalism\u201d (2018, con Enrico Parenti) e il pi\u00f9 recente Escape for a goal (2025, con Mario Poeta).<br><strong>Francesco Bellina<\/strong>. Fotografo con sede a Palermo e Accra. Il suo lavoro artistico si concentra principalmente su questioni socio-politiche contemporanee con particolare attenzione ai temi della migrazione e delle questioni climatiche. Ha sviluppato un legame significativo con il Ghana, dove ha aperto uno studio creativo e ha avviato diversi progetti educativi. Collabora frequentemente anche con Universit\u00e0 ed enti Americani, Africani ed Europei, offrendo delle lezioni di fotografia, geopolitica e colonialismo. I suoi lavori sono stati pubblicati su importanti media internazionali come The Guardian, Al Jazeera, The Globe and Mail, Paris Match, Le Monde, Internazionale, L&#8217;Espresso, The Washington Post, tra gli altri. Lavora spesso con le ONG ed \u00e8 un collaboratore di UNHCR, OMS e altri.&nbsp;<img decoding=\"async\" src=\"https:\/\/ci3.googleusercontent.com\/meips\/ADKq_NYxaCl-ZBryJeI8h6cud8GgUQfWvp6HNd0Xr7g6-wd8JE8HnfqvAfBPKe-qwBXZbvSCub6MuBkiUMbN0IU02Mjoi-u-CziN-OLtZNf5fa_uw9PD3SoI_0Tx3q8RxrYtYpU73WKW0lTIPSoq=s0-d-e1-ft#https:\/\/customer67052g.img.musvc6.net\/static\/167051\/assets\/1\/Serotonina%20logo(0).jpg\" width=\"250\" alt=\"\" height=\"auto\"><strong>Elena Giacchino<\/strong>+39 340 268 2776<strong>Florentina Ricciarelli<\/strong>+39 329 234 8154<\/td><\/tr><\/tbody><\/table><\/figure>\n","protected":false},"excerpt":{"rendered":"<p>Hotspot Mediterraneo, la prima mostra in Italia che racconta gli effetti del cambiamento climatico sul Mare Nostrum&nbsp;&nbsp;Inaugura il 13 dicembre [&hellip;]<\/p>\n","protected":false},"author":1,"featured_media":0,"comment_status":"open","ping_status":"open","sticky":false,"template":"","format":"standard","meta":{"footnotes":""},"categories":[2,10],"tags":[],"class_list":["post-83286","post","type-post","status-publish","format-standard","hentry","category-informacion","category-italiano"],"_links":{"self":[{"href":"https:\/\/www.ecoitaliano.com.ar\/index.php?rest_route=\/wp\/v2\/posts\/83286","targetHints":{"allow":["GET"]}}],"collection":[{"href":"https:\/\/www.ecoitaliano.com.ar\/index.php?rest_route=\/wp\/v2\/posts"}],"about":[{"href":"https:\/\/www.ecoitaliano.com.ar\/index.php?rest_route=\/wp\/v2\/types\/post"}],"author":[{"embeddable":true,"href":"https:\/\/www.ecoitaliano.com.ar\/index.php?rest_route=\/wp\/v2\/users\/1"}],"replies":[{"embeddable":true,"href":"https:\/\/www.ecoitaliano.com.ar\/index.php?rest_route=%2Fwp%2Fv2%2Fcomments&post=83286"}],"version-history":[{"count":1,"href":"https:\/\/www.ecoitaliano.com.ar\/index.php?rest_route=\/wp\/v2\/posts\/83286\/revisions"}],"predecessor-version":[{"id":83288,"href":"https:\/\/www.ecoitaliano.com.ar\/index.php?rest_route=\/wp\/v2\/posts\/83286\/revisions\/83288"}],"wp:attachment":[{"href":"https:\/\/www.ecoitaliano.com.ar\/index.php?rest_route=%2Fwp%2Fv2%2Fmedia&parent=83286"}],"wp:term":[{"taxonomy":"category","embeddable":true,"href":"https:\/\/www.ecoitaliano.com.ar\/index.php?rest_route=%2Fwp%2Fv2%2Fcategories&post=83286"},{"taxonomy":"post_tag","embeddable":true,"href":"https:\/\/www.ecoitaliano.com.ar\/index.php?rest_route=%2Fwp%2Fv2%2Ftags&post=83286"}],"curies":[{"name":"wp","href":"https:\/\/api.w.org\/{rel}","templated":true}]}}