{"id":83720,"date":"2025-12-17T17:08:40","date_gmt":"2025-12-17T17:08:40","guid":{"rendered":"https:\/\/www.ecoitaliano.com.ar\/?p=83720"},"modified":"2025-12-17T17:09:17","modified_gmt":"2025-12-17T17:09:17","slug":"lavoro-il-net-forum-2026-parte-da-milano-al-centro-politiche-attive-e-formazione","status":"publish","type":"post","link":"https:\/\/www.ecoitaliano.com.ar\/?p=83720","title":{"rendered":"Lavoro, il Net Forum 2026 parte da Milano:\u00a0al centro politiche attive e formazione"},"content":{"rendered":"\n<p>La terza edizione avr\u00e0 come tema \u201cMultiplicazione &#8211; connessioni che generano valore\u201d. All\u2019evento&nbsp;a Palazzo Lombardia&nbsp;hanno partecipato rappresentanti di Regioni, Ministeri, Fondi interprofessionali, associazioni di categoria, organizzazioni sindacali, imprese, agenzie formative, servizi per il lavoro e organismi nazionali<\/p>\n\n\n\n<p><strong>Milano, 17 dicembre 2025<\/strong>&nbsp;\u2013 Si \u00e8 svolta oggi a Milano, presso il&nbsp;<strong>Belvedere Berlusconi di Palazzo Lombardia<\/strong>, la giornata inaugurale della&nbsp;<strong>terza edizione del Net Forum 2026<\/strong>, il laboratorio nazionale dove politiche attive del lavoro, formazione e sviluppo economico si incontrano per costruire una nuova architettura della formazione in Italia. L\u2019evento \u00e8 organizzato da&nbsp;<strong>S3.Studium<\/strong>&nbsp;in collaborazione con&nbsp;<strong>Regione Lombardia<\/strong>, con il patrocinio di&nbsp;Ministero del Lavoro&nbsp;e delle Politiche Sociali, INAPP, Sviluppo Lavoro Italia, INPS e Confindustria.&nbsp;La terza edizione che prende il via da Milano avr\u00e0 come tema&nbsp;<strong>\u201cMultiplicazione &#8211; connessioni che generano valore\u201d&nbsp;<\/strong>e&nbsp;proseguir\u00e0 nel 2026 con le tappe di Reggio Emilia (24 febbraio), Torino (24 marzo), Catania (14 aprile),&nbsp;workshop a Capri&nbsp;(4-10 maggio), Bari (16 giugno), Firenze (22 settembre), Trieste (14 ottobre),&nbsp;Roma(10 novembre).&nbsp;All\u2019evento hanno partecipato rappresentanti di&nbsp;<strong>Regioni<\/strong>,<strong>Ministeri<\/strong>,&nbsp;<strong>Fondi interprofessionali<\/strong>,&nbsp;<strong>associazioni di categoria<\/strong>,&nbsp;<strong>organizzazioni sindacali<\/strong>,&nbsp;<strong>imprese<\/strong>,&nbsp;<strong>agenzie formative<\/strong>,<strong>servizi per il lavoro<\/strong>&nbsp;e organismi nazionali, confermando il ruolo di Milano e della Lombardia come&nbsp;<strong>hub nazionale di confronto<\/strong>&nbsp;su politiche attive, competenze e sviluppo dei territori.<\/p>\n\n\n\n<p>Nella sessione di apertura, l\u2019Assessore&nbsp;<strong>Guido Guidesi<\/strong>&nbsp;ha evidenziato l\u2019esigenza di ricucire il legame tra&nbsp;<strong>politiche di sviluppo economico<\/strong>&nbsp;e&nbsp;<strong>sistemi di istruzione, formazione e lavoro<\/strong>, per leggere meglio i fabbisogni delle imprese e tradurli in strumenti operativi coerenti. Il Presidente di Net Forum&nbsp;<strong>Antonello Calvaruso<\/strong>&nbsp;e il Presidente&nbsp;<strong>INAPP Natale Forlani<\/strong>&nbsp;hanno introdotto il tema della&nbsp;<strong>governance istituzionale e funzionale<\/strong>, richiamando la necessit\u00e0 di passare dalla semplice concertazione a una&nbsp;<strong>cooperazione strutturata<\/strong>, basata su regole condivise e responsabilit\u00e0 chiare. Nel dialogo tra&nbsp;<strong>Paolo Mora<\/strong>&nbsp;(Regione Lombardia),&nbsp;<strong>Massimo Temussi<\/strong>&nbsp;(Ministero del Lavoro) e&nbsp;<strong>Simone Cappelli<\/strong>&nbsp;(Conferenza Stato\u2013Regioni) sono stati discussi i primi passi verso&nbsp;<strong>protocolli di cooperazione multilivello<\/strong>, in grado di connettere livello territoriale, nazionale e settoriale in una logica di&nbsp;<strong>regia comune<\/strong>&nbsp;delle politiche attive del lavoro e della formazione. Il Net Forum ha annunciato che gli esiti della giornata di Milano confluiranno in un&nbsp;<strong>documento di sintesi<\/strong>&nbsp;che orienter\u00e0 il percorso della&nbsp;<strong>terza edizione<\/strong>&nbsp;fino al 2026, e che saranno attivati ulteriori&nbsp;<strong>tavoli di cooperazione<\/strong>&nbsp;tra Regioni, Ministeri, Fondi, parti sociali, imprese e soggetti della formazione.<\/p>\n\n\n\n<p><strong>LE&nbsp;<\/strong><strong>DICHIARAZIONI<\/strong><\/p>\n\n\n\n<p>\u00abAbbiamo firmato insieme ai Fondi interprofessionali un Protocollo Quadro che ci permetter\u00e0 di lavorare ancora pi\u00f9 in sinergia unendo le forze e le risorse per una programmazione delle misure che saranno a sostegno delle nostre aziende e, pi\u00f9 in generale, del mondo economico e produttivo per aumentarne la competitivit\u00e0 \u2013&nbsp;ha affermato&nbsp;<strong>Simona Tironi, Assessore all\u2019Istruzione, Formazione e Lavoro di Regione Lombardia<\/strong>\u2028 -.&nbsp;Siamo la prima Regione d\u2019Italia ad assumerci questa responsabilit\u00e0 \u2013 prosegue &#8211; e quindi ancora una volta la Lombardia fa da apripista, riconfermando il ruolo di \u201cbussola\u201d di questo Paese\u00bb.<\/p>\n\n\n\n<p>\u00abFare sistema \u00e8 indispensabile \u2013&nbsp;ha evidenziato&nbsp;<strong>Guido Guidesi,&nbsp;<\/strong><strong>A<\/strong><strong>ssessore allo Sviluppo economico d<\/strong><strong>i<\/strong><strong>&nbsp;Regione Lombardia<\/strong>&nbsp;&#8211; per rendere strutturale la crescita, in un sano rapporto tra pubblico e privato. E i numeri ci stanno dando ragione: il tasso di occupazione \u00e8 ai nuovi massimi di sempre. \u00c8 importante sostenere eventi come questo, per mettere in comunicazione pi\u00f9 mondi e analizzare scenari pi\u00f9 ampi del mondo del lavoro. La Regione, con le iniziative gi\u00e0 messe in campo e quelle programmate per il futuro, gioca un ruolo da protagonista\u00bb.<\/p>\n\n\n\n<p>\u00abAbbiamo inaugurato&nbsp;la terza edizione di Net Forum,&nbsp;una piattaforma di discussione per tutti gli attori della formazione.&nbsp;Da qui parte una nuova fase \u2013&nbsp;ha sottolineato&nbsp;<strong>Antonello Calvaruso, Presidente di Net Forum &#8211;&nbsp;<\/strong>: non si tratta solo di una serie di&nbsp;eventi, ma di un processo condiviso dove lo scambio reciproco deve generare un\u2019azione. L\u2019innovazione di quest\u2019anno \u00e8 l\u2019apertura al fronte delle imprese che operano nei principali settori dove si produce l\u2019esigenza di nuove competenze: l\u2019industria, il turismo, i servizi in generale e l\u2019agricoltura.&nbsp;Il percorso che si inaugura a Milano sar\u00e0 basato sulle caratteristiche settoriali che insistono su vari territori, si far\u00e0 sintesi a Capri e si presenteranno i risultati al Senato a fine 2026\u00bb.<\/p>\n\n\n\n<p>\u00abLa potenza dell&#8217;innovazione \u2013&nbsp;secondo&nbsp;<strong>Natale Forlani, Presidente INAPP &#8211;&nbsp;<\/strong>\u00e8 oggi molto pi\u00f9 elevata, senza precedenti storici, rispetto alla capacit\u00e0 di regolazione. Invecchiamo, abbiamo problemi di sostenibilit\u00e0 demografica e quindi la produttivit\u00e0, la crescita del reddito e il tasso di occupazione diventano i nuovi punti di riferimento a cui ancorare la dimensione politica. La chiave di tutto questo \u00e8 l&#8217;investimento sulle competenze delle persone e sulla capacit\u00e0 di includere parti della popolazione attiva\u00bb.<\/p>\n\n\n\n<p><strong>I DIALOGHI DI FILIERA<\/strong><\/p>\n\n\n\n<p>La parte centrale della mattinata \u00e8 stata dedicata agli&nbsp;<strong>interventi delle filiere<\/strong>, articolati in quattro momenti:<\/p>\n\n\n\n<ul class=\"wp-block-list\">\n<li>I\u00a0<strong>Fondi interprofessionali<\/strong>\u00a0(Fondimpresa, For.te, For.Agri, Fondoprofessioni) hanno condiviso letture convergenti sul bisogno di una programmazione pi\u00f9 integrata e orientata ai risultati per supportare l\u2019innovazione delle imprese e la qualit\u00e0 del lavoro.<\/li>\n\n\n\n<li>Le\u00a0<strong>rappresentanze datoriali<\/strong>\u00a0(Confindustria Lombardia, Confcommercio, Coldiretti, Confprofessioni) hanno messo in luce le priorit\u00e0 delle principali filiere produttive e di servizi.<\/li>\n\n\n\n<li>Le\u00a0<strong>rappresentanze sindacali<\/strong>\u00a0(CGIL, CISL, UIL) hanno richiamato l\u2019attenzione sulla necessit\u00e0 di percorsi di aggiornamento continuo che garantiscano\u00a0<strong>occupabilit\u00e0, tutele e inclusione.<\/strong><\/li>\n\n\n\n<li>Le\u00a0<strong>imprese<\/strong>\u00a0hanno portato esempi concreti di fabbisogni di competenze, sottolineando l\u2019urgenza di risposte formative tempestive e misurabili.Dal confronto \u00e8 emersa una priorit\u00e0 condivisa: la\u00a0<strong>formazione<\/strong>, iniziale e continua, deve diventare una\u00a0<strong>leva strutturale<\/strong>\u00a0delle politiche industriali e del lavoro, integrando strumenti come\u00a0<strong>Fondo Nuove Competenze, ITS Academy, formazione on the job<\/strong>\u00a0e servizi di accompagnamento lungo tutto l\u2019arco della vita lavorativa. Nella sessione\u00a0<strong>\u201cDal metodo alla pratica\u201d<\/strong>, con i contributi di\u00a0<strong>Assolavoro<\/strong>,\u00a0<strong>Formatemp<\/strong>\u00a0ed\u00a0<strong>ENAIP<\/strong>, \u00e8 stato approfondito il ruolo degli\u00a0<strong>operatori delle politiche attive, dell\u2019intermediazione e della formazione professionale<\/strong>\u00a0nella traduzione delle strategie in azioni concrete: orientamento, placement, apprendistato, servizi per il lavoro e filiere formative sono stati indicati come elementi chiave di un\u00a0<strong>ecosistema integrato.\u00a0<\/strong>In chiusura,\u00a0<strong>Paola Nicastro<\/strong>(Sviluppo Lavoro Italia) e\u00a0<strong>Vincenzo Caridi<\/strong>\u00a0(Ministero del Lavoro) hanno offerto una lettura congiunta del ruolo del Net Forum come\u00a0<strong>piattaforma permanente di cooperazione e innovazione pubblica<\/strong>, che accompagna nel tempo la costruzione della\u00a0<strong>Costituente delle Competenze<\/strong>\u00a0e, nel 2026, della\u00a0<strong>Carta delle Competenze e della Coesione<\/strong>.<\/li>\n\n\n\n<li><br><a href=\"https:\/\/drive.google.com\/drive\/folders\/1I441ybO1ovJdnvE60o1C4HQFTPyvxCm_\" target=\"_blank\" rel=\"noreferrer noopener\">https:\/\/drive.google.com\/drive\/folders\/1I441ybO1ovJdnvE60o1C4HQFTPyvxCm_<\/a><br><br><\/li>\n<\/ul>\n\n\n\n<p><strong>Contatti stampa<\/strong><\/p>\n\n\n\n<ul class=\"wp-block-list\">\n<li><\/li>\n<\/ul>\n","protected":false},"excerpt":{"rendered":"<p>La terza edizione avr\u00e0 come tema \u201cMultiplicazione &#8211; connessioni che generano valore\u201d. All\u2019evento&nbsp;a Palazzo Lombardia&nbsp;hanno partecipato rappresentanti di Regioni, Ministeri, [&hellip;]<\/p>\n","protected":false},"author":1,"featured_media":0,"comment_status":"open","ping_status":"open","sticky":false,"template":"","format":"standard","meta":{"footnotes":""},"categories":[10,5],"tags":[],"class_list":["post-83720","post","type-post","status-publish","format-standard","hentry","category-italiano","category-politica"],"_links":{"self":[{"href":"https:\/\/www.ecoitaliano.com.ar\/index.php?rest_route=\/wp\/v2\/posts\/83720","targetHints":{"allow":["GET"]}}],"collection":[{"href":"https:\/\/www.ecoitaliano.com.ar\/index.php?rest_route=\/wp\/v2\/posts"}],"about":[{"href":"https:\/\/www.ecoitaliano.com.ar\/index.php?rest_route=\/wp\/v2\/types\/post"}],"author":[{"embeddable":true,"href":"https:\/\/www.ecoitaliano.com.ar\/index.php?rest_route=\/wp\/v2\/users\/1"}],"replies":[{"embeddable":true,"href":"https:\/\/www.ecoitaliano.com.ar\/index.php?rest_route=%2Fwp%2Fv2%2Fcomments&post=83720"}],"version-history":[{"count":1,"href":"https:\/\/www.ecoitaliano.com.ar\/index.php?rest_route=\/wp\/v2\/posts\/83720\/revisions"}],"predecessor-version":[{"id":83721,"href":"https:\/\/www.ecoitaliano.com.ar\/index.php?rest_route=\/wp\/v2\/posts\/83720\/revisions\/83721"}],"wp:attachment":[{"href":"https:\/\/www.ecoitaliano.com.ar\/index.php?rest_route=%2Fwp%2Fv2%2Fmedia&parent=83720"}],"wp:term":[{"taxonomy":"category","embeddable":true,"href":"https:\/\/www.ecoitaliano.com.ar\/index.php?rest_route=%2Fwp%2Fv2%2Fcategories&post=83720"},{"taxonomy":"post_tag","embeddable":true,"href":"https:\/\/www.ecoitaliano.com.ar\/index.php?rest_route=%2Fwp%2Fv2%2Ftags&post=83720"}],"curies":[{"name":"wp","href":"https:\/\/api.w.org\/{rel}","templated":true}]}}