{"id":83895,"date":"2025-12-19T14:37:10","date_gmt":"2025-12-19T14:37:10","guid":{"rendered":"https:\/\/www.ecoitaliano.com.ar\/?p=83895"},"modified":"2025-12-19T14:37:29","modified_gmt":"2025-12-19T14:37:29","slug":"il-personaggio-a-tu-per-tu-con-alberico-lombardi-lartista-delle-emozioni","status":"publish","type":"post","link":"https:\/\/www.ecoitaliano.com.ar\/?p=83895","title":{"rendered":"Il Personaggio. A tu per tu con Alberico Lombardi \u201cL\u2019artista delle emozioni\u201d"},"content":{"rendered":"\n<p><em>di Marianna Dima\u00a0<\/em><\/p>\n\n\n\n<figure class=\"wp-block-gallery has-nested-images columns-default is-cropped wp-block-gallery-1 is-layout-flex wp-block-gallery-is-layout-flex\">\n<figure class=\"wp-block-image size-large\"><a href=\"https:\/\/www.ecoitaliano.com.ar\/wp-content\/uploads\/2025\/12\/IMG-20250120-WA0043-11.jpg\"><img decoding=\"async\" width=\"682\" height=\"1024\" data-id=\"83896\" src=\"https:\/\/www.ecoitaliano.com.ar\/wp-content\/uploads\/2025\/12\/IMG-20250120-WA0043-11-682x1024.jpg\" alt=\"\" class=\"wp-image-83896\" srcset=\"https:\/\/www.ecoitaliano.com.ar\/wp-content\/uploads\/2025\/12\/IMG-20250120-WA0043-11-682x1024.jpg 682w, https:\/\/www.ecoitaliano.com.ar\/wp-content\/uploads\/2025\/12\/IMG-20250120-WA0043-11-200x300.jpg 200w, https:\/\/www.ecoitaliano.com.ar\/wp-content\/uploads\/2025\/12\/IMG-20250120-WA0043-11-768x1153.jpg 768w, https:\/\/www.ecoitaliano.com.ar\/wp-content\/uploads\/2025\/12\/IMG-20250120-WA0043-11-1023x1536.jpg 1023w, https:\/\/www.ecoitaliano.com.ar\/wp-content\/uploads\/2025\/12\/IMG-20250120-WA0043-11-100x150.jpg 100w, https:\/\/www.ecoitaliano.com.ar\/wp-content\/uploads\/2025\/12\/IMG-20250120-WA0043-11.jpg 1066w\" sizes=\"(max-width: 682px) 100vw, 682px\" \/><\/a><\/figure>\n\n\n\n<figure class=\"wp-block-image size-large\"><a href=\"https:\/\/www.ecoitaliano.com.ar\/wp-content\/uploads\/2025\/12\/Alberico-Lombardi-Concerto.jpg\"><img decoding=\"async\" width=\"576\" height=\"1024\" data-id=\"83897\" src=\"https:\/\/www.ecoitaliano.com.ar\/wp-content\/uploads\/2025\/12\/Alberico-Lombardi-Concerto-576x1024.jpg\" alt=\"\" class=\"wp-image-83897\" srcset=\"https:\/\/www.ecoitaliano.com.ar\/wp-content\/uploads\/2025\/12\/Alberico-Lombardi-Concerto-576x1024.jpg 576w, https:\/\/www.ecoitaliano.com.ar\/wp-content\/uploads\/2025\/12\/Alberico-Lombardi-Concerto-169x300.jpg 169w, https:\/\/www.ecoitaliano.com.ar\/wp-content\/uploads\/2025\/12\/Alberico-Lombardi-Concerto-768x1365.jpg 768w, https:\/\/www.ecoitaliano.com.ar\/wp-content\/uploads\/2025\/12\/Alberico-Lombardi-Concerto-864x1536.jpg 864w, https:\/\/www.ecoitaliano.com.ar\/wp-content\/uploads\/2025\/12\/Alberico-Lombardi-Concerto-84x150.jpg 84w, https:\/\/www.ecoitaliano.com.ar\/wp-content\/uploads\/2025\/12\/Alberico-Lombardi-Concerto.jpg 1152w\" sizes=\"(max-width: 576px) 100vw, 576px\" \/><\/a><\/figure>\n<\/figure>\n\n\n\n<p><em>La tua \u00e8 una vita\u00a0costellata di successi. Che bambino eri da piccolo?<\/em><\/p>\n\n\n\n<p>Un bambino molto introverso e solitario, pieno di paure, insicuro e dalla lacrima facile.<\/p>\n\n\n\n<p>Successivamente sono diventato un adolescente ribelle e contestatore, pronto a lottare contro le idee imposte e per le cose in cui credevo, in nome di ideali legati alla giustizia. I primi a fare le spese di questa mia indole sono stati i miei genitori e alcuni professori del liceo classico che ho frequentato.<\/p>\n\n\n\n<p><em>Hai sempre avuto la propensione per il mondo dell&#8217;arte?<\/em><\/p>\n\n\n\n<p>Ho sempre vissuto per la musica fin dai primi anni di vita, il mio amico pi\u00f9 caro era un mangiadischi in cui ascoltavo i miei 45 giri. La musica \u00e8 stata un\u2019ancora di salvezza per me come lo \u00e8 per tanti ragazzi ancora oggi. Mai per\u00f2 avrei pensato un giorno di esibirmi in prima persona sul palco, la mia pi\u00f9 grande aspirazione era diventare uno speaker radiofonico e ricordo quel periodo in cui sono riuscito a farlo con grande gioia, per un vero amante della musica trovarsi in una radio con mille e pi\u00f9 dischi a disposizione era un vero sogno.<\/p>\n\n\n\n<p><em>Sensibile e allo stesso tempo grande professionista. Dove trovi il tempo per coniugare la vita da insegnante di sostegno con quella di performer?<\/em><\/p>\n\n\n\n<p>E\u2019 difficile ma non impossibile, anche perch\u00e9 il mio principale mestiere rimane quello dell\u2019insegnante e devo per forza di cose rinunciare a priori a determinate cose che non sarebbero conciliabili con la mia professione. E grazie a questo lavoro che amo profondamente posso permettermi il lusso di selezionare i miei impegni artistici. Per il resto, il giorno \u00e8 lungo e io lo sfrutto al massimo, lavorando alle mie creazioni artistiche fin dalle prime luci dell\u2019alba e dedicandomi alle prove degli spettacoli in orario serale, togliendo sicuramente spazio alla mia vita privata come sanno bene i miei amici.<\/p>\n\n\n\n<p><em>Ci sono stati dei Maestri a cui ti sei ispirato nella tua carriera artistica?<\/em><\/p>\n\n\n\n<p>Roberto Vecchioni a cui ho dedicato uno spettacolo e questo album appena uscito&nbsp; !Lezioni d\u2019amore\u201d \u00e8 l\u2019uomo e l\u2019artista in cui mi riconosco di pi\u00f9, sarei felice di diventare un giorno un ottantenne cos\u00ec ancora innamorato della vita come lo \u00e8 lui, nonostante i grandi dolori che ha subito.<\/p>\n\n\n\n<p>E poi Ivano Fossati e Lucio Dalla per i testi meravigliosi delle loro canzoni, che&nbsp; come quelle di Vecchioni andrebbero insegnate a scuola.<\/p>\n\n\n\n<p><em>A Io Canto Senior hai colpito la giuria per le tue doti non soltanto canore ma anche espressive. Pregi e difetti artistici?<\/em><\/p>\n\n\n\n<p>Un mio grande pregio \u00e8 l\u2019emozionarmi quando canto ci\u00f2 che sento e riuscire ad arrivare alle persone che spesso si commuovono sentendomi cantare determinati brani. Il mio pi\u00f9 grande difetto \u00e8 quello di non riuscire a fingere neanche artisticamente, &nbsp;&nbsp;quindi se devo cantare una canzone che non mi piace o in cui non mi riconosco si percepisce e questo \u00e8 avvenuto anche durante la trasmissione di Canale 5.<\/p>\n\n\n\n<p><em>Se dovessi immaginare la tua vita fra dieci anni come la vedresti?<\/em><\/p>\n\n\n\n<p>Spero innanzitutto di conservare quel piccolo equilibrio e la serenit\u00e0 che ho conquistato con grande fatica. La mia vita sar\u00e0 sicuramente quella di oggi, tra i banchi di scuola al fianco dei ragazzi p\u00ec\u00f9 deboli. Difficilmente potrei rinunciare all\u2019insegnamento e al rapporto con gli alunni. E\u2019 anche vero che dopo essermi confrontato&nbsp; negli ultimi anni con la caducit\u00e0 della vita per eventi accaduti a persone a me care, ho capito che davvero bisogna vivere giorno per giorno senza programmare il futuro.<\/p>\n\n\n\n<p><em>Vuoi condividere con i lettori i tuoi progetti futuri e dove potrebbero seguirti prossimamente?<\/em><\/p>\n\n\n\n<p>Con l\u2019uscita dell\u2019album ci saranno molti appuntamenti radiofonici ed interviste, e vari spettacoli ed eventi unici. Il mio nuovo spettacolo teatrale \u201cViaggio al centro della notte \u201dinserito nella prestigiosa rassegna teatrale \u201cIl Teatro Cerca Casa\u201d ed alcuni eventi legati al mondo della disabilit\u00e0.<\/p>\n\n\n\n<p><em>Porterai \u201cLezioni d\u2019amore\u201d dal vivo in un tour o in uno spettacolo-teatro?<\/em><\/p>\n\n\n\n<p>Avendo gi\u00e0 fatto un tour di oltre venti date conclusosi a Roma al teatro Garbatella con due serate sold out nel settembre 2024, far\u00f2 solo alcune serate evento, ma certamente nei miei concerti ci sar\u00e0 sempre spazio per alcuni brani dell\u2019album.<\/p>\n","protected":false},"excerpt":{"rendered":"<p>di Marianna Dima\u00a0 La tua \u00e8 una vita\u00a0costellata di successi. Che bambino eri da piccolo? Un bambino molto introverso e [&hellip;]<\/p>\n","protected":false},"author":1,"featured_media":0,"comment_status":"open","ping_status":"open","sticky":false,"template":"","format":"standard","meta":{"footnotes":""},"categories":[44,10],"tags":[],"class_list":["post-83895","post","type-post","status-publish","format-standard","hentry","category-entrevistas","category-italiano"],"_links":{"self":[{"href":"https:\/\/www.ecoitaliano.com.ar\/index.php?rest_route=\/wp\/v2\/posts\/83895","targetHints":{"allow":["GET"]}}],"collection":[{"href":"https:\/\/www.ecoitaliano.com.ar\/index.php?rest_route=\/wp\/v2\/posts"}],"about":[{"href":"https:\/\/www.ecoitaliano.com.ar\/index.php?rest_route=\/wp\/v2\/types\/post"}],"author":[{"embeddable":true,"href":"https:\/\/www.ecoitaliano.com.ar\/index.php?rest_route=\/wp\/v2\/users\/1"}],"replies":[{"embeddable":true,"href":"https:\/\/www.ecoitaliano.com.ar\/index.php?rest_route=%2Fwp%2Fv2%2Fcomments&post=83895"}],"version-history":[{"count":1,"href":"https:\/\/www.ecoitaliano.com.ar\/index.php?rest_route=\/wp\/v2\/posts\/83895\/revisions"}],"predecessor-version":[{"id":83898,"href":"https:\/\/www.ecoitaliano.com.ar\/index.php?rest_route=\/wp\/v2\/posts\/83895\/revisions\/83898"}],"wp:attachment":[{"href":"https:\/\/www.ecoitaliano.com.ar\/index.php?rest_route=%2Fwp%2Fv2%2Fmedia&parent=83895"}],"wp:term":[{"taxonomy":"category","embeddable":true,"href":"https:\/\/www.ecoitaliano.com.ar\/index.php?rest_route=%2Fwp%2Fv2%2Fcategories&post=83895"},{"taxonomy":"post_tag","embeddable":true,"href":"https:\/\/www.ecoitaliano.com.ar\/index.php?rest_route=%2Fwp%2Fv2%2Ftags&post=83895"}],"curies":[{"name":"wp","href":"https:\/\/api.w.org\/{rel}","templated":true}]}}