{"id":84186,"date":"2025-12-31T04:44:36","date_gmt":"2025-12-31T04:44:36","guid":{"rendered":"https:\/\/www.ecoitaliano.com.ar\/?p=84186"},"modified":"2025-12-31T04:44:36","modified_gmt":"2025-12-31T04:44:36","slug":"serena-conduce-operaclassica-eco-italiano-4864","status":"publish","type":"post","link":"https:\/\/www.ecoitaliano.com.ar\/?p=84186","title":{"rendered":"Serena conduce operaclassica eco italiano"},"content":{"rendered":"<div class=\"wp-block-image\">\n<figure class=\"aligncenter size-full is-resized\"><a href=\"https:\/\/www.ecoitaliano.com.ar\/wp-content\/uploads\/2025\/12\/image-38.png\"><img decoding=\"async\" width=\"306\" height=\"138\" src=\"https:\/\/www.ecoitaliano.com.ar\/wp-content\/uploads\/2025\/12\/image-38.png\" alt=\"\" class=\"wp-image-84187\" style=\"width:206px;height:auto\" srcset=\"https:\/\/www.ecoitaliano.com.ar\/wp-content\/uploads\/2025\/12\/image-38.png 306w, https:\/\/www.ecoitaliano.com.ar\/wp-content\/uploads\/2025\/12\/image-38-300x135.png 300w, https:\/\/www.ecoitaliano.com.ar\/wp-content\/uploads\/2025\/12\/image-38-150x68.png 150w\" sizes=\"(max-width: 306px) 100vw, 306px\" \/><\/a><\/figure><\/div>\n\n\n<p>Ufficio Stampa&nbsp;&nbsp;&nbsp;&nbsp;&nbsp;&nbsp;&nbsp;&nbsp;&nbsp;&nbsp;&nbsp;&nbsp;&nbsp;&nbsp;&nbsp;&nbsp;&nbsp;&nbsp;&nbsp;&nbsp;&nbsp;&nbsp;&nbsp;&nbsp;&nbsp;&nbsp;&nbsp;&nbsp;&nbsp;&nbsp;&nbsp;&nbsp;&nbsp;&nbsp;&nbsp;&nbsp;&nbsp;&nbsp;&nbsp;&nbsp;&nbsp;&nbsp;&nbsp;&nbsp;&nbsp;&nbsp;&nbsp;&nbsp;&nbsp;&nbsp;&nbsp;&nbsp;&nbsp;&nbsp;&nbsp;&nbsp;&nbsp;&nbsp;&nbsp;&nbsp;&nbsp;&nbsp;&nbsp;&nbsp;&nbsp;&nbsp;&nbsp;&nbsp;&nbsp;&nbsp;&nbsp;&nbsp;&nbsp;&nbsp;&nbsp;&nbsp;&nbsp;&nbsp;&nbsp;&nbsp;&nbsp;&nbsp;&nbsp;&nbsp;&nbsp;&nbsp;&nbsp;&nbsp;&nbsp;&nbsp;&nbsp;&nbsp;&nbsp;&nbsp;&nbsp;&nbsp;&nbsp;&nbsp;&nbsp;&nbsp;&nbsp;&nbsp;&nbsp;&nbsp;&nbsp;&nbsp;&nbsp;&nbsp;&nbsp;&nbsp;&nbsp;&nbsp;&nbsp;&nbsp;&nbsp;&nbsp;&nbsp;&nbsp;&nbsp; &nbsp; 30\/12\/2025<\/p>\n\n\n\n<p><strong>MUSEI IN MUSICA 2026<\/strong><\/p>\n\n\n\n<p><strong>terza edizione per la rassegna da camera di Fondazione Arena di Verona, ancora pi\u00f9 diffusa con 10 concerti in 7 sedi diverse<\/strong><\/p>\n\n\n\n<p><strong>Dal 25 gennaio al 29 novembre, 10 appuntamenti la domenica mattina alle ore 11<\/strong><\/p>\n\n\n\n<p><strong>Le sedi dei concerti: Teatrino di Palazzo Maffei, Sala Maffeiana, Museo degli Affreschi, Biblioteca Capitolare, Circolo Unificato dell\u2019Esercito, Accademia di Agricoltura Scienze e Lettere, Museo Nicolis&nbsp;<\/strong><\/p>\n\n\n\n<p><strong>Oltre tre secoli di musica, con classici e gemme inedite eseguite dai professori d\u2019Orchestra e, per la prima volta, anche dagli artisti del Coro di Fondazione Arena<\/strong><\/p>\n\n\n\n<p><strong>In vendita da oggi abbonamenti e biglietti a partire da 10 euro, abbinati a visite museali<\/strong><\/p>\n\n\n\n<p>Forte di due edizioni sold-out, la rassegna da camera di Fondazione Arena di Verona <em>Musei in Musica <\/em>torna nel 2026 con un programma ancora pi\u00f9 ricco e diffuso. <strong>Dal 25 gennaio al 29 novembre, dieci concerti la domenica mattina alle ore 11 uniranno musica e arte<\/strong>, grandi opere per piccoli ensemble strumentali e vocali in contesti unici e prestigiosi, sale e spazi immersi nella bellezza.<\/p>\n\n\n\n<p><strong>L\u2019iniziativa conferma la sinergia con Palazzo Maffei, presente fin dalla prima edizione, Comune di Verona e<\/strong> <strong>Accademia Filarmonica, e cresce nel 2026 con la nuova collaborazione di Biblioteca Capitolare, Circolo Unificato dell\u2019Esercito, Accademia di Agricoltura Scienze e Lettere e Museo Nicolis.<\/strong><\/p>\n\n\n\n<p>Protagonista sar\u00e0 la musica dei grandi compositori da Bach e Couperin al Novecento, passando per Beethoven, Brahms, Schubert, Rossini e molti altri, eseguiti da ensemble strumentali e vocali di Fondazione Arena di Verona. <strong>Abbinate ai concerti le visite ad alcune collezioni museali<\/strong>.<\/p>\n\n\n\n<p><strong>PROGRAMMA.<\/strong> <em>Musei in Musica 2026<\/em> inaugurer\u00e0 al Teatrino di <strong>Palazzo Maffei<\/strong> domenica <strong>25 gennaio<\/strong>, all\u2019interno del Festival Mozart a Verona, con il <em>Quartetto n. 4 in Do maggiore<\/em>, il pi\u00f9 perfetto secondo molta critica musicale, al centro di un impaginato comprendente due rarit\u00e0 per clarinetto e quartetto d\u2019archi: l\u2019<em>Abendlied <\/em>di Schumann (nella trascrizione di Busoni) e il <em>Quintetto<\/em> di Reger, l\u2019ultimo grande romantico della tradizione musicale tedesca. Palazzo Maffei, cultural partner di Fondazione Arena, sar\u00e0 sede anche di altri tre appuntamenti. Il <strong>19 aprile<\/strong> verranno eseguiti celebri brani di Rossini trascritti per quartetto di fiati, sinfonie da <em>Guglielmo Tell, La Cenerentola, Semiramide, La Gazza ladra<\/em> e un\u2019inedita fantasia su temi rossiniani di Vincenzo Gambaro. Il <strong>26 aprile<\/strong>, sar\u00e0 la volta delle sonate barocche di J. S. Bach e il <em>Concert Royaux<\/em> di Couperin per unire il continuo di violoncello e clavicembalo ai soli di violino, oboe e flauto, con la chicca della sonata scritta per lo stesso organico nel 1952 dall\u2019eclettico statunitense Elliott Carter. Infine, il <strong>10 maggio<\/strong>, sar\u00e0 protagonista Vienna, capitale musicale tra classicismo e romanticismo, con i primi trii per archi di Haydn, Beethoven e Schubert. Il <strong>1\u00b0 marzo <\/strong>nella <strong>Sala Maffeiana<\/strong> dell\u2019Accademia Filarmonica, gemma intatta che ospit\u00f2 Mozart nel suo primo viaggio in Italia, spazio a Brahms con due raccolte di leggeri valzer per voci e pianoforte su poesie d\u2019amore, i <em>Liebeslieder valzer<\/em>, gioielli musicali eseguiti dal Coro di Fondazione Arena diretto da Roberto Gabbiani, impegnato anche al pianoforte. Sempre nel segno di Brahms, <em>Musei in Musica<\/em> approder\u00e0 alla <strong>Biblioteca Capitolare<\/strong> di Verona, la pi\u00f9 antica al mondo, il <strong>3 maggio<\/strong>, con i suoi <em>Sestetti<\/em> <em>per archi<\/em>, due capolavori troppo poco eseguiti che uniscono impegno di scrittura e caloroso affetto. E, sempre nel solco della tradizione viennese, mondana e colta, il <strong>17 maggio<\/strong> all\u2019interno del <strong>Circolo Unificato dell\u2019Esercito<\/strong> risuoneranno il raro <em>Ottetto<\/em> di Beethoven (che contribu\u00ec a suo tempo a diffonderne il nome) e la <em>Serenata<\/em> K388 di Mozart per ottetto di fiati, con la frizzante apertura di una trascrizione della sinfonia dal <em>Flauto magico<\/em>. La rassegna riprender\u00e0 in autunno con altri tre speciali appuntamenti. Il <strong>18 ottobre<\/strong> la storica <strong>Accademia di Agricoltura, Scienze e Lettere<\/strong> aprir\u00e0 le sue porte per ospitare brani per ensemble di fiati: dodici gli esecutori coinvolti nella <em>Serenata op. 44<\/em> di Dvo\u0159\u00e1k, capolavoro del genere, accanto a due rarit\u00e0 come la <em>Piccola sinfonia<\/em> per fiati di Gounod e la <em>Serenata \u201cin vano\u201d <\/em>di Nielsen. L\u2019<strong>8 novembre <\/strong>Musei in Musica arriver\u00e0 oltre i confini tracciati dalle \u201cmura della bella Verona\u201d, a Villafranca negli spazi del <strong>Museo Nicolis<\/strong> dell\u2019Auto, della Tecnica e della meccanica, con quartetti d\u2019archi fondamentali dell\u2019Ottocento, tra cui il <em>Quarto<\/em> di Beethoven e quello celeberrimo di Schubert intitolato <em>\u201cLa Morte e la fanciulla\u201d.<\/em> Infine, l\u2019ultimo appuntamento della rassegna 2026 torner\u00e0 al <strong>Museo degli Affreschi \u201cG. B. Cavalcaselle\u201d<\/strong> il <strong>29 novembre<\/strong> con l\u2019insolito <em>Duo<\/em> per violino e viola di Mozart e l\u2019altrettanto raro <em>\u201cgran\u201d Settimino <\/em>di Kreutzer che conquist\u00f2 i salotti dell\u2019Ottocento.<\/p>\n\n\n\n<p><strong>Cecilia Gasdia, Sovrintendente Fondazione Arena di Verona<\/strong>: \u201c<em>Torniamo nel 2026 con un programma ancora pi\u00f9 ricco, in tre anni, infatti, si sono moltiplicate le sedi dei concerti. Ringrazio le numerose istituzioni del territorio scaligero per la loro collaborazione e per aver voluto spalancare le porte di musei, palazzi e sale di pregio alla musica. Siamo orgogliosi di aver dato il via ad una rassegna che fin dalla prima edizione ha riscosso successo di pubblico e grande entusiasmo tra i professori della nostra Orchestra. Appuntamenti ormai irrinunciabili per l\u2019offerta culturale di Verona\u201d.<\/em><\/p>\n\n\n\n<p><strong>Marta Ugolini, Assessora alla Cultura del Comune di Verona<\/strong>: \u201c<em>La musica da camera \u00e8 una forma di spettacolo dal vivo intima e preziosa, capace di creare un dialogo profondo tra interpreti, pubblico e luoghi che la ospitano. Portarla nei musei significa valorizzare al massimo questa relazione, facendo risuonare la musica con le collezioni d&#8217;arte e di storia. Il Museo degli Affreschi alla Tomba di Giulietta \u00e8 uno dei luoghi pi\u00f9 suggestivi di Verona: un contesto di straordinaria poesia e bellezza, dove le arti si incontrano con facilit\u00e0, offrendo un\u2019esperienza culturale unica e profondamente identitaria\u201d.<\/em><\/p>\n\n\n\n<p><strong>Vanessa Carlon, Direttore di Palazzo Maffei<\/strong>: \u201c<em>Siamo molto felici di annunciare, per il terzo anno consecutivo, la ripresa dei concerti&nbsp;Musei&nbsp;in&nbsp;Musica&nbsp;nel Teatrino di Palazzo Maffei. \u00c8 un progetto a cui tengo particolarmente perch\u00e9 questo spazio \u00e8, per sua natura, un luogo di&nbsp;incontro tra le arti: dall\u2019arte visiva alla&nbsp;musica, dalla danza ai laboratori per i bambini, fino agli&nbsp;incontri, alle proiezioni e alle presentazioni, sempre dedicate all\u2019arte.&nbsp;In&nbsp;particolare, siamo orgogliosi di rinnovare la collaborazione con la Fondazione Arena di Verona, che torna a regalarci questi splendidi concerti da camera\u201d.<\/em><\/p>\n\n\n\n<p><strong>Silvia&nbsp;Nicolis, Presidente del Museo&nbsp;Nicolis<\/strong>: <em>\u201cL\u2019adesione del Museo&nbsp;Nicolis&nbsp;alla rassegna di concerti da camera della Fondazione Arena rappresenta per noi un segnale di grande valore culturale. La&nbsp;musica, come il patrimonio che custodiamo, nasce per essere condivisa: \u00e8 memoria viva, bellezza che attraversa il tempo e crea connessioni profonde. Accoglierla nei nostri spazi significa trasformare il Museo&nbsp;in&nbsp;un luogo di&nbsp;incontro tra arti, storie e persone, confermandone la vocazione a essere un ambiente vivo, contemporaneo e aperto al dialogo\u201d.<\/em><\/p>\n\n\n\n<p><strong>Luigi Tuppini, Presidente dell&#8217;Accademia Filarmonica<\/strong><em>: \u00abRinnoviamo il nostro impegno nella vita culturale e artistica della citt\u00e0 ospitando in Sala Maffeiana alcuni appuntamenti di Musei in Musica, fortunata stagione musicale che, con saggia sinestesia, dona piacere all\u2019anima attraverso l\u2019udito e la vista mentre accoglie il pubblico nei luoghi d\u2019arte e cultura pi\u00f9 prestigiosi di Verona\u00bb.<\/em><\/p>\n\n\n\n<p><strong>Mons. Bruno Fasani, Presidente della Fondazione Biblioteca Capitolare:<\/strong><em> \u201cSiamo onorati di partecipare a questa iniziativa, perch\u00e9 la musica appartiene alla cultura e a Verona rappresenta un vero e proprio biglietto da visita. Sostenere e valorizzare tutto ci\u00f2 che pu\u00f2 favorire la crescita culturale in questo ambito ci vede pienamente disponibili e orgogliosi di farne parte\u201d.<\/em><\/p>\n\n\n\n<p><strong>Claudio Carcereri de Prati, Presidente dell\u2019Accademia di Agricoltura Scienze e Lettere<\/strong>:&nbsp;\u201c<em>L\u2019adesione della nostra Accademia di Agricoltura Scienze e Lettere di Verona alla rassegna di concerti da camera della Fondazione Arena segna la collaborazione di queste due importanti istituzioni cittadine. Siamo sicuri che le meraviglie musicali accostate alle meraviglie architettoniche pittoriche di Palazzo Erbisti saranno apprezzate da tutti gli amanti del bello\u00bb.<\/em><\/p>\n\n\n\n<p><strong>ABBONAMENTI.<\/strong> Da oggi \u00e8 possibile acquistare l\u2019<strong>abbonamento a tutti i dieci concerti a 90 euro<\/strong> (65 euro per il pubblico under30) sul sito <a href=\"http:\/\/www.arena.it\">www.arena.it<\/a> e alla biglietteria dell\u2019Arena. Il prezzo dell\u2019abbonamento include la visita libera omaggio un\u2019ora prima del concerto a Palazzo Maffei, Biblioteca Capitolare, Accademia di Agricoltura, Scienze e Lettere, Museo Nicolis e Museo degli Affreschi.<\/p>\n\n\n\n<p><strong>BIGLIETTI SINGOLI. Ogni data \u00e8 acquistabile con un biglietto singolo a 15 euro <\/strong>(ridotto under30 a 10 euro) sul sito <a href=\"http:\/\/www.arena.it\">www.arena.it<\/a> e alla biglietteria dell\u2019Arena. Per tutti i concerti (ad eccezione del 29 novembre al Museo degli Affreschi), biglietti in vendita in loco anche la mattina stessa dell\u2019evento, in base alla disponibilit\u00e0 di posti. I ticket per gli eventi ospitati a Palazzo Maffei, Biblioteca Capitolare, Accademia di Agricoltura, Scienze e Lettere, Museo Nicolis e Museo degli Affreschi prevedono la visita libera omaggio al museo un\u2019ora prima del concerto. Chi acquista il biglietto singolo per i concerti in Sala Maffeiana e\/o al Circolo Unificato dell\u2019Esercito potr\u00e0 scegliere quale dei cinque musei visitare, a partire dal giorno successivo al concerto ed entro fine rassegna.<\/p>\n\n\n\n<p><strong>Biglietti per singoli concerti e abbonamenti, con speciali riduzioni per il pubblico under30, sono gi\u00e0 in vendita sul sito <a href=\"http:\/\/www.arena.it\">arena.it<\/a>, alle Biglietteria dell\u2019Arena e nel circuito Vivaticket.<\/strong><\/p>\n\n\n\n<p><strong>BIGLIETTERIE ARENA DI VERONA<\/strong><\/p>\n\n\n\n<p>Via Dietro Anfiteatro 6\/b&nbsp;<\/p>\n\n\n\n<p>Aperta da luned\u00ec a venerd\u00ec (10.30 &#8211; 16.00)<\/p>\n\n\n\n<p>sabato (09.15 &#8211; 12.45)<\/p>\n\n\n\n<p>chiusa&nbsp;la&nbsp;domenica<\/p>\n\n\n\n<p>Via Roma 1&nbsp;<\/p>\n\n\n\n<p>Aperta marted\u00ec, gioved\u00ec e sabato (10.00 &#8211; 18.00)<\/p>\n\n\n\n<p>mercoled\u00ec e venerd\u00ec (13.00 &#8211; 20.00)<\/p>\n\n\n\n<p>domenica&nbsp;(12.00 &#8211; 15.30)<\/p>\n\n\n\n<p>chiusa&nbsp;il luned\u00ec<\/p>\n\n\n\n<p><a href=\"mailto:biglietteria@arenadiverona.it\">biglietteria@arenadiverona.it<\/a><\/p>\n\n\n\n<p>Call center (+39) 045 8005151<\/p>\n\n\n\n<p><a href=\"http:\/\/www.arena.it\">www.arena.it<\/a><\/p>\n\n\n\n<p>Rete vendita Vivaticket<\/p>\n\n\n\n<p><strong>informazioni<\/strong><\/p>\n\n\n\n<p><strong>Ufficio Stampa Fondazione Arena di Verona<\/strong><\/p>\n\n\n\n<p>Via Roma 7\/D, 37121 Verona<\/p>\n\n\n\n<p>tel. (+39) 045 805.1861-1905-1891-1939<\/p>\n\n\n\n<p><a href=\"mailto:ufficio.stampa@arenadiverona.it\">ufficio.stampa@arenadiverona.it<\/a><\/p>\n\n\n\n<p><a href=\"http:\/\/www.arena.it\">www.arena.it<\/a><\/p>\n\n\n\n<p>* * *<\/p>\n\n\n\n<p>Musei in Musica 2026<\/p>\n\n\n\n<p><strong>Concerti da camera con visita.<\/strong><strong><\/strong><\/p>\n\n\n\n<p>Dieci domeniche fra arte e musica, <strong>ore 11<\/strong><\/p>\n\n\n\n<p><strong>Domenica 25 gennaio<\/strong><\/p>\n\n\n\n<p>PALAZZO MAFFEI<\/p>\n\n\n\n<p><strong>Schumann, Mozart, Reger<\/strong><\/p>\n\n\n\n<p>Brani per clarinetto e quartetto d\u2019archi<\/p>\n\n\n\n<p>Giampiero Sobrino, clarinetto<\/p>\n\n\n\n<p>Vincenzo Quaranta, violino I<\/p>\n\n\n\n<p>Sofia Gelsomini, violino II<\/p>\n\n\n\n<p>Giuseppe Mari, viola<\/p>\n\n\n\n<p>Sara Airoldi, violoncello<\/p>\n\n\n\n<p><strong>Robert Schumann<\/strong><\/p>\n\n\n\n<p><em>Abendlied <\/em>op. 85 n. 12, trascrizione per clarinetto e quartetto d\u2019archi di&nbsp;Ferruccio Busoni<\/p>\n\n\n\n<p><strong>Wolfgang Amadeus Mozart<\/strong><\/p>\n\n\n\n<p>Quartetto per archi n. 4 in Do maggiore, KV 157<\/p>\n\n\n\n<p><strong>Max Reger&nbsp;<\/strong><\/p>\n\n\n\n<p>Quintetto per clarinetto e archi in La maggiore, op. 146<\/p>\n\n\n\n<p>***<\/p>\n\n\n\n<p><strong>Domenica 1\u00b0 marzo<\/strong><\/p>\n\n\n\n<p>SALA MAFFEIANA<\/p>\n\n\n\n<p><strong>Brahms<\/strong><\/p>\n\n\n\n<p>Liebeslieder Walzer completi<\/p>\n\n\n\n<p>Coro di Fondazione Arena di Verona<\/p>\n\n\n\n<p>Roberto Gabbiani, pianoforte<\/p>\n\n\n\n<p>Roberto Brandolisio, pianoforte<\/p>\n\n\n\n<p><strong>Johannes Brahms<\/strong><\/p>\n\n\n\n<p><em>Liebeslieder-Walzer<\/em> per coro e pianoforte a quattro mani, op. 52<\/p>\n\n\n\n<p><em>Neue Liebeslieder-Walzer<\/em> per soli, coro e pianoforte a quattro mani, op. 65<\/p>\n\n\n\n<p>***<\/p>\n\n\n\n<p><strong>Domenica 19 aprile<\/strong><\/p>\n\n\n\n<p>PALAZZO MAFFEI<\/p>\n\n\n\n<p><strong>Rossini<\/strong><\/p>\n\n\n\n<p>Trascrizioni per quartetto di fiati<\/p>\n\n\n\n<p>Chiara Piccinelli, flauto<\/p>\n\n\n\n<p>Maurizio Trapletti, clarinetto<\/p>\n\n\n\n<p>Paolo Guelfi, fagotto<\/p>\n\n\n\n<p>Andrea Leasi, corno<\/p>\n\n\n\n<p><strong>Gioachino Rossini<\/strong><\/p>\n\n\n\n<p>Sinfonie da<em> Guglielmo Tell<\/em>, <em>La Cenerentola, Semiramide, La Gazza ladra<\/em>, trascrizioni per fiati di Andrea Leasi<\/p>\n\n\n\n<p><strong>Vincenzo Gambaro<\/strong><\/p>\n\n\n\n<p><em>Rossini&#8230; per 4<\/em>, fantasia su temi di Rossini<\/p>\n\n\n\n<p>***<\/p>\n\n\n\n<p><strong>Domenica 26 aprile<\/strong><\/p>\n\n\n\n<p>PALAZZO MAFFEI<\/p>\n\n\n\n<p><strong>Bach, Couperin, Carter<\/strong><\/p>\n\n\n\n<p>Sonate e concerti<\/p>\n\n\n\n<p>Pier Filippo Barbano, flauto<\/p>\n\n\n\n<p>Matteo Forla, oboe<\/p>\n\n\n\n<p>Quentin Capozzoli, violino<\/p>\n\n\n\n<p>Martin Pratissoli, violoncello<\/p>\n\n\n\n<p>Federico Brunello, clavicembalo<\/p>\n\n\n\n<p><strong>Johann Sebastian Bach<\/strong><\/p>\n\n\n\n<p>Trio Sonata, BWV 1038<\/p>\n\n\n\n<p>Sonata n. 4 in do minore per violino e clavicembalo, BWV 1017<\/p>\n\n\n\n<p>Sonata in mi minore per flauto traverso e continuo, BWV 1034<\/p>\n\n\n\n<p><strong>Fran\u00e7ois Couperin<\/strong><\/p>\n\n\n\n<p>Concert Royaux n. 1 per oboe e clavicembalo<\/p>\n\n\n\n<p><strong>Elliott Carter<\/strong><\/p>\n\n\n\n<p>Sonata per flauto, oboe, violoncello e clavicembalo<\/p>\n\n\n\n<p>***<\/p>\n\n\n\n<p><strong>Domenica 3 maggio<\/strong><\/p>\n\n\n\n<p>BIBLIOTECA CAPITOLARE<\/p>\n\n\n\n<p><strong>Brahms<\/strong><\/p>\n\n\n\n<p>Sestetti<\/p>\n\n\n\n<p>Vincenzo Quaranta, Quentin Capozzoli, violini<\/p>\n\n\n\n<p>Giuseppe Mari, Antonio Bossone, viole<\/p>\n\n\n\n<p>Sara Airoldi, Francesco Ferrarini, violoncelli<\/p>\n\n\n\n<p><strong>Johannes Brahms<\/strong><\/p>\n\n\n\n<p>Sestetto n. 1 in Si bemolle maggiore per archi, op. 18<\/p>\n\n\n\n<p>Sestetto n. 2 in Sol maggiore per archi, op. 36<\/p>\n\n\n\n<p>***<\/p>\n\n\n\n<p><strong>Domenica 10 maggio<\/strong><\/p>\n\n\n\n<p>PALAZZO MAFFEI<\/p>\n\n\n\n<p><strong>Haydn, Schubert, Beethoven<\/strong><\/p>\n\n\n\n<p>Trii per archi<\/p>\n\n\n\n<p>Antonino Enna, violino<\/p>\n\n\n\n<p>Doriana Calcagno, viola<\/p>\n\n\n\n<p>Marco Venturini, violoncello<\/p>\n\n\n\n<p><strong>Franz Joseph Haydn<\/strong><\/p>\n\n\n\n<p>Trio per archi n. 2 in Si bemolle maggiore, op 53<\/p>\n\n\n\n<p><strong>Franz Schubert<\/strong><\/p>\n\n\n\n<p>Trio per archi n. 1 in Si bemolle maggiore, D. 471<\/p>\n\n\n\n<p><strong>Ludwig van Beethoven<\/strong><\/p>\n\n\n\n<p>Trio per archi n. 1 in Mi bemolle maggiore, op. 3<\/p>\n\n\n\n<p>***<\/p>\n\n\n\n<p><strong>Domenica 17 maggio &nbsp;&nbsp;&nbsp;&nbsp;&nbsp;&nbsp;&nbsp;&nbsp;&nbsp;&nbsp;&nbsp;&nbsp;&nbsp;&nbsp;&nbsp;&nbsp;&nbsp;&nbsp;&nbsp;&nbsp;&nbsp;&nbsp;&nbsp;&nbsp;&nbsp;&nbsp;<\/strong><\/p>\n\n\n\n<p>CIRCOLO UNIFICATO DELL\u2019ESERCITO<\/p>\n\n\n\n<p><strong>Mozart, Beethoven<\/strong><\/p>\n\n\n\n<p>Brani per ottetto di fiati<\/p>\n\n\n\n<p>Francesca Rodomonti, oboe I<\/p>\n\n\n\n<p>Fabrizio Baldon, oboe II<\/p>\n\n\n\n<p>Giampiero Sobrino, clarinetto I<\/p>\n\n\n\n<p>Maurizio Trapletti, clarinetto II<\/p>\n\n\n\n<p>Lanfranco Martinelli, fagotto I<\/p>\n\n\n\n<p>Domenico Faccin, fagotto II<\/p>\n\n\n\n<p>Andrea Leasi, corno I<\/p>\n\n\n\n<p>Claudio Carta, corno II<\/p>\n\n\n\n<p><strong>Wolfgang Amadeus Mozart<\/strong><\/p>\n\n\n\n<p><em>Ouverture <\/em>da<em> Die Zauberfl\u00f6te<\/em>, arrangiamento di Joseph Heidenreich<\/p>\n\n\n\n<p>Serenata n. 12 in do minore <em>Nachtmusik<\/em> per fiati, KV&nbsp;388, KV&nbsp;384a<\/p>\n\n\n\n<p><strong>Ludwig van Beethoven<\/strong><\/p>\n\n\n\n<p>Ottetto per fiati in Mi bemolle maggiore, op. 103<\/p>\n\n\n\n<p>***<\/p>\n\n\n\n<p><strong>Domenica 18 ottobre<\/strong><\/p>\n\n\n\n<p>ACCADEMIA DI AGRICOLTURA SCIENZE E LETTERE<\/p>\n\n\n\n<p><strong>Gounod, Nielsen, Dvo\u0159\u00e1k<\/strong><\/p>\n\n\n\n<p>Serenate e sinfonie per fiati<\/p>\n\n\n\n<p>Lorenzo D&#8217;Ant\u00f3, flauto<\/p>\n\n\n\n<p>Matteo Forla, oboe I<\/p>\n\n\n\n<p>Fabrizio Baldon, oboe II<\/p>\n\n\n\n<p>Lorenzo Paini, clarinetto I<\/p>\n\n\n\n<p>Maurizio Trapletti, clarinetto II<\/p>\n\n\n\n<p>Paolo Guelfi, fagotto I<\/p>\n\n\n\n<p>Domenico Faccin, fagotto II<\/p>\n\n\n\n<p>Mattia Battistini, corno I<\/p>\n\n\n\n<p>Oreste Campedelli, corno II<\/p>\n\n\n\n<p>Domenico Guglielmello, corno III<\/p>\n\n\n\n<p>Benedetta Baravelli, violoncello<\/p>\n\n\n\n<p>Matteo Zabadneh, contrabbasso<\/p>\n\n\n\n<p><strong>Charles Gounod<\/strong><\/p>\n\n\n\n<p>Petite symphonie per fiati, CG 560<\/p>\n\n\n\n<p><strong>Carl Nielsen<\/strong><\/p>\n\n\n\n<p><em>Serenata<\/em> <em>in vano<\/em>, CNW 69<\/p>\n\n\n\n<p><strong>Antonin Dvo\u0159\u00e1k<\/strong><\/p>\n\n\n\n<p>Serenata per 10 strumenti a fiato, violoncello, contrabbasso in re minore, op. 44<\/p>\n\n\n\n<p>***<\/p>\n\n\n\n<p><strong>Domenica 8 novembre<\/strong><\/p>\n\n\n\n<p>MUSEO NICOLIS<\/p>\n\n\n\n<p><strong>Beethoven, Schubert<\/strong><\/p>\n\n\n\n<p>Quartetti per archi<\/p>\n\n\n\n<p>Paolo Arduini, violino I<\/p>\n\n\n\n<p>Agnese Tasso, violino II<\/p>\n\n\n\n<p>Serena Chien, viola<\/p>\n\n\n\n<p>Alexander Zyumbrowski, violoncello<\/p>\n\n\n\n<p><strong>Ludwig van Beethoven<\/strong><\/p>\n\n\n\n<p>Quartetto per archi n. 4 in do minore, op. 18 n. 4<\/p>\n\n\n\n<p><strong>Franz Schubert<\/strong><\/p>\n\n\n\n<p>Quartetto per archi n. 14 in re minore, D. 810 <em>Der Tod und das M\u00e4dchen<\/em><\/p>\n\n\n\n<p>***<\/p>\n\n\n\n<p><strong>Domenica 29 novembre<\/strong><\/p>\n\n\n\n<p>MUSEO DEGLI AFFRESCHI<\/p>\n\n\n\n<p><strong>Mozart, Kreutzer<\/strong><\/p>\n\n\n\n<p>Duo e Settimino<\/p>\n\n\n\n<p>Lorenzo Paini, clarinetto<\/p>\n\n\n\n<p>Paolo Guelfi, fagotto<\/p>\n\n\n\n<p>Claudio Carta, corno<\/p>\n\n\n\n<p>Quentin Capozzoli, violino<\/p>\n\n\n\n<p>Giuseppe Mari, viola<\/p>\n\n\n\n<p>Martin Pratissoli, violoncello<\/p>\n\n\n\n<p>Riccardo Mazzoni, contrabbasso<\/p>\n\n\n\n<p><strong>Wolfgang Amadeus Mozart<\/strong><\/p>\n\n\n\n<p>Duo per violino e viola in Sol maggiore, K 423<\/p>\n\n\n\n<p><strong>Conradin Kreutzer<\/strong><\/p>\n\n\n\n<p>Settimino in Mi bemolle maggiore, op. 62<\/p>\n\n\n\n<p><strong>LE SEDI<\/strong><\/p>\n\n\n\n<p><strong>Teatrino di Palazzo Maffei <\/strong>Piazza Erbe 38-38A<\/p>\n\n\n\n<p><strong>Sala Maffeiana <\/strong>Via Roma 1G<\/p>\n\n\n\n<p><strong>Biblioteca Capitolare di Verona <\/strong>Piazza Duomo, 19<\/p>\n\n\n\n<p><strong>Circolo Unificato dell\u2019Esercito di Verona <\/strong>Corso Castelvecchio 4&nbsp;<\/p>\n\n\n\n<p><strong>Accademia di Agricoltura Scienze e Lettere <\/strong>Via Leoncino 6<\/p>\n\n\n\n<p><strong>Museo Nicolis <\/strong>Viale Postumia 71 \u2013 Villafranca di Verona<\/p>\n\n\n\n<p><strong>Museo degli Affreschi G.B. Cavalcaselle alla Tomba di Giulietta <\/strong>Via Luigi da Porto 5<\/p>\n\n\n\n<p>foto<\/p>\n\n\n\n<figure class=\"wp-block-image size-full\"><a href=\"https:\/\/www.ecoitaliano.com.ar\/wp-content\/uploads\/2025\/12\/image-39.jpg\"><img decoding=\"async\" width=\"570\" height=\"814\" src=\"https:\/\/www.ecoitaliano.com.ar\/wp-content\/uploads\/2025\/12\/image-39.jpg\" alt=\"\" class=\"wp-image-84188\" srcset=\"https:\/\/www.ecoitaliano.com.ar\/wp-content\/uploads\/2025\/12\/image-39.jpg 570w, https:\/\/www.ecoitaliano.com.ar\/wp-content\/uploads\/2025\/12\/image-39-210x300.jpg 210w, https:\/\/www.ecoitaliano.com.ar\/wp-content\/uploads\/2025\/12\/image-39-105x150.jpg 105w\" sizes=\"(max-width: 570px) 100vw, 570px\" \/><\/a><\/figure>\n\n\n\n<p><strong>Musei in Musica&nbsp;&nbsp;&nbsp;&nbsp;&nbsp;&nbsp;&nbsp;&nbsp;&nbsp;&nbsp;&nbsp;&nbsp;&nbsp;&nbsp;&nbsp;&nbsp;&nbsp;<\/strong><\/p>\n\n\n\n<p><strong>2026<br><br><\/strong><strong><\/strong><\/p>\n\n\n\n<p><strong>Concerti da camera con visita<\/strong><strong><\/strong><\/p>\n\n\n\n<p><strong>Ore 11<\/strong><\/p>\n\n\n\n<p><strong>Domenica 25 gennaio<\/strong><\/p>\n\n\n\n<p>PALAZZO MAFFEI<\/p>\n\n\n\n<p><strong>Schumann, Mozart, Reger<\/strong><\/p>\n\n\n\n<p>Brani per clarinetto e quartetto d\u2019archi<\/p>\n\n\n\n<p>Giampiero Sobrino, clarinetto<\/p>\n\n\n\n<p>Vincenzo Quaranta, violino I<\/p>\n\n\n\n<p>Sofia Gelsomini, violino II<\/p>\n\n\n\n<p>Giuseppe Mari, viola<\/p>\n\n\n\n<p>Sara Airoldi, violoncello<\/p>\n\n\n\n<p><strong>Robert Schumann<\/strong><\/p>\n\n\n\n<p><em>Abendlied <\/em>op. 85 n. 12, trascrizione per clarinetto e quartetto d\u2019archi di&nbsp;Ferruccio Busoni<\/p>\n\n\n\n<p><strong>Wolfgang Amadeus Mozart<\/strong><\/p>\n\n\n\n<p>Quartetto per archi n. 4 in Do maggiore, KV 157<\/p>\n\n\n\n<p><strong>Max Reger<\/strong><strong>&nbsp;<\/strong><\/p>\n\n\n\n<p>Quintetto per clarinetto e archi in La maggiore, op. 146<\/p>\n\n\n\n<p><strong>Domenica 1\u00b0 marzo<\/strong><\/p>\n\n\n\n<p>SALA MAFFEIANA<\/p>\n\n\n\n<p><strong>Brahms<\/strong><\/p>\n\n\n\n<p>Liebeslieder Walzer completi<\/p>\n\n\n\n<p>Coro di Fondazione Arena di Verona<\/p>\n\n\n\n<p>Roberto Gabbiani, pianoforte<\/p>\n\n\n\n<p>Roberto Brandolisio, pianoforte<\/p>\n\n\n\n<p><strong>Johannes Brahms<\/strong><strong><\/strong><\/p>\n\n\n\n<p><em>Liebeslieder-Walzer<\/em> per coro e pianoforte a quattro mani, op. 52<\/p>\n\n\n\n<p><em>Neue Liebeslieder-Walzer<\/em> per soli, coro e pianoforte a quattro mani, op. 65<\/p>\n\n\n\n<p><strong>Domenica 19 aprile<\/strong><\/p>\n\n\n\n<p>PALAZZO MAFFEI<\/p>\n\n\n\n<p><strong>Rossini<\/strong><\/p>\n\n\n\n<p>Trascrizioni per quartetto di fiati<\/p>\n\n\n\n<p>Chiara Piccinelli, flauto<\/p>\n\n\n\n<p>Maurizio Trapletti, clarinetto<\/p>\n\n\n\n<p>Paolo Guelfi, fagotto<\/p>\n\n\n\n<p>Andrea Leasi, corno<\/p>\n\n\n\n<p><strong>Gioachino Rossini<\/strong><\/p>\n\n\n\n<p>Sinfonie da<em> Guglielmo Tell<\/em>, <em>La Cenerentola, Semiramide, La Gazza ladra<\/em>, trascrizioni per fiati di Andrea Leasi<\/p>\n\n\n\n<p><strong>Vincenzo Gambaro<\/strong><\/p>\n\n\n\n<p><em>Rossini&#8230; per 4<\/em>, fantasia su temi di Rossini<\/p>\n\n\n\n<p><strong>Domenica 26 aprile<\/strong><\/p>\n\n\n\n<p>PALAZZO MAFFEI<\/p>\n\n\n\n<p><strong>Bach, Couperin, Carter<\/strong><\/p>\n\n\n\n<p>Sonate e concerti<\/p>\n\n\n\n<p>Pierfilippo Barbano, flauto<\/p>\n\n\n\n<p>Matteo Forla, oboe<\/p>\n\n\n\n<p>Quentin Capozzoli, violino<\/p>\n\n\n\n<p>Martin Pratissoli, violoncello<\/p>\n\n\n\n<p>Federico Brunello, clavicembalo<\/p>\n\n\n\n<p><strong>Johann Sebastian Bach<\/strong><\/p>\n\n\n\n<p>Trio Sonata, BWV 1038<\/p>\n\n\n\n<p>Sonata n. 4 in do minore per violino e clavicembalo, BWV 1017<\/p>\n\n\n\n<p>Sonata in mi minore per flauto traverso e continuo, BWV 1034<\/p>\n\n\n\n<p><strong>Fran\u00e7ois Couperin<\/strong><strong><\/strong><\/p>\n\n\n\n<p>Concert Royaux n. 1 per oboe e clavicembalo<\/p>\n\n\n\n<p><strong>Elliott Carter<\/strong><\/p>\n\n\n\n<p>Sonata per flauto, oboe, violoncello e clavicembalo<\/p>\n\n\n\n<p><strong>Domenica 3 maggio<\/strong><\/p>\n\n\n\n<p>BIBLIOTECA CAPITOLARE<\/p>\n\n\n\n<p><strong>Brahms<\/strong><\/p>\n\n\n\n<p>Sestetti<\/p>\n\n\n\n<p>Vincenzo Quaranta, Quentin Capozzoli, violini<\/p>\n\n\n\n<p>Giuseppe Mari, Antonio Bossone, viole<\/p>\n\n\n\n<p>Sara Airoldi, Francesco Ferrarini, violoncelli<\/p>\n\n\n\n<p><strong>Johannes Brahms<\/strong><\/p>\n\n\n\n<p>Sestetto n. 1 in Si bemolle maggiore per archi, op. 18<\/p>\n\n\n\n<p>Sestetto n. 2 in Sol maggiore per archi, op. 36<\/p>\n\n\n\n<p><strong>Domenica 10 maggio<\/strong><\/p>\n\n\n\n<p>PALAZZO MAFFEI<\/p>\n\n\n\n<p><strong>Haydn, Schubert, Beethoven<\/strong><\/p>\n\n\n\n<p>Trii per archi<\/p>\n\n\n\n<p>Antonino Enna, violino<\/p>\n\n\n\n<p>Doriana Calcagno, viola<\/p>\n\n\n\n<p>Marco Venturini, violoncello<\/p>\n\n\n\n<p><strong>Franz Joseph Haydn<\/strong><\/p>\n\n\n\n<p>Trio per archi n. 2 in Si bemolle maggiore, op 53<\/p>\n\n\n\n<p><strong>Franz Schubert<\/strong><\/p>\n\n\n\n<p>Trio per archi n. 1 in Si bemolle maggiore, D. 471<\/p>\n\n\n\n<p><strong>Ludwig van Beethoven<\/strong><\/p>\n\n\n\n<p>Trio per archi n. 1 in Mi bemolle maggiore, op. 3<\/p>\n\n\n\n<p><strong>Domenica 17 maggio<\/strong><\/p>\n\n\n\n<p>CIRCOLO UNIFICATO DELL\u2019ESERCITO<\/p>\n\n\n\n<p><strong>Mozart, Beethoven<\/strong><\/p>\n\n\n\n<p>Brani per ottetto di fiati<\/p>\n\n\n\n<p>Francesca Rodomonti, oboe I<\/p>\n\n\n\n<p>Fabrizio Baldon, oboe II<\/p>\n\n\n\n<p>Giampiero Sobrino, clarinetto I<\/p>\n\n\n\n<p>Maurizio Trapletti, clarinetto II<\/p>\n\n\n\n<p>Lanfranco Martinelli, fagotto I<\/p>\n\n\n\n<p>Domenico Faccin, fagotto II<\/p>\n\n\n\n<p>Andrea Leasi, corno I<\/p>\n\n\n\n<p>Claudio Carta, corno II<\/p>\n\n\n\n<p><strong>Wolfgang Amadeus Mozart<\/strong><\/p>\n\n\n\n<p><em>Ouverture <\/em>da<em> Die Zauberfl\u00f6te<\/em>, arrangiamento di Joseph Heidenreich<\/p>\n\n\n\n<p>Serenata n. 12 in do minore <em>Nachtmusik<\/em> per fiati, KV&nbsp;388, KV&nbsp;384a<\/p>\n\n\n\n<p><strong>Ludwig van Beethoven<\/strong><strong><\/strong><\/p>\n\n\n\n<p>Ottetto per fiati in Mi bemolle maggiore, op. 103<\/p>\n\n\n\n<p><strong>Domenica 18 ottobre<\/strong><\/p>\n\n\n\n<p>ACCADEMIA DI AGRICOLTURA SCIENZE E LETTERE<\/p>\n\n\n\n<p><strong>Gounod, Nielsen, Dvo\u0159\u00e1k<\/strong><\/p>\n\n\n\n<p>Serenate e sinfonie per fiati<\/p>\n\n\n\n<p>Lorenzo D&#8217;Ant\u00f3, flauto<\/p>\n\n\n\n<p>Matteo Forla, oboe I<\/p>\n\n\n\n<p>Fabrizio Baldon, oboe II<\/p>\n\n\n\n<p>Lorenzo Paini, clarinetto I<\/p>\n\n\n\n<p>Maurizio Trapletti, clarinetto II<\/p>\n\n\n\n<p>Paolo Guelfi, fagotto I<\/p>\n\n\n\n<p>Domenico Faccin, fagotto II<\/p>\n\n\n\n<p>Mattia Battistini, corno I<\/p>\n\n\n\n<p>Oreste Campedelli, corno II<\/p>\n\n\n\n<p>Domenico Guglielmello, corno III<\/p>\n\n\n\n<p>Benedetta Baravelli, violoncello<\/p>\n\n\n\n<p>Matteo Zabadneh, contrabbasso<\/p>\n\n\n\n<p><strong>Charles Gounod<\/strong><strong><\/strong><\/p>\n\n\n\n<p>Petite symphonie per fiati, CG 560<\/p>\n\n\n\n<p><strong>Carl Nielsen<\/strong><\/p>\n\n\n\n<p><em>Serenata<\/em> <em>in vano<\/em>, CNW 69<\/p>\n\n\n\n<p><strong>Antonin Dvo\u0159\u00e1k<\/strong><\/p>\n\n\n\n<p>Serenata per 10 strumenti a fiato, violoncello, contrabbasso in re minore, op. 44<\/p>\n\n\n\n<p><strong>Domenica 8 novembre<\/strong><\/p>\n\n\n\n<p>MUSEO NICOLIS<\/p>\n\n\n\n<p><strong>Beethoven, Schubert<\/strong><\/p>\n\n\n\n<p>Quartetti per archi<\/p>\n\n\n\n<p>Paolo Arduini, violino I<\/p>\n\n\n\n<p>Agnese Tasso, violino II<\/p>\n\n\n\n<p>Serena Chien, viola<\/p>\n\n\n\n<p>Alexander Zyumbrowski, violoncello<\/p>\n\n\n\n<p><strong>Ludwig van Beethoven<\/strong><\/p>\n\n\n\n<p>Quartetto per archi n. 4 in do minore, op. 18 n. 4<\/p>\n\n\n\n<p><strong>Franz Schubert<\/strong><\/p>\n\n\n\n<p>Quartetto per archi n. 14 in re minore, D. 810 <em>Der Tod und das M\u00e4dchen<\/em><\/p>\n\n\n\n<p><strong>Domenica 29 novembre<\/strong><\/p>\n\n\n\n<p>MUSEO DEGLI AFFRESCHI<\/p>\n\n\n\n<p><strong>Mozart, Kreutzer<\/strong><\/p>\n\n\n\n<p>Duo e Settimino<\/p>\n\n\n\n<p>Lorenzo Paini, clarinetto<\/p>\n\n\n\n<p>Paolo Guelfi, fagotto<\/p>\n\n\n\n<p>Claudio Carta, corno<\/p>\n\n\n\n<p>Quentin Capozzol, violino<\/p>\n\n\n\n<p>Giuseppe Mari, viola<\/p>\n\n\n\n<p>Martin Pratissoli, violoncello<\/p>\n\n\n\n<p>Riccardo Mazzoni, contrabbasso<\/p>\n\n\n\n<p><strong>Wolfgang Amadeus Mozart<\/strong><\/p>\n\n\n\n<p>Duo per violino e viola in Sol maggiore, K 423<\/p>\n\n\n\n<p><strong>Conradin Kreutzer<\/strong><\/p>\n\n\n\n<p>Settimino in Mi Bemolle maggiore, op. 62<\/p>\n\n\n\n<p><strong>Teatrino di Palazzo Maffei<\/strong><\/p>\n\n\n\n<p><strong>Casa Museo<\/strong><\/p>\n\n\n\n<p>Piazza Erbe 38-38A<\/p>\n\n\n\n<p><strong>Sala Maffeiana<\/strong><\/p>\n\n\n\n<p>Via Roma 1G<\/p>\n\n\n\n<p><strong>Biblioteca Capitolare di Verona<\/strong><\/p>\n\n\n\n<p>Piazza Duomo, 19<\/p>\n\n\n\n<p><strong>Circolo Unificato dell\u2019Esercito di Verona<\/strong><\/p>\n\n\n\n<p>Corso Castelvecchio 4&nbsp;&nbsp;&nbsp;&nbsp;<\/p>\n\n\n\n<p><strong>Accademia di Agricoltura Scienze e Lettere<\/strong><\/p>\n\n\n\n<p>Via Leoncino 6<\/p>\n\n\n\n<p><strong>Museo Nicolis<\/strong><\/p>\n\n\n\n<p>Viale Postumia 71 \u2013 Villafranca di Verona<\/p>\n\n\n\n<p><strong>Museo degli Affreschi<\/strong><\/p>\n\n\n\n<p><strong>G.B. Cavalcaselle alla Tomba di Giulietta<\/strong><\/p>\n\n\n\n<p>Via Luigi da Porto 5<\/p>\n\n\n\n<figure class=\"wp-block-gallery has-nested-images columns-default is-cropped wp-block-gallery-1 is-layout-flex wp-block-gallery-is-layout-flex\">\n<figure class=\"wp-block-image size-large\"><a href=\"https:\/\/www.ecoitaliano.com.ar\/wp-content\/uploads\/2025\/12\/MuseiInMusica2025_EnneviFoto_120125_DSCF5980.jpg\"><img decoding=\"async\" width=\"683\" height=\"1024\" data-id=\"84189\" src=\"https:\/\/www.ecoitaliano.com.ar\/wp-content\/uploads\/2025\/12\/MuseiInMusica2025_EnneviFoto_120125_DSCF5980-683x1024.jpg\" alt=\"\" class=\"wp-image-84189\" srcset=\"https:\/\/www.ecoitaliano.com.ar\/wp-content\/uploads\/2025\/12\/MuseiInMusica2025_EnneviFoto_120125_DSCF5980-683x1024.jpg 683w, https:\/\/www.ecoitaliano.com.ar\/wp-content\/uploads\/2025\/12\/MuseiInMusica2025_EnneviFoto_120125_DSCF5980-200x300.jpg 200w, https:\/\/www.ecoitaliano.com.ar\/wp-content\/uploads\/2025\/12\/MuseiInMusica2025_EnneviFoto_120125_DSCF5980-768x1152.jpg 768w, https:\/\/www.ecoitaliano.com.ar\/wp-content\/uploads\/2025\/12\/MuseiInMusica2025_EnneviFoto_120125_DSCF5980-1024x1536.jpg 1024w, https:\/\/www.ecoitaliano.com.ar\/wp-content\/uploads\/2025\/12\/MuseiInMusica2025_EnneviFoto_120125_DSCF5980-1366x2048.jpg 1366w, https:\/\/www.ecoitaliano.com.ar\/wp-content\/uploads\/2025\/12\/MuseiInMusica2025_EnneviFoto_120125_DSCF5980-100x150.jpg 100w, https:\/\/www.ecoitaliano.com.ar\/wp-content\/uploads\/2025\/12\/MuseiInMusica2025_EnneviFoto_120125_DSCF5980.jpg 1707w\" sizes=\"(max-width: 683px) 100vw, 683px\" \/><\/a><\/figure>\n\n\n\n<figure class=\"wp-block-image size-large\"><a href=\"https:\/\/www.ecoitaliano.com.ar\/wp-content\/uploads\/2025\/12\/MuseiInMusica2025_EnneviFoto_260125_DSCF2967-1.jpg\"><img decoding=\"async\" width=\"1024\" height=\"683\" data-id=\"84190\" src=\"https:\/\/www.ecoitaliano.com.ar\/wp-content\/uploads\/2025\/12\/MuseiInMusica2025_EnneviFoto_260125_DSCF2967-1-1024x683.jpg\" alt=\"\" class=\"wp-image-84190\" srcset=\"https:\/\/www.ecoitaliano.com.ar\/wp-content\/uploads\/2025\/12\/MuseiInMusica2025_EnneviFoto_260125_DSCF2967-1-1024x683.jpg 1024w, https:\/\/www.ecoitaliano.com.ar\/wp-content\/uploads\/2025\/12\/MuseiInMusica2025_EnneviFoto_260125_DSCF2967-1-300x200.jpg 300w, https:\/\/www.ecoitaliano.com.ar\/wp-content\/uploads\/2025\/12\/MuseiInMusica2025_EnneviFoto_260125_DSCF2967-1-768x512.jpg 768w, https:\/\/www.ecoitaliano.com.ar\/wp-content\/uploads\/2025\/12\/MuseiInMusica2025_EnneviFoto_260125_DSCF2967-1-1536x1024.jpg 1536w, https:\/\/www.ecoitaliano.com.ar\/wp-content\/uploads\/2025\/12\/MuseiInMusica2025_EnneviFoto_260125_DSCF2967-1-2048x1366.jpg 2048w, https:\/\/www.ecoitaliano.com.ar\/wp-content\/uploads\/2025\/12\/MuseiInMusica2025_EnneviFoto_260125_DSCF2967-1-150x100.jpg 150w\" sizes=\"(max-width: 1024px) 100vw, 1024px\" \/><\/a><\/figure>\n\n\n\n<figure class=\"wp-block-image size-large\"><a href=\"https:\/\/www.ecoitaliano.com.ar\/wp-content\/uploads\/2025\/12\/Schubert-_-Quintetto-_180525_EnneviFoto_FAV1479.jpg\"><img decoding=\"async\" width=\"1024\" height=\"683\" data-id=\"84191\" src=\"https:\/\/www.ecoitaliano.com.ar\/wp-content\/uploads\/2025\/12\/Schubert-_-Quintetto-_180525_EnneviFoto_FAV1479-1024x683.jpg\" alt=\"\" class=\"wp-image-84191\" srcset=\"https:\/\/www.ecoitaliano.com.ar\/wp-content\/uploads\/2025\/12\/Schubert-_-Quintetto-_180525_EnneviFoto_FAV1479-1024x683.jpg 1024w, https:\/\/www.ecoitaliano.com.ar\/wp-content\/uploads\/2025\/12\/Schubert-_-Quintetto-_180525_EnneviFoto_FAV1479-300x200.jpg 300w, https:\/\/www.ecoitaliano.com.ar\/wp-content\/uploads\/2025\/12\/Schubert-_-Quintetto-_180525_EnneviFoto_FAV1479-768x512.jpg 768w, https:\/\/www.ecoitaliano.com.ar\/wp-content\/uploads\/2025\/12\/Schubert-_-Quintetto-_180525_EnneviFoto_FAV1479-1536x1024.jpg 1536w, https:\/\/www.ecoitaliano.com.ar\/wp-content\/uploads\/2025\/12\/Schubert-_-Quintetto-_180525_EnneviFoto_FAV1479-2048x1366.jpg 2048w, https:\/\/www.ecoitaliano.com.ar\/wp-content\/uploads\/2025\/12\/Schubert-_-Quintetto-_180525_EnneviFoto_FAV1479-150x100.jpg 150w\" sizes=\"(max-width: 1024px) 100vw, 1024px\" \/><\/a><\/figure>\n\n\n\n<figure class=\"wp-block-image size-large\"><a href=\"https:\/\/www.ecoitaliano.com.ar\/wp-content\/uploads\/2025\/12\/Teatro_Filarmonico_2025_Locandina_Musica_in_Musica_251218_TR.jpg\"><img decoding=\"async\" width=\"717\" height=\"1024\" data-id=\"84192\" src=\"https:\/\/www.ecoitaliano.com.ar\/wp-content\/uploads\/2025\/12\/Teatro_Filarmonico_2025_Locandina_Musica_in_Musica_251218_TR-717x1024.jpg\" alt=\"\" class=\"wp-image-84192\" srcset=\"https:\/\/www.ecoitaliano.com.ar\/wp-content\/uploads\/2025\/12\/Teatro_Filarmonico_2025_Locandina_Musica_in_Musica_251218_TR-717x1024.jpg 717w, https:\/\/www.ecoitaliano.com.ar\/wp-content\/uploads\/2025\/12\/Teatro_Filarmonico_2025_Locandina_Musica_in_Musica_251218_TR-210x300.jpg 210w, https:\/\/www.ecoitaliano.com.ar\/wp-content\/uploads\/2025\/12\/Teatro_Filarmonico_2025_Locandina_Musica_in_Musica_251218_TR-768x1097.jpg 768w, https:\/\/www.ecoitaliano.com.ar\/wp-content\/uploads\/2025\/12\/Teatro_Filarmonico_2025_Locandina_Musica_in_Musica_251218_TR-1075x1536.jpg 1075w, https:\/\/www.ecoitaliano.com.ar\/wp-content\/uploads\/2025\/12\/Teatro_Filarmonico_2025_Locandina_Musica_in_Musica_251218_TR-1434x2048.jpg 1434w, https:\/\/www.ecoitaliano.com.ar\/wp-content\/uploads\/2025\/12\/Teatro_Filarmonico_2025_Locandina_Musica_in_Musica_251218_TR-105x150.jpg 105w, https:\/\/www.ecoitaliano.com.ar\/wp-content\/uploads\/2025\/12\/Teatro_Filarmonico_2025_Locandina_Musica_in_Musica_251218_TR.jpg 1792w\" sizes=\"(max-width: 717px) 100vw, 717px\" \/><\/a><\/figure>\n<\/figure>\n\n\n\n<figure class=\"wp-block-table\"><table class=\"has-fixed-layout\"><tbody><tr><td>Ufficio Stampa Fondazione Arena di VeronaVia Roma, 7\/D, 37121 Veronatel. 045805.1861 \/.1905 \/.1891 \/.1939 \/. 1847c.f.\/p.iva 00231130238<a href=\"http:\/\/www.arena.it\/\" target=\"_blank\" rel=\"noreferrer noopener\">www.arena.it<\/a><a href=\"https:\/\/arenadiverona.invionews.net\/nl\/pd4p8d\/hf4syrv\/jvuvytu\/uf\/12\/bWFpbHRvOnVmZmljaW8uc3RhbXBhQGFyZW5hZGl2ZXJvbmEuaXQ?_d=ABT&amp;_c=1a6ed881\" target=\"_blank\" rel=\"noreferrer noopener\">ufficio.stampa@arenadiverona.it<\/a><\/td><\/tr><\/tbody><\/table><\/figure>\n\n\n\n<figure class=\"wp-block-table\"><table class=\"has-fixed-layout\"><tbody><tr><td><img decoding=\"async\" alt=\"L'altro volto dell'Arena\u00ae\" width=\"166\" src=\"https:\/\/arenadiverona.invionews.net\/rsp\/pd4p8d\/if\/resizex\/332,null\/rs\/content\/laltro_volto_2.png?_d=ABT&amp;_c=5bb3a3d5\"><\/td><\/tr><\/tbody><\/table><\/figure>\n","protected":false},"excerpt":{"rendered":"<p>Ufficio Stampa&nbsp;&nbsp;&nbsp;&nbsp;&nbsp;&nbsp;&nbsp;&nbsp;&nbsp;&nbsp;&nbsp;&nbsp;&nbsp;&nbsp;&nbsp;&nbsp;&nbsp;&nbsp;&nbsp;&nbsp;&nbsp;&nbsp;&nbsp;&nbsp;&nbsp;&nbsp;&nbsp;&nbsp;&nbsp;&nbsp;&nbsp;&nbsp;&nbsp;&nbsp;&nbsp;&nbsp;&nbsp;&nbsp;&nbsp;&nbsp;&nbsp;&nbsp;&nbsp;&nbsp;&nbsp;&nbsp;&nbsp;&nbsp;&nbsp;&nbsp;&nbsp;&nbsp;&nbsp;&nbsp;&nbsp;&nbsp;&nbsp;&nbsp;&nbsp;&nbsp;&nbsp;&nbsp;&nbsp;&nbsp;&nbsp;&nbsp;&nbsp;&nbsp;&nbsp;&nbsp;&nbsp;&nbsp;&nbsp;&nbsp;&nbsp;&nbsp;&nbsp;&nbsp;&nbsp;&nbsp;&nbsp;&nbsp;&nbsp;&nbsp;&nbsp;&nbsp;&nbsp;&nbsp;&nbsp;&nbsp;&nbsp;&nbsp;&nbsp;&nbsp;&nbsp;&nbsp;&nbsp;&nbsp;&nbsp;&nbsp;&nbsp;&nbsp;&nbsp;&nbsp;&nbsp;&nbsp;&nbsp;&nbsp;&nbsp;&nbsp;&nbsp;&nbsp;&nbsp;&nbsp;&nbsp;&nbsp;&nbsp;&nbsp;&nbsp; &nbsp; 30\/12\/2025 MUSEI IN MUSICA 2026 terza edizione per la rassegna da camera di Fondazione Arena di Verona, [&hellip;]<\/p>\n","protected":false},"author":1,"featured_media":0,"comment_status":"open","ping_status":"open","sticky":false,"template":"","format":"standard","meta":{"footnotes":""},"categories":[1],"tags":[],"class_list":["post-84186","post","type-post","status-publish","format-standard","hentry","category-sin-categoria"],"_links":{"self":[{"href":"https:\/\/www.ecoitaliano.com.ar\/index.php?rest_route=\/wp\/v2\/posts\/84186","targetHints":{"allow":["GET"]}}],"collection":[{"href":"https:\/\/www.ecoitaliano.com.ar\/index.php?rest_route=\/wp\/v2\/posts"}],"about":[{"href":"https:\/\/www.ecoitaliano.com.ar\/index.php?rest_route=\/wp\/v2\/types\/post"}],"author":[{"embeddable":true,"href":"https:\/\/www.ecoitaliano.com.ar\/index.php?rest_route=\/wp\/v2\/users\/1"}],"replies":[{"embeddable":true,"href":"https:\/\/www.ecoitaliano.com.ar\/index.php?rest_route=%2Fwp%2Fv2%2Fcomments&post=84186"}],"version-history":[{"count":1,"href":"https:\/\/www.ecoitaliano.com.ar\/index.php?rest_route=\/wp\/v2\/posts\/84186\/revisions"}],"predecessor-version":[{"id":84193,"href":"https:\/\/www.ecoitaliano.com.ar\/index.php?rest_route=\/wp\/v2\/posts\/84186\/revisions\/84193"}],"wp:attachment":[{"href":"https:\/\/www.ecoitaliano.com.ar\/index.php?rest_route=%2Fwp%2Fv2%2Fmedia&parent=84186"}],"wp:term":[{"taxonomy":"category","embeddable":true,"href":"https:\/\/www.ecoitaliano.com.ar\/index.php?rest_route=%2Fwp%2Fv2%2Fcategories&post=84186"},{"taxonomy":"post_tag","embeddable":true,"href":"https:\/\/www.ecoitaliano.com.ar\/index.php?rest_route=%2Fwp%2Fv2%2Ftags&post=84186"}],"curies":[{"name":"wp","href":"https:\/\/api.w.org\/{rel}","templated":true}]}}