{"id":84234,"date":"2026-01-01T19:40:00","date_gmt":"2026-01-01T19:40:00","guid":{"rendered":"https:\/\/www.ecoitaliano.com.ar\/?p=84234"},"modified":"2026-01-01T19:40:27","modified_gmt":"2026-01-01T19:40:27","slug":"leone-xiv-e-mattarella-un-invito-allamore-e-alla-pace-omelia-e-discorso-nel-segno-della-liberta","status":"publish","type":"post","link":"https:\/\/www.ecoitaliano.com.ar\/?p=84234","title":{"rendered":"Leone XIV e Mattarella un invito all&#8217;Amore e alla Pace. Omelia e discorso nel segno della libert\u00e0\u00a0"},"content":{"rendered":"\n<p><em>Pierfranco Bruni\u00a0<\/em><\/p>\n\n\n<div class=\"wp-block-image\">\n<figure class=\"aligncenter size-large is-resized\"><a href=\"http:\/\/www.ecoitaliano.com.ar\/wp-content\/uploads\/2026\/01\/1000156009.jpg\"><img decoding=\"async\" width=\"1024\" height=\"576\" src=\"http:\/\/www.ecoitaliano.com.ar\/wp-content\/uploads\/2026\/01\/1000156009-1024x576.jpg\" alt=\"\" class=\"wp-image-84235\" style=\"width:352px;height:auto\" srcset=\"https:\/\/www.ecoitaliano.com.ar\/wp-content\/uploads\/2026\/01\/1000156009-1024x576.jpg 1024w, https:\/\/www.ecoitaliano.com.ar\/wp-content\/uploads\/2026\/01\/1000156009-300x169.jpg 300w, https:\/\/www.ecoitaliano.com.ar\/wp-content\/uploads\/2026\/01\/1000156009-768x432.jpg 768w, https:\/\/www.ecoitaliano.com.ar\/wp-content\/uploads\/2026\/01\/1000156009-1536x864.jpg 1536w, https:\/\/www.ecoitaliano.com.ar\/wp-content\/uploads\/2026\/01\/1000156009-2048x1152.jpg 2048w, https:\/\/www.ecoitaliano.com.ar\/wp-content\/uploads\/2026\/01\/1000156009-150x84.jpg 150w\" sizes=\"(max-width: 1024px) 100vw, 1024px\" \/><\/a><\/figure><\/div>\n\n\n<p>Una antropologia di civilt\u00e0. Due voci. Due personalit\u00e0. Un unico invito. Il Presidente della Repubblica e il Santo Padre. Il popolo dal punto di vista istituzionale. Il popolo di Dio nella lettura religiosa. Una religiosit\u00e0 laica. Una religiosit\u00e0 cattolico &#8211; cristiana. Tra di loro due anniversari. La Costituzione. San Francesco d\u2019Assisi. L&#8217;italia e l&#8217;Europa. Le Nazioni come metafora dell&#8217;identit\u00e0 della pietas. Dunque.<\/p>\n\n\n\n<p>Pace e perseveranza. Due concetti fondamentali e possibili che dovrebbero essere al centro dei popoli e delle civilt\u00e0 oltre che delle Nazioni. Sono i punti di riferimenti sollevati nelle parole di Leone XIV (nella sua Omelia) dalla finestra di San Pietro e nel discorso di fine anno dal Presidente Mattarella.&nbsp;<\/p>\n\n\n\n<p>Non \u00abdiscorsi\u00bb di convenienza o di consuetudine dialettica, ma pietre militari in un tempo in cui le macerie dominano il quotidiano. Parole forti sulle quali occorre non solo riflettere ma sollevare l&#8217;anima e il cuore. Percorsi di idee stituzionali e religiosi che pongono come centralit\u00e0 l&#8217;uomo e Cristo.&nbsp;<\/p>\n\n\n\n<p>Il Presidente Mattarella da il via agli Ottant&#8217;anni della carta costituzionale e il sommo pontefice chiama in causa San Francesco d\u2019Assisi aprendo cos\u00ec le Celebrazioni francescane per gli Ottocento anni dalla morte del Santo d\u2019Assisi.&nbsp;<\/p>\n\n\n\n<p>Una griglia di realt\u00e0 storiche che danno un senso a testimonianze che hanno segnato l&#8217;identit\u00e0 di una eredit\u00e0 moderna e contemporanea (come la Costituzione) e il vissuto comunitario di una cultura religiosa e popolare.&nbsp;<\/p>\n\n\n\n<p>Messaggi che indicano uno sfogliare la storia con Mattarella: \u00abSfogliamo velocemente un album immaginario della storia della Repubblica, come talvolta si fa quando ci si ritrova in famiglia\u00bb. La famiglia come vera comunit\u00e0 non solo di affetti ma anche sul piano giuridico.<\/p>\n\n\n\n<p>Messaggi che richiamano il perdono nella visione della fraternit\u00e0 con Leone XIV: \u00ab&#8230;il mondo non si salva affilando le spade ma nel perdono, accogliendo tutti\u00bb.<\/p>\n\n\n\n<p>Credo che siano proprio le parole del Papa che lanciano una sfida per l&#8217;umanit\u00e0 nell&#8217;accoglienza del Credo attraverso un itinerario che va da Agostino a San Giovanni Paolo II. Santi della ilarit\u00e0 che vivono in un invito alla Grazia che significa saper guardare alle francescane Creature della Speranza.&nbsp;<\/p>\n\n\n\n<p>Un invito verso la vera libert\u00e0 che abita nel cuore e nell&#8217;anima dell&#8217;uomo.&nbsp;<\/p>\n\n\n\n<p>Nella Omelia il Papa ha ptecisato: \u00abNella Maternit\u00e0 Divina di Maria vediamo cos\u00ec l\u2019incontro di due immense realt\u00e0 &#8216;disarmate&#8217;: quella di Dio che rinuncia ad ogni privilegio della sua divinit\u00e0 per nascere secondo la carne (cfr Fil 2,6-11) e quella della persona che con fiducia ne abbraccia totalmente il volere, rendendogli l\u2019omaggio, in un atto perfetto d\u2019amore, della sua potenza pi\u00f9 grande: la libert\u00e0\u00bb.&nbsp;<\/p>\n\n\n\n<p>Un atto perfetto d&#8217;amore! Perch\u00e9 senza questo atto non pu\u00f2 esserci speranza, carit\u00e0, umanit\u00e0.&nbsp;<\/p>\n\n\n\n<p>Il richiamo \u00e8 forte e non \u00e8 soltanto un vocabolario cristiano. \u00c8 esistenziale per il tempo che viviamo e per il tempo che verr\u00e0, che sar\u00e0 domani, che incide il grande dono della costruzione dell&#8217;uomo che sa guardare con attenzione alla Luce che dovr\u00e0 mostrare \u00abil volto di cui ha contemplato giorno per giorno la bellezza\u00bb (Leone XIV).<\/p>\n\n\n\n<p>Dove poter trovare la bellezza? Nella misericordia. Un valore cristiano ma anche laico. Dove poter trovare la misericordia? Nella rinascita: \u00abOra, nel deserto, molte delle certezze passate erano andate perdute, ma in cambio c\u2019era la libert\u00e0, che si concretizzava in una strada aperta verso il futuro, nel dono di una legge di sapienza e nella promessa di una terra in cui vivere e crescere senza pi\u00f9 ceppi e catene: insomma, in una rinascita\u00bb (Leone XIV).<\/p>\n\n\n\n<p>\u00c8 qui la certezza di una ontologia del futuro che traccia la strada della benevolenza degli uomini di pace ai quali San Francesco ha sempre guardato impartendo insegnamenti e che oggi noi abbiamo il compito e il dovere di continuare con coraggio lealt\u00e0 e verit\u00e0.<\/p>\n\n\n\n<p>In un contesto di inquietudini il \u00abgrido\u00bb \u00e8 un urlo contro i \u00ablupi\u00bb direbbe Dante. E mi sembra che sia proprio un sentiero evangelico che si pone all&#8217;attenzione di tutti noi. Unanime la chiave di lettura. Il richiamo alle eredit\u00e0 \u00e8 un ascolto che ci coinvolge con il pathos necessario per non arrenderci e non aver paura (ritorna quel \u00abnon abbiate paura\u00bb di Giovanni Paolo II) e restare nella trincea della libert\u00e0 e dell&#8217;Amore. Raccogliamo questo nuovo invito per portare la pace in noi e tentare di difenderci dalle intolleranze e dai sorpresi che uccidono il mondo.<\/p>\n\n\n\n<p>La civilt\u00e0 del bene e del bello come antropologia.<\/p>\n\n\n\n<p><\/p>\n","protected":false},"excerpt":{"rendered":"<p>Pierfranco Bruni\u00a0 Una antropologia di civilt\u00e0. Due voci. Due personalit\u00e0. Un unico invito. Il Presidente della Repubblica e il Santo [&hellip;]<\/p>\n","protected":false},"author":1,"featured_media":0,"comment_status":"open","ping_status":"open","sticky":false,"template":"","format":"standard","meta":{"footnotes":""},"categories":[10,35],"tags":[],"class_list":["post-84234","post","type-post","status-publish","format-standard","hentry","category-italiano","category-opiniones"],"_links":{"self":[{"href":"https:\/\/www.ecoitaliano.com.ar\/index.php?rest_route=\/wp\/v2\/posts\/84234","targetHints":{"allow":["GET"]}}],"collection":[{"href":"https:\/\/www.ecoitaliano.com.ar\/index.php?rest_route=\/wp\/v2\/posts"}],"about":[{"href":"https:\/\/www.ecoitaliano.com.ar\/index.php?rest_route=\/wp\/v2\/types\/post"}],"author":[{"embeddable":true,"href":"https:\/\/www.ecoitaliano.com.ar\/index.php?rest_route=\/wp\/v2\/users\/1"}],"replies":[{"embeddable":true,"href":"https:\/\/www.ecoitaliano.com.ar\/index.php?rest_route=%2Fwp%2Fv2%2Fcomments&post=84234"}],"version-history":[{"count":1,"href":"https:\/\/www.ecoitaliano.com.ar\/index.php?rest_route=\/wp\/v2\/posts\/84234\/revisions"}],"predecessor-version":[{"id":84236,"href":"https:\/\/www.ecoitaliano.com.ar\/index.php?rest_route=\/wp\/v2\/posts\/84234\/revisions\/84236"}],"wp:attachment":[{"href":"https:\/\/www.ecoitaliano.com.ar\/index.php?rest_route=%2Fwp%2Fv2%2Fmedia&parent=84234"}],"wp:term":[{"taxonomy":"category","embeddable":true,"href":"https:\/\/www.ecoitaliano.com.ar\/index.php?rest_route=%2Fwp%2Fv2%2Fcategories&post=84234"},{"taxonomy":"post_tag","embeddable":true,"href":"https:\/\/www.ecoitaliano.com.ar\/index.php?rest_route=%2Fwp%2Fv2%2Ftags&post=84234"}],"curies":[{"name":"wp","href":"https:\/\/api.w.org\/{rel}","templated":true}]}}