{"id":84240,"date":"2026-01-02T09:39:49","date_gmt":"2026-01-02T09:39:49","guid":{"rendered":"https:\/\/www.ecoitaliano.com.ar\/?p=84240"},"modified":"2026-01-02T09:40:09","modified_gmt":"2026-01-02T09:40:09","slug":"lucidi-italo-americani-in-festa-per-i-250-anni-di-valori-comuni-dal-1776-al-2026-lasse-invisibile-tra-italia-e-stati-uniti","status":"publish","type":"post","link":"https:\/\/www.ecoitaliano.com.ar\/?p=84240","title":{"rendered":"Lucidi: ITALO-AMERICANI IN FESTA PER I 250 ANNI DI VALORI COMUNI &#8211; Dal 1776 al 2026: l\u2019asse invisibile tra Italia e Stati Uniti"},"content":{"rendered":"\n<figure class=\"wp-block-gallery has-nested-images columns-default is-cropped wp-block-gallery-1 is-layout-flex wp-block-gallery-is-layout-flex\">\n<figure class=\"wp-block-image size-large\"><a href=\"https:\/\/www.ecoitaliano.com.ar\/wp-content\/uploads\/2026\/01\/Italo-Americani-in-festa-per-i-250-anni-di-valori-comuni-2.jpeg\"><img decoding=\"async\" width=\"753\" height=\"1024\" data-id=\"84241\" src=\"https:\/\/www.ecoitaliano.com.ar\/wp-content\/uploads\/2026\/01\/Italo-Americani-in-festa-per-i-250-anni-di-valori-comuni-2-753x1024.jpeg\" alt=\"\" class=\"wp-image-84241\" srcset=\"https:\/\/www.ecoitaliano.com.ar\/wp-content\/uploads\/2026\/01\/Italo-Americani-in-festa-per-i-250-anni-di-valori-comuni-2-753x1024.jpeg 753w, https:\/\/www.ecoitaliano.com.ar\/wp-content\/uploads\/2026\/01\/Italo-Americani-in-festa-per-i-250-anni-di-valori-comuni-2-221x300.jpeg 221w, https:\/\/www.ecoitaliano.com.ar\/wp-content\/uploads\/2026\/01\/Italo-Americani-in-festa-per-i-250-anni-di-valori-comuni-2-768x1044.jpeg 768w, https:\/\/www.ecoitaliano.com.ar\/wp-content\/uploads\/2026\/01\/Italo-Americani-in-festa-per-i-250-anni-di-valori-comuni-2-1130x1536.jpeg 1130w, https:\/\/www.ecoitaliano.com.ar\/wp-content\/uploads\/2026\/01\/Italo-Americani-in-festa-per-i-250-anni-di-valori-comuni-2-110x150.jpeg 110w, https:\/\/www.ecoitaliano.com.ar\/wp-content\/uploads\/2026\/01\/Italo-Americani-in-festa-per-i-250-anni-di-valori-comuni-2.jpeg 1160w\" sizes=\"(max-width: 753px) 100vw, 753px\" \/><\/a><\/figure>\n\n\n\n<figure class=\"wp-block-image size-large\"><a href=\"https:\/\/www.ecoitaliano.com.ar\/wp-content\/uploads\/2026\/01\/Italo-Americani-in-festa-per-i-250-anni-di-valori-comuni.jpeg\"><img decoding=\"async\" width=\"1024\" height=\"419\" data-id=\"84242\" src=\"https:\/\/www.ecoitaliano.com.ar\/wp-content\/uploads\/2026\/01\/Italo-Americani-in-festa-per-i-250-anni-di-valori-comuni-1024x419.jpeg\" alt=\"\" class=\"wp-image-84242\" srcset=\"https:\/\/www.ecoitaliano.com.ar\/wp-content\/uploads\/2026\/01\/Italo-Americani-in-festa-per-i-250-anni-di-valori-comuni-1024x419.jpeg 1024w, https:\/\/www.ecoitaliano.com.ar\/wp-content\/uploads\/2026\/01\/Italo-Americani-in-festa-per-i-250-anni-di-valori-comuni-300x123.jpeg 300w, https:\/\/www.ecoitaliano.com.ar\/wp-content\/uploads\/2026\/01\/Italo-Americani-in-festa-per-i-250-anni-di-valori-comuni-768x314.jpeg 768w, https:\/\/www.ecoitaliano.com.ar\/wp-content\/uploads\/2026\/01\/Italo-Americani-in-festa-per-i-250-anni-di-valori-comuni-1536x628.jpeg 1536w, https:\/\/www.ecoitaliano.com.ar\/wp-content\/uploads\/2026\/01\/Italo-Americani-in-festa-per-i-250-anni-di-valori-comuni-150x61.jpeg 150w, https:\/\/www.ecoitaliano.com.ar\/wp-content\/uploads\/2026\/01\/Italo-Americani-in-festa-per-i-250-anni-di-valori-comuni.jpeg 1600w\" sizes=\"(max-width: 1024px) 100vw, 1024px\" \/><\/a><\/figure>\n<\/figure>\n\n\n\n<p><strong>Comunicato stampa<\/strong><\/p>\n\n\n\n<p><strong>Lucidi: Italo-Americani in festa per i 250 anni di valori comuni<\/strong><\/p>\n\n\n\n<p><strong>Dal 1776 al 2026: l\u2019asse invisibile tra Italia e Stati Uniti. Massimo Lucidi riapre il dibattito sul contributo italiano ai valori fondanti dell\u2019Occidente<\/strong><\/p>\n\n\n\n<p><strong>Roma, 30 dicembre 2025<\/strong> \u2013 <em>\u201c1776-2026: \u00e8 tempo di ricostruire una storia comune, troppo spesso sottovalutata o mascherata da lenti ideologiche. E scopriremo che abbiamo da festeggiare quest\u2019anno anche noi Italiani. Ci proviamo?\u201d<\/em> Lo propone con un pamphlet storico ricco di nomi e spunti <strong>Massimo Lucidi<\/strong>, giornalista internazionale e<strong> Presidente della Fondazione E-novation<\/strong>, che promuove numerosi eventi tra Italia e Stati Uniti come il <strong>Premio Eccellenza Italiana<\/strong>, le <strong>Giornate Internazionali della Libert\u00e0<\/strong>, gli <strong>Stati Generali della Sostenibilit\u00e0 e della Sicurezza<\/strong>.<\/p>\n\n\n\n<p>\u00c8 indubbio che la nascita degli <strong>Stati Uniti <\/strong>abbia visto come protagonisti il mondo anglosassone (in primis) e quello francese, per ragioni storiche condivise. Ma oggi, <em>al tempo dei nomadi digitali<\/em>, nel quale cerchiamo pure una narrazione dell\u2019<em>Emigrazione italiana<\/em> meno nostalgica e pi\u00f9 funzionale, credo che abbia pi\u00f9 di un senso la ricerca del <strong>contributo intellettuale, filosofico, di pensiero degli Italiani alla Fondazione degli USA<\/strong>, in un tempo in cui le idee circolavano con maggiore difficolt\u00e0 ma circolavano; ed erano <em>idee forti, pregne di Futuro, di Vita e di Progresso<\/em>. Vi torna in mente la stagione del <em>positivismo e dell\u2019illuminismo<\/em>? Certo, nella seconda parte del Settecento non esisteva l\u2019Italia come entit\u00e0 statuale. Dovremmo attendere almeno un altro secolo\u2026 e i moti del 1848 per iniziare a far passare un messaggio unitario, come Penisola\u2026<\/p>\n\n\n\n<p>Eravamo al tempo, poco pi\u00f9 di <em>un\u2019espressione geografica<\/em> per usare la sprezzante ma veritiera affermazione politica di <strong>Metternich<\/strong>. Ma il contributo ideale degli Italiani, della nostra cultura classica, <em>greco-romana<\/em>, agli <strong>Stati Uniti<\/strong> \u00e8 notevole sin dalle sue fondamenta e nel tempo \u00e8 andato sempre rinsaldandosi per alcune componenti intellettuali riconducibili alla <strong>Libert\u00e0<\/strong> e alla nostra natura identitaria di essere <em>Santi, Navigatori e Poeti<\/em>. Almeno gi\u00e0 due secoli prima della scoperta del continente americano. Un\u2019idea di <em>Bene comune<\/em>, spazi aperti da scoprire e animi liberi che accomuna le classi dirigenti della nascente Unione di Stati Americani con i progenitori illuministi del lungo percorso risorgimentale e unitario italiano. E ripeto anche ai primi Italiani con menti universali. Possiamo citare a tal riguardo <strong>San Francesco<\/strong> e <strong>Dante Alighieri<\/strong>, tradotto interamente tardi nel mondo anglosassone, ma tra i primi a sentirsi Italiani e universali, cittadini del mondo e presto presi a riferimento nella cultura americana come pilastri del sapere e dei valori universali.<\/p>\n\n\n\n<p>Molti sono i nomi e riferimenti che in questo articolo prover\u00f2 a dimostrare non sono citati per orgoglio di Patria ma per <em>dati storici e scientifici<\/em>. <strong>Cesare Beccaria<\/strong>, che a Milano sotto il giogo austriaco faceva fatica a far circolare le proprie idee di giustizia, di equit\u00e0, di dignit\u00e0 della vita e di equilibrio tra poteri, fu tradotto nel 1764 in 22 lingue e dal porto di Livorno riusc\u00ec a farsi leggere, conoscere e apprezzare da pensatori di tutto il mondo. Sicuramente influenz\u00f2 il pensiero di <strong>Thomas Jefferson<\/strong>, <strong>Benjamin Franklin<\/strong>, <strong>John Adams<\/strong> e gli <strong>Emendamenti V, VI e VIII del Bill of Rights<\/strong> che a lui si richiamano. \u00c8 bene ricordare che sia la <em>Dichiarazione di Indipendenza del 1776<\/em>, che festeggiamo come pietra miliare della Libert\u00e0 dell\u2019uomo nel proprio territorio, col diritto a essere felici, sia la <em>Costituzione del 1787<\/em>, che completa la dichiarazione sancendo e regolando la vita democratica ispirandosi a principi federali, sono antecedenti alla <strong>Rivoluzione Francese<\/strong> del 1789. E rispetto alle lunghe stagioni di sangue, Terrore e instabilit\u00e0 politica in Europa (pensiamo all\u2019epilogo con Napoleone), la <strong>Rivoluzione Americana<\/strong> \u00e8 meno cruenta e finisce con l\u2019evoluzione e la riconciliazione dell\u2019intero mondo anglosassone che continuer\u00e0 a guidare il faro della <strong>democrazia e della Libert\u00e0<\/strong> fino ai giorni nostri. E l\u2019America guarda a <strong>Roma e Atene<\/strong> per emanciparsi e distinguersi dalla <em>british culture<\/em>.<\/p>\n\n\n\n<p>Ebbene, proprio oggi che riconosciamo l\u2019Occidente in crisi, \u00e8 bene ripartire dalla conoscenza e magari pure dall\u2019orgoglio sopito nella vecchia Europa di definirci <em>Occidentali<\/em> o ancora meglio <em>Transatlantici<\/em>. L\u2019Europa che cancella le radici cristiane pare mortificarsi di essere la culla della civilt\u00e0 con il formidabile asse portante greco-romano; l\u2019Europa della burocrazia va ripensata nel profondo. Gli Americani, quando son nati, hanno guardato a Roma e Atene non solo nel richiamarsi al gusto neoclassico dell\u2019architettura ma pure per darsi una struttura di Governo. E in specie hanno guardato al modello della <em>Repubblica Romana<\/em> se pensiamo al <em>Senatus<\/em> dei saggi e alla aristotelica questione dei <em>pesi e contrappesi del potere<\/em>. <strong>George Washington<\/strong> ha seguito <em>Cincinnato<\/em>, mentre <strong>Thomas Jefferson<\/strong> aveva nel cuore quel concetto di cittadinanza istruita e virtuosa riprendendo il concetto greco del <em>bene comune<\/em> sopra l\u2019interesse individuale. Hanno guardato all\u2019Italia e agli Italiani sempre e da sempre\u2026 limitiamoci a citare <strong>Colombo<\/strong>, <strong>Verrazzano<\/strong> e poi <strong>La Guardia<\/strong>. Nomi che evocano il ponte, la connessione, l\u2019unione tra vecchio e nuovo mondo. Ma c\u2019\u00e8 molto altro. Faremmo bene a studiare gli atti preparatori delle Costituzioni nazionali, che hanno portato alla composizione delle <strong>Costituzioni<\/strong> specie americana e italiana, per capire i <strong>Valori<\/strong> da cui sono stati ispirati i nostri Padri Fondatori e ritrovare ragioni di entusiasmo e di orgoglio, di passione civica e di partecipazione nel nostro Occidente.<\/p>\n\n\n\n<p>Se penso al <em>soft power<\/em> che noi Italiani abbiamo esercitato persino nella Costituzione Americana dobbiamo citare <strong>Filippo Mazzei<\/strong>, medico e filosofo toscano, naturalizzato in Virginia, amico e socio di <strong>Thomas Jefferson<\/strong> ma anche degli altri quattro primi Presidenti USA (<em>Washington, Adams, Madison, Monroe<\/em>), che si distinse come promulgatore delle libert\u00e0 individuali, dei diritti civili e della tolleranza religiosa. <strong>Carlo Bellini<\/strong>, altro toscano naturalizzato in Virginia, prima cattedra di Italiano in America, e <strong>Giuseppe Maria Francesco Vigo<\/strong>, mercante piemontese che, naturalizzato americano, concorse nel fare business a fondare universit\u00e0. Possiamo chiamarli <em>imprenditori sociali<\/em>? Possiamo dire che ci viene in mente quel modello di <strong>Eccellenza e Sostenibilit\u00e0<\/strong> che oggi tanto distingue l\u2019apporto socio-economico della migliore Italia nel mondo?<\/p>\n\n\n\n<p>Per troppo tempo temo che tutto questo materiale ideale, queste tracce, queste storie siano state sepolte dal <em>conformismo ideologico<\/em> e poi diventa facile arrendersi alla fredda burocrazia europea, che parla solo di numeri quando vorrebbe spiegare il contributo al mondo di un Paese piccolo come l\u2019Italia. <em>Niente di pi\u00f9 sbagliato<\/em>. Servono altri indicatori. Serve approfondire storie che ci sono: vi possono bastare poche righe di un pamphlet per rendervi curiosi e vogliosi di approfondire? \u00c8 bene festeggiare tutti il <strong>1776<\/strong> e l\u2019orgogliosa indipendenza dal tiranno, il <em>British Empire<\/em>, l\u2019ingiusta e gravosa imposta sul T\u00e8\u2026 l\u2019imposizione della tassa senza rappresentanza. \u00c8 una lezione di Storia. E noi oggi non dovremmo fare una lotta come hanno avviato gli agricoltori francesi, ribellandosi a questa Europa che ha negato, offeso, contraddetto quei tanti pensatori che l\u2019avevano sognata in modo diverso? Non paghiamo una <em>tassa del t\u00e8<\/em> a un\u2019idea di Impero dei burocrati che ci governa sopra le nostre teste?<\/p>\n\n\n\n<p>\u201c<em>Servirebbe una Giorgia Meloni e una politica sanamente identitaria pure in Europa \u2013 <\/em>ammicca Lucidi<em> \u2013 ma questa \u00e8 un\u2019altra storia\u201d.<\/em><\/p>\n\n\n\n<p>Ma tornando alla nascita degli USA e al piano rivoluzionario che si compie, bisogna ancora riflettere sulla forza di mettere al centro dell\u2019impianto statuale la <em>persona<\/em> e i suoi diritti di futuro. Si arriva cos\u00ec a pensare a <strong>Carlo Cattaneo<\/strong>, che tra l\u2019altro nel modello repubblicano e federale americano (e svizzero) vedeva proprio la realizzazione teorica della Libert\u00e0: <em>indipendenza e pace; Libert\u00e0 e unit\u00e0<\/em>. Gli <em><strong>Stati Uniti d\u2019Europa<\/strong><\/em>.<\/p>\n\n\n\n<p>\u201c<em>Ecco il mio 2026, il \u2018nostro anno che verr\u00e0\u2019 come Fondazione: deve essere un anno di riflessione e di partecipazione attiva a un dibattito che dobbiamo irrobustire sui Valori fondanti dell\u2019Occidente \u2013 <\/em>spiega Lucidi<em> \u2013 e troveremo un contributo autentico degli Italiani al confronto internazionale sullo sviluppo e sulla Pace. Un contributo tralasciato da una storiografia sessantottina marxista e profondamente anti-americana che non ha voluto approfondire alcune storie che ho citato e incuriosire le masse alla ricerca storica. Intellettuali italiani impegnati a sinistra che hanno costituito, oltre che l\u2019unicum dell\u2019intellighenzia possibile, il vulnus alla curiosit\u00e0 e alla ricerca storica, preferendo l\u2019impegno diretto e la propria partecipazione alla politica e al Partito (Comunista, ndr). Una casta. Chiusa. Altro che apertura mentale. E da napoletano penso a un\u2019altra vittima illustre: quanto \u00e8 stata ingiusta la coltre di nebbia caduta su un grandissimo liberale e antifascista come <\/em><em><strong>Benedetto Croce<\/strong><\/em><em>, per ordine di Togliatti; tanto poi da accerchiarne la memoria persino fisicamente a Napoli, entro il perimetro \u2018democratico\u2019, annacquandone l\u2019opera e il pensiero libero. Avendo vissuto la mia giovent\u00f9 negli anni \u201980 e \u201990 a Napoli lo posso affermare e chi mi vuol capire ha capito\u201d<\/em>, aggiunge un sibillino <strong>Massimo Lucidi<\/strong>. <em>\u201cLa libert\u00e0, la centralit\u00e0 della persona, la democrazia, la Pace. Sono questi i fari, i pilastri del contributo ideale \u2018repubblicano\u2019, l\u2019asse Italia\u2013Stati Uniti, il soft power capace di rendere \u2018nomadi\u2019 idee e influenze di Futuro tra persone competenti e libere, istruite e virtuose. Questi saranno gli elementi fondativi del nostro contributo autentico come Fondazione E-novation a un continuo incontro internazionale e valoriale che apra nuovi percorsi di Pace e Giustizia\u201d<\/em>, conclude <strong>Massimo Lucidi<\/strong>.<\/p>\n","protected":false},"excerpt":{"rendered":"<p>Comunicato stampa Lucidi: Italo-Americani in festa per i 250 anni di valori comuni Dal 1776 al 2026: l\u2019asse invisibile tra [&hellip;]<\/p>\n","protected":false},"author":1,"featured_media":0,"comment_status":"open","ping_status":"open","sticky":false,"template":"","format":"standard","meta":{"footnotes":""},"categories":[2,10],"tags":[],"class_list":["post-84240","post","type-post","status-publish","format-standard","hentry","category-informacion","category-italiano"],"_links":{"self":[{"href":"https:\/\/www.ecoitaliano.com.ar\/index.php?rest_route=\/wp\/v2\/posts\/84240","targetHints":{"allow":["GET"]}}],"collection":[{"href":"https:\/\/www.ecoitaliano.com.ar\/index.php?rest_route=\/wp\/v2\/posts"}],"about":[{"href":"https:\/\/www.ecoitaliano.com.ar\/index.php?rest_route=\/wp\/v2\/types\/post"}],"author":[{"embeddable":true,"href":"https:\/\/www.ecoitaliano.com.ar\/index.php?rest_route=\/wp\/v2\/users\/1"}],"replies":[{"embeddable":true,"href":"https:\/\/www.ecoitaliano.com.ar\/index.php?rest_route=%2Fwp%2Fv2%2Fcomments&post=84240"}],"version-history":[{"count":1,"href":"https:\/\/www.ecoitaliano.com.ar\/index.php?rest_route=\/wp\/v2\/posts\/84240\/revisions"}],"predecessor-version":[{"id":84243,"href":"https:\/\/www.ecoitaliano.com.ar\/index.php?rest_route=\/wp\/v2\/posts\/84240\/revisions\/84243"}],"wp:attachment":[{"href":"https:\/\/www.ecoitaliano.com.ar\/index.php?rest_route=%2Fwp%2Fv2%2Fmedia&parent=84240"}],"wp:term":[{"taxonomy":"category","embeddable":true,"href":"https:\/\/www.ecoitaliano.com.ar\/index.php?rest_route=%2Fwp%2Fv2%2Fcategories&post=84240"},{"taxonomy":"post_tag","embeddable":true,"href":"https:\/\/www.ecoitaliano.com.ar\/index.php?rest_route=%2Fwp%2Fv2%2Ftags&post=84240"}],"curies":[{"name":"wp","href":"https:\/\/api.w.org\/{rel}","templated":true}]}}