{"id":84267,"date":"2026-01-03T16:46:23","date_gmt":"2026-01-03T16:46:23","guid":{"rendered":"https:\/\/www.ecoitaliano.com.ar\/?p=84267"},"modified":"2026-01-03T16:46:42","modified_gmt":"2026-01-03T16:46:42","slug":"superare-il-moderno-per-recuperare-la-tradizione-del-pensiero-e-del-progetto-tra-politica-e-filosofia","status":"publish","type":"post","link":"https:\/\/www.ecoitaliano.com.ar\/?p=84267","title":{"rendered":"Superare il moderno per recuperare la tradizione del Pensiero e del progetto tra politica e filosofia\u00a0"},"content":{"rendered":"<div class=\"wp-block-image\">\n<figure class=\"aligncenter size-large is-resized\"><a href=\"http:\/\/www.ecoitaliano.com.ar\/wp-content\/uploads\/2026\/01\/1000154331.jpg\"><img decoding=\"async\" width=\"1024\" height=\"730\" src=\"http:\/\/www.ecoitaliano.com.ar\/wp-content\/uploads\/2026\/01\/1000154331-1024x730.jpg\" alt=\"\" class=\"wp-image-84268\" style=\"width:336px;height:auto\" srcset=\"https:\/\/www.ecoitaliano.com.ar\/wp-content\/uploads\/2026\/01\/1000154331-1024x730.jpg 1024w, https:\/\/www.ecoitaliano.com.ar\/wp-content\/uploads\/2026\/01\/1000154331-300x214.jpg 300w, https:\/\/www.ecoitaliano.com.ar\/wp-content\/uploads\/2026\/01\/1000154331-768x548.jpg 768w, https:\/\/www.ecoitaliano.com.ar\/wp-content\/uploads\/2026\/01\/1000154331-1536x1095.jpg 1536w, https:\/\/www.ecoitaliano.com.ar\/wp-content\/uploads\/2026\/01\/1000154331-2048x1460.jpg 2048w, https:\/\/www.ecoitaliano.com.ar\/wp-content\/uploads\/2026\/01\/1000154331-150x107.jpg 150w\" sizes=\"(max-width: 1024px) 100vw, 1024px\" \/><\/a><\/figure><\/div>\n\n\n<p><em>Pierfranco Bruni\u00a0<\/em><\/p>\n\n\n\n<p>Spesso le domande che la societ\u00e0 moderna pone non hanno risposte. Ogni &nbsp;domanda si avvia verso un nuovo interrogativo restando inevaso. C&#8217;\u00e8 bisogno di molto coraggio e di una serena coerenza per comprendere gli anni che avanzano e andare oltre.<\/p>\n\n\n\n<p>La politica non nasce dalle idee della modernit\u00e0 ma dalla tradizione del Pensiero.<\/p>\n\n\n\n<p>Non credo che la decadenza di ci\u00f2 che chiamiamo \u00abvalori\u00bb abbia superato il \u00absottosuolo\u00bb come nella temperie che abitiamo in questa mediocre modernit\u00e0. Decadenza significa anche mancanza di rispetto nei confronti della tradizione che dovremmo saper leggere &nbsp;con una chiave di visioni piuttosto reale.&nbsp;<\/p>\n\n\n\n<p>Credo altres\u00ec che abbiano superato persino il reale. Siamo entrati in un&#8217;epoca &nbsp;dai contorn di un &nbsp;surrealismo quasi apocalittico. Il pensiero non \u00e8 pi\u00f9 tale. Hanno preso il sopravvento le idee. Ma sono idee confuse distoniche disordinatamente pressapochiste e arroganti.&nbsp;<\/p>\n\n\n\n<p>Le idee senza un pensiero sono sfuggevoli e incanalate verso il vuoto o il nulla. Siamo nel tempo della banalit\u00e0. Oltre alla \u00abbanalit\u00e0 del male\u00bb, come in altri contesti sottolineava Hannah Arendt, ancora attuale insiste una banalit\u00e0 feroce che coinvolge un traumatico filo di \u00abnuovi saperi\u00bb privo di una conoscenza della profondit\u00e0 &nbsp;di un ordine umano che abbia come riferimento l&#8217;etica, la virt\u00f9, la morale.&nbsp;<\/p>\n\n\n\n<p>Concetti non solo filosofici ma soprattutto umani per una civilt\u00e0 che si vorrebbe diversificare dalla tradizione non avendo una progettualit\u00e0. Forse solo la religione sarebbe nelle possibilit\u00e0 di darci indicazioni di un progetto soprattutto di vita in cui quei valori, definiti tali, potrebbero essere letti come significati e significanti.&nbsp;<\/p>\n\n\n\n<p>Qui si dovrebbe incontrare e incentrare la tradizione che non interessa un viatico antropologico bens\u00ec un umanesimo della vita e umanismo delle civilt\u00e0 come comunanza di popoli nell&#8217;umanit\u00e0 delle Genti. Le pretese di un percorso politico che possa mutare i destini degli uomini resta soltanto una illusoria vanit\u00e0.&nbsp;<\/p>\n\n\n\n<p>La politica non cambia nulla. Insiste costantemente sul presente senza dare un senso e un orizzonte a quel Pensiero che nella Memoria \u00e8 radicamento identitario. Ovvero le radici greco &#8211; latine in un percorso che vede il Mediterraneo come centro di civilt\u00e0 tra Oriente e Occidente in una dimensione di contaminazioni a mosaico.&nbsp;<\/p>\n\n\n\n<p>Oggi viviamo la decadenza perch\u00e9 quella cultura di oltre duemila anni portava i segni di una simbiosi tra politica e filosofia. Anzi la politica nasceva dalla filosofia come Pensiero comparativo tra l&#8217;essere e il tempo, tra la geografia e addirittura la metafisica. La modernit\u00e0 ha annullato tutto trasformando questo tutto in spettacolo.&nbsp;<\/p>\n\n\n\n<p>Credo inoltre che ci sar\u00e0 un nuovo tempo in cui si potr\u00e0 capire che occorre rinascere dalle cadute ma si potr\u00e0 rinascere soltanto se le idee diventeranno Pensiero. Non \u00e8 facile. Non \u00e8 lineare. Non \u00e8 affatto scontato. Comunque. &nbsp;Ma la Profezia \u00e8 pi\u00f9 forte di qualsiasi reale discussione e il finito pu\u00f2 avere i suoi sgretolamenti e l&#8217;uomo nuovo potrebbe nascere dalla consapevolezza che la tradizione non \u00e8 un passato ma la forza di una rivolta del pensare stesso il Pensiero. Cosa vuol dire ci\u00f2? Siamo all&#8217;interrogativo finale. Finale?&nbsp;<\/p>\n\n\n\n<p>In un contesto di meta-noia tutto pu\u00f2 sembrare oblio ombra tramontare. L&#8217;agonia della politica pu\u00f2 dar luogo a un&#8217;immagine di vacuit\u00e0. Nel momento in cui ci si trova nel bosco assurge una parola, una parola soltanto, per indicare due strade: il deserto e la prateria.&nbsp;<\/p>\n\n\n\n<p>Abbiamo i cavalli giusti per cavalcare la prateria? La deflagranza non \u00e8 una dissolvenza. Allora la luce primordiale del \u00abmiracolo dell&#8217;essere\u00bb (per dirla ancora con Hannah Arendt) \u00e8 un segreto in esilio o un segreto nascosto.&nbsp;<\/p>\n\n\n\n<p>Verr\u00e0 un giorno in cui la condizione umana avr\u00e0 il religioso bisogno di annientare la vacanza del modetno e risorgere alla festa del possibile ritorno oltre il tramonto. Profezia? Ma di Profezia non si muore. Si vive soltanto.<\/p>\n\n\n\n<p><em><strong>Tutte l\u2019opinioni versati nel sito correspondono solo a chi la manifesta. Non e necessariamente l\u2019opinione della Direzione<\/strong><\/em><\/p>\n\n\n\n<p><\/p>\n","protected":false},"excerpt":{"rendered":"<p>Pierfranco Bruni\u00a0 Spesso le domande che la societ\u00e0 moderna pone non hanno risposte. Ogni &nbsp;domanda si avvia verso un nuovo [&hellip;]<\/p>\n","protected":false},"author":1,"featured_media":0,"comment_status":"open","ping_status":"open","sticky":false,"template":"","format":"standard","meta":{"footnotes":""},"categories":[10,35],"tags":[],"class_list":["post-84267","post","type-post","status-publish","format-standard","hentry","category-italiano","category-opiniones"],"_links":{"self":[{"href":"https:\/\/www.ecoitaliano.com.ar\/index.php?rest_route=\/wp\/v2\/posts\/84267","targetHints":{"allow":["GET"]}}],"collection":[{"href":"https:\/\/www.ecoitaliano.com.ar\/index.php?rest_route=\/wp\/v2\/posts"}],"about":[{"href":"https:\/\/www.ecoitaliano.com.ar\/index.php?rest_route=\/wp\/v2\/types\/post"}],"author":[{"embeddable":true,"href":"https:\/\/www.ecoitaliano.com.ar\/index.php?rest_route=\/wp\/v2\/users\/1"}],"replies":[{"embeddable":true,"href":"https:\/\/www.ecoitaliano.com.ar\/index.php?rest_route=%2Fwp%2Fv2%2Fcomments&post=84267"}],"version-history":[{"count":1,"href":"https:\/\/www.ecoitaliano.com.ar\/index.php?rest_route=\/wp\/v2\/posts\/84267\/revisions"}],"predecessor-version":[{"id":84269,"href":"https:\/\/www.ecoitaliano.com.ar\/index.php?rest_route=\/wp\/v2\/posts\/84267\/revisions\/84269"}],"wp:attachment":[{"href":"https:\/\/www.ecoitaliano.com.ar\/index.php?rest_route=%2Fwp%2Fv2%2Fmedia&parent=84267"}],"wp:term":[{"taxonomy":"category","embeddable":true,"href":"https:\/\/www.ecoitaliano.com.ar\/index.php?rest_route=%2Fwp%2Fv2%2Fcategories&post=84267"},{"taxonomy":"post_tag","embeddable":true,"href":"https:\/\/www.ecoitaliano.com.ar\/index.php?rest_route=%2Fwp%2Fv2%2Ftags&post=84267"}],"curies":[{"name":"wp","href":"https:\/\/api.w.org\/{rel}","templated":true}]}}