{"id":84270,"date":"2026-01-04T00:15:38","date_gmt":"2026-01-04T00:15:38","guid":{"rendered":"https:\/\/www.ecoitaliano.com.ar\/?p=84270"},"modified":"2026-01-04T00:15:38","modified_gmt":"2026-01-04T00:15:38","slug":"serena-conduce-operaclassica-eco-italiano-4870","status":"publish","type":"post","link":"https:\/\/www.ecoitaliano.com.ar\/?p=84270","title":{"rendered":"Serena conduce operaclassica eco italiano"},"content":{"rendered":"<div class=\"wp-block-image\">\n<figure class=\"aligncenter size-full is-resized\"><a href=\"https:\/\/www.ecoitaliano.com.ar\/wp-content\/uploads\/2026\/01\/image.png\"><img decoding=\"async\" width=\"131\" height=\"78\" src=\"https:\/\/www.ecoitaliano.com.ar\/wp-content\/uploads\/2026\/01\/image.png\" alt=\"\" class=\"wp-image-84271\" style=\"width:171px;height:auto\"\/><\/a><\/figure><\/div>\n\n\n<p>Comunicato stampa<\/p>\n\n\n\n<p><strong>TCBO: \u00c8 DEDICATO A BEETHOVEN \u201cGIOIA\u201d, IL NUOVO CICLO DI CONCERTI DOMENICALI<\/strong><\/p>\n\n\n\n<p><strong>Protagonisti giovani talenti del podio vincitori di concorsi internazionali e le Prime parti dell&#8217;Orchestra della Fondazione lirico-sinfonica felsinea<\/strong><\/p>\n\n\n\n<p><strong>Primo appuntamento il 4 gennaio alle ore 11 presso l\u2019Auditorium Manzoni con Julio Garc\u00eda Vico ed Emanuele Benfenati<\/strong>&nbsp;<\/p>\n\n\n\n<p>\u00c8 con la musica di Beethoven e di Mozart che si inaugura il 2026 del&nbsp;<strong>Teatro Comunale di Bologna<\/strong>:&nbsp;<strong>domenica 4 gennaio alle ore 11, presso l\u2019Auditorium Manzoni<\/strong>, la Sinfonia n. 1 in do maggiore, op. 21 del grande compositore tedesco e il Concerto per violino e orchestra n. 3 in sol maggiore, K.216 del genio di Salisburgo sono al centro del primo concerto dell&#8217;inedita rassegna \u201c<strong>Gioia<\/strong>\u201d<strong><em>.&nbsp;Domenica con Beethoven<\/em><\/strong>. L\u2019iniziativa, pensata&nbsp;per famiglie, giovani e nuovi ascoltatori,&nbsp;e articolata in 8 appuntamenti in programma la domenica mattina fino al 13 dicembre, \u00e8 un ciclo monografico incentrato sulle pagine di Beethoven, tra ouverture e sinfonie \u2013 tutte tranne la&nbsp;<em>Nona&nbsp;<\/em>che viene presentata nel concerto conclusivo della Stagione Sinfonica \u2013, e che vuole valorizzare principalmente giovani direttori&nbsp;vincitori di concorsi prestigiosi. Protagonista di questo appuntamento \u00e8&nbsp;<strong>Julio Garc\u00eda Vico<\/strong>, al suo debutto bolognese, accanto al&nbsp;<strong>Primo violino di spalla<\/strong>&nbsp;dell\u2019Orchestra della Fondazione lirico-sinfonica felsinea&nbsp;<strong>Emanuele Benfenati<\/strong>, impegnato come solista nel concerto mozartiano.<\/p>\n\n\n\n<p>Vincitore del XVI Concorso \u201cDonatella Flick\u201d della London Symphony Orchestra e del Deutscher Dirigentenpreis 2019, Vico \u2013 direttore spagnolo classe 1992 \u2013 \u00e8 gi\u00e0 salito sul podio di orchestre come l&#8217;irlandese&nbsp;RT\u00c9 National Symphony Orchestra, i M\u00fcnchner Symphoniker e la spagnola Orchestra Sinfonica della RTVE. \u00c8 stato inoltre Direttore Assistente della London Symphony Orchestra (LSO), lavorando anche con artisti del calibro di Sir Simon Rattle, Sir John Eliot Gardiner, Sir Antonio Pappano, Barbara Hannigan, e assistente di Nicola Luisotti al Teatro Real di Madrid. Primo violino di spalla del Teatro Comunale di Bologna dal 1989, Emanuele Benfenati&nbsp;ha suonato in complessi cameristici e sinfonici tra cui I Filarmonici del Teatro Comunale di Bologna in veste di Primo violino solista e concertatore, I Virtuosi Italiani, l\u2019Orchestra da Camera de I Solisti Veneti, e ha realizzato registrazioni discografiche per etichette come \u201cDecca Record\u201d, \u201cTactus\u201d e \u201cDynamic\u201d.<\/p>\n\n\n\n<p><strong>La rassegna \u201cGioia\u201d<em>. Domenica con Beethoven<\/em>&nbsp;\u00e8 realizzata con il supporto di Rekeep.&nbsp;<\/strong>\u00abSosteniamo con convinzione questa nuova rassegna sinfonica dedicata a Beethoven \u2013 dice Claudio Levorato, Presidente esecutivo di Rekeep S.p.A. \u2013 un progetto che coniuga qualit\u00e0 artistica e attenzione verso nuovi pubblici e che rappresenta un primo tassello del progetto, studiato dalla Fondazione e dalla nuova Sovrintendente, per rafforzare il legame tra il teatro e la comunit\u00e0. La musica di Beethoven, patrimonio universale, rappresenta un punto di partenza ideale per avvicinare sempre pi\u00f9 persone alla musica classica. Come azienda, siamo lieti di contribuire a un progetto che valorizza la cultura come elemento di crescita e partecipazione\u00bb.<\/p>\n\n\n\n<p>I&nbsp;biglietti&nbsp;\u2013&nbsp;da 1 a 10 euro&nbsp;\u2013&nbsp;sono&nbsp;in vendita online tramite&nbsp;<a target=\"_blank\" href=\"https:\/\/www.vivaticket.com\/it\/ticket\/beethoven-sinfonia-n-1\/289949\" rel=\"noreferrer noopener\">Vivaticket&nbsp;<\/a>&nbsp;e presso la biglietteria del Teatro Comunale (Largo Respighi),&nbsp;dal marted\u00ec al venerd\u00ec&nbsp;dalle 12 alle 18 e il&nbsp;sabato dalle 11 alle 15; il giorno del concerto presso l\u2019Auditorium Manzoni da 1 ora prima fino a 15 minuti dopo l\u2019inizio dello spettacolo.<\/p>\n\n\n\n<p>Nell\u2019ottica di avvicinare il pubblico pi\u00f9 giovane \u2013 e non solo \u2013 alla musica classica,&nbsp;<strong>ogni concerto sar\u00e0 introdotto dal<\/strong>&nbsp;<strong>divulgatore e influencer culturale Martino Ruggero Dondi.<\/strong><\/p>\n\n\n\n<p>Info:&nbsp;<a target=\"_blank\" href=\"https:\/\/www.tcbo.it\/eventi\/concerto-2026-gioia-sinfonia-n-1\/\" rel=\"noreferrer noopener\">https:\/\/www.tcbo.it\/eventi\/concerto-2026-gioia-sinfonia-n-1\/<\/a><\/p>\n\n\n\n<p>03.01.2025<\/p>\n\n\n\n<p><\/p>\n\n\n\n<p><strong>Skill&amp;Music<\/strong><\/p>\n\n\n\n<p>Irene Sala \u2013 referente ufficio stampa<\/p>\n\n\n\n<p>Alice Castelnuovo \u2013 assistente ufficio stampa<\/p>\n\n\n\n<p>Fondazione Teatro Comunale di Bologna&nbsp;<\/p>\n\n\n\n<p>Largo Respighi, 1 &#8211; 40126 Bologna&nbsp;<\/p>\n\n\n\n<p>T. +39 051 529947&nbsp;<\/p>\n\n\n\n<p>e-mail:&nbsp;<strong><a href=\"mailto:ufficiostampa@comunalebologna.it\" target=\"_blank\" rel=\"noreferrer noopener\">ufficiostampa@comunalebologna.it<\/a><\/strong>&nbsp;<\/p>\n\n\n\n<p><strong><a target=\"_blank\" href=\"http:\/\/www.tcbo.it\/\" rel=\"noreferrer noopener\">www.tcbo.it<\/a><\/strong><\/p>\n\n\n\n<p><strong>GIOIA. DOMENICA CON BEETHOVEN<\/strong><\/p>\n\n\n\n<p><strong>Domenica 4 gennaio ore 11, Auditorium Manzoni<\/strong><\/p>\n\n\n\n<p><strong>Julio Garc\u00eda Vico&nbsp;<\/strong><em>direttore<\/em><\/p>\n\n\n\n<p><strong>Emanuele Benfenati&nbsp;<\/strong><em>violino<\/em><\/p>\n\n\n\n<p>Orchestra del Teatro Comunale di Bologna<\/p>\n\n\n\n<p><strong>PROGRAMMA<\/strong><\/p>\n\n\n\n<h5 class=\"wp-block-heading\"><strong>Wolfgang Amadeus Mozart<\/strong><\/h5>\n\n\n\n<p>Concerto per violino e orchestra n. 3 in sol maggiore, K.216<\/p>\n\n\n\n<h5 class=\"wp-block-heading\"><strong>Ludwig van Beethoven<\/strong><\/h5>\n\n\n\n<p>Sinfonia n. 1 in do maggiore, op. 21<\/p>\n\n\n\n<p>La rassegna \u201cGioia\u201d<em>. Domenica con Beethoven<\/em>&nbsp;\u00e8 realizzata con il supporto di Rekeep.<\/p>\n\n\n\n<figure class=\"wp-block-table\"><table class=\"has-fixed-layout\"><tbody><tr><td colspan=\"3\"><strong>Ufficio Stampa Teatro Comunale di Bologna<\/strong><\/td><\/tr><tr><td rowspan=\"2\"><\/td><td rowspan=\"2\"><\/td><td><strong>Fondazione Teatro Comunale di Bologna<\/strong><br>Largo Respighi,1 &#8211; 40126 Bologna<br>Telefono:&nbsp;<a target=\"_blank\" href=\"tel:051529947\" rel=\"noreferrer noopener\">051529947<\/a><br>Fax: 051529995<br><a target=\"_blank\" href=\"http:\/\/www.tcbo.it\/\" rel=\"noreferrer noopener\">www.tcbo.it<\/a><\/td><\/tr><\/tbody><\/table><\/figure>\n\n\n\n<p>foto<\/p>\n\n\n\n<figure class=\"wp-block-gallery has-nested-images columns-default is-cropped wp-block-gallery-1 is-layout-flex wp-block-gallery-is-layout-flex\">\n<figure class=\"wp-block-image size-large\"><a href=\"https:\/\/www.ecoitaliano.com.ar\/wp-content\/uploads\/2026\/01\/Orchestra-TCBO-senza-direttore-al-Manzoni-1\u00a9Andrea-Ranzi.jpg\"><img decoding=\"async\" width=\"1024\" height=\"683\" data-id=\"84272\" src=\"https:\/\/www.ecoitaliano.com.ar\/wp-content\/uploads\/2026\/01\/Orchestra-TCBO-senza-direttore-al-Manzoni-1\u00a9Andrea-Ranzi-1024x683.jpg\" alt=\"\" class=\"wp-image-84272\" srcset=\"https:\/\/www.ecoitaliano.com.ar\/wp-content\/uploads\/2026\/01\/Orchestra-TCBO-senza-direttore-al-Manzoni-1\u00a9Andrea-Ranzi-1024x683.jpg 1024w, https:\/\/www.ecoitaliano.com.ar\/wp-content\/uploads\/2026\/01\/Orchestra-TCBO-senza-direttore-al-Manzoni-1\u00a9Andrea-Ranzi-300x200.jpg 300w, https:\/\/www.ecoitaliano.com.ar\/wp-content\/uploads\/2026\/01\/Orchestra-TCBO-senza-direttore-al-Manzoni-1\u00a9Andrea-Ranzi-768x512.jpg 768w, https:\/\/www.ecoitaliano.com.ar\/wp-content\/uploads\/2026\/01\/Orchestra-TCBO-senza-direttore-al-Manzoni-1\u00a9Andrea-Ranzi-1536x1024.jpg 1536w, https:\/\/www.ecoitaliano.com.ar\/wp-content\/uploads\/2026\/01\/Orchestra-TCBO-senza-direttore-al-Manzoni-1\u00a9Andrea-Ranzi-2048x1366.jpg 2048w, https:\/\/www.ecoitaliano.com.ar\/wp-content\/uploads\/2026\/01\/Orchestra-TCBO-senza-direttore-al-Manzoni-1\u00a9Andrea-Ranzi-150x100.jpg 150w\" sizes=\"(max-width: 1024px) 100vw, 1024px\" \/><\/a><\/figure>\n\n\n\n<figure class=\"wp-block-image size-large\"><a href=\"https:\/\/www.ecoitaliano.com.ar\/wp-content\/uploads\/2026\/01\/Julio-Garcia-Vico@Anna-Tena.jpg\"><img decoding=\"async\" width=\"722\" height=\"1024\" data-id=\"84273\" src=\"https:\/\/www.ecoitaliano.com.ar\/wp-content\/uploads\/2026\/01\/Julio-Garcia-Vico@Anna-Tena-722x1024.jpg\" alt=\"\" class=\"wp-image-84273\" srcset=\"https:\/\/www.ecoitaliano.com.ar\/wp-content\/uploads\/2026\/01\/Julio-Garcia-Vico@Anna-Tena-722x1024.jpg 722w, https:\/\/www.ecoitaliano.com.ar\/wp-content\/uploads\/2026\/01\/Julio-Garcia-Vico@Anna-Tena-211x300.jpg 211w, https:\/\/www.ecoitaliano.com.ar\/wp-content\/uploads\/2026\/01\/Julio-Garcia-Vico@Anna-Tena-768x1090.jpg 768w, https:\/\/www.ecoitaliano.com.ar\/wp-content\/uploads\/2026\/01\/Julio-Garcia-Vico@Anna-Tena-1082x1536.jpg 1082w, https:\/\/www.ecoitaliano.com.ar\/wp-content\/uploads\/2026\/01\/Julio-Garcia-Vico@Anna-Tena-1443x2048.jpg 1443w, https:\/\/www.ecoitaliano.com.ar\/wp-content\/uploads\/2026\/01\/Julio-Garcia-Vico@Anna-Tena-106x150.jpg 106w, https:\/\/www.ecoitaliano.com.ar\/wp-content\/uploads\/2026\/01\/Julio-Garcia-Vico@Anna-Tena.jpg 1804w\" sizes=\"(max-width: 722px) 100vw, 722px\" \/><\/a><\/figure>\n\n\n\n<figure class=\"wp-block-image size-large\"><a href=\"https:\/\/www.ecoitaliano.com.ar\/wp-content\/uploads\/2026\/01\/Benfenati-Emanuele.jpeg\"><img decoding=\"async\" width=\"1024\" height=\"682\" data-id=\"84274\" src=\"https:\/\/www.ecoitaliano.com.ar\/wp-content\/uploads\/2026\/01\/Benfenati-Emanuele-1024x682.jpeg\" alt=\"\" class=\"wp-image-84274\" srcset=\"https:\/\/www.ecoitaliano.com.ar\/wp-content\/uploads\/2026\/01\/Benfenati-Emanuele-1024x682.jpeg 1024w, https:\/\/www.ecoitaliano.com.ar\/wp-content\/uploads\/2026\/01\/Benfenati-Emanuele-300x200.jpeg 300w, https:\/\/www.ecoitaliano.com.ar\/wp-content\/uploads\/2026\/01\/Benfenati-Emanuele-768x512.jpeg 768w, https:\/\/www.ecoitaliano.com.ar\/wp-content\/uploads\/2026\/01\/Benfenati-Emanuele-1536x1024.jpeg 1536w, https:\/\/www.ecoitaliano.com.ar\/wp-content\/uploads\/2026\/01\/Benfenati-Emanuele-150x100.jpeg 150w, https:\/\/www.ecoitaliano.com.ar\/wp-content\/uploads\/2026\/01\/Benfenati-Emanuele.jpeg 2000w\" sizes=\"(max-width: 1024px) 100vw, 1024px\" \/><\/a><figcaption class=\"wp-element-caption\">Filarmonica del Teatro Comunale di Bologna &#8211; Ciclo \u010cajkovskij &#8211; <br>Hirofumi Yoshida direttore<br>Dmitry Masleev pianoforte<\/figcaption><\/figure>\n<\/figure>\n","protected":false},"excerpt":{"rendered":"<p>Comunicato stampa TCBO: \u00c8 DEDICATO A BEETHOVEN \u201cGIOIA\u201d, IL NUOVO CICLO DI CONCERTI DOMENICALI Protagonisti giovani talenti del podio vincitori [&hellip;]<\/p>\n","protected":false},"author":1,"featured_media":0,"comment_status":"open","ping_status":"open","sticky":false,"template":"","format":"standard","meta":{"footnotes":""},"categories":[1],"tags":[],"class_list":["post-84270","post","type-post","status-publish","format-standard","hentry","category-sin-categoria"],"_links":{"self":[{"href":"https:\/\/www.ecoitaliano.com.ar\/index.php?rest_route=\/wp\/v2\/posts\/84270","targetHints":{"allow":["GET"]}}],"collection":[{"href":"https:\/\/www.ecoitaliano.com.ar\/index.php?rest_route=\/wp\/v2\/posts"}],"about":[{"href":"https:\/\/www.ecoitaliano.com.ar\/index.php?rest_route=\/wp\/v2\/types\/post"}],"author":[{"embeddable":true,"href":"https:\/\/www.ecoitaliano.com.ar\/index.php?rest_route=\/wp\/v2\/users\/1"}],"replies":[{"embeddable":true,"href":"https:\/\/www.ecoitaliano.com.ar\/index.php?rest_route=%2Fwp%2Fv2%2Fcomments&post=84270"}],"version-history":[{"count":1,"href":"https:\/\/www.ecoitaliano.com.ar\/index.php?rest_route=\/wp\/v2\/posts\/84270\/revisions"}],"predecessor-version":[{"id":84275,"href":"https:\/\/www.ecoitaliano.com.ar\/index.php?rest_route=\/wp\/v2\/posts\/84270\/revisions\/84275"}],"wp:attachment":[{"href":"https:\/\/www.ecoitaliano.com.ar\/index.php?rest_route=%2Fwp%2Fv2%2Fmedia&parent=84270"}],"wp:term":[{"taxonomy":"category","embeddable":true,"href":"https:\/\/www.ecoitaliano.com.ar\/index.php?rest_route=%2Fwp%2Fv2%2Fcategories&post=84270"},{"taxonomy":"post_tag","embeddable":true,"href":"https:\/\/www.ecoitaliano.com.ar\/index.php?rest_route=%2Fwp%2Fv2%2Ftags&post=84270"}],"curies":[{"name":"wp","href":"https:\/\/api.w.org\/{rel}","templated":true}]}}