{"id":84296,"date":"2026-01-04T22:42:46","date_gmt":"2026-01-04T22:42:46","guid":{"rendered":"https:\/\/www.ecoitaliano.com.ar\/?p=84296"},"modified":"2026-01-04T22:43:06","modified_gmt":"2026-01-04T22:43:06","slug":"cerco-un-centro-di-gravita-provvisorio","status":"publish","type":"post","link":"https:\/\/www.ecoitaliano.com.ar\/?p=84296","title":{"rendered":"CERCO UN CENTRO DI GRAVIT\u00c0 (PROVVISORIO)"},"content":{"rendered":"<div class=\"wp-block-image\">\n<figure class=\"aligncenter size-large is-resized\"><a href=\"http:\/\/www.ecoitaliano.com.ar\/wp-content\/uploads\/2026\/01\/Fillia-\u2013-Luigi-Colombo-futurista.jpg\"><img decoding=\"async\" width=\"1024\" height=\"663\" src=\"http:\/\/www.ecoitaliano.com.ar\/wp-content\/uploads\/2026\/01\/Fillia-\u2013-Luigi-Colombo-futurista-1024x663.jpg\" alt=\"\" class=\"wp-image-84297\" style=\"width:384px;height:auto\" srcset=\"https:\/\/www.ecoitaliano.com.ar\/wp-content\/uploads\/2026\/01\/Fillia-\u2013-Luigi-Colombo-futurista-1024x663.jpg 1024w, https:\/\/www.ecoitaliano.com.ar\/wp-content\/uploads\/2026\/01\/Fillia-\u2013-Luigi-Colombo-futurista-300x194.jpg 300w, https:\/\/www.ecoitaliano.com.ar\/wp-content\/uploads\/2026\/01\/Fillia-\u2013-Luigi-Colombo-futurista-768x497.jpg 768w, https:\/\/www.ecoitaliano.com.ar\/wp-content\/uploads\/2026\/01\/Fillia-\u2013-Luigi-Colombo-futurista-150x97.jpg 150w, https:\/\/www.ecoitaliano.com.ar\/wp-content\/uploads\/2026\/01\/Fillia-\u2013-Luigi-Colombo-futurista.jpg 1440w\" sizes=\"(max-width: 1024px) 100vw, 1024px\" \/><\/a><\/figure><\/div>\n\n\n<p><em>di Luciano Tommaso Gerace *<\/em><\/p>\n\n\n\n<p>\u201c<em>Cerco un centro di gravit\u00e0 permanente<\/em><\/p>\n\n\n\n<p><em>che non mi faccia mai cambiare idea sulle cose sulla gente<br>avrei bisogno di\u2026<br>Cerco un centro di gravit\u00e0 permanente che non mi faccia mai cambiare idea sulle cose sulla gente<br>over and over again\u201d <\/em>(Franco Battiato)<\/p>\n\n\n\n<p>Il testo famoso di <strong>Battiato<\/strong> si riferisce ad una permanenza, l\u2019ho ristretta alla provvisoriet\u00e0. Non \u00e8 una licenza poetica la mia, bens\u00ec la constatazione storica che i <strong>Cattolici italiani<\/strong> hanno nel tempo abbandonato il concetto di appartenenza ad un presunto \u201ccentro politico\u201d per rivolgersi e appartenere al mondo della solidariet\u00e0 e della carit\u00e0, avendo con la Chiesa un rapporto di riferimento. Con questa Chiesa di <strong>Leone XIV<\/strong> in particolare. Il voto va dove ognuno di noi decide che vada, lontano certamente dai professionisti del \u201cbuonismo politico\u201d collocati qua e l\u00e0 in ogni partito e partitino e persino nelle Istituzioni. Buonisti interessati anche fra Cattolici di comunit\u00e0, con pregresse aspirazioni governative, e comunque lontani da quanto ci si aspetta da loro, di fatto inconcludenti.<\/p>\n\n\n\n<p>L\u2019ossessione dei partiti di parlare di Centro cattolico come riferimento della loro azione \u00e8 quanto mai velleitaria e non veritiera. L\u2019ammiccare da parte di \u201cdisinvolti chierichetti\u201d al <strong>Cattolicesimo<\/strong> \u00e8 una pratica ormai in disuso almeno dagli anni 90, gli anni dell\u2019inchiesta di Mani pulite, inchiesta che nel tempo ha&nbsp;generato i tempi attuali colmi di contraddizioni e risvolti pesanti antistorici anche tra gli stessi magistrati protagonisti e partiti inginocchiati pur collusi, ad applaudire \u201ci capitani coraggiosi\u201d delle procure e di vari manettari.<\/p>\n\n\n\n<p>Alla base di tutto, la politica ormai \u00e8 vittima di una comunicazione univoca, manovrata e allora via con la propaganda\u2026La voglia della destra meloniana di contrastare spasmodicamente una languente sinistra nella cultura soprattutto (per sostituirsi e lo si capisce) \u00e8 il tema della polemica quotidiana, cos\u00ec come lo \u00e8 stata quella della sinistra sulla provenienza dal fascismo del partito del Presidente del Consiglio.<\/p>\n\n\n\n<p>Poi il ricercare sempre un nemico politico da battere tramite ogni&nbsp;mezzo disponibile \u00e8 diventato una sorta di meme della conseguente aggressivit\u00e0 di parte. Si va dalla demonizzazione, al ridicolizzare fino a scippare ideologicamente personaggi della cultura progressista, allestendo cos\u00ec un pantheon di comodo, con lo sfondo delle passarelle della kermesse di <strong>Atreju<\/strong> come cassa di risonanza mediatica. L\u2019operazione politica e culturale di Meloni per appropriarsi del \u201cmonopolio della memoria\u201d \u00e8 perfino antistorica! Anche perch\u00e9 da quando la sinistra si \u00e8 innamorata dei <strong>proPal<\/strong> ha dimenticato l\u2019<strong>Ucraina<\/strong>. Questo succede quando non ci sono personaggi di rilievo in grado di interpretare quello che succede con intelligenza senza aggettivi e la sinistra non li ha.<\/p>\n\n\n\n<p>A destra eccetto <strong>Giorgia Meloni<\/strong> si vede poco all\u2019orizzonte; condivido quanto ha scritto <strong>Veneziani<\/strong>. I cattolici non possono ancora stare a guardare stropicciandosi gli occhi sbalorditi per quanto accade e non \u00e8 sufficiente il Presepio della Meloni per rassicurarsi e mettersi la coscienza a posto. Certe reazioni scomposte e strumentali alla tragedia delle guerre, la deresponsabilizzazione del Governo che scarica tutto sulle colpe dei precedenti governanti e dell\u2019Europa, specie in tema dei migranti, vissuto essenzialmente come problema di polizia e di chiusura dei porti, l\u2019inadeguatezza dell\u2019azione politica prevalentemente muscolare e rivendicativa, con atteggiamenti addirittura imperiosi nei confronti dell\u2019UE, gi\u00e0 notevolmente in confusione, tutto questo rischia di provocare una crisi non solo politica, ma anche istituzionale nei rapporti con le altre Istituzioni.<\/p>\n\n\n\n<p>Ormai non si tratta di misurarsi, con ragionamenti binari, con un cambio di maggioranza, ma ad un mutamento se non stravolgimento del nostro sistema politico parlamentare e il complessivo funzionamento nella cooperazione e collaborazione tra le diverse istituzioni. In pi\u00f9 la decomposizione di Rai e Mediaset \u00e8 sempre pi\u00f9 visibile. In particolare lo smarrimento della <strong>Rai<\/strong>, in quanto azienda pubblica di informazione, cultura e spettacolo, sta perdendo le capacit\u00e0 di autonomia e indipendenza, di pluralismo, di rispetto sostanziale di tutte le posizioni ideali e civili presenti nella societ\u00e0.<\/p>\n\n\n\n<p>Le grandi difficolt\u00e0 del funzionamento delle democrazie pluraliste e liberali non riguardano solamente l\u2019Italia n\u00e9 possono essere genericamente liquidate come sopravvento dei populismi. La tensione sovranista appare vincente nella stessa storia degli <strong>Stati Uniti<\/strong> con la presidenza <strong>Trump<\/strong>, lanciato in una guerra di arroccamento senza precedenti e sfociata nella guerra commerciale dei dazi, destinata a conseguenze drammatiche per il mondo intero.<\/p>\n\n\n\n<p>Noi Cattolici siamo pellegrini alla ricerca di senso, bisognosi di una sosta religiosa e culturale per comprendere meglio le sfide del proprio tempo e meditare risposte. In comunione con tutti gli altri uomini in ricerca, vicini e lontani, bisognosi di speranza e di valori di vita. La presente stagione \u00e8 fin troppo occupata da paura e da angosce, da preoccupazioni severe per il futuro anche della Chiesa e di tante comunit\u00e0 ed esperienze diffuse, talvolta forse smarrite e prive di un collegamento significativo che costruisce la Chiesa, vera \u201cEcclesia\u201d, comunit\u00e0 orante e operante per il bene comune.<\/p>\n\n\n\n<p>Lo ripete di continuo <strong>Papa Leone XIV<\/strong>, ricordando <strong>Paolo VI<\/strong>, che dal Concilio Vaticano II espresse anche preoccupazione per una incompiutezza e insufficienza sempre da colmare e conquistare. Prima fra tutte: affrontare la multiculturalit\u00e0 irrobustendo l\u2019identit\u00e0 cristiana per instaurare un rapporto paritario, per evitare (purtroppo in atto) che per dimostrare di essere aperti rinunciamo alle tradizioni e rimaniamo sotto mira di integralisti religiosi assassini.<\/p>\n\n\n\n<p>Come trasmettere il concetto della centralit\u00e0 di valori ai nostri giovani se noi stessi ci adagiamo sul consueto dell\u2019andazzo?<\/p>\n\n\n\n<p>Urge un\u2019azione culturale di formazione e non indottrinamento verso le generazioni future. Certo vanno coltivate e non fatte scappare all\u2019estero o farle rifugiare in modelli oltranzisti. La condizione dell\u2019umanit\u00e0 insieme a non pochi elementi di miglioramento e di speranza offre tuttavia ferite profonde nel suo tessuto di popoli in guerra e alle prese con il dramma della fame e della sete, del mancato rispetto della dignit\u00e0 delle persone, tutte cause e conseguenze della tragedia migratoria, segno misterioso e drammatico di una umanit\u00e0 dolorosamente in cammino, che testimonia l\u2019urgenza di un bisogno d\u2019incontro e di accoglienza fraterno e disponibile al dialogo con l\u2019altro per preparare un mondo pi\u00f9 giusto e consapevole.<\/p>\n\n\n\n<p>Per ora solo <strong>Papa Leone<\/strong> \u00e8 il rifugio sicuro (centro di gravit\u00e0) di noi cattolici non assuefatti alle chimere delle propagande. Dobbiamo partire da questo punto fermo e laicamente promuovere con urgenza un\u2019adunanza di uomini di buona volont\u00e0 con fede e bagaglio di tradizioni condivisibili, senza i paramenti della demagogia e della volgare propaganda.<\/p>\n\n\n\n<p><em>*direttore \u2013 www.italianitalianinelmondo<\/em>.<em>com<\/em><\/p>\n\n\n\n<p><\/p>\n","protected":false},"excerpt":{"rendered":"<p>di Luciano Tommaso Gerace * \u201cCerco un centro di gravit\u00e0 permanente che non mi faccia mai cambiare idea sulle cose [&hellip;]<\/p>\n","protected":false},"author":1,"featured_media":0,"comment_status":"open","ping_status":"open","sticky":false,"template":"","format":"standard","meta":{"footnotes":""},"categories":[10,5],"tags":[],"class_list":["post-84296","post","type-post","status-publish","format-standard","hentry","category-italiano","category-politica"],"_links":{"self":[{"href":"https:\/\/www.ecoitaliano.com.ar\/index.php?rest_route=\/wp\/v2\/posts\/84296","targetHints":{"allow":["GET"]}}],"collection":[{"href":"https:\/\/www.ecoitaliano.com.ar\/index.php?rest_route=\/wp\/v2\/posts"}],"about":[{"href":"https:\/\/www.ecoitaliano.com.ar\/index.php?rest_route=\/wp\/v2\/types\/post"}],"author":[{"embeddable":true,"href":"https:\/\/www.ecoitaliano.com.ar\/index.php?rest_route=\/wp\/v2\/users\/1"}],"replies":[{"embeddable":true,"href":"https:\/\/www.ecoitaliano.com.ar\/index.php?rest_route=%2Fwp%2Fv2%2Fcomments&post=84296"}],"version-history":[{"count":1,"href":"https:\/\/www.ecoitaliano.com.ar\/index.php?rest_route=\/wp\/v2\/posts\/84296\/revisions"}],"predecessor-version":[{"id":84298,"href":"https:\/\/www.ecoitaliano.com.ar\/index.php?rest_route=\/wp\/v2\/posts\/84296\/revisions\/84298"}],"wp:attachment":[{"href":"https:\/\/www.ecoitaliano.com.ar\/index.php?rest_route=%2Fwp%2Fv2%2Fmedia&parent=84296"}],"wp:term":[{"taxonomy":"category","embeddable":true,"href":"https:\/\/www.ecoitaliano.com.ar\/index.php?rest_route=%2Fwp%2Fv2%2Fcategories&post=84296"},{"taxonomy":"post_tag","embeddable":true,"href":"https:\/\/www.ecoitaliano.com.ar\/index.php?rest_route=%2Fwp%2Fv2%2Ftags&post=84296"}],"curies":[{"name":"wp","href":"https:\/\/api.w.org\/{rel}","templated":true}]}}