{"id":84323,"date":"2026-01-06T01:42:10","date_gmt":"2026-01-06T01:42:10","guid":{"rendered":"https:\/\/www.ecoitaliano.com.ar\/?p=84323"},"modified":"2026-01-06T01:42:10","modified_gmt":"2026-01-06T01:42:10","slug":"serena-conduce-operaclassica-eco-italiano-4874","status":"publish","type":"post","link":"https:\/\/www.ecoitaliano.com.ar\/?p=84323","title":{"rendered":"Serena conduce operaclassica eco italiano"},"content":{"rendered":"<div class=\"wp-block-image\">\n<figure class=\"aligncenter size-full\"><a href=\"http:\/\/www.ecoitaliano.com.ar\/wp-content\/uploads\/2026\/01\/Screenshot-280.png\"><img decoding=\"async\" width=\"432\" height=\"117\" src=\"http:\/\/www.ecoitaliano.com.ar\/wp-content\/uploads\/2026\/01\/Screenshot-280.png\" alt=\"\" class=\"wp-image-84324\" srcset=\"https:\/\/www.ecoitaliano.com.ar\/wp-content\/uploads\/2026\/01\/Screenshot-280.png 432w, https:\/\/www.ecoitaliano.com.ar\/wp-content\/uploads\/2026\/01\/Screenshot-280-300x81.png 300w, https:\/\/www.ecoitaliano.com.ar\/wp-content\/uploads\/2026\/01\/Screenshot-280-150x41.png 150w\" sizes=\"(max-width: 432px) 100vw, 432px\" \/><\/a><\/figure><\/div>\n\n\n<p><strong>comunicato stampa<\/strong><\/p>\n\n\n\n<p><strong>Graditissimo ritorno a Cagliari per Donato Renzetti<\/strong><strong> che,<\/strong><\/p>\n\n\n\n<p><strong>il 9-10 gennaio, dirige la sontuosa <em>Nona Sinfonia<\/em> di Beethoven<\/strong><\/p>\n\n\n\n<p><strong>e inaugura la Stagione concertistica 2026<\/strong><\/p>\n\n\n\n<p><strong>Venerd\u00ec 9 gennaio alle 20<\/strong> (turno A) e <strong>sabato 10 gennaio alle 19<\/strong> (turno B) sono in programma le serate inaugurali della <strong>Stagione concertistica 2026<\/strong> del Teatro Lirico di Cagliari che prevedono un importante e gradito ritorno sul podio, alla guida di <strong>Orchestra e Coro del Teatro Lirico:<\/strong> <strong>Donato Renzetti<\/strong> (Torino di Sangro\/Chieti, 1950), molto apprezzata ed ormai abituale presenza nelle stagioni cagliaritane (assente dal 2023). Nei ruoli solistici si esibiscono: <strong>Lucrezia Drei<\/strong> (<em>soprano<\/em>), <strong>Sara Mingardo<\/strong> (<em>contralto<\/em>), <strong>Giulio Pelligra<\/strong> (<em>tenore<\/em>), <strong>Adolfo Corrado<\/strong> (<em>basso<\/em>). <em>Il maestro del coro \u00e8<\/em> <strong>Massimo Fiocchi Malaspina<\/strong> (momentaneamente in sostituzione di Giovanni Andreoli).<\/p>\n\n\n\n<p>Si tratta di un concerto sinfonico-corale che propone all\u2019ascolto del pubblico una delle pagine musicali pi\u00f9 celebri e pi\u00f9 popolari e che vuole anche essere di buon augurio per il nuovo anno; infatti il programma musicale, interamente dedicato al genio creativo di <strong>Ludwig van Beethoven<\/strong> (Bonn, 1770 &#8211; Vienna, 1827), prevede l\u2019esecuzione di uno dei capolavori pi\u00f9 straordinari della storia della musica: la <strong><em>Nona Sinfonia in re minore per soli, coro e orchestra op. 125<\/em><\/strong>, imponente pezzo sinfonico-corale, composto negli anni tra il 1822 e il 1824. Nel quarto movimento (<em>Finale<\/em>) si ascolta il celeberrimo \u201cInno alla gioia\u201d su testo di Friedrich von Schiller, attraverso il quale il geniale compositore tedesco invita tutti alla fratellanza universale. Le ultime tre esecuzioni a Cagliari della <em>Nona Sinfonia<\/em> di Beethoven risalgono al dicembre 2023 con la direzione di Jaume Santonja, al gennaio 2021 con la direzione di Fabrizio Maria Carminati (esecuzione in diretta televisiva e in <em>streaming<\/em> a causa del <em>lockdown<\/em> per la pandemia da Covid-19) e al gennaio 2016 con la direzione di G\u00e9rard Korsten.<\/p>\n\n\n\n<p><strong>Lo spettacolo ha una durata complessiva di 1 ora e 15 minuti circa e non prevede l\u2019intervallo.<\/strong><\/p>\n\n\n\n<p>I posti in teatro sono identificati, come sempre, per ordine (platea, prima e seconda loggia) e per settore (giallo, rosso e blu). Ad ogni settore corrisponde un prezzo, secondo il diverso valore dei posti.<\/p>\n\n\n\n<p>La Stagione concertistica 2026 prevede <strong>due turni di abbonamento<\/strong> (A, B), per <strong>9 concerti ciascuno<\/strong>.<\/p>\n\n\n\n<p><strong>La campagna abbonamenti per la Stagione concertistica<\/strong> <strong>si \u00e8 aperta mercoled\u00ec 12 novembre 2025 <\/strong>con le <strong>conferme<\/strong> e <strong>variazioni<\/strong> su posti disponibili, possibili fino a marted\u00ec 30 dicembre 2025. I <strong>nuovi abbonamenti<\/strong> sono in vendita da <strong>mercoled\u00ec 12 novembre 2025<\/strong>, fino a sabato 10 gennaio 2026.<\/p>\n\n\n\n<p>Da sottolineare, inoltre, la possibilit\u00e0 di acquistare da <strong>marted\u00ec 16 dicembre 2025<\/strong> i <strong>biglietti<\/strong> per tutti gli spettacoli della Stagione concertistica; lo stesso servizio \u00e8 possibile anche <em>online<\/em> attraverso il circuito di prevendita www.vivaticket.it.<\/p>\n\n\n\n<p>Per il <strong><em>Concerto di Pasqua<\/em><\/strong> (Teatro Carmen Melis, 3-4 aprile, fuori abbonamento), gli abbonati alla Stagione concertistica 2026 hanno la <strong>prelazione<\/strong> sull\u2019acquisto dei biglietti fino a <strong>sabato 21 marzo 2026<\/strong>.<\/p>\n\n\n\n<p>Ai disabili (con disabilit\u00e0 al 100%) e ai loro eventuali accompagnatori, sono applicate riduzioni del 50% sull\u2019acquisto di abbonamenti e biglietti, mentre ai giovani <em>under<\/em> 30 sono applicate riduzioni del 30%. Ulteriori agevolazioni sono previste per gruppi organizzati.<\/p>\n\n\n\n<p><strong>Prezzi abbonamenti (9 spettacoli)<\/strong>: platea \u20ac 250 (settore giallo), \u20ac 230 (settore rosso), \u20ac 200 (settore blu); I loggia \u20ac 220 (settore giallo), \u20ac 190 (settore rosso), \u20ac 160 (settore blu); II loggia \u20ac 90 (settore unico).<\/p>\n\n\n\n<p><strong>Prezzi biglietti<\/strong>: platea \u20ac 50 (settore giallo), \u20ac 45 (settore rosso), \u20ac 40 (settore blu); I loggia \u20ac 45 (settore giallo), \u20ac 40 (settore rosso), \u20ac 35 (settore blu); II loggia \u20ac 20 (settore unico).<\/p>\n\n\n\n<p><strong>La Biglietteria del Teatro Lirico \u00e8 aperta luned\u00ec, marted\u00ec, mercoled\u00ec, venerd\u00ec e sabato dalle 9 alle 13, gioved\u00ec dalle 16 alle 20 e, nei giorni di spettacolo, anche da due ore prima dell\u2019inizio, unicamente per operazioni legate allo spettacolo stesso. \u00c8 chiusa, invece, i giorni festivi e i luned\u00ec successivi alle domeniche di spettacolo.<\/strong><\/p>\n\n\n\n<p><strong>Per informazioni<\/strong>: <strong>Biglietteria del Teatro Lirico<\/strong>, via Sant\u2019Alenixedda, 09128 Cagliari, telefono 0704082230 &#8211; 0704082249, <a href=\"mailto:biglietteria@teatroliricodicagliari.it;\">biglietteria@teatroliricodicagliari.it<\/a>, <a href=\"http:\/\/www.teatroliricodicagliari.it\/\">www.teatroliricodicagliari.it<\/a>. <strong>Servizio promozione culturale<\/strong> <a href=\"mailto:scuola@teatroliricodicagliari.it\">scuola@teatroliricodicagliari.it<\/a>. Il Teatro Lirico di Cagliari si pu\u00f2 seguire anche su Facebook, Twitter, YouTube, Instagram, Linkedin.<\/p>\n\n\n\n<p>La Direzione si riserva di apportare al programma le modifiche che si rendessero necessarie per esigenze tecniche o per cause di forza maggiore. Eventuali modifiche al cartellone saranno indicate nel sito internet del teatro www.teatroliricodicagliari.it.<\/p>\n\n\n\n<p><strong>Coro del Teatro Lirico di Cagliari<\/strong><\/p>\n\n\n\n<p>Protagonista di un\u2019importante attivit\u00e0 che, a partire dal dopoguerra, lo ha portato ad eseguire oltre cento titoli di lirica, si qualifica anche per la capacit\u00e0 di affrontare il repertorio sinfonico. Ha avuto tra i suoi direttori Bonaventura Somma, Roberto Benaglio, Giorgio Kirschner e, in anni recenti, \u00e8 stato diretto dal 1997 al gennaio 2005 da Paolo Vero, dal giugno 2005 al dicembre 2007 da Andrea Faidutti, dal gennaio 2008 al dicembre 2011 da Fulvio Fogliazza, dal gennaio 2012 al novembre 2014 da Marco Faelli, dal dicembre 2014 al luglio 2017 da Gaetano Mastroiaco, dal settembre 2017 al settembre 2020 da Donato Sivo e dal settembre 2020 da Giovanni Andreoli. La disponibilit\u00e0 e la capacit\u00e0 di interpretare lavori di epoche e stili diversi in lingua originale sono caratteristiche che lo hanno reso tra le compagini pi\u00f9 duttili ed apprezzate da direttori d\u2019orchestra e registi. Il complesso ha avuto particolare cura per le opere di compositori del Novecento, tra cui <em>Le Roi David<\/em> di Honegger, <em>Stabat Mater<\/em> di Poulenc, <em>Assassinio nella cattedrale<\/em> di Pizzetti, <em>Sinfonia di Salmi<\/em> di Stravinskij, <em>Coro di morti<\/em> di Petrassi, <em>La visita meravigliosa<\/em> di Rota, <em>Stabat Mater<\/em> di Szymanowski. Tra le interpretazioni delle ultime stagioni hanno particolare rilievo il <em>Te Deum<\/em> di Berlioz con la direzione di Gabor \u00d6tv\u00f6s, la <em>Seconda Sinfonia<\/em> di Mahler con Alun Francis, il <em>Requiem<\/em> e la <em>Messa dell\u2019Incoronazione<\/em> di Mozart con Ton Koopman, il <em>Requiem<\/em> di Cherubini diretto da Frans Br\u00fcggen, il <em>Requiem tedesco<\/em> di Brahms e <em>La Creazione<\/em> di Haydn con G\u00e9rard Korsten, la <em>Passione secondo Giovanni<\/em> e la <em>Passione secondo Matteo<\/em> di Bach con Peter Schreier, le opere <em>Sebastian<\/em>, tratta da <em>Le martyre de Saint-S\u00e9bastien<\/em> di Debussy (prima produzione italiana), con la direzione di Georges Pr\u00eatre, <em>\u010cerevi\u010dki<\/em> di \u010cajkovskij diretta da Gennadi Rozhdestvensky. Negli anni scorsi ha collaborato con registi quali Dario Fo, Beni Montresor, Stefano Vizioli, Lorenzo Mariani, Filippo Crivelli, Luca Ronconi, Hennings Brockhaus, Alberto Fassini, Denis Krief, Jos\u00e9 Carlos Plaza, Stephen Medcalf, Pier Luigi Pizzi, Graham Vick. Sotto la guida di Lorin Maazel ha eseguito con successo la <em>Nona Sinfonia<\/em> di Beethoven nel 1999, e l\u2019anno successivo in un\u2019apprezzata versione multimediale. Nel 2002 il Coro, insieme all\u2019Orchestra del Teatro Lirico, ha rappresentato l\u2019Italia nell\u2019ambito della rassegna <em>Italienische Nacht,<\/em> organizzata dalla Bayerischer Rundfunk al Gasteig di Monaco di Baviera e trasmessa in diretta dalla radio bavarese. Particolarmente apprezzate sono state, inoltre, le esecuzioni della <em>Liturgia di San Giovanni Crisostomo<\/em> di \u010cajkovskij e il <em>Vespro in memoria di S. Smolenskij<\/em> di Rachmaninov. Nel giugno 2003 ha eseguito, con la New York Philharmonic diretta da Lorin Maazel, brani da <em>Porgy and Bess<\/em> di Gershwin. Per la casa discografica Dynamic ha inciso <em>Die Feen<\/em> di Wagner, <em>Dalibor<\/em> di Smetana, (premiate, rispettivamente, da \u201cMusica e Dischi\u201d quale miglior disco operistico italiano del 1997, e da \u201cOp\u00e9ra International\u201d col \u201cTimbre de Platine\u201d &#8211; gennaio 2001), <em>\u010cerevi\u010dki<\/em> di \u010cajkovskij, <em>Die \u00e4gyptische Helena<\/em> di Richard Strauss, <em>Goyescas<\/em> di Granados e <em>La vida breve<\/em> di De Falla, la <em>Passione secondo Giovanni<\/em> di Bach, <em>Euryanthe<\/em> di Weber, <em>Opri\u010dnik<\/em> di \u010cajkovskij, <em>Alfonso und Estrella <\/em>di Schubert, <em>Hans Heiling<\/em> di Marschner, <em>Ch\u00e9rubin<\/em> di Massenet, <em>Die V\u00f6gel<\/em> di Braunfels, <em>Lucia di Lammermoor<\/em> di Donizetti. \u00c8 in preparazione l\u2019edizione discografica di <em>A Village Romeo and Juliet<\/em> di Delius. Per la Rai ha registrato, nel 1998, <em>La Boh\u00e8me<\/em> (con Andrea Bocelli nel ruolo di Rodolfo), trasmessa in tutto il mondo, e, nel 2003, <em>Don Pasquale<\/em> (edito in dvd da Rai Trade).<\/p>\n\n\n\n<p><strong>Adolfo Corrado &#8211; <em>Basso<\/em><\/strong><\/p>\n\n\n\n<p>Ha vinto il BBC Cardiff Singer of the World Award 2023. Nato nel 1994, si forma teatralmente nella Scuola di recitazione teatrale e cinematografica di Augusto Zucchi a Roma. Successivamente inizia gli studi musicali al Conservatorio di Musica \u201cTito Schipa\u201d di Lecce, dove si perfeziona sotto la guida di Gianluca Belfiori Doro. Continua la formazione nel Teatro del Maggio Musicale Fiorentino quale giovane artista dello Young Artist Project sotto il coordinamento di Gianni Tangucci. Vince la XLIX edizione del Concorso Internazionale \u201cToti Dal Monte\u201d 2021, aggiudicandosi il ruolo di Don Pasquale nell\u2019opera omonima di Donizetti. Vince la LXXIII edizione del Concorso Internazionale \u201cAs.Li.Co.\u201d 2022 aggiudicandosi il ruolo di Leporello nell\u2019opera <em>Don Giovanni<\/em> di Mozart. Pi\u00f9 recentemente \u00e8 stato impegnato in teatri quali: Petruzzelli di Bari (<em>Don Pasquale<\/em>, <em>Il Barbiere di Siviglia<\/em>, <em>La Boh\u00e8me<\/em>), Arena di Verona (<em>Nabucco<\/em>), Fenice di Venezia (<em>I Lombardi alla prima crociata<\/em>, <em>La Boh\u00e8me<\/em>, <em>Nona Sinfonia <\/em>di Beethoven), Opera di Roma (<em>L\u2019Italiana in Algeri<\/em>), Regio di Torino (<em>Turandot<\/em>, <em>La scuola dei gelosi<\/em>, <em>L\u00e9lio<\/em>), Maggio Musicale Fiorentino (<em>Oedipus Rex<\/em>, <em>Siberia<\/em>, <em>Tosca<\/em>), Salzburger Festspiele (<em>Tosca<\/em>), Palau de Les Arts Reina Sofia (<em>Don Giovanni<\/em>), Scala di Milano (<em>Andrea Ch\u00e9nier<\/em>), Festival della Valle d\u2019Itria a Martina Franca (<em>Il Turco in Italia<\/em>, <em>Tancredi<\/em>), Comunale di Bologna (<em>Le comte Ory<\/em>); Festival Donizetti di Bergamo (<em>Alfredo il Grande<\/em>), Festival Puccini a Torre del Lago (<em>La Boh\u00e8me<\/em>), San Carlo di Napoli (<em>Messa in do minore<\/em> di Mozart), Th\u00e9\u00e2tre du Capitole a Toulouse (<em>La Cenerentola<\/em>, <em>Norma<\/em>), Op\u00e9ra Royal de Wallonie &#8211; Li\u00e8ge (<em>I Capuleti e i Montecchi<\/em>), Op\u00e9ra de Rouen (<em>Aida<\/em>), Palau de les Arts Reina Sofia di Valencia (<em>Il Trovatore<\/em>), Verdi di Pisa (<em>Il Turco in Italia<\/em>); sotto la direzione dei maestri: Daniel Oren, Zubin Mehta, Maurizio Benini, Gianandrea Noseda, Renato Palumbo, Daniele Gatti, Jordi Bern\u00e0cer, Sebastiano Rolli, Stefano Montanari, Nikolas N\u00e4gele. Sul fronte concertistico, inoltre, \u00e8 stato recentemente protagonista di: <em>Nona Sinfonia <\/em>di Beethoven per l\u2019apertura del Festival MiTo diretto da Michele Spotti; <em>Messa da Requiem<\/em> di Verdi con l\u2019Orchestra Sinfonica di Milano e la direzione di Michele Gamba; <em>Stabat Mater<\/em> di Rossini all\u2019Accademia Nazionale di Santa Cecilia di Roma e alla Wiener Konzerthaus; <em>Messa in do minore<\/em> di Mozart al Teatro Filarmonico di Verona; <em>Sinfonia n. 14 <\/em>di \u0160ostakovi\u010d a Firenze e Livorno con l\u2019Orchestra della Toscana e la direzione di Riccardo Bisatti e al Festival della Valle d\u2019Itria a Martina Franca; <em>Turandot <\/em>in forma di concerto con la Minnesota Orchestra; <em>Il Trovatore <\/em>in forma di concerto con l\u2019Orchestra Sinfonica di Milano; un gala alla Smetana Hall di Praga con la Prague Philharmonia. Tra gli impegni della Stagione 2025-2026 si segnalano: <em>Macbeth <\/em>al Teatro Verdi di Busseto per il Festival Verdi; <em>Rigoletto <\/em>e <em>Il Trovatore <\/em>al Teatro Municipale di Piacenza; <em>La Cenerentola <\/em>al Festspielhaus di Baden-Baden; <em>Lucia di Lammermoor<\/em> e <em>La sonnambula<\/em> (versione concerto) al Tiroler Festspiele Erl; <em>Le nozze di Figaro <\/em>all\u2019Opera di Colonia; <em>Turandot <\/em>al Teatro alla Scala di Milano; <em>La Cenerentola <\/em>all\u2019Op\u00e9ra National de Paris; <em>La Boh\u00e8me <\/em>al Festival Puccini di Torre del Lago; <em>Stabat Mater <\/em>di Rossini alla Basilica Papale di San Paolo fuori le mura a Roma con l\u2019Orchestra dell\u2019Arena di Verona; <em>Petite Messe solennelle<\/em> di Rossini al Teatro Petruzzelli di Bari.<\/p>\n\n\n\n<p><strong>Lucrezia Drei &#8211; <em>Soprano<\/em><\/strong><\/p>\n\n\n\n<p>\u00c8 nata a Milano e si \u00e8 diplomata al Conservatorio di Musica \u201cGiuseppe Verdi\u201d della sua citt\u00e0 natale. Vincitrice per due anni consecutivi del Concorso As.Li.Co. di Como (2014, 2015), ha vinto inoltre il Premio Pavarotti al 65\u00b0 Concorso \u201cGian Battista Viotti\u201d e il Primo Premio al Concorso \u201cPaola Montaldi\u201d di Mantova per la musica sacra. Inizia la sua formazione nel Coro di voci bianche del Teatro alla Scala di Milano, partecipando a numerose produzioni con direttori quali Riccardo Muti, Lorin Maazel, Zubin Mehta, Daniel Barenboim. A soli 13 anni interpreta il suo primo ruolo solista in <em>La piccola volpe astuta<\/em> di Jan\u00e1\u010dek al Teatro alla Scala con la direzione di Sir Andrew Davis, seguito da diversi altri ruoli solistici, tra i quali Yniold in <em>Pell\u00e9as et M\u00e9lisande<\/em> diretta da Georges Pr\u00eatre. Uno dei migliori talenti dell\u2019Accademia Rossiniana di Pesaro, nell\u2019agosto 2016 ha debuttato al Rossini Opera Festival come Corinna in <em>Il viaggio a Reims <\/em>e nel 2018 con la<em> Petite Messe solennelle<\/em> di Rossini. Nel corso delle ultime stagioni ha interpretato Adina in<em> L\u2019elisir d\u2019amore<\/em> al New National Theatre di Tokyo, all\u2019Op\u00e9ra de Toulon, al Teatro Regio di Torino ed al Teatro Massimo di Palermo; Gilda in <em>Rigoletto<\/em>, Susanna in <em>Le nozze di Figaro, Adriana Lecouvreur<\/em> (Mademoiselle Jouvenot) e <em>The Turn of the Screw<\/em> (Flora) nei teatri di Opera Lombardia; <em>Die Entf\u00fchrung aus dem Serail<\/em> (Blonde) al Festival di Savonlinna; prima dama in <em>Die Zauberfl\u00f6te<\/em> alla Royal Opera House di Muscat, al Macerata Opera Festival in una nuova produzione di Graham Vick, al Teatro Regio di Torino; <em>Requiem<\/em> di Faur\u00e9 al Th\u00e9\u00e2tre du Capitole di Toulouse; <em>La bella dormente nel bosco<\/em> di Respighi a San Pietroburgo; <em>Il viaggio a Reims<\/em> (Corinna) e <em>Die lustige Witwe<\/em> (Valencienne) al Filarmonico di Verona; Pamina in<em> Die Zauberfl\u00f6te<\/em> e <em>Midsummer Night\u2019s Dream<\/em> di Mendelssohn con la direzione di Gianluigi Gelmetti al Teatro Verdi di Trieste; <em>Gloria<\/em> di Poulenc e <em>La Nuit<\/em> di Saint-Sa\u00ebns al Teatro Comunale di Bologna; Oscar in<em> Un ballo in maschera<\/em> all\u2019Opera di Roma; <em>Petite Messe solennelle<\/em> al Teatro Rossini di Pesaro;<em> La Cenerentola<\/em> (Clorinda) alla Bayerische Staatsoper di Monaco; <em>L\u2019elisir d\u2019amore<\/em> (Giannetta) all\u2019Op\u00e9ra National di Parigi;<em> La Boh\u00e8me <\/em>a Marsiglia. I progetti pi\u00f9 recenti sono: <em>Lucia di Lammermoor<\/em> a Hong Kong; <em>L\u2019elisir d\u2019amore<\/em> a Bolzano con l\u2019Orchestra Haydn;<em>Cavalleria rusticana<\/em> a Lugano; <em>La Traviata<\/em> a Kiel ed a Shanghai; <em>Rigoletto<\/em> (Gilda) alla Fenice di Venezia; <em>Die Fledermaus<\/em> (Rosalinde) al Teatro Lirico di Cagliari; <em>Gianni Schicchi<\/em> (Lauretta), <em>Il Tabarro<\/em> e <em>Suor Angelica<\/em> al Teatro Regio di Torino; <em>Anna Bolena<\/em> a Hong Kong; <em>La Trag\u00e9die de Carmen<\/em> (Micaela) ad Ancona; <em>Le nozze di Figaro<\/em> (Susanna) e <em>Cos\u00ec fan tutte<\/em> (Fiordiligi) a Salerno; <em>I Capuleti e i Montecchi<\/em> (Giulietta) a Vilnius.<\/p>\n\n\n\n<p><strong>Massimo Fiocchi Malaspina &#8211; <em>Maestro del coro<\/em><\/strong><\/p>\n\n\n\n<p>Nato a Novara, ha compiuto gli studi musicali al Conservatorio di Musica \u201cGiuseppe Verdi\u201d di Milano, dove si \u00e8 diplomato in musica corale e direzione di coro, in composizione e in pianoforte e al Conservatorio di Musica \u201cSanta Cecilia\u201d di Roma, dove ha conseguito il diploma in direzione d\u2019orchestra. Si \u00e8 inoltre perfezionato in Direzione d\u2019orchestra all\u2019Accademia musicale pescarese sotto la guida di Donato Renzetti. In qualit\u00e0 di pianista e di direttore si \u00e8 esibito in numerosi teatri e sale da concerto italiane ed estere (Svizzera, Germania, Spagna, Cina, Giappone, Emirati Arabi) e per la RAI. Collabora con As.Li.Co., OperaLombardia e con il Teatro Sociale di Como in qualit\u00e0 di maestro del coro di voci bianche, maestro del coro per le produzioni liriche e per il progetto 200.com e di compositore e arrangiatore per OperaDomani. Ha collaborato con il Teatro Regio di Parma in qualit\u00e0 di maestro del coro, maestro del coro di voci bianche e direttore musicale di palcoscenico, con il Teatro Comunale di Piacenza in qualit\u00e0 di direttore musicale di palcoscenico, con Ravenna Festival e Macerata Opera Festival in qualit\u00e0 di maestro del coro. Si occupa degli arrangiamenti corali per il programma televisivo \u201cFratelli di Crozza\u201d, ha collaborato con il Clan Celentano ed \u00e8 stato il professore di canto corale nel docu-reality \u201cIl Collegio 2\u201d in onda su RAI2. \u00c8 Direttore artistico di Arona Music Academy e, dal 2022, \u00e8 docente al Conservatorio di Musica di Cagliari. Insieme a Lucrezia Drei \u00e8 ideatore di OnTheatre.tv, la prima piattaforma <em>on demand<\/em> interamente dedicata al teatro e sviluppata durante il <em>lockdown<\/em> della primavera del 2020. Dal 2022 \u00e8 maestro del Coro Sinfonico di Milano. Si \u00e8 laureato in Filosofia all\u2019Universit\u00e0 di Lugano e ha vinto diversi premi in concorsi di musica da camera e corale (in duo con il baritono Niccol\u00f2 Scaccabarozzi e con il coro Le voci del Mesma) e in concorsi letterari.<\/p>\n\n\n\n<p><strong>Sara Mingardo &#8211; <em>Contralto<\/em><\/strong><\/p>\n\n\n\n<p>Nasce a Venezia, dove studia al Conservatorio di Musica \u201cBenedetto Marcello\u201d sotto la guida di Franco Ghitti; grazie ad una borsa di studio completa gli studi all\u2019Accademia Chigiana di Siena. Dopo aver vinto vari concorsi internazionali, debutta nel 1987 in <em>Il matrimonio segreto<\/em> (Fidalma) e <em>La Cenerentola<\/em> (protagonista). Regolare ospite di alcune fra le principali istituzioni musicali italiane ed internazionali, \u00e8 tra le artiste di riferimento della scena musicale odierna. Collabora stabilmente con direttori del calibro di: Rinaldo Alessandrini, Ivor Bolton, Riccardo Chailly, Myung-whun Chung, Sir Colin Davis, John Eliot Gardiner, Emmanuelle Haim, Marc Minkowski, Riccardo Muti, Roger Norrington, Trevor Pinnock, Maurizio Pollini, Christophe Rousset, Jordi Savall, Peter Schreier, Jeffrey Tate e con le principali orchestre internazionali tra cui: Berliner Philharmoniker, London Symphony Orchestra, Boston Symphony Orchestra, Orchestre National de France, Les Musiciens du Louvre, Monteverdi Choir and Orchestra, Les Talens Lyriques, Academia Montis Regalis. Il suo repertorio comprende opere di Gluck, Monteverdi, H\u00e4ndel, Vivaldi, Rossini, Verdi, Cavalli, Mozart, Donizetti, Schumann, Berlioz; particolarmente attiva in ambito concertistico, vanta un repertorio che spazia da Bach, Beethoven e Brahms a Dvorak, Mahler, Pergolesi e Respighi. Di particolare rilievo \u00e8 stata la collaborazione con Claudio Abbado in un sodalizio lavorativo che ha visto Sara Mingardo protagonista in importanti occasioni: Festival di Lucerna (<em>Requiem<\/em> di Mozart, <em>Rapsodia per contralto<\/em> di Brahms, <em>Kindertotenlieder<\/em>); <em>Kindertotenlieder<\/em> e <em>Stabat Mater<\/em> di Pergolesi a Bologna con l\u2019Orchestra Mozart; i numerosi concerti al Festival di Salisburgo e in <em>tourn\u00e9e<\/em> italiane (Bologna, Modena, Jesi, Morimondo). Vincitrice nel 2002 di due Grammy Award per la sua interpretazione di Anna in <em>Les Troyens<\/em> di Berlioz (miglior disco d\u2019opera e miglior album di musica classica), nel 2009 l\u2019Associazione dei Critici Musicali Italiani le conferisce il Premio Abbiati 2009 per la sua interpretazione in <em>L\u2019Orfeo<\/em> di Monteverdi andato in scena al Teatro alla Scala di Milano con la direzione di Rinaldo Alessandrini. Tra gli impegni recenti si segnalano: <em>Il ritorno di Ulisse in patria<\/em> (Penelope) al Grand Th\u00e9\u00e2tre de Gen\u00e8ve e in <em>tourn\u00e9e<\/em> in spagna con Europa Galante; <em>L\u2019Orfeo<\/em> di Monteverdi all\u2019Opera de Monte-Carlo e al Salzburger Festspiele; <em>Giulio Cesare<\/em> all\u2019Opera di Roma, all\u2019Opera de Monte-Carlo, all\u2019Opera Royal de Versailles, alla Wiener Staatsoper e in <em>tourn\u00e9e<\/em> in Europa con Les Musiciens du Prince; <em>Requiem<\/em> di Mozart al San Carlo di Napoli, a Philadelphia e alla Carnegie Hall di New York; <em>Stabat Mater<\/em> di Pergolesi all\u2019Opera di Roma; <em>Nona Sinfonia<\/em> di Beethoven alle Terme di Caracalla; <em>Terza Sinfonia<\/em> di Mahler alla Fenice di Venezia e al Massimo di Palermo; <em>Stabat Mater<\/em> di Pergolesi in <em>tourn\u00e9e<\/em> nei Paesi Bassi con Philarmonie Zuidnederland; <em>Falstaff<\/em> al Carlo Felice di Genova; e <em>Johannes-Passion<\/em> BWV 245 di Bach con La Cetra Barockorchester a Lipsia. Tra gli impegni della Stagione 2025-2026 si segnalano: <em>Die Erste Walpurgisnacht<\/em> a San Sebasti\u00e1n-Donostia, Barcellona e Parigi diretta da Jordi Savall; <em>Giulio Cesare<\/em> al Petruzzelli di Bari e al Palau de les Arts Reina Sofia di Valencia; <em>Stabat Mater<\/em> di Pergolesi con l\u2019Orchestra dell\u2019Opera di Roma; <em>Orfeo ed Euridice<\/em> al New National Theatre di Tokyo; <em>Passione secondo Giovanni<\/em> di Bach alla K\u00f6lner Philharmonie; <em>Nisi Dominus<\/em> di Vivaldi all\u2019Opera di Rouen; un concerto barocco all\u2019Anima Mundi Festival di Pisa con English Concert e Trevor Pinnok.<\/p>\n\n\n\n<p><strong>Orchestra del Teatro Lirico di Cagliari<\/strong><\/p>\n\n\n\n<p>\u00c8 stata fondata nel 1933 e ha consolidato, negli anni, un fecondo rapporto con i maggiori direttori italiani, tra cui Tullio Serafin, Vittorio Gui, Antonino Votto, Guido Cantelli, Franco Ferrara, Franco Capuana, Willy Ferrero, e con compositori quali Ottorino Respighi, Ildebrando Pizzetti, Ermanno Wolf Ferrari, Riccardo Zandonai, Alfredo Casella. Risalgono agli anni \u201850-\u201960 le apparizioni sul podio di Lorin Maazel, Lovro von Matacic, Claudio Abbado, Sergiu Celibidache, Riccardo Muti, e le collaborazioni con Gioconda De Vito, Leonid Kogan, Henryk Szering, Andr\u00e9s Navarra, Dino Ciani, Maria Tipo, Nikita Magaloff, Wilhem Kempff, Martha Argerich. In questi ultimi anni l\u2019Orchestra ha collaborato, tra gli altri, con direttori come Lorin Maazel, Georges Pr\u00eatre, Emmanuel Krivine, Mstislav Rostropovich, Ton Koopman, Iv\u00e1n Fischer, Frans Br\u00fcggen, Carlo Maria Giulini, Gennadi Rozhdestvensky, Rafael Fr\u00fchbeck de Burgos, Neville Marriner, Christopher Hogwood, Hartmut Haenchen e con solisti come Martha Argerich, Aldo Ciccolini, Kim Kashkashian, Viktoria Mullova, Misha Maisky, Truls M\u00f8rk, Sabine Meyer, Yuri Bashmet, Salvatore Accardo. Dal 1999 al 2005 G\u00e9rard Korsten ha ricoperto il ruolo di direttore musicale e ha, fra l\u2019altro, diretto in prima esecuzione nazionale, <em>Die \u00e4gyptische Helena<\/em> di Richard Strauss, <em>Euryanthe<\/em> di Weber e <em>A Village Romeo and Juliet<\/em> di Delius, mentre nella stagione 2007-2008 George Pehlivanian \u00e8 stato direttore ospite principale. Negli ultimi anni l\u2019Orchestra ha collaborato regolarmente con Lorin Maazel, compiendo nel 1999 una <em>tourn\u00e9e<\/em> in Europa ed eseguendo con successo una serie di concerti. Nel 2002 ha rappresentato l\u2019Italia nella rassegna \u201cItalienische Nacht\u201d, organizzata dalla Bayerischer Rundfunk al Gasteig di Monaco di Baviera e trasmessa in diretta dalla radio bavarese. Nel 2005 ha suonato in un concerto in onore del Presidente della Repubblica Italiana Carlo Azeglio Ciampi. Nel 2010 ha partecipato al 98\u00b0 Festival di Wiesbaden con <em>Lucia di Lammermoor<\/em> per la direzione di Stefano Ranzani e la regia di Denis Krief, riscuotendo un grande successo. Recentemente, nell\u2019ambito di un progetto di internazionalizzazione del Teatro Lirico di Cagliari, realizzato e promosso in collaborazione con l\u2019Unione Europea, il Governo Italiano e la Regione Sardegna, l\u2019Orchestra \u00e8 stata invitata dalla New York City Opera per l\u2019esecuzione di <em>La campana sommersa<\/em> di Respighi, ricevendo il plauso del pubblico e della critica. Negli ultimi anni, anche nell\u2019ambito della rassegna \u201cCinque passi nel Novecento\u201d, ha eseguito, in prima assoluta, composizioni per orchestra che il Teatro Lirico di Cagliari ha commissionato a compositori come Sylvano Bussotti, Giorgio Tedde, Azio Corghi, Fabio Nieder, Alberto Colla, Carlo Boccadoro, Franco Oppo, Francesco Antonioni, Ivan Fedele, Michele Dall\u2019Ongaro, Filippo Del Corno, Vittorio Testa, Sergio Rendine, Orazio Sciortino. Per la casa discografica Dynamic ha inciso opere in prima esecuzione in Italia, quali: <em>Die Feen<\/em> di Wagner, <em>Dalibor<\/em> di Smetana, (premiate, rispettivamente, da \u201cMusica e Dischi\u201d quale miglior disco operistico italiano del 1997, e da \u201cOp\u00e9ra International\u201d col \u201cTimbre de Platine\u201d &#8211; gennaio 2001), <em>\u010cerevi\u010dki<\/em> e <em>Opri\u010dnik<\/em> di \u010cajkovskij, <em>Die \u00e4gyptische Helena<\/em> di Richard Strauss, <em>Euryanthe<\/em> di Weber, <em>Alfonso und Estrella<\/em> di Schubert, <em>Hans Heiling<\/em> di Marschner, <em>Ch\u00e9rubin<\/em> di Massenet, <em>Lucia di Lammermoor<\/em> di Donizetti. Ha inciso, inoltre, <em>Goyescas<\/em> di Granados e <em>La vida breve<\/em> di De Falla, <em>La Passione secondo Giovanni<\/em> di Bach, <em>La sonnambula<\/em> di Bellini, <em>I Shardana<\/em> di Porrino per la Dynamic, <em>Don Pasquale<\/em> per Rai Trade e <em>La leggenda della citt\u00e0 invisibile di Kite\u017e e della fanciulla Fevronija<\/em> di Rimskij-Korsakov per Naxos. Per la Rai ha registrato, nel 1998, <em>La Boh\u00e8me<\/em> trasmessa in tutto il mondo.<\/p>\n\n\n\n<p><strong>Giulio Pelligra &#8211; <em>Tenore<\/em><\/strong><\/p>\n\n\n\n<p>Nato a Catania, tenore lirico all\u2019italiana dalla voce luminosa e dagli acuti squillanti, Giulio Pelligra si esibisce regolarmente nei pi\u00f9 prestigiosi teatri in Italia e all\u2019estero, collaborando con direttori come: Roberto Abbado, Daniel Oren, Renato Palumbo, Donato Renzetti, Riccardo Frizza, Daniele Gatti, Henrik N\u00e1n\u00e1si e con registi come: Graham Vick, Pier Luigi Pizzi, Damiano Michieletto, Henning Brockhaus, Valentina Carrasco, Emma Dante, Calixto Bieto, Emilio Sagi. A 20 anni, ha debuttato sul palcoscenico, cantando Almaviva in <em>Il Barbiere di Siviglia<\/em> al Teatro Manoel di Malta, per poi affermarsi come uno dei principali interpreti del repertorio belcantista, con ruoli come Percy in <em>Anna Bolena<\/em> (Opera di Roma, Regio di Parma e a Karlsruhe), <em>Roberto Devereux<\/em> (Massimo di Palermo), Leicester in <em>Maria Stuarda<\/em> (Deutsche Oper am Rhein, Carlo Felice di Genova, Prinzregententheater di Monaco di Baviera), Nemorino in <em>L\u2019elisir d\u2019amore<\/em> (Maggio Musicale Fiorentino, Theater Sankt Gallen, Rennes, Angers, Nantes), Carlo in <em>Linda di Chamounix<\/em> (Opera di Roma, Maggio Musicale Fiorentino), Ernesto in <em>Don Pasquale<\/em> (Theater Basel). Tra i ruoli belliniani si annoverano: Tebaldo in <em>I Capuleti e i Montecchi<\/em> (Opera di Roma), Arturo in <em>I Puritani<\/em> (Massimo Bellini di Catania, Seoul Arts Center), Elvino in <em>La sonnambula<\/em> (Filarmonico di Verona, Las Palmas), Pollione in <em>Norma<\/em> (Luglio Musicale Trapanese), mentre tra i ruoli rossiniani: Arnold in <em>Guillaume Tell<\/em> (Opera Lombardia), Jago in <em>Otello<\/em> (Op\u00e9ra Royal de Wallonie Li\u00e8ge), Paolo Erisso in <em>Maometto II<\/em> (Roma). Ha riscosso grande successo anche nel repertorio verdiano, come Alfredo in <em>La Traviata<\/em> (Opera di Roma, Fenice di Venezia, Torino, Genova, Bari, Palermo e in Giappone), Duca di Mantova in <em>Rigoletto<\/em> (Sassari, Lithuanian National Opera Vilnius, Venezia), Ismaele in <em>Nabucco<\/em> (Massimo di Palermo, Petruzzelli di Bari, Theater St. Gallen, Op\u00e9ra Royal de Wallonie Li\u00e8ge), Henri in <em>Les v\u00eapres siciliennes<\/em> (Palermo, Roma), Gaston in <em>Jerusalem<\/em> (Theather Friburg). Altri momenti salienti della sua carriera lo vedono protagonista come: Rodolfo in <em>La Boh\u00e8me<\/em> al Grand Th\u00e9\u00e2tre de Gen\u00e8ve e al Maggio Musicale Fiorentino, <em>Fra Diavolo<\/em> al Massimo di Palermo, Romeo in <em>Rom\u00e9o et Juliette<\/em> a Pisa e Ravenna, Tamino in <em>Die Zauberfl\u00f6te<\/em> (Roma), Don Ottavio in <em>Don Giovanni<\/em> (Palermo, Ravenna, Salerno), il protagonista in <em>Idomeneo<\/em> (Palermo, W\u00fcrzburg). Il suo repertorio concertistico include: <em>Messa di Gloria<\/em> di Puccini, <em>Stabat Mater<\/em> di Rossini, <em>Requiem<\/em> di Mozart e di Verdi, <em>Stabat Mater<\/em> di Boccherini e <em>Petite Messe solennelle<\/em> di Rossini. Fra gli impegni recenti figurano: <em>Don Pasquale<\/em> al Bellini di Catania; <em>Otello<\/em> di Rossini (protagonista) in concerto con la Filarmonica \u201cKarol Szymanowski\u201d a Cracovia; <em>Aufstieg und fall der Stadt Mahagonny <\/em>di Kurt Weill al Petruzzelli di Bari; <em>Leilo<\/em> di Berlioz con l\u2019Orchestra Sinfonica Nazionale Ceca a Praga; <em>La Traviata<\/em> a Nantes, Rennes e Angers; <em>Giovanna D\u2019Arco<\/em> a Malta; <em>Messa di Gloria<\/em> di Puccini con l\u2019Orchestra Sinfonica Nazionale della RAI;<em> Falstaff<\/em> e <em>Die Zauberfl\u00f6te<\/em> all\u2019Op\u00e9ra Royal de Wallonie &#8211; Li\u00e8ge.<\/p>\n\n\n\n<p><strong>Donato Renzetti &#8211; <em>Direttore<\/em><\/strong><\/p>\n\n\n\n<p>Avendo diretto, nella sua carriera, oltre 100 titoli, dai repertori italiano, francese, russo e tedesco, \u00e8 uno dei direttori d\u2019opera pi\u00f9 prolifici del nostro tempo e dei pi\u00f9 rispettati della scuola italiana. Donato Renzetti detiene il titolo di Direttore Emerito del Teatro Carlo Felice di Genova. Ha diretto produzioni operistiche nei pi\u00f9 grandi teatri del mondo, come: Op\u00e9ra di Parigi, Covent Garden di Londra, Grand Th\u00e9\u00e2tre di Ginevra, Staatsoper di Monaco, Capitole di Tolosa, Metropolitan Opera di New York, Lyric Opera di Chicago, Dallas Opera, San Francisco Opera, Col\u00f3n di Buenos Aires, Bunka Kaikan di Tokyo e in tutti i principali teatri italiani. \u00c8 stato direttore ospite nei festival di Glyndebourne, Spoleto e Pesaro, cos\u00ec come al Festival Verdi di Parma. Donato Renzetti ha diretto molte tra le pi\u00f9 prestigiose orchestre, tra cui: London Sinfonietta, London Philharmonic, Philharmonia Orchestra, English Chamber Orchestra, DSO Berlin, Tokyo Philharmonic, Orchestra del Teatro alla Scala di Milano, Orchestra dell\u2019Accademia Nazionale di Santa Cecilia, tutte le Orchestre RAI, Dallas Symphony, Orchestra della Radio e Televisione Belga di Bruxelles, Orchestre National du Capitole de Toulouse, Orchestre National de Lyon. La sua intensa attivit\u00e0 discografica include opere di Schubert, Mozart, \u010cajkovskij, Mayr e Cherubini, cos\u00ec come Donizetti, Rossini e Ponchielli. Con la Filarmonica Gioachino Rossini ha inoltre inciso l\u2019integrale delle <em>Ouverture<\/em> di Rossini, pubblicata da Opus Arte nell\u2019aprile 2018. Pi\u00f9 recentemente ha registrato <em>La bella dormente nel bosco<\/em> e <em>La campana sommersa<\/em> di Respighi, nonch\u00e9 la prima registrazione mondiale di <em>Bianca e Fernando<\/em> di Bellini, tutto pubblicato dall\u2019etichetta Dynamic. Donato Renzetti \u00e8 un insegnante appassionato. Per 30 anni ha insegnato direzione d\u2019orchestra all\u2019Accademia Musicale Pescarese, dove molti dei pi\u00f9 importanti direttori italiani di oggi sono stati suoi allievi, da Gianandrea Noseda a Michele Mariotti. Nel 2019 ha trasferito la sua attivit\u00e0 didattica all\u2019Alta Scuola di Perfezionamento di Saluzzo, in collaborazione con la Filarmonica Teatro Regio Torino, dove nel 2025 ha inaugurato la \u201cDonato Renzetti Conducting Academy\u201d.<\/p>\n\n\n\n<p>Cagliari, 5 gennaio 2026<\/p>\n\n\n\n<p>Pierluigi Corona<\/p>\n\n\n\n<p>Responsabile Ufficio Stampa<\/p>\n\n\n\n<p>Teatro Lirico di Cagliari, via Efisio Cao di San Marco, 09128 Cagliari &#8211; Italia telefono +39 0704082209 &#8211; <a href=\"mailto:stampa@teatroliricodicagliari.it\">stampa@teatroliricodicagliari.it<\/a> &#8211; <a href=\"http:\/\/www.teatroliricodicagliari.it\/\">www.teatroliricodicagliari.it<\/a><\/p>\n\n\n\n<figure class=\"wp-block-gallery has-nested-images columns-default is-cropped wp-block-gallery-1 is-layout-flex wp-block-gallery-is-layout-flex\">\n<figure class=\"wp-block-image size-large\"><a href=\"https:\/\/www.ecoitaliano.com.ar\/wp-content\/uploads\/2026\/01\/locandina-concerto-9-10-gennaio.jpg\"><img decoding=\"async\" width=\"724\" height=\"1024\" data-id=\"84325\" src=\"https:\/\/www.ecoitaliano.com.ar\/wp-content\/uploads\/2026\/01\/locandina-concerto-9-10-gennaio-724x1024.jpg\" alt=\"\" class=\"wp-image-84325\" srcset=\"https:\/\/www.ecoitaliano.com.ar\/wp-content\/uploads\/2026\/01\/locandina-concerto-9-10-gennaio-724x1024.jpg 724w, https:\/\/www.ecoitaliano.com.ar\/wp-content\/uploads\/2026\/01\/locandina-concerto-9-10-gennaio-212x300.jpg 212w, https:\/\/www.ecoitaliano.com.ar\/wp-content\/uploads\/2026\/01\/locandina-concerto-9-10-gennaio-768x1086.jpg 768w, https:\/\/www.ecoitaliano.com.ar\/wp-content\/uploads\/2026\/01\/locandina-concerto-9-10-gennaio-1086x1536.jpg 1086w, https:\/\/www.ecoitaliano.com.ar\/wp-content\/uploads\/2026\/01\/locandina-concerto-9-10-gennaio-1448x2048.jpg 1448w, https:\/\/www.ecoitaliano.com.ar\/wp-content\/uploads\/2026\/01\/locandina-concerto-9-10-gennaio-106x150.jpg 106w, https:\/\/www.ecoitaliano.com.ar\/wp-content\/uploads\/2026\/01\/locandina-concerto-9-10-gennaio.jpg 1654w\" sizes=\"(max-width: 724px) 100vw, 724px\" \/><\/a><\/figure>\n<\/figure>\n\n\n\n<figure class=\"wp-block-gallery has-nested-images columns-default is-cropped wp-block-gallery-2 is-layout-flex wp-block-gallery-is-layout-flex\">\n<figure class=\"wp-block-image size-large\"><a href=\"https:\/\/www.ecoitaliano.com.ar\/wp-content\/uploads\/2026\/01\/ee40111cc26fc1868acac2ba24e5e267-0.jpg\"><img decoding=\"async\" width=\"724\" height=\"1024\" data-id=\"84326\" src=\"https:\/\/www.ecoitaliano.com.ar\/wp-content\/uploads\/2026\/01\/ee40111cc26fc1868acac2ba24e5e267-0-724x1024.jpg\" alt=\"\" class=\"wp-image-84326\" srcset=\"https:\/\/www.ecoitaliano.com.ar\/wp-content\/uploads\/2026\/01\/ee40111cc26fc1868acac2ba24e5e267-0-724x1024.jpg 724w, https:\/\/www.ecoitaliano.com.ar\/wp-content\/uploads\/2026\/01\/ee40111cc26fc1868acac2ba24e5e267-0-212x300.jpg 212w, https:\/\/www.ecoitaliano.com.ar\/wp-content\/uploads\/2026\/01\/ee40111cc26fc1868acac2ba24e5e267-0-768x1086.jpg 768w, https:\/\/www.ecoitaliano.com.ar\/wp-content\/uploads\/2026\/01\/ee40111cc26fc1868acac2ba24e5e267-0-1086x1536.jpg 1086w, https:\/\/www.ecoitaliano.com.ar\/wp-content\/uploads\/2026\/01\/ee40111cc26fc1868acac2ba24e5e267-0-1448x2048.jpg 1448w, https:\/\/www.ecoitaliano.com.ar\/wp-content\/uploads\/2026\/01\/ee40111cc26fc1868acac2ba24e5e267-0-106x150.jpg 106w, https:\/\/www.ecoitaliano.com.ar\/wp-content\/uploads\/2026\/01\/ee40111cc26fc1868acac2ba24e5e267-0.jpg 1654w\" sizes=\"(max-width: 724px) 100vw, 724px\" \/><\/a><\/figure>\n\n\n\n<figure class=\"wp-block-image size-large\"><a href=\"https:\/\/www.ecoitaliano.com.ar\/wp-content\/uploads\/2026\/01\/ee40111cc26fc1868acac2ba24e5e267-1.jpg\"><img decoding=\"async\" width=\"724\" height=\"1024\" data-id=\"84327\" src=\"https:\/\/www.ecoitaliano.com.ar\/wp-content\/uploads\/2026\/01\/ee40111cc26fc1868acac2ba24e5e267-1-724x1024.jpg\" alt=\"\" class=\"wp-image-84327\" srcset=\"https:\/\/www.ecoitaliano.com.ar\/wp-content\/uploads\/2026\/01\/ee40111cc26fc1868acac2ba24e5e267-1-724x1024.jpg 724w, https:\/\/www.ecoitaliano.com.ar\/wp-content\/uploads\/2026\/01\/ee40111cc26fc1868acac2ba24e5e267-1-212x300.jpg 212w, https:\/\/www.ecoitaliano.com.ar\/wp-content\/uploads\/2026\/01\/ee40111cc26fc1868acac2ba24e5e267-1-768x1086.jpg 768w, https:\/\/www.ecoitaliano.com.ar\/wp-content\/uploads\/2026\/01\/ee40111cc26fc1868acac2ba24e5e267-1-1086x1536.jpg 1086w, https:\/\/www.ecoitaliano.com.ar\/wp-content\/uploads\/2026\/01\/ee40111cc26fc1868acac2ba24e5e267-1-1448x2048.jpg 1448w, https:\/\/www.ecoitaliano.com.ar\/wp-content\/uploads\/2026\/01\/ee40111cc26fc1868acac2ba24e5e267-1-106x150.jpg 106w, https:\/\/www.ecoitaliano.com.ar\/wp-content\/uploads\/2026\/01\/ee40111cc26fc1868acac2ba24e5e267-1.jpg 1654w\" sizes=\"(max-width: 724px) 100vw, 724px\" \/><\/a><\/figure>\n<\/figure>\n\n\n\n<figure class=\"wp-block-gallery has-nested-images columns-default is-cropped wp-block-gallery-3 is-layout-flex wp-block-gallery-is-layout-flex\">\n<figure class=\"wp-block-image size-large\"><a href=\"https:\/\/www.ecoitaliano.com.ar\/wp-content\/uploads\/2026\/01\/e61fdb114534afe0295c62358a6f62bb-0.jpg\"><img decoding=\"async\" width=\"724\" height=\"1024\" data-id=\"84328\" src=\"https:\/\/www.ecoitaliano.com.ar\/wp-content\/uploads\/2026\/01\/e61fdb114534afe0295c62358a6f62bb-0-724x1024.jpg\" alt=\"\" class=\"wp-image-84328\" srcset=\"https:\/\/www.ecoitaliano.com.ar\/wp-content\/uploads\/2026\/01\/e61fdb114534afe0295c62358a6f62bb-0-724x1024.jpg 724w, https:\/\/www.ecoitaliano.com.ar\/wp-content\/uploads\/2026\/01\/e61fdb114534afe0295c62358a6f62bb-0-212x300.jpg 212w, https:\/\/www.ecoitaliano.com.ar\/wp-content\/uploads\/2026\/01\/e61fdb114534afe0295c62358a6f62bb-0-768x1086.jpg 768w, https:\/\/www.ecoitaliano.com.ar\/wp-content\/uploads\/2026\/01\/e61fdb114534afe0295c62358a6f62bb-0-1086x1536.jpg 1086w, https:\/\/www.ecoitaliano.com.ar\/wp-content\/uploads\/2026\/01\/e61fdb114534afe0295c62358a6f62bb-0-1448x2048.jpg 1448w, https:\/\/www.ecoitaliano.com.ar\/wp-content\/uploads\/2026\/01\/e61fdb114534afe0295c62358a6f62bb-0-106x150.jpg 106w, https:\/\/www.ecoitaliano.com.ar\/wp-content\/uploads\/2026\/01\/e61fdb114534afe0295c62358a6f62bb-0.jpg 1654w\" sizes=\"(max-width: 724px) 100vw, 724px\" \/><\/a><\/figure>\n\n\n\n<figure class=\"wp-block-image size-large\"><a href=\"https:\/\/www.ecoitaliano.com.ar\/wp-content\/uploads\/2026\/01\/e61fdb114534afe0295c62358a6f62bb-1.jpg\"><img decoding=\"async\" width=\"724\" height=\"1024\" data-id=\"84329\" src=\"https:\/\/www.ecoitaliano.com.ar\/wp-content\/uploads\/2026\/01\/e61fdb114534afe0295c62358a6f62bb-1-724x1024.jpg\" alt=\"\" class=\"wp-image-84329\" srcset=\"https:\/\/www.ecoitaliano.com.ar\/wp-content\/uploads\/2026\/01\/e61fdb114534afe0295c62358a6f62bb-1-724x1024.jpg 724w, https:\/\/www.ecoitaliano.com.ar\/wp-content\/uploads\/2026\/01\/e61fdb114534afe0295c62358a6f62bb-1-212x300.jpg 212w, https:\/\/www.ecoitaliano.com.ar\/wp-content\/uploads\/2026\/01\/e61fdb114534afe0295c62358a6f62bb-1-768x1086.jpg 768w, https:\/\/www.ecoitaliano.com.ar\/wp-content\/uploads\/2026\/01\/e61fdb114534afe0295c62358a6f62bb-1-1086x1536.jpg 1086w, https:\/\/www.ecoitaliano.com.ar\/wp-content\/uploads\/2026\/01\/e61fdb114534afe0295c62358a6f62bb-1-1448x2048.jpg 1448w, https:\/\/www.ecoitaliano.com.ar\/wp-content\/uploads\/2026\/01\/e61fdb114534afe0295c62358a6f62bb-1-106x150.jpg 106w, https:\/\/www.ecoitaliano.com.ar\/wp-content\/uploads\/2026\/01\/e61fdb114534afe0295c62358a6f62bb-1.jpg 1654w\" sizes=\"(max-width: 724px) 100vw, 724px\" \/><\/a><\/figure>\n\n\n\n<figure class=\"wp-block-image size-large\"><a href=\"https:\/\/www.ecoitaliano.com.ar\/wp-content\/uploads\/2026\/01\/e61fdb114534afe0295c62358a6f62bb-2.jpg\"><img decoding=\"async\" width=\"724\" height=\"1024\" data-id=\"84330\" src=\"https:\/\/www.ecoitaliano.com.ar\/wp-content\/uploads\/2026\/01\/e61fdb114534afe0295c62358a6f62bb-2-724x1024.jpg\" alt=\"\" class=\"wp-image-84330\" srcset=\"https:\/\/www.ecoitaliano.com.ar\/wp-content\/uploads\/2026\/01\/e61fdb114534afe0295c62358a6f62bb-2-724x1024.jpg 724w, https:\/\/www.ecoitaliano.com.ar\/wp-content\/uploads\/2026\/01\/e61fdb114534afe0295c62358a6f62bb-2-212x300.jpg 212w, https:\/\/www.ecoitaliano.com.ar\/wp-content\/uploads\/2026\/01\/e61fdb114534afe0295c62358a6f62bb-2-768x1086.jpg 768w, https:\/\/www.ecoitaliano.com.ar\/wp-content\/uploads\/2026\/01\/e61fdb114534afe0295c62358a6f62bb-2-1086x1536.jpg 1086w, https:\/\/www.ecoitaliano.com.ar\/wp-content\/uploads\/2026\/01\/e61fdb114534afe0295c62358a6f62bb-2-1448x2048.jpg 1448w, https:\/\/www.ecoitaliano.com.ar\/wp-content\/uploads\/2026\/01\/e61fdb114534afe0295c62358a6f62bb-2-106x150.jpg 106w, https:\/\/www.ecoitaliano.com.ar\/wp-content\/uploads\/2026\/01\/e61fdb114534afe0295c62358a6f62bb-2.jpg 1654w\" sizes=\"(max-width: 724px) 100vw, 724px\" \/><\/a><\/figure>\n\n\n\n<figure class=\"wp-block-image size-large\"><a href=\"https:\/\/www.ecoitaliano.com.ar\/wp-content\/uploads\/2026\/01\/e61fdb114534afe0295c62358a6f62bb-3.jpg\"><img decoding=\"async\" width=\"724\" height=\"1024\" data-id=\"84331\" src=\"https:\/\/www.ecoitaliano.com.ar\/wp-content\/uploads\/2026\/01\/e61fdb114534afe0295c62358a6f62bb-3-724x1024.jpg\" alt=\"\" class=\"wp-image-84331\" srcset=\"https:\/\/www.ecoitaliano.com.ar\/wp-content\/uploads\/2026\/01\/e61fdb114534afe0295c62358a6f62bb-3-724x1024.jpg 724w, https:\/\/www.ecoitaliano.com.ar\/wp-content\/uploads\/2026\/01\/e61fdb114534afe0295c62358a6f62bb-3-212x300.jpg 212w, https:\/\/www.ecoitaliano.com.ar\/wp-content\/uploads\/2026\/01\/e61fdb114534afe0295c62358a6f62bb-3-768x1086.jpg 768w, https:\/\/www.ecoitaliano.com.ar\/wp-content\/uploads\/2026\/01\/e61fdb114534afe0295c62358a6f62bb-3-1086x1536.jpg 1086w, https:\/\/www.ecoitaliano.com.ar\/wp-content\/uploads\/2026\/01\/e61fdb114534afe0295c62358a6f62bb-3-1448x2048.jpg 1448w, https:\/\/www.ecoitaliano.com.ar\/wp-content\/uploads\/2026\/01\/e61fdb114534afe0295c62358a6f62bb-3-106x150.jpg 106w, https:\/\/www.ecoitaliano.com.ar\/wp-content\/uploads\/2026\/01\/e61fdb114534afe0295c62358a6f62bb-3.jpg 1654w\" sizes=\"(max-width: 724px) 100vw, 724px\" \/><\/a><\/figure>\n<\/figure>\n\n\n\n<p>foto<\/p>\n\n\n\n<figure class=\"wp-block-gallery has-nested-images columns-default is-cropped wp-block-gallery-4 is-layout-flex wp-block-gallery-is-layout-flex\">\n<figure class=\"wp-block-image size-large\"><a href=\"https:\/\/www.ecoitaliano.com.ar\/wp-content\/uploads\/2026\/01\/Adolfo-Corrado-foto-Clarissa-Lapolla.jpg\"><img decoding=\"async\" width=\"683\" height=\"1024\" data-id=\"84332\" src=\"https:\/\/www.ecoitaliano.com.ar\/wp-content\/uploads\/2026\/01\/Adolfo-Corrado-foto-Clarissa-Lapolla-683x1024.jpg\" alt=\"\" class=\"wp-image-84332\" srcset=\"https:\/\/www.ecoitaliano.com.ar\/wp-content\/uploads\/2026\/01\/Adolfo-Corrado-foto-Clarissa-Lapolla-683x1024.jpg 683w, https:\/\/www.ecoitaliano.com.ar\/wp-content\/uploads\/2026\/01\/Adolfo-Corrado-foto-Clarissa-Lapolla-200x300.jpg 200w, https:\/\/www.ecoitaliano.com.ar\/wp-content\/uploads\/2026\/01\/Adolfo-Corrado-foto-Clarissa-Lapolla-768x1151.jpg 768w, https:\/\/www.ecoitaliano.com.ar\/wp-content\/uploads\/2026\/01\/Adolfo-Corrado-foto-Clarissa-Lapolla-1025x1536.jpg 1025w, https:\/\/www.ecoitaliano.com.ar\/wp-content\/uploads\/2026\/01\/Adolfo-Corrado-foto-Clarissa-Lapolla-1366x2048.jpg 1366w, https:\/\/www.ecoitaliano.com.ar\/wp-content\/uploads\/2026\/01\/Adolfo-Corrado-foto-Clarissa-Lapolla-100x150.jpg 100w, https:\/\/www.ecoitaliano.com.ar\/wp-content\/uploads\/2026\/01\/Adolfo-Corrado-foto-Clarissa-Lapolla.jpg 1708w\" sizes=\"(max-width: 683px) 100vw, 683px\" \/><\/a><\/figure>\n\n\n\n<figure class=\"wp-block-image size-large\"><a href=\"https:\/\/www.ecoitaliano.com.ar\/wp-content\/uploads\/2026\/01\/Donato-Renzetti-foto-Monica-Ramaccioni.jpg\"><img decoding=\"async\" width=\"1024\" height=\"682\" data-id=\"84333\" src=\"https:\/\/www.ecoitaliano.com.ar\/wp-content\/uploads\/2026\/01\/Donato-Renzetti-foto-Monica-Ramaccioni-1024x682.jpg\" alt=\"\" class=\"wp-image-84333\" srcset=\"https:\/\/www.ecoitaliano.com.ar\/wp-content\/uploads\/2026\/01\/Donato-Renzetti-foto-Monica-Ramaccioni-1024x682.jpg 1024w, https:\/\/www.ecoitaliano.com.ar\/wp-content\/uploads\/2026\/01\/Donato-Renzetti-foto-Monica-Ramaccioni-300x200.jpg 300w, https:\/\/www.ecoitaliano.com.ar\/wp-content\/uploads\/2026\/01\/Donato-Renzetti-foto-Monica-Ramaccioni-768x512.jpg 768w, https:\/\/www.ecoitaliano.com.ar\/wp-content\/uploads\/2026\/01\/Donato-Renzetti-foto-Monica-Ramaccioni-1536x1024.jpg 1536w, https:\/\/www.ecoitaliano.com.ar\/wp-content\/uploads\/2026\/01\/Donato-Renzetti-foto-Monica-Ramaccioni-150x100.jpg 150w, https:\/\/www.ecoitaliano.com.ar\/wp-content\/uploads\/2026\/01\/Donato-Renzetti-foto-Monica-Ramaccioni.jpg 2000w\" sizes=\"(max-width: 1024px) 100vw, 1024px\" \/><\/a><\/figure>\n\n\n\n<figure class=\"wp-block-image size-large\"><a href=\"https:\/\/www.ecoitaliano.com.ar\/wp-content\/uploads\/2026\/01\/Giulio-Pelligra-foto-Francesco-Di-Summa.jpg\"><img decoding=\"async\" width=\"760\" height=\"1024\" data-id=\"84334\" src=\"https:\/\/www.ecoitaliano.com.ar\/wp-content\/uploads\/2026\/01\/Giulio-Pelligra-foto-Francesco-Di-Summa-760x1024.jpg\" alt=\"\" class=\"wp-image-84334\" srcset=\"https:\/\/www.ecoitaliano.com.ar\/wp-content\/uploads\/2026\/01\/Giulio-Pelligra-foto-Francesco-Di-Summa-760x1024.jpg 760w, https:\/\/www.ecoitaliano.com.ar\/wp-content\/uploads\/2026\/01\/Giulio-Pelligra-foto-Francesco-Di-Summa-223x300.jpg 223w, https:\/\/www.ecoitaliano.com.ar\/wp-content\/uploads\/2026\/01\/Giulio-Pelligra-foto-Francesco-Di-Summa-768x1034.jpg 768w, https:\/\/www.ecoitaliano.com.ar\/wp-content\/uploads\/2026\/01\/Giulio-Pelligra-foto-Francesco-Di-Summa-1141x1536.jpg 1141w, https:\/\/www.ecoitaliano.com.ar\/wp-content\/uploads\/2026\/01\/Giulio-Pelligra-foto-Francesco-Di-Summa-1521x2048.jpg 1521w, https:\/\/www.ecoitaliano.com.ar\/wp-content\/uploads\/2026\/01\/Giulio-Pelligra-foto-Francesco-Di-Summa-111x150.jpg 111w, https:\/\/www.ecoitaliano.com.ar\/wp-content\/uploads\/2026\/01\/Giulio-Pelligra-foto-Francesco-Di-Summa.jpg 1901w\" sizes=\"(max-width: 760px) 100vw, 760px\" \/><\/a><\/figure>\n\n\n\n<figure class=\"wp-block-image size-large\"><a href=\"https:\/\/www.ecoitaliano.com.ar\/wp-content\/uploads\/2026\/01\/Lucrezia-Drei-foto-Rudy-Amisano.jpg\"><img decoding=\"async\" width=\"777\" height=\"1024\" data-id=\"84335\" src=\"https:\/\/www.ecoitaliano.com.ar\/wp-content\/uploads\/2026\/01\/Lucrezia-Drei-foto-Rudy-Amisano-777x1024.jpg\" alt=\"\" class=\"wp-image-84335\" srcset=\"https:\/\/www.ecoitaliano.com.ar\/wp-content\/uploads\/2026\/01\/Lucrezia-Drei-foto-Rudy-Amisano-777x1024.jpg 777w, https:\/\/www.ecoitaliano.com.ar\/wp-content\/uploads\/2026\/01\/Lucrezia-Drei-foto-Rudy-Amisano-228x300.jpg 228w, https:\/\/www.ecoitaliano.com.ar\/wp-content\/uploads\/2026\/01\/Lucrezia-Drei-foto-Rudy-Amisano-768x1012.jpg 768w, https:\/\/www.ecoitaliano.com.ar\/wp-content\/uploads\/2026\/01\/Lucrezia-Drei-foto-Rudy-Amisano-1166x1536.jpg 1166w, https:\/\/www.ecoitaliano.com.ar\/wp-content\/uploads\/2026\/01\/Lucrezia-Drei-foto-Rudy-Amisano-1554x2048.jpg 1554w, https:\/\/www.ecoitaliano.com.ar\/wp-content\/uploads\/2026\/01\/Lucrezia-Drei-foto-Rudy-Amisano-114x150.jpg 114w, https:\/\/www.ecoitaliano.com.ar\/wp-content\/uploads\/2026\/01\/Lucrezia-Drei-foto-Rudy-Amisano.jpg 1943w\" sizes=\"(max-width: 777px) 100vw, 777px\" \/><\/a><\/figure>\n\n\n\n<figure class=\"wp-block-image size-large\"><a href=\"https:\/\/www.ecoitaliano.com.ar\/wp-content\/uploads\/2026\/01\/Massimo-Fiocchi-Malaspina.jpg\"><img decoding=\"async\" width=\"693\" height=\"1024\" data-id=\"84336\" src=\"https:\/\/www.ecoitaliano.com.ar\/wp-content\/uploads\/2026\/01\/Massimo-Fiocchi-Malaspina-693x1024.jpg\" alt=\"\" class=\"wp-image-84336\" srcset=\"https:\/\/www.ecoitaliano.com.ar\/wp-content\/uploads\/2026\/01\/Massimo-Fiocchi-Malaspina-693x1024.jpg 693w, https:\/\/www.ecoitaliano.com.ar\/wp-content\/uploads\/2026\/01\/Massimo-Fiocchi-Malaspina-203x300.jpg 203w, https:\/\/www.ecoitaliano.com.ar\/wp-content\/uploads\/2026\/01\/Massimo-Fiocchi-Malaspina-768x1135.jpg 768w, https:\/\/www.ecoitaliano.com.ar\/wp-content\/uploads\/2026\/01\/Massimo-Fiocchi-Malaspina-102x150.jpg 102w, https:\/\/www.ecoitaliano.com.ar\/wp-content\/uploads\/2026\/01\/Massimo-Fiocchi-Malaspina.jpg 812w\" sizes=\"(max-width: 693px) 100vw, 693px\" \/><\/a><\/figure>\n\n\n\n<figure class=\"wp-block-image size-large\"><a href=\"https:\/\/www.ecoitaliano.com.ar\/wp-content\/uploads\/2026\/01\/Sara-Mingardo.jpg\"><img decoding=\"async\" width=\"1024\" height=\"683\" data-id=\"84337\" src=\"https:\/\/www.ecoitaliano.com.ar\/wp-content\/uploads\/2026\/01\/Sara-Mingardo-1024x683.jpg\" alt=\"\" class=\"wp-image-84337\" srcset=\"https:\/\/www.ecoitaliano.com.ar\/wp-content\/uploads\/2026\/01\/Sara-Mingardo-1024x683.jpg 1024w, https:\/\/www.ecoitaliano.com.ar\/wp-content\/uploads\/2026\/01\/Sara-Mingardo-300x200.jpg 300w, https:\/\/www.ecoitaliano.com.ar\/wp-content\/uploads\/2026\/01\/Sara-Mingardo-768x512.jpg 768w, https:\/\/www.ecoitaliano.com.ar\/wp-content\/uploads\/2026\/01\/Sara-Mingardo-1536x1024.jpg 1536w, https:\/\/www.ecoitaliano.com.ar\/wp-content\/uploads\/2026\/01\/Sara-Mingardo-2048x1366.jpg 2048w, https:\/\/www.ecoitaliano.com.ar\/wp-content\/uploads\/2026\/01\/Sara-Mingardo-150x100.jpg 150w\" sizes=\"(max-width: 1024px) 100vw, 1024px\" \/><\/a><\/figure>\n<\/figure>\n","protected":false},"excerpt":{"rendered":"<p>comunicato stampa Graditissimo ritorno a Cagliari per Donato Renzetti che, il 9-10 gennaio, dirige la sontuosa Nona Sinfonia di Beethoven [&hellip;]<\/p>\n","protected":false},"author":1,"featured_media":0,"comment_status":"open","ping_status":"open","sticky":false,"template":"","format":"standard","meta":{"footnotes":""},"categories":[1],"tags":[],"class_list":["post-84323","post","type-post","status-publish","format-standard","hentry","category-sin-categoria"],"_links":{"self":[{"href":"https:\/\/www.ecoitaliano.com.ar\/index.php?rest_route=\/wp\/v2\/posts\/84323","targetHints":{"allow":["GET"]}}],"collection":[{"href":"https:\/\/www.ecoitaliano.com.ar\/index.php?rest_route=\/wp\/v2\/posts"}],"about":[{"href":"https:\/\/www.ecoitaliano.com.ar\/index.php?rest_route=\/wp\/v2\/types\/post"}],"author":[{"embeddable":true,"href":"https:\/\/www.ecoitaliano.com.ar\/index.php?rest_route=\/wp\/v2\/users\/1"}],"replies":[{"embeddable":true,"href":"https:\/\/www.ecoitaliano.com.ar\/index.php?rest_route=%2Fwp%2Fv2%2Fcomments&post=84323"}],"version-history":[{"count":1,"href":"https:\/\/www.ecoitaliano.com.ar\/index.php?rest_route=\/wp\/v2\/posts\/84323\/revisions"}],"predecessor-version":[{"id":84338,"href":"https:\/\/www.ecoitaliano.com.ar\/index.php?rest_route=\/wp\/v2\/posts\/84323\/revisions\/84338"}],"wp:attachment":[{"href":"https:\/\/www.ecoitaliano.com.ar\/index.php?rest_route=%2Fwp%2Fv2%2Fmedia&parent=84323"}],"wp:term":[{"taxonomy":"category","embeddable":true,"href":"https:\/\/www.ecoitaliano.com.ar\/index.php?rest_route=%2Fwp%2Fv2%2Fcategories&post=84323"},{"taxonomy":"post_tag","embeddable":true,"href":"https:\/\/www.ecoitaliano.com.ar\/index.php?rest_route=%2Fwp%2Fv2%2Ftags&post=84323"}],"curies":[{"name":"wp","href":"https:\/\/api.w.org\/{rel}","templated":true}]}}