{"id":84371,"date":"2026-01-06T15:43:24","date_gmt":"2026-01-06T15:43:24","guid":{"rendered":"https:\/\/www.ecoitaliano.com.ar\/?p=84371"},"modified":"2026-01-06T15:43:24","modified_gmt":"2026-01-06T15:43:24","slug":"serena-conduce-operaclassica-eco-italiano-4877","status":"publish","type":"post","link":"https:\/\/www.ecoitaliano.com.ar\/?p=84371","title":{"rendered":"Serena conduce operaclassica eco italiano"},"content":{"rendered":"\n<figure class=\"wp-block-image size-full is-resized\"><a href=\"http:\/\/www.ecoitaliano.com.ar\/wp-content\/uploads\/2025\/12\/Screenshot-1682-2.png\"><img decoding=\"async\" width=\"282\" height=\"156\" src=\"http:\/\/www.ecoitaliano.com.ar\/wp-content\/uploads\/2025\/12\/Screenshot-1682-2.png\" alt=\"\" class=\"wp-image-84071\" style=\"width:269px;height:auto\" srcset=\"https:\/\/www.ecoitaliano.com.ar\/wp-content\/uploads\/2025\/12\/Screenshot-1682-2.png 282w, https:\/\/www.ecoitaliano.com.ar\/wp-content\/uploads\/2025\/12\/Screenshot-1682-2-150x83.png 150w\" sizes=\"(max-width: 282px) 100vw, 282px\" \/><\/a><\/figure>\n\n\n\n<p><strong>IL VENTIDUENNE ETTORE PAGANO SOLISTA CON L\u2019ORCHESTRA RAI DIRETTA DA OROZCO-ESTRADA<\/strong><\/p>\n\n\n\n<p><strong>Gioved\u00ec 8 gennaio a Torino, su Radio3 e in streaming su <\/strong><a href=\"http:\/\/raicultura.it\" target=\"_blank\" rel=\"noreferrer noopener\"><strong>raicultura.it<\/strong><\/a><strong>.<\/strong><\/p>\n\n\n\n<p><strong>Replica venerd\u00ec 9 gennaio<\/strong><\/p>\n\n\n\n<p>Recente vincitore del Premio Abbiati della Critica Musicale Italiana, torna a suonare con l\u2019<strong>Orchestra Sinfonica Nazionale della Rai<\/strong> il giovanissimo violoncellista <strong>Ettore Pagano<\/strong>, protagonista del concerto in programma <strong>gioved\u00ec 8 gennaio alle 20.30 all\u2019Auditorium Rai \u201cArturo Toscanini\u201d di Torino<\/strong>, trasmesso in diretta su Radio3 e in streaming sul portale di Rai Cultura. Replica a Torino venerd\u00ec 9 gennaio alle 20. La serata \u00e8 anche registrata da Rai Cultura che la trasmetter\u00e0 su Rai5 gioved\u00ec 5 marzo alle 22.50.<\/p>\n\n\n\n<p>Classe 2003, Ettore Pagano&nbsp;ha iniziato fin da giovanissimo un\u2019intensa attivit\u00e0 concertistica in Italia e all\u2019estero, arrivando a suonare in istituzioni di assoluto prestigio. Per il suo ritorno con l\u2019Orchestra Rai \u2013 con la quale \u00e8 stato protagonista del Concerto per il la&nbsp;Festa della Repubblica al Quirinale, alla presenza del Capo dello Stato \u2013 propone il&nbsp;Concerto n. 1 in la minore&nbsp;per violoncello e orchestra op. 33 di&nbsp;Camille Saint-Sa\u00ebns.&nbsp;Scritto nel 1872 ed eseguito per la prima volta l\u2019anno successivo, il concerto si presenta come un unico grande arco musicale, poich\u00e9 articolato in tre movimenti eseguiti senza interruzione. La sua architettura formale \u00e8 un omaggio all\u2019arte di Franz Liszt e alla sua \u201cforma ciclica\u201d, nella quale i temi musicali si evolvono e riappaiono durante tutto il corso della composizione. Ma in essa&nbsp;Saint-Sa\u00ebns&nbsp;sintetizza il suo stile personale, caratterizzato anche da una raffinata ricerca timbrica.<\/p>\n\n\n\n<p>Sul podio&nbsp;\u00e8 impegnato&nbsp;<strong>Andr\u00e9s&nbsp;Orozco-Estrada<\/strong>, Direttore principale dell\u2019OSN Rai. Nato a Medell\u00edn, in Colombia, nel 1977, ha debuttato con la compagine della radio-televisione italiana nel maggio 2022, e nell\u2019ottobre 2023 ha iniziato una collaborazione stabile, che lo porta sul podio della Rai pi\u00f9 volte in stagione e in tourn\u00e9e. \u00c8 stato a capo di compagini come l\u2019Orchestra della Radio di Francoforte, i Wiener Symphoniker e la Houston Symphony. Dalla stagione 2025\/2026 sar\u00e0 Generalmusikdirektor della Citt\u00e0 di Colonia, prendendo le redini della G\u00fcrzenich Orchestra e dell\u2019Opera della citt\u00e0 tedesca, una delle pi\u00f9 importanti metropoli culturali europee. Dirige abitualmente orchestre come i Wiener e i Berliner Philharmoniker, la Staatskapelle di Dresda, la Gewandhausorchester di Lipsia e quella del Concertgebouw di Amsterdam. Con l\u2019Orchestra Rai \u00e8 stato recentemente protagonista di una tourn\u00e9e in Spagna che ha toccato le citt\u00e0 di Madrid, Barcellona e Alicante.<\/p>\n\n\n\n<p>In apertura di serata&nbsp;Orozco-Estrada propone&nbsp;<em>Le Carnaval romain.&nbsp;<\/em>Ouverture caract\u00e9ristique op. 9, H 95 di Hector Berlioz.&nbsp;Composto nel 1844, il brillante lavoro sinfonico offre nuova vita ai temi musicali dell\u2019opera di Berlioz <em>Benvenuto Cellini<\/em>. Il compositore vi&nbsp;fonde magistralmente due elementi principali del suo lavoro teatrale: l\u2019ardore amoroso e il vitalismo esuberante caratteristico delle scene popolari del Carnevale.<\/p>\n\n\n\n<p>Chiudono la serata i poemi sinfonici <em>Fontane di Roma<\/em> e <em>Pini di Roma<\/em> di Ottorino Respighi,&nbsp;a cui si deve il sostanziale rinnovamento della vita musicale italiana del primo Novecento. Le due opere sono tratte dalla&nbsp;\u201cTrilogia romana\u201d, che richiama le suggestioni raccolte dal compositore&nbsp;durante i suoi viaggi nella Citt\u00e0 eterna, con un\u2019attenzione particolare per la natura e le tradizioni popolari.&nbsp;<em>Fontane di Roma <\/em>\u00e8 il&nbsp;primo poema&nbsp;sinfonico della trilogia,&nbsp;scritto&nbsp;nel 1916 ed eseguito al Teatro Augusteo di Roma nel 1917 senza particolare successo. Fu&nbsp;Arturo Toscanini a consacrare l\u2019opera al trionfo l\u2019anno seguente alla Scala di Milano, proiettando Respighi nel successo internazionale.&nbsp;I movimenti dell\u2019opera sono&nbsp;dedicati a quattro fontane romane e in&nbsp;particolare al fascino che queste provocano nell\u2019autore in un momento cruciale del giorno, quando quasi si fondono con il paesaggio cittadino che le circonda. La serata si chiude con&nbsp;<em>I pini di Roma<\/em>,&nbsp;il&nbsp;secondo poema sinfonico di Respighi, scritto nel 1924 e&nbsp;diretto in prima esecuzione da Bernardino Molinari alla fine dello stesso anno, sempre all\u2019Augusteo di Roma. Opera fra le pi\u00f9 rappresentative dell\u2019autore, celebra le bellezze della citt\u00e0 amata, descrivendola con brillante perizia orchestrale o evocandola attraverso emozioni spirituali e visioni fantastiche.<\/p>\n\n\n\n<p>I biglietti, da 9 a 30 euro,&nbsp;sono in vendita&nbsp;<a href=\"https:\/\/www.bigliettionline.rai.it\/\" target=\"_blank\" rel=\"noreferrer noopener\">online<\/a>&nbsp;sul sito dell\u2019OSN Rai e presso la biglietteria dell\u2019Auditorium Rai di Torino.&nbsp;Informazioni: 011.8104653&nbsp;\u2013&nbsp;biglietteria.osn@rai.it.<\/p>\n\n\n\n<p>foto<\/p>\n\n\n\n<figure class=\"wp-block-gallery has-nested-images columns-default is-cropped wp-block-gallery-1 is-layout-flex wp-block-gallery-is-layout-flex\">\n<figure class=\"wp-block-image size-large\"><a href=\"https:\/\/www.ecoitaliano.com.ar\/wp-content\/uploads\/2026\/01\/Andres-Orozco-Estrada-e-OSN-Rai_@SergioBertani240614-76.jpg\"><img decoding=\"async\" width=\"1024\" height=\"683\" data-id=\"84372\" src=\"https:\/\/www.ecoitaliano.com.ar\/wp-content\/uploads\/2026\/01\/Andres-Orozco-Estrada-e-OSN-Rai_@SergioBertani240614-76-1024x683.jpg\" alt=\"\" class=\"wp-image-84372\" srcset=\"https:\/\/www.ecoitaliano.com.ar\/wp-content\/uploads\/2026\/01\/Andres-Orozco-Estrada-e-OSN-Rai_@SergioBertani240614-76-1024x683.jpg 1024w, https:\/\/www.ecoitaliano.com.ar\/wp-content\/uploads\/2026\/01\/Andres-Orozco-Estrada-e-OSN-Rai_@SergioBertani240614-76-300x200.jpg 300w, https:\/\/www.ecoitaliano.com.ar\/wp-content\/uploads\/2026\/01\/Andres-Orozco-Estrada-e-OSN-Rai_@SergioBertani240614-76-768x512.jpg 768w, https:\/\/www.ecoitaliano.com.ar\/wp-content\/uploads\/2026\/01\/Andres-Orozco-Estrada-e-OSN-Rai_@SergioBertani240614-76-1536x1024.jpg 1536w, https:\/\/www.ecoitaliano.com.ar\/wp-content\/uploads\/2026\/01\/Andres-Orozco-Estrada-e-OSN-Rai_@SergioBertani240614-76-2048x1366.jpg 2048w, https:\/\/www.ecoitaliano.com.ar\/wp-content\/uploads\/2026\/01\/Andres-Orozco-Estrada-e-OSN-Rai_@SergioBertani240614-76-150x100.jpg 150w\" sizes=\"(max-width: 1024px) 100vw, 1024px\" \/><\/a><\/figure>\n\n\n\n<figure class=\"wp-block-image size-large\"><a href=\"https:\/\/www.ecoitaliano.com.ar\/wp-content\/uploads\/2026\/01\/DB_Ettore_Pagano1167.jpg\"><img decoding=\"async\" width=\"1024\" height=\"768\" data-id=\"84373\" src=\"https:\/\/www.ecoitaliano.com.ar\/wp-content\/uploads\/2026\/01\/DB_Ettore_Pagano1167-1024x768.jpg\" alt=\"\" class=\"wp-image-84373\" srcset=\"https:\/\/www.ecoitaliano.com.ar\/wp-content\/uploads\/2026\/01\/DB_Ettore_Pagano1167-1024x768.jpg 1024w, https:\/\/www.ecoitaliano.com.ar\/wp-content\/uploads\/2026\/01\/DB_Ettore_Pagano1167-300x225.jpg 300w, https:\/\/www.ecoitaliano.com.ar\/wp-content\/uploads\/2026\/01\/DB_Ettore_Pagano1167-768x576.jpg 768w, https:\/\/www.ecoitaliano.com.ar\/wp-content\/uploads\/2026\/01\/DB_Ettore_Pagano1167-1536x1153.jpg 1536w, https:\/\/www.ecoitaliano.com.ar\/wp-content\/uploads\/2026\/01\/DB_Ettore_Pagano1167-2048x1537.jpg 2048w, https:\/\/www.ecoitaliano.com.ar\/wp-content\/uploads\/2026\/01\/DB_Ettore_Pagano1167-150x113.jpg 150w\" sizes=\"(max-width: 1024px) 100vw, 1024px\" \/><\/a><\/figure>\n<\/figure>\n","protected":false},"excerpt":{"rendered":"<p>IL VENTIDUENNE ETTORE PAGANO SOLISTA CON L\u2019ORCHESTRA RAI DIRETTA DA OROZCO-ESTRADA Gioved\u00ec 8 gennaio a Torino, su Radio3 e in [&hellip;]<\/p>\n","protected":false},"author":1,"featured_media":0,"comment_status":"open","ping_status":"open","sticky":false,"template":"","format":"standard","meta":{"footnotes":""},"categories":[1],"tags":[],"class_list":["post-84371","post","type-post","status-publish","format-standard","hentry","category-sin-categoria"],"_links":{"self":[{"href":"https:\/\/www.ecoitaliano.com.ar\/index.php?rest_route=\/wp\/v2\/posts\/84371","targetHints":{"allow":["GET"]}}],"collection":[{"href":"https:\/\/www.ecoitaliano.com.ar\/index.php?rest_route=\/wp\/v2\/posts"}],"about":[{"href":"https:\/\/www.ecoitaliano.com.ar\/index.php?rest_route=\/wp\/v2\/types\/post"}],"author":[{"embeddable":true,"href":"https:\/\/www.ecoitaliano.com.ar\/index.php?rest_route=\/wp\/v2\/users\/1"}],"replies":[{"embeddable":true,"href":"https:\/\/www.ecoitaliano.com.ar\/index.php?rest_route=%2Fwp%2Fv2%2Fcomments&post=84371"}],"version-history":[{"count":1,"href":"https:\/\/www.ecoitaliano.com.ar\/index.php?rest_route=\/wp\/v2\/posts\/84371\/revisions"}],"predecessor-version":[{"id":84374,"href":"https:\/\/www.ecoitaliano.com.ar\/index.php?rest_route=\/wp\/v2\/posts\/84371\/revisions\/84374"}],"wp:attachment":[{"href":"https:\/\/www.ecoitaliano.com.ar\/index.php?rest_route=%2Fwp%2Fv2%2Fmedia&parent=84371"}],"wp:term":[{"taxonomy":"category","embeddable":true,"href":"https:\/\/www.ecoitaliano.com.ar\/index.php?rest_route=%2Fwp%2Fv2%2Fcategories&post=84371"},{"taxonomy":"post_tag","embeddable":true,"href":"https:\/\/www.ecoitaliano.com.ar\/index.php?rest_route=%2Fwp%2Fv2%2Ftags&post=84371"}],"curies":[{"name":"wp","href":"https:\/\/api.w.org\/{rel}","templated":true}]}}