{"id":84380,"date":"2026-01-07T08:15:48","date_gmt":"2026-01-07T08:15:48","guid":{"rendered":"https:\/\/www.ecoitaliano.com.ar\/?p=84380"},"modified":"2026-01-07T08:16:13","modified_gmt":"2026-01-07T08:16:13","slug":"a-60-anni-dalla-morte-del-tenente-poeta-e-colonnello-e-bibliofilo-agostino-gaudinieri-tra-dannunzio-e-ungaretti-e-gli-ultimi-giorni-della-monarchia","status":"publish","type":"post","link":"https:\/\/www.ecoitaliano.com.ar\/?p=84380","title":{"rendered":"\u200bA 60 anni dalla morte del tenente poeta e colonnello e bibliofilo\u00a0 Agostino Gaudinieri tra D\u2019Annunzio e Ungaretti e gli ultimi giorni della Monarchia"},"content":{"rendered":"\n<p><em>di Pierfranco Bruni<\/em><\/p>\n\n\n<div class=\"wp-block-image\">\n<figure class=\"aligncenter size-full\"><a href=\"http:\/\/www.ecoitaliano.com.ar\/wp-content\/uploads\/2026\/01\/1000159720.jpg\"><img decoding=\"async\" width=\"364\" height=\"556\" src=\"http:\/\/www.ecoitaliano.com.ar\/wp-content\/uploads\/2026\/01\/1000159720.jpg\" alt=\"\" class=\"wp-image-84381\" srcset=\"https:\/\/www.ecoitaliano.com.ar\/wp-content\/uploads\/2026\/01\/1000159720.jpg 364w, https:\/\/www.ecoitaliano.com.ar\/wp-content\/uploads\/2026\/01\/1000159720-196x300.jpg 196w, https:\/\/www.ecoitaliano.com.ar\/wp-content\/uploads\/2026\/01\/1000159720-98x150.jpg 98w\" sizes=\"(max-width: 364px) 100vw, 364px\" \/><\/a><\/figure><\/div>\n\n\n<p>Un anniversario importante per il 2026. Si ricorder\u00e0 la morte del sottotenente (poi tenente e colonnello) Agostino Gaudinieri, che fu amico di Ungaretti e D\u2019Annunzio, e scrisse dei versi che riportano allo stile ungarettiano e alla prosa del \u201cNotturno\u201d di D\u2019annunzio. Rest\u00f2 accanto a Vittorio Emanuele III sino al crollo della Monarchia.&nbsp;<\/p>\n\n\n\n<p>\u201cNon c\u2019\u00e8 luce\/Le trincee hanno seppellito\/Il sole\u201d.<\/p>\n\n\n\n<p>\u201cLa polvere ha coperto\/La memoria\/Per custodirla\/D\u2019immenso\u201d.<\/p>\n\n\n\n<p>Gabriele D&#8217;Annunzio arriv\u00f2 in Puglia e attravers\u00f2 Grottaglie grazie anche al suggerimento di Agostino Gaudinieri. Si era chiaramente nella fase post bellica (Grande Guerra). Il Vate aveva gi\u00e0 scritto i suoi versi su Taranto e sui porti di Taranto. Il \u00abNotturno\u00bb era nel contesto di quella temperie (scritto nel 1916 e pubblicato nel 1921)<\/p>\n\n\n\n<p>Il suo incontro con il poeta Raffaele Carrieri avvenne s\u00ec a Fiume, ma il ragazzo, e futuro grande poeta dei mari divisi, ovvero Carrieri, aveva cos\u00ec mitizzato l&#8217;eroe di Buccari che non perse occasione per sfiorare, proprio a Grottaglie, la giacca militare del viaggiatore del mediterraneo mare e luogo attraversato con Scarfoglio e la Serao.<\/p>\n\n\n\n<p>Il poeta che cant\u00f2 Taranto e il suo Golfo si ferm\u00f2 a Grottaglie. Il suo amore religioso \u00e8 stato sempre il francescanesimo e la figura di San Francesco di Paola lo condusse all&#8217;altro Francesco, a quello di Assisi.<\/p>\n\n\n\n<p>A Grottaglie apprese le notizie del Paolano francese e si entusiasm\u00f2 al punto di annotare la possibilit\u00e0 di scrivere una vita sui due Santi. Non fece nulla perch\u00e9 le azioni furono sempre pi\u00f9 veloci dei pensieri e il pensiero non ebbe la possibilit\u00e0 di sedimentare in un linguaggio metaforico e allegorico. Ma visit\u00f2 rapidamente il convento di San Francesco di Paola.<\/p>\n\n\n\n<p>Nei miei studi sulla nobilt\u00e0 dei Gaudinieri, mia nonna paterna era una Gaudinieri, come ho sottolineato pi\u00f9 volte in alcuni Convegni e nel libro: \u201cCinque fratelli\u201d, Pellegrini, la figura di D&#8217;Annunzio era di casa e questo episodio assume un suo contorno.<\/p>\n\n\n\n<p>Il tenente Agostino Gaudinieri, pi\u00f9 giovane di D&#8217;Annunzio, fu decorato sull&#8217;Isonzo nel 1916 localit\u00e0 Bosco Cappuccio per una sua impresa militare, aveva avuto modo di conoscere molto bene il Vate, era di famiglia francescana e paolana, ed era a conoscenza del suo attraversamento tra le strade di Grottaglie, incuriosito soprattutto del convento dei Paolotti.<\/p>\n\n\n\n<p>D&#8217;Annunzio, comunque, era a conoscenza della nobilt\u00e0 stemmata dei Gaudinieri (stemma, tra l&#8217;altro, raffigurante una aquila con una rosa rossa nel becco, simbolo significativo ed alchemico per lo stesso D\u2019Annunzio) che discendevano dai Godiner della Francia, giunti in Calabria nella temperie rinascimentale &#8211; barocca e il tenente Agostino Gaudinieri, zio di mio padre (e fratello della madre Giulia Gaudinieri, mia nonna), era amico del soldato Ungaretti Giuseppe, il quale era, anch&#8217;egli, a conoscenza del passaggio e della presenza, incognita, di D&#8217;Annunzio a Grottaglie.<\/p>\n\n\n\n<p>Un altro aspetto fondamentale \u00e8 dato dal rapporto militare (e letterario) di Ungaretti e Gaudinieri si trovarono insieme a Bosco Cappuccio e la famosa la raccolta \u201cIl porto sepolto\u201d porta propria una poesia in cui si parla di Bosco Cappuccio con la data, appunto del 1916. Gaudinieri fu un attento letterato e bibliofilo.<\/p>\n\n\n\n<p>Aver vissuto in una famiglia con una vasta biblioteca e personaggi che hanno segnato la storia e hanno lasciato documenti straordinari mi permette ora di recuperare questa \u00abmia\u00bb storia che resta una storia senza parentesi. La presenza di D&#8217;Annunzio a Grottaglie&#8230; Il legame tra Gaudinieri, D\u2019Annunzio e Ungaretti\u2026 sono elementi che permettono di rileggere non solo un contesto di famiglia, ma soprattutto una dimensione della storia\u2026<\/p>\n\n\n\n<p>Tra la nobilt\u00e0 dei Gaudinieri e D&#8217;Annunzio ci fu un legame proprio durante gli anni che preparavano il Fascismo e soprattutto dopo&#8230; Agostino Gaudinieri diventer\u00e0 colonnello e morir\u00e0 nel 1966. Era nato nel 1892.&nbsp;<\/p>\n\n\n\n<p>In una Cartella pubblicata in questi giorni si annunciano queste tesi e nelle celebrazioni per i 60 dalla morte si parler\u00e0 proprio del rapporto tra Ungaretti, D\u2019Annunzio a Agostino Gaudinieri non solo militare ma anche poeta.<\/p>\n\n\n\n<p>Si colgono alcuni versi: \u201cAudaci chi mor\u00ec\/Nella vita\/E mai chi la morte\/la soffr\u00ec\u201d.<\/p>\n\n\n\n<p>\u201cSe a morir di sorpresa\/Il vento rapisce\/Nella vita non si ha sconfitta\/Se l\u2019onore ha il coraggio d\u2019aquila\u201d.<\/p>\n\n\n\n<p>Gli elementi caratterizzanti per una lettura comparata del poeta Gaudinieri sono riferimenti semantici ed estetici interessanti.<\/p>\n\n\n\n<p><\/p>\n","protected":false},"excerpt":{"rendered":"<p>di Pierfranco Bruni Un anniversario importante per il 2026. Si ricorder\u00e0 la morte del sottotenente (poi tenente e colonnello) Agostino [&hellip;]<\/p>\n","protected":false},"author":1,"featured_media":0,"comment_status":"open","ping_status":"open","sticky":false,"template":"","format":"standard","meta":{"footnotes":""},"categories":[43,10],"tags":[],"class_list":["post-84380","post","type-post","status-publish","format-standard","hentry","category-historias","category-italiano"],"_links":{"self":[{"href":"https:\/\/www.ecoitaliano.com.ar\/index.php?rest_route=\/wp\/v2\/posts\/84380","targetHints":{"allow":["GET"]}}],"collection":[{"href":"https:\/\/www.ecoitaliano.com.ar\/index.php?rest_route=\/wp\/v2\/posts"}],"about":[{"href":"https:\/\/www.ecoitaliano.com.ar\/index.php?rest_route=\/wp\/v2\/types\/post"}],"author":[{"embeddable":true,"href":"https:\/\/www.ecoitaliano.com.ar\/index.php?rest_route=\/wp\/v2\/users\/1"}],"replies":[{"embeddable":true,"href":"https:\/\/www.ecoitaliano.com.ar\/index.php?rest_route=%2Fwp%2Fv2%2Fcomments&post=84380"}],"version-history":[{"count":1,"href":"https:\/\/www.ecoitaliano.com.ar\/index.php?rest_route=\/wp\/v2\/posts\/84380\/revisions"}],"predecessor-version":[{"id":84382,"href":"https:\/\/www.ecoitaliano.com.ar\/index.php?rest_route=\/wp\/v2\/posts\/84380\/revisions\/84382"}],"wp:attachment":[{"href":"https:\/\/www.ecoitaliano.com.ar\/index.php?rest_route=%2Fwp%2Fv2%2Fmedia&parent=84380"}],"wp:term":[{"taxonomy":"category","embeddable":true,"href":"https:\/\/www.ecoitaliano.com.ar\/index.php?rest_route=%2Fwp%2Fv2%2Fcategories&post=84380"},{"taxonomy":"post_tag","embeddable":true,"href":"https:\/\/www.ecoitaliano.com.ar\/index.php?rest_route=%2Fwp%2Fv2%2Ftags&post=84380"}],"curies":[{"name":"wp","href":"https:\/\/api.w.org\/{rel}","templated":true}]}}