{"id":84449,"date":"2026-01-09T14:47:54","date_gmt":"2026-01-09T14:47:54","guid":{"rendered":"https:\/\/www.ecoitaliano.com.ar\/?p=84449"},"modified":"2026-01-09T14:48:12","modified_gmt":"2026-01-09T14:48:12","slug":"francesco-da-nikos-kazantzakis-a-francesco-grisi-la-sacralita-del-mistero","status":"publish","type":"post","link":"https:\/\/www.ecoitaliano.com.ar\/?p=84449","title":{"rendered":"Francesco. Da Nikos Kazantzakis a Francesco Grisi. La sacralit\u00e0 del mistero"},"content":{"rendered":"\n<p><em>Pierfranco Bruni\u00a0<\/em><\/p>\n\n\n<div class=\"wp-block-image\">\n<figure class=\"aligncenter size-large is-resized\"><a href=\"http:\/\/www.ecoitaliano.com.ar\/wp-content\/uploads\/2026\/01\/1000161165.jpg\"><img decoding=\"async\" width=\"1024\" height=\"1024\" src=\"http:\/\/www.ecoitaliano.com.ar\/wp-content\/uploads\/2026\/01\/1000161165-1024x1024.jpg\" alt=\"\" class=\"wp-image-84450\" style=\"width:332px;height:auto\" srcset=\"https:\/\/www.ecoitaliano.com.ar\/wp-content\/uploads\/2026\/01\/1000161165-1024x1024.jpg 1024w, https:\/\/www.ecoitaliano.com.ar\/wp-content\/uploads\/2026\/01\/1000161165-300x300.jpg 300w, https:\/\/www.ecoitaliano.com.ar\/wp-content\/uploads\/2026\/01\/1000161165-150x150.jpg 150w, https:\/\/www.ecoitaliano.com.ar\/wp-content\/uploads\/2026\/01\/1000161165-768x768.jpg 768w, https:\/\/www.ecoitaliano.com.ar\/wp-content\/uploads\/2026\/01\/1000161165-1536x1536.jpg 1536w, https:\/\/www.ecoitaliano.com.ar\/wp-content\/uploads\/2026\/01\/1000161165-2048x2048.jpg 2048w\" sizes=\"(max-width: 1024px) 100vw, 1024px\" \/><\/a><\/figure><\/div>\n\n\n<p>Francesco d\u2019Assisi. Si confront\u00f2 con la cultura popolare grazie alla poesia che da \u00abvolgare\u00bb, (ovvero un linguaggio contaminato da forme dialettali, etniche provenzal, francofone, umbre) divenne Cantico con le radici che rimandano, in parte, al Cantico di Salomone. Una testimonianza di spiritualit\u00e0 poetica alla quale attinger\u00e0 Jacopone da Todi. Dante \u00e8 completamente un altro discorso. Francesco Petrarca user\u00e0 delle metafore importanti.&nbsp;<\/p>\n\n\n\n<p>Dopo una fase di mascheramento e di oblio, che va dal Rinascimento al tardo Ottocento, Gioberti e Rosmini indicheranno altri percorsi letterari che giungeranno sino a Ernesto Buonaiuti che scrisse su San Francesco un profilo (1925) servendosi di fonti letterarie. Prima di Buonaiuti era stato nel 1904 un testo emblematico, tra poetica biografia e spiritualit\u00e0, di Hermann Hesse.&nbsp;<\/p>\n\n\n\n<p>Nel 1993 Francesco Grisi cura un significativo testo sui Fioretti con una Introduzione singolare basata sul legame tra Utopia e Letteratura, ovvero sul \u00abfascino dell&#8217;utopia\u00bb.&nbsp;<\/p>\n\n\n\n<p>Un lavoro profondo \u00e8 svolto da Gabriele d\u2019Annunzio. Ma il Francesco che resta nella letteratura come opera unicamente poetica nella bellezza della verit\u00e0 \u00e8 il \u00abFrancesco\u00bb di Nikos Kazantzakis (2008, 2013 in italiano, Crocetti). Scrive nel Prologo: \u00abSe ho tralasciato molte parole e azioni di Francesco, se ho modificato alcune vicende e ne ho aggiunte altre che non sono accadute ma sarebbero potute accadere, non l&#8217;ho fatto per ignoranza, n\u00e9 per impudenza o per mancanza di rispetto, bens\u00ec per la necessit\u00e0 di armonizzare, il pi\u00f9 possibile in accordo con la sostanza, la vita e il mito del santo\u00bb.<\/p>\n\n\n\n<p>La domanda che spesso mi sovviene: \u00c8 possibile contestualizzare Francesco nella nostra epoca nel nostro tempo nella nostra modernit\u00e0? Credo di no. Ognuno vive la temperie nella quale ha abitato. Tutto diventa un mosaico di interpretazioni di letture di immaginari.&nbsp;<\/p>\n\n\n\n<p>Certo, la sua spiritualit\u00e0 e il suo cristiano sentire restano ma inserire il suo pensiero il suo senso del Divino il misticismo il pellegrinaggio nel nostro reale pu\u00f2 sembrare utopia. Di Utopia si pu\u00f2 vivere? Certamente s\u00ec. Questa potrebbe essere una lettura laica? Assolutamente no. Il mistico \u00e8 sempre un pellegrino di Cristo!&nbsp;<\/p>\n\n\n\n<p>Francesco era tale. Resta tale quella di Nikos Kazantzakis: \u00abPer me San Francesco \u00e8 il modello dell&#8217;uomo militante che con una lotta incessante e durissima riesce a compiere il dovere supremo dell&#8217;uomo, quello che \u00e8 superiore anche alla morale, alla verit\u00e0 e alla bellezza: trasformare la materia che Dio gli ha affidato rendendola spirito\u00bb.&nbsp;<\/p>\n\n\n\n<p>Una emblematica sottolineatura che mi accompagna costantemente oltre la storia oltre la cronaca oltre la stessa letteratura rappresentativa e descrittiva. La favola \u00e8 pi\u00f9 della vita. Perch\u00e9 \u00e8 mistero divino. Seguo Francesco lungo una dimensione onirico &#8211; sacramentale in cui l&#8217;immaginario \u00e8 una icona di senso. I Santi pi\u00f9 che la verit\u00e0 camminano nella bellezza. Ed \u00e8 questo ci\u00f2 mi inebria.<\/p>\n","protected":false},"excerpt":{"rendered":"<p>Pierfranco Bruni\u00a0 Francesco d\u2019Assisi. Si confront\u00f2 con la cultura popolare grazie alla poesia che da \u00abvolgare\u00bb, (ovvero un linguaggio contaminato [&hellip;]<\/p>\n","protected":false},"author":1,"featured_media":0,"comment_status":"open","ping_status":"open","sticky":false,"template":"","format":"standard","meta":{"footnotes":""},"categories":[10,22],"tags":[],"class_list":["post-84449","post","type-post","status-publish","format-standard","hentry","category-italiano","category-libros-y-revistas-literatura"],"_links":{"self":[{"href":"https:\/\/www.ecoitaliano.com.ar\/index.php?rest_route=\/wp\/v2\/posts\/84449","targetHints":{"allow":["GET"]}}],"collection":[{"href":"https:\/\/www.ecoitaliano.com.ar\/index.php?rest_route=\/wp\/v2\/posts"}],"about":[{"href":"https:\/\/www.ecoitaliano.com.ar\/index.php?rest_route=\/wp\/v2\/types\/post"}],"author":[{"embeddable":true,"href":"https:\/\/www.ecoitaliano.com.ar\/index.php?rest_route=\/wp\/v2\/users\/1"}],"replies":[{"embeddable":true,"href":"https:\/\/www.ecoitaliano.com.ar\/index.php?rest_route=%2Fwp%2Fv2%2Fcomments&post=84449"}],"version-history":[{"count":1,"href":"https:\/\/www.ecoitaliano.com.ar\/index.php?rest_route=\/wp\/v2\/posts\/84449\/revisions"}],"predecessor-version":[{"id":84451,"href":"https:\/\/www.ecoitaliano.com.ar\/index.php?rest_route=\/wp\/v2\/posts\/84449\/revisions\/84451"}],"wp:attachment":[{"href":"https:\/\/www.ecoitaliano.com.ar\/index.php?rest_route=%2Fwp%2Fv2%2Fmedia&parent=84449"}],"wp:term":[{"taxonomy":"category","embeddable":true,"href":"https:\/\/www.ecoitaliano.com.ar\/index.php?rest_route=%2Fwp%2Fv2%2Fcategories&post=84449"},{"taxonomy":"post_tag","embeddable":true,"href":"https:\/\/www.ecoitaliano.com.ar\/index.php?rest_route=%2Fwp%2Fv2%2Ftags&post=84449"}],"curies":[{"name":"wp","href":"https:\/\/api.w.org\/{rel}","templated":true}]}}