{"id":84466,"date":"2026-01-10T02:09:59","date_gmt":"2026-01-10T02:09:59","guid":{"rendered":"https:\/\/www.ecoitaliano.com.ar\/?p=84466"},"modified":"2026-01-10T02:10:16","modified_gmt":"2026-01-10T02:10:16","slug":"serena-conduce-operaclassica-eco-italiano-4883","status":"publish","type":"post","link":"https:\/\/www.ecoitaliano.com.ar\/?p=84466","title":{"rendered":"Serena conduce operaclassica eco italiano"},"content":{"rendered":"<div class=\"wp-block-image\">\n<figure class=\"aligncenter size-full is-resized\"><a href=\"https:\/\/www.ecoitaliano.com.ar\/wp-content\/uploads\/2026\/01\/image-8.png\"><img decoding=\"async\" width=\"556\" height=\"437\" src=\"https:\/\/www.ecoitaliano.com.ar\/wp-content\/uploads\/2026\/01\/image-8.png\" alt=\"\" class=\"wp-image-84467\" style=\"width:220px;height:auto\" srcset=\"https:\/\/www.ecoitaliano.com.ar\/wp-content\/uploads\/2026\/01\/image-8.png 556w, https:\/\/www.ecoitaliano.com.ar\/wp-content\/uploads\/2026\/01\/image-8-300x236.png 300w, https:\/\/www.ecoitaliano.com.ar\/wp-content\/uploads\/2026\/01\/image-8-150x118.png 150w\" sizes=\"(max-width: 556px) 100vw, 556px\" \/><\/a><\/figure><\/div>\n\n\n<p><strong>COMUNICATO STAMPA<br><\/strong>Modena, 9 novembre 2025<\/p>\n\n\n\n<p><strong>CONCERTI: FILARMONICA DEL TEATRO DIRETTA DA DEBORA WALDMAN<br><\/strong><em>Due vette del sinfonismo romantico nell\u2019interpretazione di Debora Waldman<\/em><\/p>\n\n\n\n<p><strong>Proseguono gioved\u00ec 15 gennaio 2026 alle 20.30 gli appuntamenti sinfonici del Teatro Pavarotti-Freni con la Filarmonica del Teatro Comunale di Modena. Sul podio Debora Waldman, direttrice di origine brasiliana che si esibir\u00e0 in luogo di Anna Rakitina precedentemente annunciata e che ha dovuto rinunciare al concerto per infortunio.&nbsp;<br><\/strong><strong>In programma, due capisaldi del repertorio romantico: la Sinfonia n. 6 \u00abPatetica\u00bb di P\u00ebtr Il\u2019i\u010d \u010cajkovskij, che fa seguito alla Sinfonia n. 5 eseguita dall\u2019orchestra lo scorso novembre, e la Sinfonia \u00abPastorale\u00bb di Ludwig van Beethoven.<\/strong><\/p>\n\n\n\n<p>Nata in Brasile e cresciuta tra Israele e Argentina, Debora Waldman scopre giovanissima la musica e, a soli 17 anni, dirige il suo primo concerto. Si perfeziona nella direzione d\u2019orchestra a Parigi al Conservatoire National Sup\u00e9rieur de Musique. Tra il 2006 e il 2009 \u00e8 assistente di Kurt Masur all\u2019Orchestre National de France. Riconosciuta come talento emergente \u2013 nominata \u00abTalent Conductor\u00bb dall\u2019ADAMI nel 2008 e insignita del premio della Fondazione Simone e Cino del Duca nel 2011 \u2013 inizia a dirigere orchestre di primo piano in Francia e all&#8217;estero. Nel 2020 viene chiamata alla guida dell\u2019Orchestre national Avignon-Provence, diventando la prima donna alla direzione stabile di un\u2019orchestra nazionale francese, ruolo confermato fino al 2026. Dal 2022 \u00e8 anche direttrice associata dell\u2019Op\u00e9ra de Dijon, consolidando la sua presenza sulla scena lirica francese. Il suo catalogo di collaborazioni comprende importanti compagini, tra cui la Philharmonique de Monte-Carlo, l\u2019Orchestre Philharmonique de Strasbourg, l\u2019Orchestre National de Lyon, l&#8217;Orchestre National de France, l&#8217;Orchestre Philharmonie de Radio France, la Hamburg Symphony Orchestra e la Johannesburg Philharmonic. Parallelamente, Waldman porta avanti un forte impegno educativo, partecipando sin dalla fondazione al progetto D\u00e9mos della Philharmonie de Paris e valorizzando il ruolo sociale della musica. La sua registrazione con l&#8217;Orchestre National d&#8217;Avignon Provence&nbsp;<em>Charlotte Sohy, compositrice de la Belle Epoque&nbsp;<\/em>ha ricevuto numerosi premi nazionali e internazionali, tra cui Diapason D\u00e9couverte, Diamant Op\u00e9ra Magazine, 5 \u00e9toiles Classica, Nomination ai Premi Internazionali Classique.<\/p>\n\n\n\n<p>Biglietti da 9 a 25\u20ac salvo riduzioni\u00a0<br>I biglietti si possono acquistare online, presso la biglietteria del Teatro, o telefonando allo 059 2033010. Info\u00a0<a href=\"https:\/\/teatrocomunalemodena.voxmail.it\/nl\/pvop7w\/hp3dls\/j3iiyxi\/uf\/1\/aHR0cDovL3d3dy50ZWF0cm9jb211bmFsZW1vZGVuYS5pdC8?_d=B08&amp;_c=3b5b8da9\" target=\"_blank\" rel=\"noreferrer noopener\">www.teatrocomunalemodena.it<\/a>. <\/p>\n\n\n\n<p><br>Alessandro Roveri<\/p>\n\n\n\n<p>Ufficio Stampa<br>Fondazione Teatro Comunale di Modena<br><a href=\"http:\/\/www.teatrocomunalemodena.it\/\" target=\"_blank\" rel=\"noreferrer noopener\">www.teatrocomunalemodena.it<\/a><br>Via del Teatro 8, 41121 Modena<br><a href=\"mailto:aroveri@teatrocomunalemodena.it\" target=\"_blank\" rel=\"noreferrer noopener\">aroveri@teatrocomunalemodena.it<\/a><br>Tel. 059 203 3022<\/p>\n\n\n\n<p>foto<\/p>\n\n\n\n<figure class=\"wp-block-gallery has-nested-images columns-default is-cropped wp-block-gallery-1 is-layout-flex wp-block-gallery-is-layout-flex\">\n<figure class=\"wp-block-image size-large\"><a href=\"https:\/\/www.ecoitaliano.com.ar\/wp-content\/uploads\/2026\/01\/Portrait-Debora-Waldman-Credit-Edouard-Brane-2.jpg\"><img decoding=\"async\" width=\"683\" height=\"1024\" data-id=\"84468\" src=\"https:\/\/www.ecoitaliano.com.ar\/wp-content\/uploads\/2026\/01\/Portrait-Debora-Waldman-Credit-Edouard-Brane-2-683x1024.jpg\" alt=\"\" class=\"wp-image-84468\" srcset=\"https:\/\/www.ecoitaliano.com.ar\/wp-content\/uploads\/2026\/01\/Portrait-Debora-Waldman-Credit-Edouard-Brane-2-683x1024.jpg 683w, https:\/\/www.ecoitaliano.com.ar\/wp-content\/uploads\/2026\/01\/Portrait-Debora-Waldman-Credit-Edouard-Brane-2-200x300.jpg 200w, https:\/\/www.ecoitaliano.com.ar\/wp-content\/uploads\/2026\/01\/Portrait-Debora-Waldman-Credit-Edouard-Brane-2-768x1152.jpg 768w, https:\/\/www.ecoitaliano.com.ar\/wp-content\/uploads\/2026\/01\/Portrait-Debora-Waldman-Credit-Edouard-Brane-2-1024x1536.jpg 1024w, https:\/\/www.ecoitaliano.com.ar\/wp-content\/uploads\/2026\/01\/Portrait-Debora-Waldman-Credit-Edouard-Brane-2-1366x2048.jpg 1366w, https:\/\/www.ecoitaliano.com.ar\/wp-content\/uploads\/2026\/01\/Portrait-Debora-Waldman-Credit-Edouard-Brane-2-100x150.jpg 100w, https:\/\/www.ecoitaliano.com.ar\/wp-content\/uploads\/2026\/01\/Portrait-Debora-Waldman-Credit-Edouard-Brane-2.jpg 1707w\" sizes=\"(max-width: 683px) 100vw, 683px\" \/><\/a><\/figure>\n<\/figure>\n","protected":false},"excerpt":{"rendered":"<p>COMUNICATO STAMPAModena, 9 novembre 2025 CONCERTI: FILARMONICA DEL TEATRO DIRETTA DA DEBORA WALDMANDue vette del sinfonismo romantico nell\u2019interpretazione di Debora [&hellip;]<\/p>\n","protected":false},"author":1,"featured_media":0,"comment_status":"open","ping_status":"open","sticky":false,"template":"","format":"standard","meta":{"footnotes":""},"categories":[1],"tags":[],"class_list":["post-84466","post","type-post","status-publish","format-standard","hentry","category-sin-categoria"],"_links":{"self":[{"href":"https:\/\/www.ecoitaliano.com.ar\/index.php?rest_route=\/wp\/v2\/posts\/84466","targetHints":{"allow":["GET"]}}],"collection":[{"href":"https:\/\/www.ecoitaliano.com.ar\/index.php?rest_route=\/wp\/v2\/posts"}],"about":[{"href":"https:\/\/www.ecoitaliano.com.ar\/index.php?rest_route=\/wp\/v2\/types\/post"}],"author":[{"embeddable":true,"href":"https:\/\/www.ecoitaliano.com.ar\/index.php?rest_route=\/wp\/v2\/users\/1"}],"replies":[{"embeddable":true,"href":"https:\/\/www.ecoitaliano.com.ar\/index.php?rest_route=%2Fwp%2Fv2%2Fcomments&post=84466"}],"version-history":[{"count":2,"href":"https:\/\/www.ecoitaliano.com.ar\/index.php?rest_route=\/wp\/v2\/posts\/84466\/revisions"}],"predecessor-version":[{"id":84470,"href":"https:\/\/www.ecoitaliano.com.ar\/index.php?rest_route=\/wp\/v2\/posts\/84466\/revisions\/84470"}],"wp:attachment":[{"href":"https:\/\/www.ecoitaliano.com.ar\/index.php?rest_route=%2Fwp%2Fv2%2Fmedia&parent=84466"}],"wp:term":[{"taxonomy":"category","embeddable":true,"href":"https:\/\/www.ecoitaliano.com.ar\/index.php?rest_route=%2Fwp%2Fv2%2Fcategories&post=84466"},{"taxonomy":"post_tag","embeddable":true,"href":"https:\/\/www.ecoitaliano.com.ar\/index.php?rest_route=%2Fwp%2Fv2%2Ftags&post=84466"}],"curies":[{"name":"wp","href":"https:\/\/api.w.org\/{rel}","templated":true}]}}