{"id":84480,"date":"2026-01-10T02:17:39","date_gmt":"2026-01-10T02:17:39","guid":{"rendered":"https:\/\/www.ecoitaliano.com.ar\/?p=84480"},"modified":"2026-01-10T02:17:47","modified_gmt":"2026-01-10T02:17:47","slug":"serena-conduce-operaclassica-eco-italiano-4885","status":"publish","type":"post","link":"https:\/\/www.ecoitaliano.com.ar\/?p=84480","title":{"rendered":"Serena conduce operaclassica eco italiano"},"content":{"rendered":"<div class=\"wp-block-image\">\n<figure class=\"aligncenter size-full is-resized\"><a href=\"https:\/\/www.ecoitaliano.com.ar\/wp-content\/uploads\/2026\/01\/image-10.png\"><img decoding=\"async\" width=\"300\" height=\"97\" src=\"https:\/\/www.ecoitaliano.com.ar\/wp-content\/uploads\/2026\/01\/image-10.png\" alt=\"\" class=\"wp-image-84481\" style=\"width:268px;height:auto\" srcset=\"https:\/\/www.ecoitaliano.com.ar\/wp-content\/uploads\/2026\/01\/image-10.png 300w, https:\/\/www.ecoitaliano.com.ar\/wp-content\/uploads\/2026\/01\/image-10-150x49.png 150w\" sizes=\"(max-width: 300px) 100vw, 300px\" \/><\/a><\/figure><\/div>\n\n\n<figure class=\"wp-block-table\"><table class=\"has-fixed-layout\"><tbody><tr><td><strong>COMUNICATO STAMPA<\/strong>\u00a0<strong>LA STELLA PUCCINIANA CAROLINA L\u00d3PEZ MORENO<\/strong><strong>ACCENDE\u00a0<em>LA BOH\u00c8ME<\/em>\u00a0IMPRESSIONISTA DI LIVERMORE<\/strong>\u00a0<strong>Dal 14 al 25 gennaio 2026 al Teatro dell\u2019Opera di Roma<\/strong><strong>in coproduzione con il Palau de les Arts Reina Sof\u00eda di Valencia<\/strong>\u00a0<strong>La prima di mercoled\u00ec 14, ore 20, \u00e8 trasmessa\u00a0<\/strong><strong>in diretta su Radio3 Rai<\/strong>\u00a0\u00c8 un\u2019esperienza immersiva quella pensata per<em>\u00a0<strong>La boh\u00e8me<\/strong><\/em><strong>\u00a0di Giacomo Puccini<\/strong>\u00a0dal regista\u00a0<strong>Davide Livermore<\/strong>, autore anche di scene, costumi e luci. Un gioco straordinario di tecnologia reso possibile grazie al videomapping di\u00a0<strong>D-Wok<\/strong>\u00a0di cui, da oltre dieci anni, il regista torinese si avvale per modificare profondamente l\u2019estetica dell\u2019opera, usando strumenti tecnologici e superfici come elementi sensibili per raccontare. L\u2019allestimento, dopo le rappresentazioni all\u2019aperto, alle Terme di Caracalla (2014 e 2015) e al Circo Massimo (2021), dove la digital art \u00e8 stata protagonista, torna all\u2019<strong>Opera di Roma e indiretta su Radio3 Rai il 14 gennaio (ore 20)<\/strong>,<strong>\u00a0<\/strong>ripensato per lo spazio intimo del Teatro Costanzi.<em>\u00a0\u00abBoh\u00e8me non si studia, la si sa\u00a0<\/em>\u2013 dichiarava\u00a0<strong>Livermore<\/strong>\u00a0gi\u00e0 nel 2014 \u2013<em>; ed \u00e8 semplicemente perfetta, tanto perfetta da essere quasi una non-opera, una sorta di neo proto sceneggiatura cinematografica. Azioni ed emozioni vengono descritte con una precisione assoluta. Come raccontare questa storia oggi? Facendo Puccini, assecondando la sua miracolosa partitura fino in fondo. E cos\u00ec \u2013\u00a0<\/em>concludeva<em>\u00a0\u2013 questo allestimento ci porta nel 1896, nella contemporaneit\u00e0 della scrittura pucciniana, immergendoci nell\u2019arte visiva contemporanea alla prima rappresentazione di\u00a0<\/em>Boh\u00e8me<em>. Nell\u2019atelier di Marcello, che diventa sintesi di tutta l\u2019esperienza pittorica della Parigi fin de si\u00e8cle, le pitture amplificano il racconto degli affetti in musica\u00bb.<\/em><em>\u00a0<\/em>Sul podio dell\u2019Orchestra dell\u2019Opera di Roma torna\u00a0<strong>Jader Bignamini\u00a0<\/strong>che di\u00a0<em>Boh\u00e8me<\/em>\u00a0dice<strong>\u00a0<\/strong>\u00ab<em>non \u00e8 nostalgia. \u00c8 vita allo stato puro: piena, disordinata, improvvisa.<\/em>\u00a0<em>A Roma \u2013\u00a0<\/em>anticipa il direttore<em>\u00a0\u2013 questa produzione sar\u00e0 un\u2019occasione per restituire al pubblico il cuore pulsante dell\u2019opera: la semplicit\u00e0 delle emozioni che diventano universali, tra sogni mai realizzati e affetti che resistono oltre la fine\u00bb.\u00a0<\/em>Alla bacchetta di\u00a0<strong>Alessandro Palumbo\u00a0<\/strong>\u00e8 affidata la replica del 21 gennaio.\u00a0A dar voce al gruppo di giovani\u00a0<em>boh\u00e9miens<\/em>\u00a0protagonisti della vicenda narrata nel libretto di Luigi Illica e Giuseppe Giacosa, da\u00a0<em>Sc\u00e8nes de la vie de boh\u00e8me<\/em>\u00a0di Henri Murger e Th\u00e9odore Barri\u00e8re, sono chiamati diversi cast che si alternano nelle\u00a0<strong>undici recite dal 14 al 25 gennaio<\/strong>. A vestire i panni di Mim\u00ec \u00e8 l\u2019interprete pucciniana del momento,\u00a0<strong>Carolina L\u00f3pez Moreno<\/strong>\u00a0(14, 17, 20, 22, 25) reduce dai successi in questo ruolo oltre che, come Suor Angelica, (Festival di Edimburgo e BBC Proms 2025), Cio-Cio-San in\u00a0<em>Madama Butterfly<\/em>\u00a0(Maggio Musicale Fiorentino 2024), Magda ne\u00a0<em>La rondine<\/em>\u00a0(Barbican Hall, Londra 2024). Nel ruolo di Mim\u00ec sono chiamate anche\u00a0<strong>Maria Agresta<\/strong>\u00a0(15, 18, 24) e\u00a0<strong>Roberta Mantegna\u00a0<\/strong>(16, 21, 23).\u00a0<strong>Saimir Pirgu<\/strong>\u00a0(14, 17, 20, 22, 25) torna all\u2019Opera di Roma, dove ha gi\u00e0 interpretato i ruoli pucciniani di Pinkerton (Circo Massimo 2021) e Cavaradossi (Caracalla 2024), ma mai quello di Rodolfo.<strong>\u00a0<\/strong>Nei panni del poeta cantano anche\u00a0<strong>Francesco Demuro<\/strong>\u00a0(15,18, 24) e\u00a0<strong>Ren\u00e9 Barbera\u00a0<\/strong>(16, 21, 23). Il pittore Marcello \u00e8 interpretato da\u00a0<strong>Nicola Alaimo<\/strong>\u00a0(14, 17, 18, 20, 22),\u00a0<strong>Vittorio Prato\u00a0<\/strong>(15, 16, 21, 23, 24) e\u00a0<strong>Biagio Pizzuti\u00a0<\/strong>(25); quest\u2019ultimo \u00e8 anche Schaunard (15, 16, 18, 21, 23), in alternanza con\u00a0<strong>Alessio Arduini<\/strong>\u00a0(14, 17, 20, 22, 24, 25). Musetta \u00e8 interpretata da\u00a0<strong>Desir\u00e9e Rancatore\u00a0<\/strong>(14, 17, 18, 20, 22, 25) ed\u00a0<strong>Elisa Balbo\u00a0<\/strong>(15, 16, 21, 23, 24), il filosofo Colline da\u00a0<strong>William Thomas\u00a0<\/strong>(14, 17, 18, 20, 22, 25) e\u00a0<strong>Manuel Fuentes<\/strong>\u00a0(15, 16, 21, 23, 24), Beno\u00eet e Alcindoro da\u00a0<strong>Matteo Peirone<\/strong>.In scena in tutti gli spettacoli il\u00a0<strong>Coro del Teatro dell\u2019Opera di Roma<\/strong>\u00a0diretto da\u00a0<strong>Ciro Visco<\/strong>, con la partecipazione della\u00a0<strong>Scuola di Canto Corale\u00a0<\/strong>(Maestro<strong>\u00a0Alberto de Sanctis<\/strong>).\u00a0Dopo la \u2018prima\u2019 di mercoled\u00ec 14 gennaio (ore 20.00), anche in diretta su Radio3 Rai,\u00a0<em>La boh\u00e8me<\/em>\u00a0di Puccini firmata da Davide Livermore torna in scena gioved\u00ec 15 (ore 20.00), venerd\u00ec 16 (ore 20.00), sabato 17 (ore 18.00), domenica 18 (ore 16.30), marted\u00ec 20 (ore 20.00), mercoled\u00ec 21 (ore 20.00), gioved\u00ec 22 (ore 20.00), venerd\u00ec 23 (ore 20.00), sabato 24 (ore 18.00) e domenica 25 gennaio (ore 16.30).\u00a0\u00a0<strong>Info:<\/strong><a href=\"https:\/\/fondazioneteatrodelloperadirom.musvc2.net\/e\/tr?q=8%3dNbLcL%26E%3dD%26I%3dKZGa%267%3dTFdNaK%26P%3dzM6KA_Kcxh_VM_Mivb_WX_Kcxh_URREP.1KwKmM7Fm.DB_Kcxh_URIwP5_Mivb_WX6tM1L6HsL-s644_4vks_Dk%26v%3dF7ND6D.IwM%26uN%3dOUEa%26BL%3dDeJYLVRbCYIULZ%26z%3d7IatTEcI7r9Q9mcMbIXRan8PbG7O7F0KUm8LXE9PWD0tVq6OTo6RTnVxVHWK6s4mUnXK&amp;mupckp=mupAtu4m8OiX0wt\" target=\"_blank\" rel=\"noreferrer noopener\">\u00a0https:\/\/www.operaroma.it\/spettacoli\/la-boheme-4\/<\/a> <strong>9 gennaio 2026<\/strong><strong>\u00a0<\/strong><strong>TEATRO DELL\u2019OPERA DI ROMA<\/strong><strong>Cosimo Manicone<\/strong>Responsabile Ufficio Stampa<a href=\"mailto:cosimo.manicone@operaroma.it\" target=\"_blank\" rel=\"noreferrer noopener\">cosimo.manicone@operaroma.it<\/a>\u00a0\u00a0<strong>DOPPIO SOGNO \u2013 STAGIONE 2025\/2026 DEL TEATRO DELL\u2019OPERA DI ROMA<\/strong>\u00a0<strong><em>La boh\u00e8me<\/em><\/strong>Musica di\u00a0<strong>Giacomo Puccini<\/strong>Scene liriche in quattro quadriLibretto di\u00a0<strong>Luigi Illica<\/strong>\u00a0e\u00a0<strong>Giuseppe Giacosa d<\/strong>a\u00a0<em>Sc\u00e8nes de la vie de boh\u00e8me<\/em>\u00a0di\u00a0<strong>Henri Murger<\/strong>\u00a0e\u00a0<strong>Th\u00e9odore Barri\u00e8re<\/strong>\u00a0Direttore\u00a0<strong>Jader Bignamini<\/strong>\u00a0e\u00a0<strong>Alessandro Palumbo<\/strong>\u00a0(21 gennaio)Regia, scene, costumi, luci\u00a0<strong>Davide Livermore<\/strong>\u00a0Maestro del Coro\u00a0<strong>Ciro Visco<\/strong>Video<strong>\u00a0D-Wok<\/strong><strong>\u00a0<\/strong>PERSONAGGI e INTERPRETI\u00a0Rodolfo<strong>Saimir Pirgu\u00a0<\/strong>14, 17, 20, 22, 25\/<strong>\u00a0Francesco Demuro\u00a0<\/strong>15, 18, 24<strong>\u00a0<\/strong>\/\u00a0<strong>Ren\u00e9 Barbera\u00a0<\/strong>16, 21, 23\u00a0Schaunard<strong>Alessio Arduini\u00a0<\/strong>14, 17, 20, 22, 24, 25 \/<strong>\u00a0Biagio Pizzuti\u00a0<\/strong>15, 16, 18, 21, 23<strong>\u00a0<\/strong>Mim\u00ec<strong>Carolina L\u00f3pez<\/strong>\u00a0<strong>Moreno\u00a0<\/strong>14, 17, 20, 22, 25<strong>\u00a0<\/strong>\/<strong>\u00a0Maria Agresta\u00a0<\/strong>15, 18, 24 \/\u00a0<strong>Roberta Mantegna\u00a0<\/strong>16, 21, 23\u00a0Marcello<strong>Nicola Alaimo\u00a0<\/strong>14, 17, 18, 20, 22 \/\u00a0<strong>Vittorio Prato\u00a0<\/strong>15, 16, 21, 23, 24 \/\u00a0<strong>Biagio Pizzuti<\/strong>\u00a025<strong>\u00a0<\/strong>Colline<strong>William Thomas\u00a0<\/strong>14, 17, 18, 20, 22, 25 \/\u00a0<strong>Manuel Fuentes\u00a0<\/strong>15, 16, 21, 23, 24\u00a0Musetta<strong>Desir\u00e9e Rancatore\u00a0<\/strong>14, 17, 18, 20, 22, 25\/\u00a0<strong>Elisa Balbo\u00a0<\/strong>15, 16, 21, 23, 24<strong>\u00a0<\/strong>Beno\u00eet\/Alcindoro<strong>Matteo Peirone<\/strong>\u00a0<strong>\u00a0<\/strong><strong>Orchestra e Coro del Teatro dell\u2019Opera di Roma<\/strong>con la partecipazione della\u00a0<strong>Scuola di Canto Corale del Teatro dell\u2019Opera<\/strong>\u00a0(maestro\u00a0<strong>Alberto de Sanctis<\/strong>)\u00a0<strong>Allestimento Teatro dell\u2019Opera di Roma<\/strong><strong>in collaborazione con Palau de les Arts Reina Sof\u00eda di Valencia<\/strong>\u00a0\u00a0<strong>TEATRO COSTANZI<\/strong><strong>prima rappresentazione<\/strong>\u00a0mercoled\u00ec 14 gennaio, ore 20.00, in diretta su Radio3 Rai<strong>repliche<\/strong>gioved\u00ec 15 gennaio, ore 20.00venerd\u00ec 16 gennaio, ore 20.00sabato 17 gennaio ore 18.00domenica 18 gennaio, ore 16.30marted\u00ec 20 gennaio, ore 20.00mercoled\u00ec 21 gennaio, ore 20.00gioved\u00ec 22 gennaio, ore 20.00venerd\u00ec 23 gennaio, ore 20.00sabato 24 gennaio, ore 18.00domenica 25 gennaio ore 16.30\u00a0\u00a0\u00a0\u00a0<\/td><\/tr><\/tbody><\/table><\/figure>\n\n\n\n<figure class=\"wp-block-table\"><table class=\"has-fixed-layout\"><tbody><tr><td><img decoding=\"async\" src=\"https:\/\/fondazioneteatrodelloperadirom.img.musvc2.net\/static\/69084\/images\/2\/51111a50cb0b42a6bcd886505ddbf941.jpg\" width=\"300\" alt=\"Image\" height=\"auto\"><\/td><\/tr><\/tbody><\/table><\/figure>\n\n\n\n<p>foto<\/p>\n\n\n\n<figure class=\"wp-block-gallery has-nested-images columns-default is-cropped wp-block-gallery-1 is-layout-flex wp-block-gallery-is-layout-flex\">\n<figure class=\"wp-block-image size-large\"><a href=\"https:\/\/www.ecoitaliano.com.ar\/wp-content\/uploads\/2026\/01\/Carolina-Lopez-Moreno-7K6A7613-1ph_credito_Nadeesha-Rathnayake.jpg\"><img decoding=\"async\" width=\"683\" height=\"1024\" data-id=\"84482\" src=\"https:\/\/www.ecoitaliano.com.ar\/wp-content\/uploads\/2026\/01\/Carolina-Lopez-Moreno-7K6A7613-1ph_credito_Nadeesha-Rathnayake-683x1024.jpg\" alt=\"\" class=\"wp-image-84482\" srcset=\"https:\/\/www.ecoitaliano.com.ar\/wp-content\/uploads\/2026\/01\/Carolina-Lopez-Moreno-7K6A7613-1ph_credito_Nadeesha-Rathnayake-683x1024.jpg 683w, https:\/\/www.ecoitaliano.com.ar\/wp-content\/uploads\/2026\/01\/Carolina-Lopez-Moreno-7K6A7613-1ph_credito_Nadeesha-Rathnayake-200x300.jpg 200w, https:\/\/www.ecoitaliano.com.ar\/wp-content\/uploads\/2026\/01\/Carolina-Lopez-Moreno-7K6A7613-1ph_credito_Nadeesha-Rathnayake-768x1152.jpg 768w, https:\/\/www.ecoitaliano.com.ar\/wp-content\/uploads\/2026\/01\/Carolina-Lopez-Moreno-7K6A7613-1ph_credito_Nadeesha-Rathnayake-1024x1536.jpg 1024w, https:\/\/www.ecoitaliano.com.ar\/wp-content\/uploads\/2026\/01\/Carolina-Lopez-Moreno-7K6A7613-1ph_credito_Nadeesha-Rathnayake-1366x2048.jpg 1366w, https:\/\/www.ecoitaliano.com.ar\/wp-content\/uploads\/2026\/01\/Carolina-Lopez-Moreno-7K6A7613-1ph_credito_Nadeesha-Rathnayake-100x150.jpg 100w, https:\/\/www.ecoitaliano.com.ar\/wp-content\/uploads\/2026\/01\/Carolina-Lopez-Moreno-7K6A7613-1ph_credito_Nadeesha-Rathnayake.jpg 1707w\" sizes=\"(max-width: 683px) 100vw, 683px\" \/><\/a><\/figure>\n\n\n\n<figure class=\"wp-block-image size-large\"><a href=\"https:\/\/www.ecoitaliano.com.ar\/wp-content\/uploads\/2026\/01\/Davide-Livermore_ph-Francesco-Maria-Colombo-1.jpg\"><img decoding=\"async\" width=\"1024\" height=\"767\" data-id=\"84483\" src=\"https:\/\/www.ecoitaliano.com.ar\/wp-content\/uploads\/2026\/01\/Davide-Livermore_ph-Francesco-Maria-Colombo-1-1024x767.jpg\" alt=\"\" class=\"wp-image-84483\" srcset=\"https:\/\/www.ecoitaliano.com.ar\/wp-content\/uploads\/2026\/01\/Davide-Livermore_ph-Francesco-Maria-Colombo-1-1024x767.jpg 1024w, https:\/\/www.ecoitaliano.com.ar\/wp-content\/uploads\/2026\/01\/Davide-Livermore_ph-Francesco-Maria-Colombo-1-300x225.jpg 300w, https:\/\/www.ecoitaliano.com.ar\/wp-content\/uploads\/2026\/01\/Davide-Livermore_ph-Francesco-Maria-Colombo-1-768x576.jpg 768w, https:\/\/www.ecoitaliano.com.ar\/wp-content\/uploads\/2026\/01\/Davide-Livermore_ph-Francesco-Maria-Colombo-1-1536x1151.jpg 1536w, https:\/\/www.ecoitaliano.com.ar\/wp-content\/uploads\/2026\/01\/Davide-Livermore_ph-Francesco-Maria-Colombo-1-150x112.jpg 150w, https:\/\/www.ecoitaliano.com.ar\/wp-content\/uploads\/2026\/01\/Davide-Livermore_ph-Francesco-Maria-Colombo-1.jpg 1920w\" sizes=\"(max-width: 1024px) 100vw, 1024px\" \/><\/a><\/figure>\n\n\n\n<figure class=\"wp-block-image size-large\"><a href=\"https:\/\/www.ecoitaliano.com.ar\/wp-content\/uploads\/2026\/01\/Franceco-Demuro-18_ph_Elena-Cherkashyna.jpg\"><img decoding=\"async\" width=\"683\" height=\"1024\" data-id=\"84484\" src=\"https:\/\/www.ecoitaliano.com.ar\/wp-content\/uploads\/2026\/01\/Franceco-Demuro-18_ph_Elena-Cherkashyna-683x1024.jpg\" alt=\"\" class=\"wp-image-84484\" srcset=\"https:\/\/www.ecoitaliano.com.ar\/wp-content\/uploads\/2026\/01\/Franceco-Demuro-18_ph_Elena-Cherkashyna-683x1024.jpg 683w, https:\/\/www.ecoitaliano.com.ar\/wp-content\/uploads\/2026\/01\/Franceco-Demuro-18_ph_Elena-Cherkashyna-200x300.jpg 200w, https:\/\/www.ecoitaliano.com.ar\/wp-content\/uploads\/2026\/01\/Franceco-Demuro-18_ph_Elena-Cherkashyna-768x1152.jpg 768w, https:\/\/www.ecoitaliano.com.ar\/wp-content\/uploads\/2026\/01\/Franceco-Demuro-18_ph_Elena-Cherkashyna-1024x1536.jpg 1024w, https:\/\/www.ecoitaliano.com.ar\/wp-content\/uploads\/2026\/01\/Franceco-Demuro-18_ph_Elena-Cherkashyna-1366x2048.jpg 1366w, https:\/\/www.ecoitaliano.com.ar\/wp-content\/uploads\/2026\/01\/Franceco-Demuro-18_ph_Elena-Cherkashyna-100x150.jpg 100w, https:\/\/www.ecoitaliano.com.ar\/wp-content\/uploads\/2026\/01\/Franceco-Demuro-18_ph_Elena-Cherkashyna.jpg 1707w\" sizes=\"(max-width: 683px) 100vw, 683px\" \/><\/a><\/figure>\n\n\n\n<figure class=\"wp-block-image size-large\"><a href=\"https:\/\/www.ecoitaliano.com.ar\/wp-content\/uploads\/2026\/01\/Jader-Bignamini_ph-Justin-Milhouse-799.jpg\"><img decoding=\"async\" width=\"683\" height=\"1024\" data-id=\"84485\" src=\"https:\/\/www.ecoitaliano.com.ar\/wp-content\/uploads\/2026\/01\/Jader-Bignamini_ph-Justin-Milhouse-799-683x1024.jpg\" alt=\"\" class=\"wp-image-84485\" srcset=\"https:\/\/www.ecoitaliano.com.ar\/wp-content\/uploads\/2026\/01\/Jader-Bignamini_ph-Justin-Milhouse-799-683x1024.jpg 683w, https:\/\/www.ecoitaliano.com.ar\/wp-content\/uploads\/2026\/01\/Jader-Bignamini_ph-Justin-Milhouse-799-200x300.jpg 200w, https:\/\/www.ecoitaliano.com.ar\/wp-content\/uploads\/2026\/01\/Jader-Bignamini_ph-Justin-Milhouse-799-768x1152.jpg 768w, https:\/\/www.ecoitaliano.com.ar\/wp-content\/uploads\/2026\/01\/Jader-Bignamini_ph-Justin-Milhouse-799-1024x1536.jpg 1024w, https:\/\/www.ecoitaliano.com.ar\/wp-content\/uploads\/2026\/01\/Jader-Bignamini_ph-Justin-Milhouse-799-1366x2048.jpg 1366w, https:\/\/www.ecoitaliano.com.ar\/wp-content\/uploads\/2026\/01\/Jader-Bignamini_ph-Justin-Milhouse-799-100x150.jpg 100w, https:\/\/www.ecoitaliano.com.ar\/wp-content\/uploads\/2026\/01\/Jader-Bignamini_ph-Justin-Milhouse-799.jpg 1707w\" sizes=\"(max-width: 683px) 100vw, 683px\" \/><\/a><\/figure>\n\n\n\n<figure class=\"wp-block-image size-large\"><a href=\"https:\/\/www.ecoitaliano.com.ar\/wp-content\/uploads\/2026\/01\/La-boheme_Yasuko-Kageyama-Teatro-dell_Opera-di-Roma-2015_2621.jpg\"><img decoding=\"async\" width=\"1024\" height=\"683\" data-id=\"84486\" src=\"https:\/\/www.ecoitaliano.com.ar\/wp-content\/uploads\/2026\/01\/La-boheme_Yasuko-Kageyama-Teatro-dell_Opera-di-Roma-2015_2621-1024x683.jpg\" alt=\"\" class=\"wp-image-84486\" srcset=\"https:\/\/www.ecoitaliano.com.ar\/wp-content\/uploads\/2026\/01\/La-boheme_Yasuko-Kageyama-Teatro-dell_Opera-di-Roma-2015_2621-1024x683.jpg 1024w, https:\/\/www.ecoitaliano.com.ar\/wp-content\/uploads\/2026\/01\/La-boheme_Yasuko-Kageyama-Teatro-dell_Opera-di-Roma-2015_2621-300x200.jpg 300w, https:\/\/www.ecoitaliano.com.ar\/wp-content\/uploads\/2026\/01\/La-boheme_Yasuko-Kageyama-Teatro-dell_Opera-di-Roma-2015_2621-768x512.jpg 768w, https:\/\/www.ecoitaliano.com.ar\/wp-content\/uploads\/2026\/01\/La-boheme_Yasuko-Kageyama-Teatro-dell_Opera-di-Roma-2015_2621-1536x1024.jpg 1536w, https:\/\/www.ecoitaliano.com.ar\/wp-content\/uploads\/2026\/01\/La-boheme_Yasuko-Kageyama-Teatro-dell_Opera-di-Roma-2015_2621-2048x1366.jpg 2048w, https:\/\/www.ecoitaliano.com.ar\/wp-content\/uploads\/2026\/01\/La-boheme_Yasuko-Kageyama-Teatro-dell_Opera-di-Roma-2015_2621-150x100.jpg 150w\" sizes=\"(max-width: 1024px) 100vw, 1024px\" \/><\/a><\/figure>\n\n\n\n<figure class=\"wp-block-image size-large\"><a href=\"https:\/\/www.ecoitaliano.com.ar\/wp-content\/uploads\/2026\/01\/La-boheme_Yasuko-Kageyama-Teatro-dell_Opera-di-Roma-2015_2624.jpg\"><img decoding=\"async\" width=\"1024\" height=\"768\" data-id=\"84487\" src=\"https:\/\/www.ecoitaliano.com.ar\/wp-content\/uploads\/2026\/01\/La-boheme_Yasuko-Kageyama-Teatro-dell_Opera-di-Roma-2015_2624-1024x768.jpg\" alt=\"\" class=\"wp-image-84487\" srcset=\"https:\/\/www.ecoitaliano.com.ar\/wp-content\/uploads\/2026\/01\/La-boheme_Yasuko-Kageyama-Teatro-dell_Opera-di-Roma-2015_2624-1024x768.jpg 1024w, https:\/\/www.ecoitaliano.com.ar\/wp-content\/uploads\/2026\/01\/La-boheme_Yasuko-Kageyama-Teatro-dell_Opera-di-Roma-2015_2624-300x225.jpg 300w, https:\/\/www.ecoitaliano.com.ar\/wp-content\/uploads\/2026\/01\/La-boheme_Yasuko-Kageyama-Teatro-dell_Opera-di-Roma-2015_2624-768x576.jpg 768w, https:\/\/www.ecoitaliano.com.ar\/wp-content\/uploads\/2026\/01\/La-boheme_Yasuko-Kageyama-Teatro-dell_Opera-di-Roma-2015_2624-1536x1152.jpg 1536w, https:\/\/www.ecoitaliano.com.ar\/wp-content\/uploads\/2026\/01\/La-boheme_Yasuko-Kageyama-Teatro-dell_Opera-di-Roma-2015_2624-2048x1536.jpg 2048w, https:\/\/www.ecoitaliano.com.ar\/wp-content\/uploads\/2026\/01\/La-boheme_Yasuko-Kageyama-Teatro-dell_Opera-di-Roma-2015_2624-150x112.jpg 150w\" sizes=\"(max-width: 1024px) 100vw, 1024px\" \/><\/a><\/figure>\n\n\n\n<figure class=\"wp-block-image size-large\"><a href=\"https:\/\/www.ecoitaliano.com.ar\/wp-content\/uploads\/2026\/01\/La-boheme_Yasuko-Kageyama-Teatro-dell_Opera-di-Roma-2015_2633.jpg\"><img decoding=\"async\" width=\"1024\" height=\"683\" data-id=\"84488\" src=\"https:\/\/www.ecoitaliano.com.ar\/wp-content\/uploads\/2026\/01\/La-boheme_Yasuko-Kageyama-Teatro-dell_Opera-di-Roma-2015_2633-1024x683.jpg\" alt=\"\" class=\"wp-image-84488\" srcset=\"https:\/\/www.ecoitaliano.com.ar\/wp-content\/uploads\/2026\/01\/La-boheme_Yasuko-Kageyama-Teatro-dell_Opera-di-Roma-2015_2633-1024x683.jpg 1024w, https:\/\/www.ecoitaliano.com.ar\/wp-content\/uploads\/2026\/01\/La-boheme_Yasuko-Kageyama-Teatro-dell_Opera-di-Roma-2015_2633-300x200.jpg 300w, https:\/\/www.ecoitaliano.com.ar\/wp-content\/uploads\/2026\/01\/La-boheme_Yasuko-Kageyama-Teatro-dell_Opera-di-Roma-2015_2633-768x512.jpg 768w, https:\/\/www.ecoitaliano.com.ar\/wp-content\/uploads\/2026\/01\/La-boheme_Yasuko-Kageyama-Teatro-dell_Opera-di-Roma-2015_2633-1536x1024.jpg 1536w, https:\/\/www.ecoitaliano.com.ar\/wp-content\/uploads\/2026\/01\/La-boheme_Yasuko-Kageyama-Teatro-dell_Opera-di-Roma-2015_2633-2048x1366.jpg 2048w, https:\/\/www.ecoitaliano.com.ar\/wp-content\/uploads\/2026\/01\/La-boheme_Yasuko-Kageyama-Teatro-dell_Opera-di-Roma-2015_2633-150x100.jpg 150w\" sizes=\"(max-width: 1024px) 100vw, 1024px\" \/><\/a><\/figure>\n\n\n\n<figure class=\"wp-block-image size-large\"><a href=\"https:\/\/www.ecoitaliano.com.ar\/wp-content\/uploads\/2026\/01\/La-boheme_Yasuko-Kageyama-Teatro-dell_Opera-di-Roma-2015_2671.jpg\"><img decoding=\"async\" width=\"1024\" height=\"683\" data-id=\"84489\" src=\"https:\/\/www.ecoitaliano.com.ar\/wp-content\/uploads\/2026\/01\/La-boheme_Yasuko-Kageyama-Teatro-dell_Opera-di-Roma-2015_2671-1024x683.jpg\" alt=\"\" class=\"wp-image-84489\" srcset=\"https:\/\/www.ecoitaliano.com.ar\/wp-content\/uploads\/2026\/01\/La-boheme_Yasuko-Kageyama-Teatro-dell_Opera-di-Roma-2015_2671-1024x683.jpg 1024w, https:\/\/www.ecoitaliano.com.ar\/wp-content\/uploads\/2026\/01\/La-boheme_Yasuko-Kageyama-Teatro-dell_Opera-di-Roma-2015_2671-300x200.jpg 300w, https:\/\/www.ecoitaliano.com.ar\/wp-content\/uploads\/2026\/01\/La-boheme_Yasuko-Kageyama-Teatro-dell_Opera-di-Roma-2015_2671-768x512.jpg 768w, https:\/\/www.ecoitaliano.com.ar\/wp-content\/uploads\/2026\/01\/La-boheme_Yasuko-Kageyama-Teatro-dell_Opera-di-Roma-2015_2671-1536x1024.jpg 1536w, https:\/\/www.ecoitaliano.com.ar\/wp-content\/uploads\/2026\/01\/La-boheme_Yasuko-Kageyama-Teatro-dell_Opera-di-Roma-2015_2671-2048x1365.jpg 2048w, https:\/\/www.ecoitaliano.com.ar\/wp-content\/uploads\/2026\/01\/La-boheme_Yasuko-Kageyama-Teatro-dell_Opera-di-Roma-2015_2671-150x100.jpg 150w\" sizes=\"(max-width: 1024px) 100vw, 1024px\" \/><\/a><\/figure>\n\n\n\n<figure class=\"wp-block-image size-large\"><a href=\"https:\/\/www.ecoitaliano.com.ar\/wp-content\/uploads\/2026\/01\/La-boheme_Yasuko-Kageyama-Teatro-dell_Opera-di-Roma-2015_2676.jpg\"><img decoding=\"async\" width=\"1024\" height=\"683\" data-id=\"84490\" src=\"https:\/\/www.ecoitaliano.com.ar\/wp-content\/uploads\/2026\/01\/La-boheme_Yasuko-Kageyama-Teatro-dell_Opera-di-Roma-2015_2676-1024x683.jpg\" alt=\"\" class=\"wp-image-84490\" srcset=\"https:\/\/www.ecoitaliano.com.ar\/wp-content\/uploads\/2026\/01\/La-boheme_Yasuko-Kageyama-Teatro-dell_Opera-di-Roma-2015_2676-1024x683.jpg 1024w, https:\/\/www.ecoitaliano.com.ar\/wp-content\/uploads\/2026\/01\/La-boheme_Yasuko-Kageyama-Teatro-dell_Opera-di-Roma-2015_2676-300x200.jpg 300w, https:\/\/www.ecoitaliano.com.ar\/wp-content\/uploads\/2026\/01\/La-boheme_Yasuko-Kageyama-Teatro-dell_Opera-di-Roma-2015_2676-768x512.jpg 768w, https:\/\/www.ecoitaliano.com.ar\/wp-content\/uploads\/2026\/01\/La-boheme_Yasuko-Kageyama-Teatro-dell_Opera-di-Roma-2015_2676-1536x1024.jpg 1536w, https:\/\/www.ecoitaliano.com.ar\/wp-content\/uploads\/2026\/01\/La-boheme_Yasuko-Kageyama-Teatro-dell_Opera-di-Roma-2015_2676-2048x1366.jpg 2048w, https:\/\/www.ecoitaliano.com.ar\/wp-content\/uploads\/2026\/01\/La-boheme_Yasuko-Kageyama-Teatro-dell_Opera-di-Roma-2015_2676-150x100.jpg 150w\" sizes=\"(max-width: 1024px) 100vw, 1024px\" \/><\/a><\/figure>\n\n\n\n<figure class=\"wp-block-image size-large\"><a href=\"https:\/\/www.ecoitaliano.com.ar\/wp-content\/uploads\/2026\/01\/La-boheme_Yasuko-Kageyama-Teatro-dell_Opera-di-Roma-2015_2793.jpg\"><img decoding=\"async\" width=\"1024\" height=\"576\" data-id=\"84491\" src=\"https:\/\/www.ecoitaliano.com.ar\/wp-content\/uploads\/2026\/01\/La-boheme_Yasuko-Kageyama-Teatro-dell_Opera-di-Roma-2015_2793-1024x576.jpg\" alt=\"\" class=\"wp-image-84491\" srcset=\"https:\/\/www.ecoitaliano.com.ar\/wp-content\/uploads\/2026\/01\/La-boheme_Yasuko-Kageyama-Teatro-dell_Opera-di-Roma-2015_2793-1024x576.jpg 1024w, https:\/\/www.ecoitaliano.com.ar\/wp-content\/uploads\/2026\/01\/La-boheme_Yasuko-Kageyama-Teatro-dell_Opera-di-Roma-2015_2793-300x169.jpg 300w, https:\/\/www.ecoitaliano.com.ar\/wp-content\/uploads\/2026\/01\/La-boheme_Yasuko-Kageyama-Teatro-dell_Opera-di-Roma-2015_2793-768x432.jpg 768w, https:\/\/www.ecoitaliano.com.ar\/wp-content\/uploads\/2026\/01\/La-boheme_Yasuko-Kageyama-Teatro-dell_Opera-di-Roma-2015_2793-1536x864.jpg 1536w, https:\/\/www.ecoitaliano.com.ar\/wp-content\/uploads\/2026\/01\/La-boheme_Yasuko-Kageyama-Teatro-dell_Opera-di-Roma-2015_2793-2048x1152.jpg 2048w, https:\/\/www.ecoitaliano.com.ar\/wp-content\/uploads\/2026\/01\/La-boheme_Yasuko-Kageyama-Teatro-dell_Opera-di-Roma-2015_2793-150x84.jpg 150w\" sizes=\"(max-width: 1024px) 100vw, 1024px\" \/><\/a><\/figure>\n\n\n\n<figure class=\"wp-block-image size-large\"><a href=\"https:\/\/www.ecoitaliano.com.ar\/wp-content\/uploads\/2026\/01\/La-boheme_Yasuko-Kageyama-Teatro-dell_Opera-di-Roma-2015_2886.jpg\"><img decoding=\"async\" width=\"1024\" height=\"576\" data-id=\"84492\" src=\"https:\/\/www.ecoitaliano.com.ar\/wp-content\/uploads\/2026\/01\/La-boheme_Yasuko-Kageyama-Teatro-dell_Opera-di-Roma-2015_2886-1024x576.jpg\" alt=\"\" class=\"wp-image-84492\" srcset=\"https:\/\/www.ecoitaliano.com.ar\/wp-content\/uploads\/2026\/01\/La-boheme_Yasuko-Kageyama-Teatro-dell_Opera-di-Roma-2015_2886-1024x576.jpg 1024w, https:\/\/www.ecoitaliano.com.ar\/wp-content\/uploads\/2026\/01\/La-boheme_Yasuko-Kageyama-Teatro-dell_Opera-di-Roma-2015_2886-300x169.jpg 300w, https:\/\/www.ecoitaliano.com.ar\/wp-content\/uploads\/2026\/01\/La-boheme_Yasuko-Kageyama-Teatro-dell_Opera-di-Roma-2015_2886-768x432.jpg 768w, https:\/\/www.ecoitaliano.com.ar\/wp-content\/uploads\/2026\/01\/La-boheme_Yasuko-Kageyama-Teatro-dell_Opera-di-Roma-2015_2886-1536x864.jpg 1536w, https:\/\/www.ecoitaliano.com.ar\/wp-content\/uploads\/2026\/01\/La-boheme_Yasuko-Kageyama-Teatro-dell_Opera-di-Roma-2015_2886-2048x1152.jpg 2048w, https:\/\/www.ecoitaliano.com.ar\/wp-content\/uploads\/2026\/01\/La-boheme_Yasuko-Kageyama-Teatro-dell_Opera-di-Roma-2015_2886-150x84.jpg 150w\" sizes=\"(max-width: 1024px) 100vw, 1024px\" \/><\/a><\/figure>\n\n\n\n<figure class=\"wp-block-image size-large\"><a href=\"https:\/\/www.ecoitaliano.com.ar\/wp-content\/uploads\/2026\/01\/Maria-Agresta_ph-Elisa-Rinaldi-credits.jpg\"><img decoding=\"async\" width=\"683\" height=\"1024\" data-id=\"84493\" src=\"https:\/\/www.ecoitaliano.com.ar\/wp-content\/uploads\/2026\/01\/Maria-Agresta_ph-Elisa-Rinaldi-credits-683x1024.jpg\" alt=\"\" class=\"wp-image-84493\" srcset=\"https:\/\/www.ecoitaliano.com.ar\/wp-content\/uploads\/2026\/01\/Maria-Agresta_ph-Elisa-Rinaldi-credits-683x1024.jpg 683w, https:\/\/www.ecoitaliano.com.ar\/wp-content\/uploads\/2026\/01\/Maria-Agresta_ph-Elisa-Rinaldi-credits-200x300.jpg 200w, https:\/\/www.ecoitaliano.com.ar\/wp-content\/uploads\/2026\/01\/Maria-Agresta_ph-Elisa-Rinaldi-credits-768x1152.jpg 768w, https:\/\/www.ecoitaliano.com.ar\/wp-content\/uploads\/2026\/01\/Maria-Agresta_ph-Elisa-Rinaldi-credits-1024x1536.jpg 1024w, https:\/\/www.ecoitaliano.com.ar\/wp-content\/uploads\/2026\/01\/Maria-Agresta_ph-Elisa-Rinaldi-credits-1366x2048.jpg 1366w, https:\/\/www.ecoitaliano.com.ar\/wp-content\/uploads\/2026\/01\/Maria-Agresta_ph-Elisa-Rinaldi-credits-100x150.jpg 100w, https:\/\/www.ecoitaliano.com.ar\/wp-content\/uploads\/2026\/01\/Maria-Agresta_ph-Elisa-Rinaldi-credits.jpg 1707w\" sizes=\"(max-width: 683px) 100vw, 683px\" \/><\/a><\/figure>\n\n\n\n<figure class=\"wp-block-image size-large\"><a href=\"https:\/\/www.ecoitaliano.com.ar\/wp-content\/uploads\/2026\/01\/Roberta-Mantegna_ph-Fabrizio-Sansoni-Teatro-dell_Opera-di-Roma-_0898.jpg\"><img decoding=\"async\" width=\"684\" height=\"1024\" data-id=\"84494\" src=\"https:\/\/www.ecoitaliano.com.ar\/wp-content\/uploads\/2026\/01\/Roberta-Mantegna_ph-Fabrizio-Sansoni-Teatro-dell_Opera-di-Roma-_0898-684x1024.jpg\" alt=\"\" class=\"wp-image-84494\" srcset=\"https:\/\/www.ecoitaliano.com.ar\/wp-content\/uploads\/2026\/01\/Roberta-Mantegna_ph-Fabrizio-Sansoni-Teatro-dell_Opera-di-Roma-_0898-684x1024.jpg 684w, https:\/\/www.ecoitaliano.com.ar\/wp-content\/uploads\/2026\/01\/Roberta-Mantegna_ph-Fabrizio-Sansoni-Teatro-dell_Opera-di-Roma-_0898-200x300.jpg 200w, https:\/\/www.ecoitaliano.com.ar\/wp-content\/uploads\/2026\/01\/Roberta-Mantegna_ph-Fabrizio-Sansoni-Teatro-dell_Opera-di-Roma-_0898-768x1150.jpg 768w, https:\/\/www.ecoitaliano.com.ar\/wp-content\/uploads\/2026\/01\/Roberta-Mantegna_ph-Fabrizio-Sansoni-Teatro-dell_Opera-di-Roma-_0898-1026x1536.jpg 1026w, https:\/\/www.ecoitaliano.com.ar\/wp-content\/uploads\/2026\/01\/Roberta-Mantegna_ph-Fabrizio-Sansoni-Teatro-dell_Opera-di-Roma-_0898-100x150.jpg 100w, https:\/\/www.ecoitaliano.com.ar\/wp-content\/uploads\/2026\/01\/Roberta-Mantegna_ph-Fabrizio-Sansoni-Teatro-dell_Opera-di-Roma-_0898.jpg 1282w\" sizes=\"(max-width: 684px) 100vw, 684px\" \/><\/a><\/figure>\n\n\n\n<figure class=\"wp-block-image size-large\"><a href=\"https:\/\/www.ecoitaliano.com.ar\/wp-content\/uploads\/2026\/01\/Saimir-Pirgu\u00a9Paul_Scala_2.jpg\"><img decoding=\"async\" width=\"683\" height=\"1024\" data-id=\"84495\" src=\"https:\/\/www.ecoitaliano.com.ar\/wp-content\/uploads\/2026\/01\/Saimir-Pirgu\u00a9Paul_Scala_2-683x1024.jpg\" alt=\"\" class=\"wp-image-84495\" srcset=\"https:\/\/www.ecoitaliano.com.ar\/wp-content\/uploads\/2026\/01\/Saimir-Pirgu\u00a9Paul_Scala_2-683x1024.jpg 683w, https:\/\/www.ecoitaliano.com.ar\/wp-content\/uploads\/2026\/01\/Saimir-Pirgu\u00a9Paul_Scala_2-200x300.jpg 200w, https:\/\/www.ecoitaliano.com.ar\/wp-content\/uploads\/2026\/01\/Saimir-Pirgu\u00a9Paul_Scala_2-768x1151.jpg 768w, https:\/\/www.ecoitaliano.com.ar\/wp-content\/uploads\/2026\/01\/Saimir-Pirgu\u00a9Paul_Scala_2-1025x1536.jpg 1025w, https:\/\/www.ecoitaliano.com.ar\/wp-content\/uploads\/2026\/01\/Saimir-Pirgu\u00a9Paul_Scala_2-1366x2048.jpg 1366w, https:\/\/www.ecoitaliano.com.ar\/wp-content\/uploads\/2026\/01\/Saimir-Pirgu\u00a9Paul_Scala_2-100x150.jpg 100w, https:\/\/www.ecoitaliano.com.ar\/wp-content\/uploads\/2026\/01\/Saimir-Pirgu\u00a9Paul_Scala_2.jpg 1708w\" sizes=\"(max-width: 683px) 100vw, 683px\" \/><\/a><\/figure>\n<\/figure>\n\n\n\n<figure class=\"wp-block-embed is-type-video is-provider-youtube wp-block-embed-youtube wp-embed-aspect-16-9 wp-has-aspect-ratio\"><div class=\"wp-block-embed__wrapper\">\n<iframe loading=\"lazy\" title=\"La &#039;boh\u00e8me&#039; - intervista a Jader Bignamini e Carolina L\u00f3pez Moreno\" width=\"500\" height=\"281\" src=\"https:\/\/www.youtube.com\/embed\/flVlrYXC6cU?feature=oembed\" frameborder=\"0\" allow=\"accelerometer; autoplay; clipboard-write; encrypted-media; gyroscope; picture-in-picture; web-share\" referrerpolicy=\"strict-origin-when-cross-origin\" allowfullscreen><\/iframe>\n<\/div><\/figure>\n\n\n\n<p><strong>Intervista a Jader Bignamini e Carolina L\u00f3pez Moreno<\/strong> <\/p>\n\n\n\n<p><strong>video di Francesco Siciliano<\/strong><\/p>\n","protected":false},"excerpt":{"rendered":"<p>COMUNICATO STAMPA\u00a0LA STELLA PUCCINIANA CAROLINA L\u00d3PEZ MORENOACCENDE\u00a0LA BOH\u00c8ME\u00a0IMPRESSIONISTA DI LIVERMORE\u00a0Dal 14 al 25 gennaio 2026 al Teatro dell\u2019Opera di Romain [&hellip;]<\/p>\n","protected":false},"author":1,"featured_media":0,"comment_status":"open","ping_status":"open","sticky":false,"template":"","format":"standard","meta":{"footnotes":""},"categories":[1],"tags":[],"class_list":["post-84480","post","type-post","status-publish","format-standard","hentry","category-sin-categoria"],"_links":{"self":[{"href":"https:\/\/www.ecoitaliano.com.ar\/index.php?rest_route=\/wp\/v2\/posts\/84480","targetHints":{"allow":["GET"]}}],"collection":[{"href":"https:\/\/www.ecoitaliano.com.ar\/index.php?rest_route=\/wp\/v2\/posts"}],"about":[{"href":"https:\/\/www.ecoitaliano.com.ar\/index.php?rest_route=\/wp\/v2\/types\/post"}],"author":[{"embeddable":true,"href":"https:\/\/www.ecoitaliano.com.ar\/index.php?rest_route=\/wp\/v2\/users\/1"}],"replies":[{"embeddable":true,"href":"https:\/\/www.ecoitaliano.com.ar\/index.php?rest_route=%2Fwp%2Fv2%2Fcomments&post=84480"}],"version-history":[{"count":2,"href":"https:\/\/www.ecoitaliano.com.ar\/index.php?rest_route=\/wp\/v2\/posts\/84480\/revisions"}],"predecessor-version":[{"id":84497,"href":"https:\/\/www.ecoitaliano.com.ar\/index.php?rest_route=\/wp\/v2\/posts\/84480\/revisions\/84497"}],"wp:attachment":[{"href":"https:\/\/www.ecoitaliano.com.ar\/index.php?rest_route=%2Fwp%2Fv2%2Fmedia&parent=84480"}],"wp:term":[{"taxonomy":"category","embeddable":true,"href":"https:\/\/www.ecoitaliano.com.ar\/index.php?rest_route=%2Fwp%2Fv2%2Fcategories&post=84480"},{"taxonomy":"post_tag","embeddable":true,"href":"https:\/\/www.ecoitaliano.com.ar\/index.php?rest_route=%2Fwp%2Fv2%2Ftags&post=84480"}],"curies":[{"name":"wp","href":"https:\/\/api.w.org\/{rel}","templated":true}]}}