{"id":84498,"date":"2026-01-10T02:23:07","date_gmt":"2026-01-10T02:23:07","guid":{"rendered":"https:\/\/www.ecoitaliano.com.ar\/?p=84498"},"modified":"2026-01-10T02:23:24","modified_gmt":"2026-01-10T02:23:24","slug":"serena-conduce-operaclassica-eco-italiano-4886","status":"publish","type":"post","link":"https:\/\/www.ecoitaliano.com.ar\/?p=84498","title":{"rendered":"Serena conduce operaclassica eco italiano"},"content":{"rendered":"<div class=\"wp-block-image\">\n<figure class=\"aligncenter size-full is-resized\"><a href=\"https:\/\/www.ecoitaliano.com.ar\/wp-content\/uploads\/2026\/01\/image-11.png\"><img decoding=\"async\" width=\"303\" height=\"304\" src=\"https:\/\/www.ecoitaliano.com.ar\/wp-content\/uploads\/2026\/01\/image-11.png\" alt=\"\" class=\"wp-image-84499\" style=\"width:177px;height:auto\" srcset=\"https:\/\/www.ecoitaliano.com.ar\/wp-content\/uploads\/2026\/01\/image-11.png 303w, https:\/\/www.ecoitaliano.com.ar\/wp-content\/uploads\/2026\/01\/image-11-300x300.png 300w, https:\/\/www.ecoitaliano.com.ar\/wp-content\/uploads\/2026\/01\/image-11-150x150.png 150w\" sizes=\"(max-width: 303px) 100vw, 303px\" \/><\/a><\/figure><\/div>\n\n\n<figure class=\"wp-block-table\"><table class=\"has-fixed-layout\"><tbody><tr><td>COMUNICATO STAMPA<\/td><\/tr><tr><td><\/td><\/tr><\/tbody><\/table><\/figure>\n\n\n\n<p><strong>nuova direttrice sul podio: venerd\u00ec 16 gennaio<\/strong><\/p>\n\n\n\n<p><strong>debora waldman dirige il concerto della filarmonica di modena<\/strong><\/p>\n\n\n\n<p><strong>al posto di anna rakitina assente per infortunio<\/strong><\/p>\n\n\n\n<p><strong>programma invariato con la \u201cpastorale\u201d di Beethoven<\/strong><\/p>\n\n\n\n<p><strong>e la \u201cpatetica\u201d di Cajkovskij<\/strong><\/p>\n\n\n\n<p>Sar\u00e0 <strong>Debora Waldman<\/strong> a dirigere la Filarmonica di Modena,<strong> venerd\u00ec 16 gennaio alle 20.30 al &nbsp;Teatro Municipale di Piacenza<\/strong> per la Stagione Concertistica,in luogo di<strong> Anna Rakitina <\/strong>precedentemente annunciata e che ha dovuto rinunciare al concerto per infortunio.&nbsp;<strong><br>Il programma del concerto resta invariato, <\/strong>con due capisaldi del repertorio romantico: &nbsp;la Sinfonia<strong> \u00abPastorale\u00bb <\/strong>di <strong>Ludwig van Beethoven <\/strong>e la Sinfonia n. 6<strong> \u00abPatetica\u00bb <\/strong>di <strong>Petr Il\u2019ic Cajkovskij.<\/strong><\/p>\n\n\n\n<p>Direttrice d\u2019orchestra tra le pi\u00f9 apprezzate della sua generazione, formatasi a Parigi, <strong>Debora Waldman<\/strong> \u00e8 dal 2020 alla guida dell\u2019<strong>Orchestre national Avignon-Provence<\/strong>, diventando la <strong>prima donna alla direzione stabile di un\u2019orchestra nazionale francese, ruolo confermato fino al 2026.<\/strong><\/p>\n\n\n\n<p>Nata in Brasile e cresciuta tra Israele e Argentina, Debora Waldman scopre giovanissima la musica e, a soli 17 anni, dirige il suo primo concerto. Si perfeziona nella direzione d\u2019orchestra a Parigi al Conservatoire National Sup\u00e9rieur de Musique. Tra il 2006 e il 2009 \u00e8 assistente di Kurt Masur all\u2019Orchestre National de France.<\/p>\n\n\n\n<p>Riconosciuta come talento emergente \u2013 nominata \u00abTalent Conductor\u00bb dall\u2019ADAMI nel 2008 e insignita del premio della Fondazione Simone e Cino del Duca nel 2011 \u2013 inizia a dirigere orchestre di primo piano in Francia e all&#8217;estero. Oltre che direttrice musicale dell\u2019Orchestre national Avignon-Provence, dal 2022 \u00e8 anche direttrice associata dell\u2019Op\u00e9ra de Dijon, consolidando la sua presenza sulla scena lirica francese. Il suo catalogo di collaborazioni comprende importanti compagini, tra cui la Philharmonique de Monte-Carlo, l\u2019Orchestre Philharmonique de Strasbourg, l\u2019Orchestre National de Lyon, l&#8217;Orchestre National de France, l&#8217;Orchestre Philharmonie de Radio France, la Hamburg Symphony Orchestra e la Johannesburg Philharmonic. Parallelamente, Waldman porta avanti un forte impegno educativo, partecipando sin dalla fondazione al progetto D\u00e9mos della Philharmonie de Paris e valorizzando il ruolo sociale della musica. La sua registrazione con l&#8217;Orchestre National d&#8217;Avignon Provence <em>Charlotte Sohy, compositrice de la Belle Epoque <\/em>ha ricevuto numerosi premi nazionali e internazionali, tra cui Diapason D\u00e9couverte, Diamant Op\u00e9ra Magazine, 5 \u00e9toiles Classica, Nomination ai Premi Internazionali Classique.<\/p>\n\n\n\n<p><strong>I biglietti per il concerto sono disponibili online sul sito teatripiacenza.it e alla Biglietteria del Teatro Municipale.<\/strong><\/p>\n\n\n\n<p>Il concerto rientra nel cartellone di eventi in promozione speciale per gli studenti universitari, in accordo con l\u2019Assessorato alle Politiche Giovanili, Universit\u00e0 e Ricerca del Comune di Piacenza. Per gli universitari \u00e8 possibile richiedere un biglietto ridotto a \u20ac 10 alla Biglietteria del Teatro. <\/p>\n\n\n\n<p>foto<\/p>\n\n\n\n<figure class=\"wp-block-gallery has-nested-images columns-default is-cropped wp-block-gallery-1 is-layout-flex wp-block-gallery-is-layout-flex\">\n<figure class=\"wp-block-image size-large\"><a href=\"https:\/\/www.ecoitaliano.com.ar\/wp-content\/uploads\/2026\/01\/Debora-Waldman.jpg\"><img decoding=\"async\" width=\"1024\" height=\"538\" data-id=\"84500\" src=\"https:\/\/www.ecoitaliano.com.ar\/wp-content\/uploads\/2026\/01\/Debora-Waldman-1024x538.jpg\" alt=\"\" class=\"wp-image-84500\" srcset=\"https:\/\/www.ecoitaliano.com.ar\/wp-content\/uploads\/2026\/01\/Debora-Waldman-1024x538.jpg 1024w, https:\/\/www.ecoitaliano.com.ar\/wp-content\/uploads\/2026\/01\/Debora-Waldman-300x158.jpg 300w, https:\/\/www.ecoitaliano.com.ar\/wp-content\/uploads\/2026\/01\/Debora-Waldman-768x403.jpg 768w, https:\/\/www.ecoitaliano.com.ar\/wp-content\/uploads\/2026\/01\/Debora-Waldman-150x79.jpg 150w, https:\/\/www.ecoitaliano.com.ar\/wp-content\/uploads\/2026\/01\/Debora-Waldman.jpg 1200w\" sizes=\"(max-width: 1024px) 100vw, 1024px\" \/><\/a><\/figure>\n\n\n\n<figure class=\"wp-block-image size-large\"><a href=\"https:\/\/www.ecoitaliano.com.ar\/wp-content\/uploads\/2026\/01\/Portrait-Debora-Waldman-Credit-Edouard-Brane-5.jpg\"><img decoding=\"async\" width=\"683\" height=\"1024\" data-id=\"84501\" src=\"https:\/\/www.ecoitaliano.com.ar\/wp-content\/uploads\/2026\/01\/Portrait-Debora-Waldman-Credit-Edouard-Brane-5-683x1024.jpg\" alt=\"\" class=\"wp-image-84501\" srcset=\"https:\/\/www.ecoitaliano.com.ar\/wp-content\/uploads\/2026\/01\/Portrait-Debora-Waldman-Credit-Edouard-Brane-5-683x1024.jpg 683w, https:\/\/www.ecoitaliano.com.ar\/wp-content\/uploads\/2026\/01\/Portrait-Debora-Waldman-Credit-Edouard-Brane-5-200x300.jpg 200w, https:\/\/www.ecoitaliano.com.ar\/wp-content\/uploads\/2026\/01\/Portrait-Debora-Waldman-Credit-Edouard-Brane-5-768x1152.jpg 768w, https:\/\/www.ecoitaliano.com.ar\/wp-content\/uploads\/2026\/01\/Portrait-Debora-Waldman-Credit-Edouard-Brane-5-1024x1536.jpg 1024w, https:\/\/www.ecoitaliano.com.ar\/wp-content\/uploads\/2026\/01\/Portrait-Debora-Waldman-Credit-Edouard-Brane-5-1366x2048.jpg 1366w, https:\/\/www.ecoitaliano.com.ar\/wp-content\/uploads\/2026\/01\/Portrait-Debora-Waldman-Credit-Edouard-Brane-5-100x150.jpg 100w, https:\/\/www.ecoitaliano.com.ar\/wp-content\/uploads\/2026\/01\/Portrait-Debora-Waldman-Credit-Edouard-Brane-5.jpg 1707w\" sizes=\"(max-width: 683px) 100vw, 683px\" \/><\/a><\/figure>\n\n\n\n<figure class=\"wp-block-image size-large\"><a href=\"https:\/\/www.ecoitaliano.com.ar\/wp-content\/uploads\/2026\/01\/Portrait-Debora-Waldman-Credit-Edouard-Brane-6.jpg\"><img decoding=\"async\" width=\"1024\" height=\"683\" data-id=\"84502\" src=\"https:\/\/www.ecoitaliano.com.ar\/wp-content\/uploads\/2026\/01\/Portrait-Debora-Waldman-Credit-Edouard-Brane-6-1024x683.jpg\" alt=\"\" class=\"wp-image-84502\" srcset=\"https:\/\/www.ecoitaliano.com.ar\/wp-content\/uploads\/2026\/01\/Portrait-Debora-Waldman-Credit-Edouard-Brane-6-1024x683.jpg 1024w, https:\/\/www.ecoitaliano.com.ar\/wp-content\/uploads\/2026\/01\/Portrait-Debora-Waldman-Credit-Edouard-Brane-6-300x200.jpg 300w, https:\/\/www.ecoitaliano.com.ar\/wp-content\/uploads\/2026\/01\/Portrait-Debora-Waldman-Credit-Edouard-Brane-6-768x512.jpg 768w, https:\/\/www.ecoitaliano.com.ar\/wp-content\/uploads\/2026\/01\/Portrait-Debora-Waldman-Credit-Edouard-Brane-6-1536x1024.jpg 1536w, https:\/\/www.ecoitaliano.com.ar\/wp-content\/uploads\/2026\/01\/Portrait-Debora-Waldman-Credit-Edouard-Brane-6-2048x1366.jpg 2048w, https:\/\/www.ecoitaliano.com.ar\/wp-content\/uploads\/2026\/01\/Portrait-Debora-Waldman-Credit-Edouard-Brane-6-150x100.jpg 150w\" sizes=\"(max-width: 1024px) 100vw, 1024px\" \/><\/a><\/figure>\n<\/figure>\n","protected":false},"excerpt":{"rendered":"<p>COMUNICATO STAMPA nuova direttrice sul podio: venerd\u00ec 16 gennaio debora waldman dirige il concerto della filarmonica di modena al posto [&hellip;]<\/p>\n","protected":false},"author":1,"featured_media":0,"comment_status":"open","ping_status":"open","sticky":false,"template":"","format":"standard","meta":{"footnotes":""},"categories":[1],"tags":[],"class_list":["post-84498","post","type-post","status-publish","format-standard","hentry","category-sin-categoria"],"_links":{"self":[{"href":"https:\/\/www.ecoitaliano.com.ar\/index.php?rest_route=\/wp\/v2\/posts\/84498","targetHints":{"allow":["GET"]}}],"collection":[{"href":"https:\/\/www.ecoitaliano.com.ar\/index.php?rest_route=\/wp\/v2\/posts"}],"about":[{"href":"https:\/\/www.ecoitaliano.com.ar\/index.php?rest_route=\/wp\/v2\/types\/post"}],"author":[{"embeddable":true,"href":"https:\/\/www.ecoitaliano.com.ar\/index.php?rest_route=\/wp\/v2\/users\/1"}],"replies":[{"embeddable":true,"href":"https:\/\/www.ecoitaliano.com.ar\/index.php?rest_route=%2Fwp%2Fv2%2Fcomments&post=84498"}],"version-history":[{"count":2,"href":"https:\/\/www.ecoitaliano.com.ar\/index.php?rest_route=\/wp\/v2\/posts\/84498\/revisions"}],"predecessor-version":[{"id":84504,"href":"https:\/\/www.ecoitaliano.com.ar\/index.php?rest_route=\/wp\/v2\/posts\/84498\/revisions\/84504"}],"wp:attachment":[{"href":"https:\/\/www.ecoitaliano.com.ar\/index.php?rest_route=%2Fwp%2Fv2%2Fmedia&parent=84498"}],"wp:term":[{"taxonomy":"category","embeddable":true,"href":"https:\/\/www.ecoitaliano.com.ar\/index.php?rest_route=%2Fwp%2Fv2%2Fcategories&post=84498"},{"taxonomy":"post_tag","embeddable":true,"href":"https:\/\/www.ecoitaliano.com.ar\/index.php?rest_route=%2Fwp%2Fv2%2Ftags&post=84498"}],"curies":[{"name":"wp","href":"https:\/\/api.w.org\/{rel}","templated":true}]}}